{"id":1941,"date":"2024-04-18T10:12:26","date_gmt":"2024-04-18T10:12:26","guid":{"rendered":"https:\/\/vanxhaber.com\/?p=1941"},"modified":"2024-04-18T10:20:18","modified_gmt":"2024-04-18T10:20:18","slug":"vanda-hemsirelik-alaninda-ilk-uluslararasi-kongre-yolda","status":"publish","type":"post","link":"https:\/\/vanxhaber.com\/index.php\/2024\/04\/18\/vanda-hemsirelik-alaninda-ilk-uluslararasi-kongre-yolda\/","title":{"rendered":"Van&#8217;da Hem\u015firelik Alan\u0131nda \u0130lk Uluslararas\u0131 Kongre Yolda!"},"content":{"rendered":"\n<p><strong>Van Y\u00fcz\u00fcnc\u00fc Y\u0131l \u00dcniversitesi liderli\u011finde d\u00fczenlenecek olan, T\u00fcrkiye&#8217;nin \u00f6nde gelen \u00fcniversiteleri ve kurumlar\u0131n\u0131n kat\u0131l\u0131m\u0131yla ger\u00e7ekle\u015fecek olan hem\u015firelik alan\u0131nda uluslararas\u0131 kongre, sekt\u00f6rdeki son geli\u015fmeleri ve yenilikleri masaya yat\u0131racak! Takvimlerinizi 24-26 Nisan tarihlerine i\u015faretleyin ve bu heyecan verici etkinli\u011fi ka\u00e7\u0131rmay\u0131n!<\/strong><\/p>\n\n\n\n<p><strong>Van Y\u00fcz\u00fcnc\u00fc Y\u0131l \u00dcniversitesi <\/strong>Sa\u011fl\u0131k Bilimleri Fak\u00fcltesi \u00f6nc\u00fcl\u00fc\u011f\u00fcnde, T\u00fcrkiye&#8217;nin \u00e7e\u015fitli \u00fcniversiteleri ve kurumlar\u0131n\u0131n deste\u011fiyle, hem\u015firelik alan\u0131nda ilk defa uluslararas\u0131 kat\u0131l\u0131ml\u0131 bir kongre d\u00fczenleniyor. Atat\u00fcrk \u00dcniversitesi, Yozgat Bozok \u00dcniversitesi, \u0130zmir Katip \u00c7elebi \u00dcniversitesi, K\u0131r\u0131kkale \u00dcniversitesi ve Adli Bilimciler Derne\u011fi&#8217;nin de payda\u015f olarak yer ald\u0131\u011f\u0131 bu \u00f6nemli etkinlik, Van E\u011fitim Ara\u015ft\u0131rma Hastanesi\u2019nden kardiyolog G\u00fcrkan \u0130mre&#8217;nin de yer ald\u0131\u011f\u0131 d\u00fczenleme kurulu taraf\u0131ndan organize ediliyor.<\/p>\n\n\n\n<p><strong>Kongre,<\/strong> hukuk\u00e7ular ve sa\u011fl\u0131k profesyonellerinin kat\u0131l\u0131m\u0131yla ger\u00e7ekle\u015fecek bilimsel sunumlarla dolu olacak. MTAL Uygulama Otelinde 24-26 Nisan tarihlerinde ger\u00e7ekle\u015fecek kongre, online ve y\u00fczy\u00fcze kat\u0131l\u0131m se\u00e7enekleriyle d\u00fczenlenecek.<\/p>\n\n\n\n<p>Hem\u015firelik alan\u0131nda uzmanl\u0131k, deneyim ve ara\u015ft\u0131rmalar\u0131n payla\u015f\u0131laca\u011f\u0131 bu kongrenin, sekt\u00f6rdeki geli\u015fmelere \u0131\u015f\u0131k tutmas\u0131 bekleniyor. Kat\u0131l\u0131mc\u0131lar, uluslararas\u0131 alanda birbirinden de\u011ferli bilim insanlar\u0131yla etkile\u015fim imkan\u0131 bulacaklar.<\/p>\n","protected":false},"excerpt":{"rendered":"<p>Van Y\u00fcz\u00fcnc\u00fc Y\u0131l \u00dcniversitesi liderli\u011finde d\u00fczenlenecek olan, T\u00fcrkiye&#8217;nin \u00f6nde gelen \u00fcniversiteleri ve kurumlar\u0131n\u0131n kat\u0131l\u0131m\u0131yla ger\u00e7ekle\u015fecek olan hem\u015firelik alan\u0131nda uluslararas\u0131 kongre, sekt\u00f6rdeki son geli\u015fmeleri ve yenilikleri masaya yat\u0131racak! Takvimlerinizi 24-26 Nisan tarihlerine i\u015faretleyin ve bu heyecan verici etkinli\u011fi ka\u00e7\u0131rmay\u0131n! Van Y\u00fcz\u00fcnc\u00fc Y\u0131l \u00dcniversitesi Sa\u011fl\u0131k Bilimleri Fak\u00fcltesi \u00f6nc\u00fcl\u00fc\u011f\u00fcnde, T\u00fcrkiye&#8217;nin \u00e7e\u015fitli \u00fcniversiteleri ve kurumlar\u0131n\u0131n deste\u011fiyle, hem\u015firelik alan\u0131nda ilk &hellip;<\/p>\n","protected":false},"author":2,"featured_media":1943,"comment_status":"open","ping_status":"closed","sticky":false,"template":"","format":"standard","meta":{"googlesitekit_rrm_CAowot3VCw:productID":"","footnotes":""},"categories":[1],"tags":[],"class_list":["post-1941","post","type-post","status-publish","format-standard","has-post-thumbnail","hentry","category-van-haber"],"yoast_head":"<!-- This site is optimized with the Yoast SEO Premium plugin v21.7 (Yoast SEO v26.7) - https:\/\/yoast.com\/wordpress\/plugins\/seo\/ -->\n<title>Van&#039;da Hem\u015firelik Alan\u0131nda \u0130lk Uluslararas\u0131 Kongre Yolda! - Van Haber | Van X Haber | Van Haberleri<\/title>\n<meta name=\"robots\" content=\"index, follow, max-snippet:-1, max-image-preview:large, max-video-preview:-1\" \/>\n<link rel=\"canonical\" href=\"https:\/\/vanxhaber.com\/index.php\/2024\/04\/18\/vanda-hemsirelik-alaninda-ilk-uluslararasi-kongre-yolda\/\" \/>\n<meta property=\"og:locale\" content=\"tr_TR\" \/>\n<meta property=\"og:type\" content=\"article\" \/>\n<meta property=\"og:title\" content=\"Van&#039;da Hem\u015firelik Alan\u0131nda \u0130lk Uluslararas\u0131 Kongre Yolda!\" \/>\n<meta property=\"og:description\" content=\"Van Y\u00fcz\u00fcnc\u00fc Y\u0131l \u00dcniversitesi liderli\u011finde d\u00fczenlenecek olan, T\u00fcrkiye&#8217;nin \u00f6nde gelen \u00fcniversiteleri ve kurumlar\u0131n\u0131n kat\u0131l\u0131m\u0131yla ger\u00e7ekle\u015fecek olan hem\u015firelik alan\u0131nda uluslararas\u0131 kongre, sekt\u00f6rdeki son geli\u015fmeleri ve yenilikleri masaya yat\u0131racak! Takvimlerinizi 24-26 Nisan tarihlerine i\u015faretleyin ve bu heyecan verici etkinli\u011fi ka\u00e7\u0131rmay\u0131n! Van Y\u00fcz\u00fcnc\u00fc Y\u0131l \u00dcniversitesi Sa\u011fl\u0131k Bilimleri Fak\u00fcltesi \u00f6nc\u00fcl\u00fc\u011f\u00fcnde, T\u00fcrkiye&#8217;nin \u00e7e\u015fitli \u00fcniversiteleri ve kurumlar\u0131n\u0131n deste\u011fiyle, hem\u015firelik alan\u0131nda ilk &hellip;\" \/>\n<meta property=\"og:url\" content=\"https:\/\/vanxhaber.com\/index.php\/2024\/04\/18\/vanda-hemsirelik-alaninda-ilk-uluslararasi-kongre-yolda\/\" \/>\n<meta property=\"og:site_name\" content=\"Van Haber | Van X Haber | Van Haberleri\" \/>\n<meta property=\"article:published_time\" content=\"2024-04-18T10:12:26+00:00\" \/>\n<meta property=\"article:modified_time\" content=\"2024-04-18T10:20:18+00:00\" \/>\n<meta property=\"og:image\" content=\"https:\/\/vanxhaber.com\/wp-content\/uploads\/2024\/04\/van-yyu.jpg\" \/>\n\t<meta property=\"og:image:width\" content=\"1110\" \/>\n\t<meta property=\"og:image:height\" content=\"500\" \/>\n\t<meta property=\"og:image:type\" content=\"image\/jpeg\" \/>\n<meta name=\"author\" content=\"Van X Haber\" \/>\n<meta name=\"twitter:card\" content=\"summary_large_image\" \/>\n<meta name=\"twitter:label1\" content=\"Yazan:\" \/>\n\t<meta name=\"twitter:data1\" content=\"Van X Haber\" \/>\n\t<meta name=\"twitter:label2\" content=\"Tahmini okuma s\u00fcresi\" \/>\n\t<meta name=\"twitter:data2\" content=\"2 dakika\" \/>\n<script type=\"application\/ld+json\" class=\"yoast-schema-graph\">{\"@context\":\"https:\/\/schema.org\",\"@graph\":[{\"@type\":\"Article\",\"@id\":\"https:\/\/vanxhaber.com\/index.php\/2024\/04\/18\/vanda-hemsirelik-alaninda-ilk-uluslararasi-kongre-yolda\/#article\",\"isPartOf\":{\"@id\":\"https:\/\/vanxhaber.com\/index.php\/2024\/04\/18\/vanda-hemsirelik-alaninda-ilk-uluslararasi-kongre-yolda\/\"},\"author\":{\"name\":\"Van X Haber\",\"@id\":\"https:\/\/vanxhaber.com\/#\/schema\/person\/a5fd8d89510cb5370e62ad176f7978ee\"},\"headline\":\"Van&#8217;da Hem\u015firelik Alan\u0131nda \u0130lk Uluslararas\u0131 Kongre Yolda!\",\"datePublished\":\"2024-04-18T10:12:26+00:00\",\"dateModified\":\"2024-04-18T10:20:18+00:00\",\"mainEntityOfPage\":{\"@id\":\"https:\/\/vanxhaber.com\/index.php\/2024\/04\/18\/vanda-hemsirelik-alaninda-ilk-uluslararasi-kongre-yolda\/\"},\"wordCount\":244,\"commentCount\":0,\"image\":{\"@id\":\"https:\/\/vanxhaber.com\/index.php\/2024\/04\/18\/vanda-hemsirelik-alaninda-ilk-uluslararasi-kongre-yolda\/#primaryimage\"},\"thumbnailUrl\":\"https:\/\/vanxhaber.com\/wp-content\/uploads\/2024\/04\/van-yyu.jpg\",\"articleSection\":[\"Van Haber\"],\"inLanguage\":\"tr\",\"potentialAction\":[{\"@type\":\"CommentAction\",\"name\":\"Comment\",\"target\":[\"https:\/\/vanxhaber.com\/index.php\/2024\/04\/18\/vanda-hemsirelik-alaninda-ilk-uluslararasi-kongre-yolda\/#respond\"]}],\"copyrightYear\":\"2024\",\"copyrightHolder\":{\"@id\":\"https:\/\/vanxhaber.com\/#organization\"}},{\"@type\":\"WebPage\",\"@id\":\"https:\/\/vanxhaber.com\/index.php\/2024\/04\/18\/vanda-hemsirelik-alaninda-ilk-uluslararasi-kongre-yolda\/\",\"url\":\"https:\/\/vanxhaber.com\/index.php\/2024\/04\/18\/vanda-hemsirelik-alaninda-ilk-uluslararasi-kongre-yolda\/\",\"name\":\"Van'da Hem\u015firelik Alan\u0131nda \u0130lk Uluslararas\u0131 Kongre Yolda! - Van Haber | Van X Haber | Van Haberleri\",\"isPartOf\":{\"@id\":\"https:\/\/vanxhaber.com\/#website\"},\"primaryImageOfPage\":{\"@id\":\"https:\/\/vanxhaber.com\/index.php\/2024\/04\/18\/vanda-hemsirelik-alaninda-ilk-uluslararasi-kongre-yolda\/#primaryimage\"},\"image\":{\"@id\":\"https:\/\/vanxhaber.com\/index.php\/2024\/04\/18\/vanda-hemsirelik-alaninda-ilk-uluslararasi-kongre-yolda\/#primaryimage\"},\"thumbnailUrl\":\"https:\/\/vanxhaber.com\/wp-content\/uploads\/2024\/04\/van-yyu.jpg\",\"datePublished\":\"2024-04-18T10:12:26+00:00\",\"dateModified\":\"2024-04-18T10:20:18+00:00\",\"author\":{\"@id\":\"https:\/\/vanxhaber.com\/#\/schema\/person\/a5fd8d89510cb5370e62ad176f7978ee\"},\"breadcrumb\":{\"@id\":\"https:\/\/vanxhaber.com\/index.php\/2024\/04\/18\/vanda-hemsirelik-alaninda-ilk-uluslararasi-kongre-yolda\/#breadcrumb\"},\"inLanguage\":\"tr\",\"potentialAction\":[{\"@type\":\"ReadAction\",\"target\":[\"https:\/\/vanxhaber.com\/index.php\/2024\/04\/18\/vanda-hemsirelik-alaninda-ilk-uluslararasi-kongre-yolda\/\"]}]},{\"@type\":\"ImageObject\",\"inLanguage\":\"tr\",\"@id\":\"https:\/\/vanxhaber.com\/index.php\/2024\/04\/18\/vanda-hemsirelik-alaninda-ilk-uluslararasi-kongre-yolda\/#primaryimage\",\"url\":\"https:\/\/vanxhaber.com\/wp-content\/uploads\/2024\/04\/van-yyu.jpg\",\"contentUrl\":\"https:\/\/vanxhaber.com\/wp-content\/uploads\/2024\/04\/van-yyu.jpg\",\"width\":1110,\"height\":500},{\"@type\":\"BreadcrumbList\",\"@id\":\"https:\/\/vanxhaber.com\/index.php\/2024\/04\/18\/vanda-hemsirelik-alaninda-ilk-uluslararasi-kongre-yolda\/#breadcrumb\",\"itemListElement\":[{\"@type\":\"ListItem\",\"position\":1,\"name\":\"Anasayfa\",\"item\":\"https:\/\/vanxhaber.com\/\"},{\"@type\":\"ListItem\",\"position\":2,\"name\":\"Van&#8217;da Hem\u015firelik Alan\u0131nda \u0130lk Uluslararas\u0131 Kongre Yolda!\"}]},{\"@type\":\"WebSite\",\"@id\":\"https:\/\/vanxhaber.com\/#website\",\"url\":\"https:\/\/vanxhaber.com\/\",\"name\":\"Van Haber | Van X Haber | Van Haberleri\",\"description\":\"Van Haber, Van&#039;\u0131n ilk yapay zeka teknolojileri ile yaz\u0131lan Van X Haber ve Van Haberlerini aktif g\u00fcncel sunan tek vanhaber merkezidir.\",\"potentialAction\":[{\"@type\":\"SearchAction\",\"target\":{\"@type\":\"EntryPoint\",\"urlTemplate\":\"https:\/\/vanxhaber.com\/?s={search_term_string}\"},\"query-input\":{\"@type\":\"PropertyValueSpecification\",\"valueRequired\":true,\"valueName\":\"search_term_string\"}}],\"inLanguage\":\"tr\"},{\"@type\":\"Person\",\"@id\":\"https:\/\/vanxhaber.com\/#\/schema\/person\/a5fd8d89510cb5370e62ad176f7978ee\",\"name\":\"Van X Haber\",\"image\":{\"@type\":\"ImageObject\",\"inLanguage\":\"tr\",\"@id\":\"https:\/\/vanxhaber.com\/#\/schema\/person\/image\/\",\"url\":\"https:\/\/secure.gravatar.com\/avatar\/36f2f63826681263103acb5ca1e7bc1a6db11baea9b75dd091d89b74f2704b07?s=96&d=mm&r=g\",\"contentUrl\":\"https:\/\/secure.gravatar.com\/avatar\/36f2f63826681263103acb5ca1e7bc1a6db11baea9b75dd091d89b74f2704b07?s=96&d=mm&r=g\",\"caption\":\"Van X Haber\"},\"description\":\"Van X Haber Van'\u0131n ilk ve tek yeni nesil Van Haber merkezi. Son Dakika Van Haberleri ve G\u00fcncel Van haber merkezinde s\u0131cak geli\u015fmeleri aktarmaya devam edece\u011fiz.\",\"url\":\"https:\/\/vanxhaber.com\/index.php\/author\/vangazetesi\/\"}]}<\/script>\n<!-- \/ Yoast SEO Premium plugin. -->","yoast_head_json":{"title":"Van'da Hem\u015firelik Alan\u0131nda \u0130lk Uluslararas\u0131 Kongre Yolda! - Van Haber | Van X Haber | Van Haberleri","robots":{"index":"index","follow":"follow","max-snippet":"max-snippet:-1","max-image-preview":"max-image-preview:large","max-video-preview":"max-video-preview:-1"},"canonical":"https:\/\/vanxhaber.com\/index.php\/2024\/04\/18\/vanda-hemsirelik-alaninda-ilk-uluslararasi-kongre-yolda\/","og_locale":"tr_TR","og_type":"article","og_title":"Van'da Hem\u015firelik Alan\u0131nda \u0130lk Uluslararas\u0131 Kongre Yolda!","og_description":"Van Y\u00fcz\u00fcnc\u00fc Y\u0131l \u00dcniversitesi liderli\u011finde d\u00fczenlenecek olan, T\u00fcrkiye&#8217;nin \u00f6nde gelen \u00fcniversiteleri ve kurumlar\u0131n\u0131n kat\u0131l\u0131m\u0131yla ger\u00e7ekle\u015fecek olan hem\u015firelik alan\u0131nda uluslararas\u0131 kongre, sekt\u00f6rdeki son geli\u015fmeleri ve yenilikleri masaya yat\u0131racak! Takvimlerinizi 24-26 Nisan tarihlerine i\u015faretleyin ve bu heyecan verici etkinli\u011fi ka\u00e7\u0131rmay\u0131n! Van Y\u00fcz\u00fcnc\u00fc Y\u0131l \u00dcniversitesi Sa\u011fl\u0131k Bilimleri Fak\u00fcltesi \u00f6nc\u00fcl\u00fc\u011f\u00fcnde, T\u00fcrkiye&#8217;nin \u00e7e\u015fitli \u00fcniversiteleri ve kurumlar\u0131n\u0131n deste\u011fiyle, hem\u015firelik alan\u0131nda ilk &hellip;","og_url":"https:\/\/vanxhaber.com\/index.php\/2024\/04\/18\/vanda-hemsirelik-alaninda-ilk-uluslararasi-kongre-yolda\/","og_site_name":"Van Haber | Van X Haber | Van Haberleri","article_published_time":"2024-04-18T10:12:26+00:00","article_modified_time":"2024-04-18T10:20:18+00:00","og_image":[{"width":1110,"height":500,"url":"https:\/\/vanxhaber.com\/wp-content\/uploads\/2024\/04\/van-yyu.jpg","type":"image\/jpeg"}],"author":"Van X Haber","twitter_card":"summary_large_image","twitter_misc":{"Yazan:":"Van X Haber","Tahmini okuma s\u00fcresi":"2 dakika"},"schema":{"@context":"https:\/\/schema.org","@graph":[{"@type":"Article","@id":"https:\/\/vanxhaber.com\/index.php\/2024\/04\/18\/vanda-hemsirelik-alaninda-ilk-uluslararasi-kongre-yolda\/#article","isPartOf":{"@id":"https:\/\/vanxhaber.com\/index.php\/2024\/04\/18\/vanda-hemsirelik-alaninda-ilk-uluslararasi-kongre-yolda\/"},"author":{"name":"Van X Haber","@id":"https:\/\/vanxhaber.com\/#\/schema\/person\/a5fd8d89510cb5370e62ad176f7978ee"},"headline":"Van&#8217;da Hem\u015firelik Alan\u0131nda \u0130lk Uluslararas\u0131 Kongre Yolda!","datePublished":"2024-04-18T10:12:26+00:00","dateModified":"2024-04-18T10:20:18+00:00","mainEntityOfPage":{"@id":"https:\/\/vanxhaber.com\/index.php\/2024\/04\/18\/vanda-hemsirelik-alaninda-ilk-uluslararasi-kongre-yolda\/"},"wordCount":244,"commentCount":0,"image":{"@id":"https:\/\/vanxhaber.com\/index.php\/2024\/04\/18\/vanda-hemsirelik-alaninda-ilk-uluslararasi-kongre-yolda\/#primaryimage"},"thumbnailUrl":"https:\/\/vanxhaber.com\/wp-content\/uploads\/2024\/04\/van-yyu.jpg","articleSection":["Van Haber"],"inLanguage":"tr","potentialAction":[{"@type":"CommentAction","name":"Comment","target":["https:\/\/vanxhaber.com\/index.php\/2024\/04\/18\/vanda-hemsirelik-alaninda-ilk-uluslararasi-kongre-yolda\/#respond"]}],"copyrightYear":"2024","copyrightHolder":{"@id":"https:\/\/vanxhaber.com\/#organization"}},{"@type":"WebPage","@id":"https:\/\/vanxhaber.com\/index.php\/2024\/04\/18\/vanda-hemsirelik-alaninda-ilk-uluslararasi-kongre-yolda\/","url":"https:\/\/vanxhaber.com\/index.php\/2024\/04\/18\/vanda-hemsirelik-alaninda-ilk-uluslararasi-kongre-yolda\/","name":"Van'da Hem\u015firelik Alan\u0131nda \u0130lk Uluslararas\u0131 Kongre Yolda! - Van Haber | Van X Haber | Van Haberleri","isPartOf":{"@id":"https:\/\/vanxhaber.com\/#website"},"primaryImageOfPage":{"@id":"https:\/\/vanxhaber.com\/index.php\/2024\/04\/18\/vanda-hemsirelik-alaninda-ilk-uluslararasi-kongre-yolda\/#primaryimage"},"image":{"@id":"https:\/\/vanxhaber.com\/index.php\/2024\/04\/18\/vanda-hemsirelik-alaninda-ilk-uluslararasi-kongre-yolda\/#primaryimage"},"thumbnailUrl":"https:\/\/vanxhaber.com\/wp-content\/uploads\/2024\/04\/van-yyu.jpg","datePublished":"2024-04-18T10:12:26+00:00","dateModified":"2024-04-18T10:20:18+00:00","author":{"@id":"https:\/\/vanxhaber.com\/#\/schema\/person\/a5fd8d89510cb5370e62ad176f7978ee"},"breadcrumb":{"@id":"https:\/\/vanxhaber.com\/index.php\/2024\/04\/18\/vanda-hemsirelik-alaninda-ilk-uluslararasi-kongre-yolda\/#breadcrumb"},"inLanguage":"tr","potentialAction":[{"@type":"ReadAction","target":["https:\/\/vanxhaber.com\/index.php\/2024\/04\/18\/vanda-hemsirelik-alaninda-ilk-uluslararasi-kongre-yolda\/"]}]},{"@type":"ImageObject","inLanguage":"tr","@id":"https:\/\/vanxhaber.com\/index.php\/2024\/04\/18\/vanda-hemsirelik-alaninda-ilk-uluslararasi-kongre-yolda\/#primaryimage","url":"https:\/\/vanxhaber.com\/wp-content\/uploads\/2024\/04\/van-yyu.jpg","contentUrl":"https:\/\/vanxhaber.com\/wp-content\/uploads\/2024\/04\/van-yyu.jpg","width":1110,"height":500},{"@type":"BreadcrumbList","@id":"https:\/\/vanxhaber.com\/index.php\/2024\/04\/18\/vanda-hemsirelik-alaninda-ilk-uluslararasi-kongre-yolda\/#breadcrumb","itemListElement":[{"@type":"ListItem","position":1,"name":"Anasayfa","item":"https:\/\/vanxhaber.com\/"},{"@type":"ListItem","position":2,"name":"Van&#8217;da Hem\u015firelik Alan\u0131nda \u0130lk Uluslararas\u0131 Kongre Yolda!"}]},{"@type":"WebSite","@id":"https:\/\/vanxhaber.com\/#website","url":"https:\/\/vanxhaber.com\/","name":"Van Haber | Van X Haber | Van Haberleri","description":"Van Haber, Van&#039;\u0131n ilk yapay zeka teknolojileri ile yaz\u0131lan Van X Haber ve Van Haberlerini aktif g\u00fcncel sunan tek vanhaber merkezidir.","potentialAction":[{"@type":"SearchAction","target":{"@type":"EntryPoint","urlTemplate":"https:\/\/vanxhaber.com\/?s={search_term_string}"},"query-input":{"@type":"PropertyValueSpecification","valueRequired":true,"valueName":"search_term_string"}}],"inLanguage":"tr"},{"@type":"Person","@id":"https:\/\/vanxhaber.com\/#\/schema\/person\/a5fd8d89510cb5370e62ad176f7978ee","name":"Van X Haber","image":{"@type":"ImageObject","inLanguage":"tr","@id":"https:\/\/vanxhaber.com\/#\/schema\/person\/image\/","url":"https:\/\/secure.gravatar.com\/avatar\/36f2f63826681263103acb5ca1e7bc1a6db11baea9b75dd091d89b74f2704b07?s=96&d=mm&r=g","contentUrl":"https:\/\/secure.gravatar.com\/avatar\/36f2f63826681263103acb5ca1e7bc1a6db11baea9b75dd091d89b74f2704b07?s=96&d=mm&r=g","caption":"Van X Haber"},"description":"Van X Haber Van'\u0131n ilk ve tek yeni nesil Van Haber merkezi. Son Dakika Van Haberleri ve G\u00fcncel Van haber merkezinde s\u0131cak geli\u015fmeleri aktarmaya devam edece\u011fiz.","url":"https:\/\/vanxhaber.com\/index.php\/author\/vangazetesi\/"}]}},"_links":{"self":[{"href":"https:\/\/vanxhaber.com\/index.php\/wp-json\/wp\/v2\/posts\/1941","targetHints":{"allow":["GET"]}}],"collection":[{"href":"https:\/\/vanxhaber.com\/index.php\/wp-json\/wp\/v2\/posts"}],"about":[{"href":"https:\/\/vanxhaber.com\/index.php\/wp-json\/wp\/v2\/types\/post"}],"author":[{"embeddable":true,"href":"https:\/\/vanxhaber.com\/index.php\/wp-json\/wp\/v2\/users\/2"}],"replies":[{"embeddable":true,"href":"https:\/\/vanxhaber.com\/index.php\/wp-json\/wp\/v2\/comments?post=1941"}],"version-history":[{"count":1,"href":"https:\/\/vanxhaber.com\/index.php\/wp-json\/wp\/v2\/posts\/1941\/revisions"}],"predecessor-version":[{"id":1944,"href":"https:\/\/vanxhaber.com\/index.php\/wp-json\/wp\/v2\/posts\/1941\/revisions\/1944"}],"wp:featuredmedia":[{"embeddable":true,"href":"https:\/\/vanxhaber.com\/index.php\/wp-json\/wp\/v2\/media\/1943"}],"wp:attachment":[{"href":"https:\/\/vanxhaber.com\/index.php\/wp-json\/wp\/v2\/media?parent=1941"}],"wp:term":[{"taxonomy":"category","embeddable":true,"href":"https:\/\/vanxhaber.com\/index.php\/wp-json\/wp\/v2\/categories?post=1941"},{"taxonomy":"post_tag","embeddable":true,"href":"https:\/\/vanxhaber.com\/index.php\/wp-json\/wp\/v2\/tags?post=1941"}],"curies":[{"name":"wp","href":"https:\/\/api.w.org\/{rel}","templated":true}]}}