{"id":1946,"date":"2024-04-20T21:22:43","date_gmt":"2024-04-20T21:22:43","guid":{"rendered":"https:\/\/vanxhaber.com\/?p=1946"},"modified":"2024-04-20T21:22:45","modified_gmt":"2024-04-20T21:22:45","slug":"divanev-mobilya-magazasi-vanda-acildi","status":"publish","type":"post","link":"https:\/\/vanxhaber.com\/index.php\/2024\/04\/20\/divanev-mobilya-magazasi-vanda-acildi\/","title":{"rendered":"Divanev Mobilya Ma\u011fazas\u0131 Van\u2019da A\u00e7\u0131ld\u0131"},"content":{"rendered":"\n<p>Bir Yata\u015f Grup Markas\u0131 Olan Divanev Mobilya Ma\u011fazas\u0131 Van ilinde a\u00e7\u0131ld\u0131. Bir Yata\u015f Grup Markas\u0131 olan Divanev Mobilya Ma\u011fazas\u0131, i\u015ftihaml\u0131 ma\u011fazas\u0131yla Van ilinde a\u00e7\u0131ld\u0131.Ma\u011fazan\u0131n i\u015fletme m\u00fcd\u00fcr\u00fc Engin Uyar, yapt\u0131\u011f\u0131 a\u00e7\u0131klamada, Van \u015fubesinde %50&#8217;ye varan indirimlerin oldu\u011funu belirtti. 3 katl\u0131 ve 1850 metrekarelik alana sahip olan ma\u011fazada koltuk tak\u0131mlar\u0131, yatak odas\u0131 tak\u0131mlar\u0131, k\u00f6\u015fe tak\u0131mlar\u0131, yemek odas\u0131 tak\u0131mlar\u0131, gen\u00e7 odas\u0131 tak\u0131mlar\u0131, TV \u00fcniteleri, hal\u0131lar, ayd\u0131nlatma \u00fcr\u00fcnleri, yatak baza ve ba\u015fl\u0131klar, ev tekstili \u00fcr\u00fcnleri, yast\u0131k ve yorgan gibi geni\u015f bir \u00fcr\u00fcn yelpazesi sunuluyor.Van halk\u0131na daha geni\u015f ve \u00e7e\u015fitli se\u00e7enekler sunmay\u0131 hedefleyen ma\u011faza, mobilya ve ev tekstili alan\u0131nda yeni bir alternatif olmay\u0131 ama\u00e7lad\u0131\u011f\u0131n\u0131 belirtti.<\/p>\n","protected":false},"excerpt":{"rendered":"<p>Bir Yata\u015f Grup Markas\u0131 Olan Divanev Mobilya Ma\u011fazas\u0131 Van ilinde a\u00e7\u0131ld\u0131. Bir Yata\u015f Grup Markas\u0131 olan Divanev Mobilya Ma\u011fazas\u0131, i\u015ftihaml\u0131 ma\u011fazas\u0131yla Van ilinde a\u00e7\u0131ld\u0131.Ma\u011fazan\u0131n i\u015fletme m\u00fcd\u00fcr\u00fc Engin Uyar, yapt\u0131\u011f\u0131 a\u00e7\u0131klamada, Van \u015fubesinde %50&#8217;ye varan indirimlerin oldu\u011funu belirtti. 3 katl\u0131 ve 1850 metrekarelik alana sahip olan ma\u011fazada koltuk tak\u0131mlar\u0131, yatak odas\u0131 tak\u0131mlar\u0131, k\u00f6\u015fe tak\u0131mlar\u0131, yemek odas\u0131 &hellip;<\/p>\n","protected":false},"author":2,"featured_media":1948,"comment_status":"open","ping_status":"closed","sticky":false,"template":"","format":"standard","meta":{"googlesitekit_rrm_CAowot3VCw:productID":"","footnotes":""},"categories":[28,1,24],"tags":[],"class_list":["post-1946","post","type-post","status-publish","format-standard","has-post-thumbnail","hentry","category-van-egitim","category-van-haber","category-van-haberleri"],"yoast_head":"<!-- This site is optimized with the Yoast SEO Premium plugin v21.7 (Yoast SEO v26.7) - https:\/\/yoast.com\/wordpress\/plugins\/seo\/ -->\n<title>Divanev Mobilya Ma\u011fazas\u0131 Van\u2019da A\u00e7\u0131ld\u0131 - Van Haber | Van X Haber | Van Haberleri<\/title>\n<meta name=\"robots\" content=\"index, follow, max-snippet:-1, max-image-preview:large, max-video-preview:-1\" \/>\n<link rel=\"canonical\" href=\"https:\/\/vanxhaber.com\/index.php\/2024\/04\/20\/divanev-mobilya-magazasi-vanda-acildi\/\" \/>\n<meta property=\"og:locale\" content=\"tr_TR\" \/>\n<meta property=\"og:type\" content=\"article\" \/>\n<meta property=\"og:title\" content=\"Divanev Mobilya Ma\u011fazas\u0131 Van\u2019da A\u00e7\u0131ld\u0131\" \/>\n<meta property=\"og:description\" content=\"Bir Yata\u015f Grup Markas\u0131 Olan Divanev Mobilya Ma\u011fazas\u0131 Van ilinde a\u00e7\u0131ld\u0131. Bir Yata\u015f Grup Markas\u0131 olan Divanev Mobilya Ma\u011fazas\u0131, i\u015ftihaml\u0131 ma\u011fazas\u0131yla Van ilinde a\u00e7\u0131ld\u0131.Ma\u011fazan\u0131n i\u015fletme m\u00fcd\u00fcr\u00fc Engin Uyar, yapt\u0131\u011f\u0131 a\u00e7\u0131klamada, Van \u015fubesinde %50&#8217;ye varan indirimlerin oldu\u011funu belirtti. 3 katl\u0131 ve 1850 metrekarelik alana sahip olan ma\u011fazada koltuk tak\u0131mlar\u0131, yatak odas\u0131 tak\u0131mlar\u0131, k\u00f6\u015fe tak\u0131mlar\u0131, yemek odas\u0131 &hellip;\" \/>\n<meta property=\"og:url\" content=\"https:\/\/vanxhaber.com\/index.php\/2024\/04\/20\/divanev-mobilya-magazasi-vanda-acildi\/\" \/>\n<meta property=\"og:site_name\" content=\"Van Haber | Van X Haber | Van Haberleri\" \/>\n<meta property=\"article:published_time\" content=\"2024-04-20T21:22:43+00:00\" \/>\n<meta property=\"article:modified_time\" content=\"2024-04-20T21:22:45+00:00\" \/>\n<meta property=\"og:image\" content=\"https:\/\/vanxhaber.com\/wp-content\/uploads\/2024\/04\/IMG_20240421_002010.jpg\" \/>\n\t<meta property=\"og:image:width\" content=\"720\" \/>\n\t<meta property=\"og:image:height\" content=\"361\" \/>\n\t<meta property=\"og:image:type\" content=\"image\/jpeg\" \/>\n<meta name=\"author\" content=\"Van X Haber\" \/>\n<meta name=\"twitter:card\" content=\"summary_large_image\" \/>\n<meta name=\"twitter:label1\" content=\"Yazan:\" \/>\n\t<meta name=\"twitter:data1\" content=\"Van X Haber\" \/>\n\t<meta name=\"twitter:label2\" content=\"Tahmini okuma s\u00fcresi\" \/>\n\t<meta name=\"twitter:data2\" content=\"1 dakika\" \/>\n<script type=\"application\/ld+json\" class=\"yoast-schema-graph\">{\"@context\":\"https:\/\/schema.org\",\"@graph\":[{\"@type\":\"Article\",\"@id\":\"https:\/\/vanxhaber.com\/index.php\/2024\/04\/20\/divanev-mobilya-magazasi-vanda-acildi\/#article\",\"isPartOf\":{\"@id\":\"https:\/\/vanxhaber.com\/index.php\/2024\/04\/20\/divanev-mobilya-magazasi-vanda-acildi\/\"},\"author\":{\"name\":\"Van X Haber\",\"@id\":\"https:\/\/vanxhaber.com\/#\/schema\/person\/a5fd8d89510cb5370e62ad176f7978ee\"},\"headline\":\"Divanev Mobilya Ma\u011fazas\u0131 Van\u2019da A\u00e7\u0131ld\u0131\",\"datePublished\":\"2024-04-20T21:22:43+00:00\",\"dateModified\":\"2024-04-20T21:22:45+00:00\",\"mainEntityOfPage\":{\"@id\":\"https:\/\/vanxhaber.com\/index.php\/2024\/04\/20\/divanev-mobilya-magazasi-vanda-acildi\/\"},\"wordCount\":144,\"commentCount\":0,\"image\":{\"@id\":\"https:\/\/vanxhaber.com\/index.php\/2024\/04\/20\/divanev-mobilya-magazasi-vanda-acildi\/#primaryimage\"},\"thumbnailUrl\":\"https:\/\/vanxhaber.com\/wp-content\/uploads\/2024\/04\/IMG_20240421_002010.jpg\",\"articleSection\":[\"Van E\u011fitim\",\"Van Haber\",\"Van Haberleri\"],\"inLanguage\":\"tr\",\"potentialAction\":[{\"@type\":\"CommentAction\",\"name\":\"Comment\",\"target\":[\"https:\/\/vanxhaber.com\/index.php\/2024\/04\/20\/divanev-mobilya-magazasi-vanda-acildi\/#respond\"]}],\"copyrightYear\":\"2024\",\"copyrightHolder\":{\"@id\":\"https:\/\/vanxhaber.com\/#organization\"}},{\"@type\":\"WebPage\",\"@id\":\"https:\/\/vanxhaber.com\/index.php\/2024\/04\/20\/divanev-mobilya-magazasi-vanda-acildi\/\",\"url\":\"https:\/\/vanxhaber.com\/index.php\/2024\/04\/20\/divanev-mobilya-magazasi-vanda-acildi\/\",\"name\":\"Divanev Mobilya Ma\u011fazas\u0131 Van\u2019da A\u00e7\u0131ld\u0131 - Van Haber | Van X Haber | Van Haberleri\",\"isPartOf\":{\"@id\":\"https:\/\/vanxhaber.com\/#website\"},\"primaryImageOfPage\":{\"@id\":\"https:\/\/vanxhaber.com\/index.php\/2024\/04\/20\/divanev-mobilya-magazasi-vanda-acildi\/#primaryimage\"},\"image\":{\"@id\":\"https:\/\/vanxhaber.com\/index.php\/2024\/04\/20\/divanev-mobilya-magazasi-vanda-acildi\/#primaryimage\"},\"thumbnailUrl\":\"https:\/\/vanxhaber.com\/wp-content\/uploads\/2024\/04\/IMG_20240421_002010.jpg\",\"datePublished\":\"2024-04-20T21:22:43+00:00\",\"dateModified\":\"2024-04-20T21:22:45+00:00\",\"author\":{\"@id\":\"https:\/\/vanxhaber.com\/#\/schema\/person\/a5fd8d89510cb5370e62ad176f7978ee\"},\"breadcrumb\":{\"@id\":\"https:\/\/vanxhaber.com\/index.php\/2024\/04\/20\/divanev-mobilya-magazasi-vanda-acildi\/#breadcrumb\"},\"inLanguage\":\"tr\",\"potentialAction\":[{\"@type\":\"ReadAction\",\"target\":[\"https:\/\/vanxhaber.com\/index.php\/2024\/04\/20\/divanev-mobilya-magazasi-vanda-acildi\/\"]}]},{\"@type\":\"ImageObject\",\"inLanguage\":\"tr\",\"@id\":\"https:\/\/vanxhaber.com\/index.php\/2024\/04\/20\/divanev-mobilya-magazasi-vanda-acildi\/#primaryimage\",\"url\":\"https:\/\/vanxhaber.com\/wp-content\/uploads\/2024\/04\/IMG_20240421_002010.jpg\",\"contentUrl\":\"https:\/\/vanxhaber.com\/wp-content\/uploads\/2024\/04\/IMG_20240421_002010.jpg\",\"width\":720,\"height\":361},{\"@type\":\"BreadcrumbList\",\"@id\":\"https:\/\/vanxhaber.com\/index.php\/2024\/04\/20\/divanev-mobilya-magazasi-vanda-acildi\/#breadcrumb\",\"itemListElement\":[{\"@type\":\"ListItem\",\"position\":1,\"name\":\"Anasayfa\",\"item\":\"https:\/\/vanxhaber.com\/\"},{\"@type\":\"ListItem\",\"position\":2,\"name\":\"Divanev Mobilya Ma\u011fazas\u0131 Van\u2019da A\u00e7\u0131ld\u0131\"}]},{\"@type\":\"WebSite\",\"@id\":\"https:\/\/vanxhaber.com\/#website\",\"url\":\"https:\/\/vanxhaber.com\/\",\"name\":\"Van Haber | Van X Haber | Van Haberleri\",\"description\":\"Van Haber, Van&#039;\u0131n ilk yapay zeka teknolojileri ile yaz\u0131lan Van X Haber ve Van Haberlerini aktif g\u00fcncel sunan tek vanhaber merkezidir.\",\"potentialAction\":[{\"@type\":\"SearchAction\",\"target\":{\"@type\":\"EntryPoint\",\"urlTemplate\":\"https:\/\/vanxhaber.com\/?s={search_term_string}\"},\"query-input\":{\"@type\":\"PropertyValueSpecification\",\"valueRequired\":true,\"valueName\":\"search_term_string\"}}],\"inLanguage\":\"tr\"},{\"@type\":\"Person\",\"@id\":\"https:\/\/vanxhaber.com\/#\/schema\/person\/a5fd8d89510cb5370e62ad176f7978ee\",\"name\":\"Van X Haber\",\"image\":{\"@type\":\"ImageObject\",\"inLanguage\":\"tr\",\"@id\":\"https:\/\/vanxhaber.com\/#\/schema\/person\/image\/\",\"url\":\"https:\/\/secure.gravatar.com\/avatar\/36f2f63826681263103acb5ca1e7bc1a6db11baea9b75dd091d89b74f2704b07?s=96&d=mm&r=g\",\"contentUrl\":\"https:\/\/secure.gravatar.com\/avatar\/36f2f63826681263103acb5ca1e7bc1a6db11baea9b75dd091d89b74f2704b07?s=96&d=mm&r=g\",\"caption\":\"Van X Haber\"},\"description\":\"Van X Haber Van'\u0131n ilk ve tek yeni nesil Van Haber merkezi. Son Dakika Van Haberleri ve G\u00fcncel Van haber merkezinde s\u0131cak geli\u015fmeleri aktarmaya devam edece\u011fiz.\",\"url\":\"https:\/\/vanxhaber.com\/index.php\/author\/vangazetesi\/\"}]}<\/script>\n<!-- \/ Yoast SEO Premium plugin. -->","yoast_head_json":{"title":"Divanev Mobilya Ma\u011fazas\u0131 Van\u2019da A\u00e7\u0131ld\u0131 - Van Haber | Van X Haber | Van Haberleri","robots":{"index":"index","follow":"follow","max-snippet":"max-snippet:-1","max-image-preview":"max-image-preview:large","max-video-preview":"max-video-preview:-1"},"canonical":"https:\/\/vanxhaber.com\/index.php\/2024\/04\/20\/divanev-mobilya-magazasi-vanda-acildi\/","og_locale":"tr_TR","og_type":"article","og_title":"Divanev Mobilya Ma\u011fazas\u0131 Van\u2019da A\u00e7\u0131ld\u0131","og_description":"Bir Yata\u015f Grup Markas\u0131 Olan Divanev Mobilya Ma\u011fazas\u0131 Van ilinde a\u00e7\u0131ld\u0131. Bir Yata\u015f Grup Markas\u0131 olan Divanev Mobilya Ma\u011fazas\u0131, i\u015ftihaml\u0131 ma\u011fazas\u0131yla Van ilinde a\u00e7\u0131ld\u0131.Ma\u011fazan\u0131n i\u015fletme m\u00fcd\u00fcr\u00fc Engin Uyar, yapt\u0131\u011f\u0131 a\u00e7\u0131klamada, Van \u015fubesinde %50&#8217;ye varan indirimlerin oldu\u011funu belirtti. 3 katl\u0131 ve 1850 metrekarelik alana sahip olan ma\u011fazada koltuk tak\u0131mlar\u0131, yatak odas\u0131 tak\u0131mlar\u0131, k\u00f6\u015fe tak\u0131mlar\u0131, yemek odas\u0131 &hellip;","og_url":"https:\/\/vanxhaber.com\/index.php\/2024\/04\/20\/divanev-mobilya-magazasi-vanda-acildi\/","og_site_name":"Van Haber | Van X Haber | Van Haberleri","article_published_time":"2024-04-20T21:22:43+00:00","article_modified_time":"2024-04-20T21:22:45+00:00","og_image":[{"width":720,"height":361,"url":"https:\/\/vanxhaber.com\/wp-content\/uploads\/2024\/04\/IMG_20240421_002010.jpg","type":"image\/jpeg"}],"author":"Van X Haber","twitter_card":"summary_large_image","twitter_misc":{"Yazan:":"Van X Haber","Tahmini okuma s\u00fcresi":"1 dakika"},"schema":{"@context":"https:\/\/schema.org","@graph":[{"@type":"Article","@id":"https:\/\/vanxhaber.com\/index.php\/2024\/04\/20\/divanev-mobilya-magazasi-vanda-acildi\/#article","isPartOf":{"@id":"https:\/\/vanxhaber.com\/index.php\/2024\/04\/20\/divanev-mobilya-magazasi-vanda-acildi\/"},"author":{"name":"Van X Haber","@id":"https:\/\/vanxhaber.com\/#\/schema\/person\/a5fd8d89510cb5370e62ad176f7978ee"},"headline":"Divanev Mobilya Ma\u011fazas\u0131 Van\u2019da A\u00e7\u0131ld\u0131","datePublished":"2024-04-20T21:22:43+00:00","dateModified":"2024-04-20T21:22:45+00:00","mainEntityOfPage":{"@id":"https:\/\/vanxhaber.com\/index.php\/2024\/04\/20\/divanev-mobilya-magazasi-vanda-acildi\/"},"wordCount":144,"commentCount":0,"image":{"@id":"https:\/\/vanxhaber.com\/index.php\/2024\/04\/20\/divanev-mobilya-magazasi-vanda-acildi\/#primaryimage"},"thumbnailUrl":"https:\/\/vanxhaber.com\/wp-content\/uploads\/2024\/04\/IMG_20240421_002010.jpg","articleSection":["Van E\u011fitim","Van Haber","Van Haberleri"],"inLanguage":"tr","potentialAction":[{"@type":"CommentAction","name":"Comment","target":["https:\/\/vanxhaber.com\/index.php\/2024\/04\/20\/divanev-mobilya-magazasi-vanda-acildi\/#respond"]}],"copyrightYear":"2024","copyrightHolder":{"@id":"https:\/\/vanxhaber.com\/#organization"}},{"@type":"WebPage","@id":"https:\/\/vanxhaber.com\/index.php\/2024\/04\/20\/divanev-mobilya-magazasi-vanda-acildi\/","url":"https:\/\/vanxhaber.com\/index.php\/2024\/04\/20\/divanev-mobilya-magazasi-vanda-acildi\/","name":"Divanev Mobilya Ma\u011fazas\u0131 Van\u2019da A\u00e7\u0131ld\u0131 - Van Haber | Van X Haber | Van Haberleri","isPartOf":{"@id":"https:\/\/vanxhaber.com\/#website"},"primaryImageOfPage":{"@id":"https:\/\/vanxhaber.com\/index.php\/2024\/04\/20\/divanev-mobilya-magazasi-vanda-acildi\/#primaryimage"},"image":{"@id":"https:\/\/vanxhaber.com\/index.php\/2024\/04\/20\/divanev-mobilya-magazasi-vanda-acildi\/#primaryimage"},"thumbnailUrl":"https:\/\/vanxhaber.com\/wp-content\/uploads\/2024\/04\/IMG_20240421_002010.jpg","datePublished":"2024-04-20T21:22:43+00:00","dateModified":"2024-04-20T21:22:45+00:00","author":{"@id":"https:\/\/vanxhaber.com\/#\/schema\/person\/a5fd8d89510cb5370e62ad176f7978ee"},"breadcrumb":{"@id":"https:\/\/vanxhaber.com\/index.php\/2024\/04\/20\/divanev-mobilya-magazasi-vanda-acildi\/#breadcrumb"},"inLanguage":"tr","potentialAction":[{"@type":"ReadAction","target":["https:\/\/vanxhaber.com\/index.php\/2024\/04\/20\/divanev-mobilya-magazasi-vanda-acildi\/"]}]},{"@type":"ImageObject","inLanguage":"tr","@id":"https:\/\/vanxhaber.com\/index.php\/2024\/04\/20\/divanev-mobilya-magazasi-vanda-acildi\/#primaryimage","url":"https:\/\/vanxhaber.com\/wp-content\/uploads\/2024\/04\/IMG_20240421_002010.jpg","contentUrl":"https:\/\/vanxhaber.com\/wp-content\/uploads\/2024\/04\/IMG_20240421_002010.jpg","width":720,"height":361},{"@type":"BreadcrumbList","@id":"https:\/\/vanxhaber.com\/index.php\/2024\/04\/20\/divanev-mobilya-magazasi-vanda-acildi\/#breadcrumb","itemListElement":[{"@type":"ListItem","position":1,"name":"Anasayfa","item":"https:\/\/vanxhaber.com\/"},{"@type":"ListItem","position":2,"name":"Divanev Mobilya Ma\u011fazas\u0131 Van\u2019da A\u00e7\u0131ld\u0131"}]},{"@type":"WebSite","@id":"https:\/\/vanxhaber.com\/#website","url":"https:\/\/vanxhaber.com\/","name":"Van Haber | Van X Haber | Van Haberleri","description":"Van Haber, Van&#039;\u0131n ilk yapay zeka teknolojileri ile yaz\u0131lan Van X Haber ve Van Haberlerini aktif g\u00fcncel sunan tek vanhaber merkezidir.","potentialAction":[{"@type":"SearchAction","target":{"@type":"EntryPoint","urlTemplate":"https:\/\/vanxhaber.com\/?s={search_term_string}"},"query-input":{"@type":"PropertyValueSpecification","valueRequired":true,"valueName":"search_term_string"}}],"inLanguage":"tr"},{"@type":"Person","@id":"https:\/\/vanxhaber.com\/#\/schema\/person\/a5fd8d89510cb5370e62ad176f7978ee","name":"Van X Haber","image":{"@type":"ImageObject","inLanguage":"tr","@id":"https:\/\/vanxhaber.com\/#\/schema\/person\/image\/","url":"https:\/\/secure.gravatar.com\/avatar\/36f2f63826681263103acb5ca1e7bc1a6db11baea9b75dd091d89b74f2704b07?s=96&d=mm&r=g","contentUrl":"https:\/\/secure.gravatar.com\/avatar\/36f2f63826681263103acb5ca1e7bc1a6db11baea9b75dd091d89b74f2704b07?s=96&d=mm&r=g","caption":"Van X Haber"},"description":"Van X Haber Van'\u0131n ilk ve tek yeni nesil Van Haber merkezi. Son Dakika Van Haberleri ve G\u00fcncel Van haber merkezinde s\u0131cak geli\u015fmeleri aktarmaya devam edece\u011fiz.","url":"https:\/\/vanxhaber.com\/index.php\/author\/vangazetesi\/"}]}},"_links":{"self":[{"href":"https:\/\/vanxhaber.com\/index.php\/wp-json\/wp\/v2\/posts\/1946","targetHints":{"allow":["GET"]}}],"collection":[{"href":"https:\/\/vanxhaber.com\/index.php\/wp-json\/wp\/v2\/posts"}],"about":[{"href":"https:\/\/vanxhaber.com\/index.php\/wp-json\/wp\/v2\/types\/post"}],"author":[{"embeddable":true,"href":"https:\/\/vanxhaber.com\/index.php\/wp-json\/wp\/v2\/users\/2"}],"replies":[{"embeddable":true,"href":"https:\/\/vanxhaber.com\/index.php\/wp-json\/wp\/v2\/comments?post=1946"}],"version-history":[{"count":1,"href":"https:\/\/vanxhaber.com\/index.php\/wp-json\/wp\/v2\/posts\/1946\/revisions"}],"predecessor-version":[{"id":1949,"href":"https:\/\/vanxhaber.com\/index.php\/wp-json\/wp\/v2\/posts\/1946\/revisions\/1949"}],"wp:featuredmedia":[{"embeddable":true,"href":"https:\/\/vanxhaber.com\/index.php\/wp-json\/wp\/v2\/media\/1948"}],"wp:attachment":[{"href":"https:\/\/vanxhaber.com\/index.php\/wp-json\/wp\/v2\/media?parent=1946"}],"wp:term":[{"taxonomy":"category","embeddable":true,"href":"https:\/\/vanxhaber.com\/index.php\/wp-json\/wp\/v2\/categories?post=1946"},{"taxonomy":"post_tag","embeddable":true,"href":"https:\/\/vanxhaber.com\/index.php\/wp-json\/wp\/v2\/tags?post=1946"}],"curies":[{"name":"wp","href":"https:\/\/api.w.org\/{rel}","templated":true}]}}