{"id":1956,"date":"2024-04-25T11:03:17","date_gmt":"2024-04-25T11:03:17","guid":{"rendered":"https:\/\/vanxhaber.com\/?p=1956"},"modified":"2024-04-25T11:03:18","modified_gmt":"2024-04-25T11:03:18","slug":"van-baliginin-zorlu-gocu-basladi","status":"publish","type":"post","link":"https:\/\/vanxhaber.com\/index.php\/2024\/04\/25\/van-baliginin-zorlu-gocu-basladi\/","title":{"rendered":"Van Bal\u0131\u011f\u0131&#8217;n\u0131n zorlu g\u00f6\u00e7\u00fc ba\u015flad\u0131"},"content":{"rendered":"\n<p> Van G\u00f6l\u00fc&#8217;nde ya\u015fayan binlerce Van Bal\u0131\u011f\u0131&#8217;n\u0131n, su s\u0131cakl\u0131\u011f\u0131n\u0131n yeterli seviyeye y\u00fckselmesiyle \u00fcremek i\u00e7in ak\u0131\u015f\u0131n tersine y\u00fczerek tatl\u0131 sulara g\u00f6\u00e7\u00fc ba\u015flad\u0131.<\/p>\n\n\n\n<p>D\u00fcnyada sadece Van G\u00f6l\u00fc&#8217;nde ya\u015fayan, y\u0131l\u0131n belli d\u00f6neminde \u00fcremek i\u00e7in suyun ak\u0131\u015f\u0131n\u0131n tersine y\u00fczerek, tatl\u0131 sulara g\u00f6\u00e7 eden Van Bal\u0131\u011f\u0131&#8217;n\u0131n zorlu yolculu\u011fu ba\u015flad\u0131. Van Bal\u0131\u011f\u0131, Van G\u00f6l\u00fc&#8217;n\u00fcn ya\u015fayan ve \u00fcreme d\u00f6nemi olan 15 Nisan-15 Temmuz tarihleri aras\u0131nda neslini s\u00fcrd\u00fcrmek i\u00e7in tatl\u0131 sulara g\u00f6\u00e7\u00fc ba\u015flad\u0131. Seyrine doyumsuz g\u00f6r\u00fcnt\u00fclerin ortaya \u00e7\u0131kt\u0131\u011f\u0131 g\u00f6\u00e7 s\u0131ras\u0131nda Van Bal\u0131\u011f\u0131, \u00f6nlerine \u00e7\u0131kan engelleri u\u00e7ar gibi z\u0131playarak a\u015f\u0131yor. G\u00f6l\u00fcn tuzlu ve sodal\u0131 suyundan derelerdeki tatl\u0131 sulara ula\u015fmak i\u00e7in suyun ak\u0131\u015f\u0131n\u0131n tersine y\u00fczen, kar\u015f\u0131s\u0131na \u00e7\u0131kan engelleri z\u0131playarak ge\u00e7meye \u00e7al\u0131\u015fan bal\u0131klar, her y\u0131l bu mevsimde g\u00f6rsel \u015f\u00f6len sunuyor. Bal\u0131klar\u0131n neslini s\u00fcrd\u00fcrebilmek amac\u0131yla ortaya koydu\u011fu m\u00fccadeleyi izlemek i\u00e7in de her y\u0131l binlerce yerli ve yabanc\u0131 turist kente geliyor. &#8220;\u00d6zellikle 2 bin y\u0131l\u0131ndan g\u00fcn\u00fcm\u00fcze kadar olan s\u00fcre\u00e7te g\u00f6\u00e7 \u00e7ok s\u0131k\u0131nt\u0131l\u0131 ge\u00e7ti&#8221; Konuyla ilgili a\u00e7\u0131klama yapan Van Y\u00fcz\u00fcnc\u00fc Y\u0131l \u00dcniversitesi (Van YY\u00dc) Su \u00dcr\u00fcnleri Fak\u00fcltesi Dr. \u00d6\u011fretim \u00dcyesi Mustafa Akku\u015f, &#8220;Son y\u0131llarda \u00fclkemiz genelinde g\u00f6r\u00fclen kurakl\u0131\u011f\u0131n yans\u0131malar\u0131 Van G\u00f6l\u00fc havzas\u0131nda da ortaya \u00e7\u0131kt\u0131. Bunun en b\u00fcy\u00fck etkisi yaz aylar\u0131nda Van G\u00f6l\u00fc&#8217;ne d\u00f6k\u00fclen akarsular\u0131n debilerinde \u00e7ok ciddi d\u00fc\u015f\u00fc\u015fler oldu. Su y\u00f6netiminde yap\u0131lan yanl\u0131\u015flarla beraber Van G\u00f6l\u00fc&#8217;ne d\u00f6k\u00fclen en b\u00fcy\u00fck akarsulardan birisi olan Bendimahi \u00c7ay\u0131, g\u00f6l ile bulu\u015famad\u0131. \u00d6zellikle 2 bin y\u0131l\u0131ndan g\u00fcn\u00fcm\u00fcze kadar olan s\u00fcre\u00e7te yaz mevsiminde \u00e7ok s\u0131k\u0131nt\u0131l\u0131 ge\u00e7ti. Van G\u00f6l\u00fc&#8217;nde ya\u015fayan ve endemik bir t\u00fcr olan Van Bal\u0131\u011f\u0131 ya\u015fam\u0131n\u0131 her ne kadar Van G\u00f6l\u00fc&#8217;n\u00fcn tuzlu ve sodal\u0131 sular\u0131nda s\u00fcrd\u00fcrse de \u00fcreme d\u00f6nemi olan Nisan ve Temmuz aylar\u0131nda s\u00fcr\u00fcler halinde Van G\u00f6l\u00fc&#8217;nden tatl\u0131 sulara yani g\u00f6le d\u00f6k\u00fclen akarsulara \u00f6nemli bir g\u00f6\u00e7 ger\u00e7ekle\u015ftiriyor. \u015eayet akarsularda yeterli su bulamazsa sa\u011fl\u0131kl\u0131 bir \u00fcreme ger\u00e7ekle\u015ftirmesi s\u00f6z konusu de\u011fil. Havzam\u0131zda 20 bine yak\u0131n insan Van G\u00f6l\u00fc, bal\u0131k\u00e7\u0131l\u0131ktan ge\u00e7imini sa\u011fl\u0131yor. Bu sebepten dolay\u0131 yaz mevsiminde akarsularda su bulunmas\u0131 hayati bir \u00f6neme sahip&#8221; dedi. &#8220;Bu sene suyumuz son 4 y\u0131l\u0131n en y\u00fcksek seviyelerinde&#8221; 2 bin y\u0131l\u0131ndan itibaren akarsu debilerinin \u00e7ok s\u0131k\u0131nt\u0131l\u0131 ge\u00e7ti\u011finin ifade eden Dr. \u00d6\u011fretim \u00dcyesi Akku\u015f, &#8220;Bu sene suyumuz son 4 y\u0131l\u0131n en y\u00fcksek seviyelerinde. Yani akarsularda su debisi y\u00fcksek. \u00dcmit ediyoruz ki Temmuz ay\u0131na kadar bu debi hafif d\u00fc\u015f\u00fc\u015fler olsa da bu \u015fekilde devam eder. \u0130\u015fte bu noktada koruma \u00e7al\u0131\u015fmalar\u0131 daha da b\u00fcy\u00fck bir \u00f6neme sahip. \u00c7\u00fcnk\u00fc akarsuda su var, milyarlarca bal\u0131k gelecek, bizim bu bal\u0131\u011f\u0131 ka\u00e7ak avc\u0131lardan korumam\u0131z laz\u0131m. Bu noktada koruma \u00e7al\u0131\u015fmalar\u0131 sorunsuz bir \u015fekilde aksamadan y\u00fcr\u00fct\u00fclmeli ve elde edilen kazan\u0131mlar kaybedilmemesi laz\u0131m. Koruma \u00e7al\u0131\u015fmalar\u0131n\u0131n yak\u0131ndan takip\u00e7isi olaca\u011f\u0131z. Sa\u011fl\u0131kl\u0131 bir \u00fcreme yap\u0131labilmesi i\u00e7in b\u00fct\u00fcn ekolojik unsurlar tam olarak yerinde i\u015fte bu noktada akarsu kenarlar\u0131nda ve yol kontrollerinde jandarman\u0131n, merkezlerde polisin ve zab\u0131ta ekiplerinin etkin bir g\u00f6rev almas\u0131 laz\u0131m. \u015eayet bunu sa\u011flayamazsak suyumuzun \u00e7ok fazla olmas\u0131 anlam ifade etmeyecek&#8221; dedi.<\/p>\n","protected":false},"excerpt":{"rendered":"<p>Van G\u00f6l\u00fc&#8217;nde ya\u015fayan binlerce Van Bal\u0131\u011f\u0131&#8217;n\u0131n, su s\u0131cakl\u0131\u011f\u0131n\u0131n yeterli seviyeye y\u00fckselmesiyle \u00fcremek i\u00e7in ak\u0131\u015f\u0131n tersine y\u00fczerek tatl\u0131 sulara g\u00f6\u00e7\u00fc ba\u015flad\u0131. D\u00fcnyada sadece Van G\u00f6l\u00fc&#8217;nde ya\u015fayan, y\u0131l\u0131n belli d\u00f6neminde \u00fcremek i\u00e7in suyun ak\u0131\u015f\u0131n\u0131n tersine y\u00fczerek, tatl\u0131 sulara g\u00f6\u00e7 eden Van Bal\u0131\u011f\u0131&#8217;n\u0131n zorlu yolculu\u011fu ba\u015flad\u0131. Van Bal\u0131\u011f\u0131, Van G\u00f6l\u00fc&#8217;n\u00fcn ya\u015fayan ve \u00fcreme d\u00f6nemi olan 15 Nisan-15 Temmuz &hellip;<\/p>\n","protected":false},"author":2,"featured_media":1958,"comment_status":"open","ping_status":"closed","sticky":false,"template":"","format":"standard","meta":{"googlesitekit_rrm_CAowot3VCw:productID":"","footnotes":""},"categories":[24,30],"tags":[],"class_list":["post-1956","post","type-post","status-publish","format-standard","has-post-thumbnail","hentry","category-van-haberleri","category-van-x-haber"],"yoast_head":"<!-- This site is optimized with the Yoast SEO Premium plugin v21.7 (Yoast SEO v26.7) - https:\/\/yoast.com\/wordpress\/plugins\/seo\/ -->\n<title>Van Bal\u0131\u011f\u0131&#039;n\u0131n zorlu g\u00f6\u00e7\u00fc ba\u015flad\u0131 - Van Haber | Van X Haber | Van Haberleri<\/title>\n<meta name=\"robots\" content=\"index, follow, max-snippet:-1, max-image-preview:large, max-video-preview:-1\" \/>\n<link rel=\"canonical\" href=\"https:\/\/vanxhaber.com\/index.php\/2024\/04\/25\/van-baliginin-zorlu-gocu-basladi\/\" \/>\n<meta property=\"og:locale\" content=\"tr_TR\" \/>\n<meta property=\"og:type\" content=\"article\" \/>\n<meta property=\"og:title\" content=\"Van Bal\u0131\u011f\u0131&#039;n\u0131n zorlu g\u00f6\u00e7\u00fc ba\u015flad\u0131\" \/>\n<meta property=\"og:description\" content=\"Van G\u00f6l\u00fc&#8217;nde ya\u015fayan binlerce Van Bal\u0131\u011f\u0131&#8217;n\u0131n, su s\u0131cakl\u0131\u011f\u0131n\u0131n yeterli seviyeye y\u00fckselmesiyle \u00fcremek i\u00e7in ak\u0131\u015f\u0131n tersine y\u00fczerek tatl\u0131 sulara g\u00f6\u00e7\u00fc ba\u015flad\u0131. D\u00fcnyada sadece Van G\u00f6l\u00fc&#8217;nde ya\u015fayan, y\u0131l\u0131n belli d\u00f6neminde \u00fcremek i\u00e7in suyun ak\u0131\u015f\u0131n\u0131n tersine y\u00fczerek, tatl\u0131 sulara g\u00f6\u00e7 eden Van Bal\u0131\u011f\u0131&#8217;n\u0131n zorlu yolculu\u011fu ba\u015flad\u0131. Van Bal\u0131\u011f\u0131, Van G\u00f6l\u00fc&#8217;n\u00fcn ya\u015fayan ve \u00fcreme d\u00f6nemi olan 15 Nisan-15 Temmuz &hellip;\" \/>\n<meta property=\"og:url\" content=\"https:\/\/vanxhaber.com\/index.php\/2024\/04\/25\/van-baliginin-zorlu-gocu-basladi\/\" \/>\n<meta property=\"og:site_name\" content=\"Van Haber | Van X Haber | Van Haberleri\" \/>\n<meta property=\"article:published_time\" content=\"2024-04-25T11:03:17+00:00\" \/>\n<meta property=\"article:modified_time\" content=\"2024-04-25T11:03:18+00:00\" \/>\n<meta property=\"og:image\" content=\"https:\/\/vanxhaber.com\/wp-content\/uploads\/2024\/04\/va-baligi-gocu-basladi.jpg\" \/>\n\t<meta property=\"og:image:width\" content=\"641\" \/>\n\t<meta property=\"og:image:height\" content=\"380\" \/>\n\t<meta property=\"og:image:type\" content=\"image\/jpeg\" \/>\n<meta name=\"author\" content=\"Van X Haber\" \/>\n<meta name=\"twitter:card\" content=\"summary_large_image\" \/>\n<meta name=\"twitter:label1\" content=\"Yazan:\" \/>\n\t<meta name=\"twitter:data1\" content=\"Van X Haber\" \/>\n\t<meta name=\"twitter:label2\" content=\"Tahmini okuma s\u00fcresi\" \/>\n\t<meta name=\"twitter:data2\" content=\"3 dakika\" \/>\n<script type=\"application\/ld+json\" class=\"yoast-schema-graph\">{\"@context\":\"https:\/\/schema.org\",\"@graph\":[{\"@type\":\"Article\",\"@id\":\"https:\/\/vanxhaber.com\/index.php\/2024\/04\/25\/van-baliginin-zorlu-gocu-basladi\/#article\",\"isPartOf\":{\"@id\":\"https:\/\/vanxhaber.com\/index.php\/2024\/04\/25\/van-baliginin-zorlu-gocu-basladi\/\"},\"author\":{\"name\":\"Van X Haber\",\"@id\":\"https:\/\/vanxhaber.com\/#\/schema\/person\/a5fd8d89510cb5370e62ad176f7978ee\"},\"headline\":\"Van Bal\u0131\u011f\u0131&#8217;n\u0131n zorlu g\u00f6\u00e7\u00fc ba\u015flad\u0131\",\"datePublished\":\"2024-04-25T11:03:17+00:00\",\"dateModified\":\"2024-04-25T11:03:18+00:00\",\"mainEntityOfPage\":{\"@id\":\"https:\/\/vanxhaber.com\/index.php\/2024\/04\/25\/van-baliginin-zorlu-gocu-basladi\/\"},\"wordCount\":647,\"commentCount\":0,\"image\":{\"@id\":\"https:\/\/vanxhaber.com\/index.php\/2024\/04\/25\/van-baliginin-zorlu-gocu-basladi\/#primaryimage\"},\"thumbnailUrl\":\"https:\/\/vanxhaber.com\/wp-content\/uploads\/2024\/04\/va-baligi-gocu-basladi.jpg\",\"articleSection\":[\"Van Haberleri\",\"Van X Haber\"],\"inLanguage\":\"tr\",\"potentialAction\":[{\"@type\":\"CommentAction\",\"name\":\"Comment\",\"target\":[\"https:\/\/vanxhaber.com\/index.php\/2024\/04\/25\/van-baliginin-zorlu-gocu-basladi\/#respond\"]}],\"copyrightYear\":\"2024\",\"copyrightHolder\":{\"@id\":\"https:\/\/vanxhaber.com\/#organization\"}},{\"@type\":\"WebPage\",\"@id\":\"https:\/\/vanxhaber.com\/index.php\/2024\/04\/25\/van-baliginin-zorlu-gocu-basladi\/\",\"url\":\"https:\/\/vanxhaber.com\/index.php\/2024\/04\/25\/van-baliginin-zorlu-gocu-basladi\/\",\"name\":\"Van Bal\u0131\u011f\u0131'n\u0131n zorlu g\u00f6\u00e7\u00fc ba\u015flad\u0131 - Van Haber | Van X Haber | Van Haberleri\",\"isPartOf\":{\"@id\":\"https:\/\/vanxhaber.com\/#website\"},\"primaryImageOfPage\":{\"@id\":\"https:\/\/vanxhaber.com\/index.php\/2024\/04\/25\/van-baliginin-zorlu-gocu-basladi\/#primaryimage\"},\"image\":{\"@id\":\"https:\/\/vanxhaber.com\/index.php\/2024\/04\/25\/van-baliginin-zorlu-gocu-basladi\/#primaryimage\"},\"thumbnailUrl\":\"https:\/\/vanxhaber.com\/wp-content\/uploads\/2024\/04\/va-baligi-gocu-basladi.jpg\",\"datePublished\":\"2024-04-25T11:03:17+00:00\",\"dateModified\":\"2024-04-25T11:03:18+00:00\",\"author\":{\"@id\":\"https:\/\/vanxhaber.com\/#\/schema\/person\/a5fd8d89510cb5370e62ad176f7978ee\"},\"breadcrumb\":{\"@id\":\"https:\/\/vanxhaber.com\/index.php\/2024\/04\/25\/van-baliginin-zorlu-gocu-basladi\/#breadcrumb\"},\"inLanguage\":\"tr\",\"potentialAction\":[{\"@type\":\"ReadAction\",\"target\":[\"https:\/\/vanxhaber.com\/index.php\/2024\/04\/25\/van-baliginin-zorlu-gocu-basladi\/\"]}]},{\"@type\":\"ImageObject\",\"inLanguage\":\"tr\",\"@id\":\"https:\/\/vanxhaber.com\/index.php\/2024\/04\/25\/van-baliginin-zorlu-gocu-basladi\/#primaryimage\",\"url\":\"https:\/\/vanxhaber.com\/wp-content\/uploads\/2024\/04\/va-baligi-gocu-basladi.jpg\",\"contentUrl\":\"https:\/\/vanxhaber.com\/wp-content\/uploads\/2024\/04\/va-baligi-gocu-basladi.jpg\",\"width\":641,\"height\":380},{\"@type\":\"BreadcrumbList\",\"@id\":\"https:\/\/vanxhaber.com\/index.php\/2024\/04\/25\/van-baliginin-zorlu-gocu-basladi\/#breadcrumb\",\"itemListElement\":[{\"@type\":\"ListItem\",\"position\":1,\"name\":\"Anasayfa\",\"item\":\"https:\/\/vanxhaber.com\/\"},{\"@type\":\"ListItem\",\"position\":2,\"name\":\"Van Bal\u0131\u011f\u0131&#8217;n\u0131n zorlu g\u00f6\u00e7\u00fc ba\u015flad\u0131\"}]},{\"@type\":\"WebSite\",\"@id\":\"https:\/\/vanxhaber.com\/#website\",\"url\":\"https:\/\/vanxhaber.com\/\",\"name\":\"Van Haber | Van X Haber | Van Haberleri\",\"description\":\"Van Haber, Van&#039;\u0131n ilk yapay zeka teknolojileri ile yaz\u0131lan Van X Haber ve Van Haberlerini aktif g\u00fcncel sunan tek vanhaber merkezidir.\",\"potentialAction\":[{\"@type\":\"SearchAction\",\"target\":{\"@type\":\"EntryPoint\",\"urlTemplate\":\"https:\/\/vanxhaber.com\/?s={search_term_string}\"},\"query-input\":{\"@type\":\"PropertyValueSpecification\",\"valueRequired\":true,\"valueName\":\"search_term_string\"}}],\"inLanguage\":\"tr\"},{\"@type\":\"Person\",\"@id\":\"https:\/\/vanxhaber.com\/#\/schema\/person\/a5fd8d89510cb5370e62ad176f7978ee\",\"name\":\"Van X Haber\",\"image\":{\"@type\":\"ImageObject\",\"inLanguage\":\"tr\",\"@id\":\"https:\/\/vanxhaber.com\/#\/schema\/person\/image\/\",\"url\":\"https:\/\/secure.gravatar.com\/avatar\/36f2f63826681263103acb5ca1e7bc1a6db11baea9b75dd091d89b74f2704b07?s=96&d=mm&r=g\",\"contentUrl\":\"https:\/\/secure.gravatar.com\/avatar\/36f2f63826681263103acb5ca1e7bc1a6db11baea9b75dd091d89b74f2704b07?s=96&d=mm&r=g\",\"caption\":\"Van X Haber\"},\"description\":\"Van X Haber Van'\u0131n ilk ve tek yeni nesil Van Haber merkezi. Son Dakika Van Haberleri ve G\u00fcncel Van haber merkezinde s\u0131cak geli\u015fmeleri aktarmaya devam edece\u011fiz.\",\"url\":\"https:\/\/vanxhaber.com\/index.php\/author\/vangazetesi\/\"}]}<\/script>\n<!-- \/ Yoast SEO Premium plugin. -->","yoast_head_json":{"title":"Van Bal\u0131\u011f\u0131'n\u0131n zorlu g\u00f6\u00e7\u00fc ba\u015flad\u0131 - Van Haber | Van X Haber | Van Haberleri","robots":{"index":"index","follow":"follow","max-snippet":"max-snippet:-1","max-image-preview":"max-image-preview:large","max-video-preview":"max-video-preview:-1"},"canonical":"https:\/\/vanxhaber.com\/index.php\/2024\/04\/25\/van-baliginin-zorlu-gocu-basladi\/","og_locale":"tr_TR","og_type":"article","og_title":"Van Bal\u0131\u011f\u0131'n\u0131n zorlu g\u00f6\u00e7\u00fc ba\u015flad\u0131","og_description":"Van G\u00f6l\u00fc&#8217;nde ya\u015fayan binlerce Van Bal\u0131\u011f\u0131&#8217;n\u0131n, su s\u0131cakl\u0131\u011f\u0131n\u0131n yeterli seviyeye y\u00fckselmesiyle \u00fcremek i\u00e7in ak\u0131\u015f\u0131n tersine y\u00fczerek tatl\u0131 sulara g\u00f6\u00e7\u00fc ba\u015flad\u0131. D\u00fcnyada sadece Van G\u00f6l\u00fc&#8217;nde ya\u015fayan, y\u0131l\u0131n belli d\u00f6neminde \u00fcremek i\u00e7in suyun ak\u0131\u015f\u0131n\u0131n tersine y\u00fczerek, tatl\u0131 sulara g\u00f6\u00e7 eden Van Bal\u0131\u011f\u0131&#8217;n\u0131n zorlu yolculu\u011fu ba\u015flad\u0131. Van Bal\u0131\u011f\u0131, Van G\u00f6l\u00fc&#8217;n\u00fcn ya\u015fayan ve \u00fcreme d\u00f6nemi olan 15 Nisan-15 Temmuz &hellip;","og_url":"https:\/\/vanxhaber.com\/index.php\/2024\/04\/25\/van-baliginin-zorlu-gocu-basladi\/","og_site_name":"Van Haber | Van X Haber | Van Haberleri","article_published_time":"2024-04-25T11:03:17+00:00","article_modified_time":"2024-04-25T11:03:18+00:00","og_image":[{"width":641,"height":380,"url":"https:\/\/vanxhaber.com\/wp-content\/uploads\/2024\/04\/va-baligi-gocu-basladi.jpg","type":"image\/jpeg"}],"author":"Van X Haber","twitter_card":"summary_large_image","twitter_misc":{"Yazan:":"Van X Haber","Tahmini okuma s\u00fcresi":"3 dakika"},"schema":{"@context":"https:\/\/schema.org","@graph":[{"@type":"Article","@id":"https:\/\/vanxhaber.com\/index.php\/2024\/04\/25\/van-baliginin-zorlu-gocu-basladi\/#article","isPartOf":{"@id":"https:\/\/vanxhaber.com\/index.php\/2024\/04\/25\/van-baliginin-zorlu-gocu-basladi\/"},"author":{"name":"Van X Haber","@id":"https:\/\/vanxhaber.com\/#\/schema\/person\/a5fd8d89510cb5370e62ad176f7978ee"},"headline":"Van Bal\u0131\u011f\u0131&#8217;n\u0131n zorlu g\u00f6\u00e7\u00fc ba\u015flad\u0131","datePublished":"2024-04-25T11:03:17+00:00","dateModified":"2024-04-25T11:03:18+00:00","mainEntityOfPage":{"@id":"https:\/\/vanxhaber.com\/index.php\/2024\/04\/25\/van-baliginin-zorlu-gocu-basladi\/"},"wordCount":647,"commentCount":0,"image":{"@id":"https:\/\/vanxhaber.com\/index.php\/2024\/04\/25\/van-baliginin-zorlu-gocu-basladi\/#primaryimage"},"thumbnailUrl":"https:\/\/vanxhaber.com\/wp-content\/uploads\/2024\/04\/va-baligi-gocu-basladi.jpg","articleSection":["Van Haberleri","Van X Haber"],"inLanguage":"tr","potentialAction":[{"@type":"CommentAction","name":"Comment","target":["https:\/\/vanxhaber.com\/index.php\/2024\/04\/25\/van-baliginin-zorlu-gocu-basladi\/#respond"]}],"copyrightYear":"2024","copyrightHolder":{"@id":"https:\/\/vanxhaber.com\/#organization"}},{"@type":"WebPage","@id":"https:\/\/vanxhaber.com\/index.php\/2024\/04\/25\/van-baliginin-zorlu-gocu-basladi\/","url":"https:\/\/vanxhaber.com\/index.php\/2024\/04\/25\/van-baliginin-zorlu-gocu-basladi\/","name":"Van Bal\u0131\u011f\u0131'n\u0131n zorlu g\u00f6\u00e7\u00fc ba\u015flad\u0131 - Van Haber | Van X Haber | Van Haberleri","isPartOf":{"@id":"https:\/\/vanxhaber.com\/#website"},"primaryImageOfPage":{"@id":"https:\/\/vanxhaber.com\/index.php\/2024\/04\/25\/van-baliginin-zorlu-gocu-basladi\/#primaryimage"},"image":{"@id":"https:\/\/vanxhaber.com\/index.php\/2024\/04\/25\/van-baliginin-zorlu-gocu-basladi\/#primaryimage"},"thumbnailUrl":"https:\/\/vanxhaber.com\/wp-content\/uploads\/2024\/04\/va-baligi-gocu-basladi.jpg","datePublished":"2024-04-25T11:03:17+00:00","dateModified":"2024-04-25T11:03:18+00:00","author":{"@id":"https:\/\/vanxhaber.com\/#\/schema\/person\/a5fd8d89510cb5370e62ad176f7978ee"},"breadcrumb":{"@id":"https:\/\/vanxhaber.com\/index.php\/2024\/04\/25\/van-baliginin-zorlu-gocu-basladi\/#breadcrumb"},"inLanguage":"tr","potentialAction":[{"@type":"ReadAction","target":["https:\/\/vanxhaber.com\/index.php\/2024\/04\/25\/van-baliginin-zorlu-gocu-basladi\/"]}]},{"@type":"ImageObject","inLanguage":"tr","@id":"https:\/\/vanxhaber.com\/index.php\/2024\/04\/25\/van-baliginin-zorlu-gocu-basladi\/#primaryimage","url":"https:\/\/vanxhaber.com\/wp-content\/uploads\/2024\/04\/va-baligi-gocu-basladi.jpg","contentUrl":"https:\/\/vanxhaber.com\/wp-content\/uploads\/2024\/04\/va-baligi-gocu-basladi.jpg","width":641,"height":380},{"@type":"BreadcrumbList","@id":"https:\/\/vanxhaber.com\/index.php\/2024\/04\/25\/van-baliginin-zorlu-gocu-basladi\/#breadcrumb","itemListElement":[{"@type":"ListItem","position":1,"name":"Anasayfa","item":"https:\/\/vanxhaber.com\/"},{"@type":"ListItem","position":2,"name":"Van Bal\u0131\u011f\u0131&#8217;n\u0131n zorlu g\u00f6\u00e7\u00fc ba\u015flad\u0131"}]},{"@type":"WebSite","@id":"https:\/\/vanxhaber.com\/#website","url":"https:\/\/vanxhaber.com\/","name":"Van Haber | Van X Haber | Van Haberleri","description":"Van Haber, Van&#039;\u0131n ilk yapay zeka teknolojileri ile yaz\u0131lan Van X Haber ve Van Haberlerini aktif g\u00fcncel sunan tek vanhaber merkezidir.","potentialAction":[{"@type":"SearchAction","target":{"@type":"EntryPoint","urlTemplate":"https:\/\/vanxhaber.com\/?s={search_term_string}"},"query-input":{"@type":"PropertyValueSpecification","valueRequired":true,"valueName":"search_term_string"}}],"inLanguage":"tr"},{"@type":"Person","@id":"https:\/\/vanxhaber.com\/#\/schema\/person\/a5fd8d89510cb5370e62ad176f7978ee","name":"Van X Haber","image":{"@type":"ImageObject","inLanguage":"tr","@id":"https:\/\/vanxhaber.com\/#\/schema\/person\/image\/","url":"https:\/\/secure.gravatar.com\/avatar\/36f2f63826681263103acb5ca1e7bc1a6db11baea9b75dd091d89b74f2704b07?s=96&d=mm&r=g","contentUrl":"https:\/\/secure.gravatar.com\/avatar\/36f2f63826681263103acb5ca1e7bc1a6db11baea9b75dd091d89b74f2704b07?s=96&d=mm&r=g","caption":"Van X Haber"},"description":"Van X Haber Van'\u0131n ilk ve tek yeni nesil Van Haber merkezi. Son Dakika Van Haberleri ve G\u00fcncel Van haber merkezinde s\u0131cak geli\u015fmeleri aktarmaya devam edece\u011fiz.","url":"https:\/\/vanxhaber.com\/index.php\/author\/vangazetesi\/"}]}},"_links":{"self":[{"href":"https:\/\/vanxhaber.com\/index.php\/wp-json\/wp\/v2\/posts\/1956","targetHints":{"allow":["GET"]}}],"collection":[{"href":"https:\/\/vanxhaber.com\/index.php\/wp-json\/wp\/v2\/posts"}],"about":[{"href":"https:\/\/vanxhaber.com\/index.php\/wp-json\/wp\/v2\/types\/post"}],"author":[{"embeddable":true,"href":"https:\/\/vanxhaber.com\/index.php\/wp-json\/wp\/v2\/users\/2"}],"replies":[{"embeddable":true,"href":"https:\/\/vanxhaber.com\/index.php\/wp-json\/wp\/v2\/comments?post=1956"}],"version-history":[{"count":1,"href":"https:\/\/vanxhaber.com\/index.php\/wp-json\/wp\/v2\/posts\/1956\/revisions"}],"predecessor-version":[{"id":1959,"href":"https:\/\/vanxhaber.com\/index.php\/wp-json\/wp\/v2\/posts\/1956\/revisions\/1959"}],"wp:featuredmedia":[{"embeddable":true,"href":"https:\/\/vanxhaber.com\/index.php\/wp-json\/wp\/v2\/media\/1958"}],"wp:attachment":[{"href":"https:\/\/vanxhaber.com\/index.php\/wp-json\/wp\/v2\/media?parent=1956"}],"wp:term":[{"taxonomy":"category","embeddable":true,"href":"https:\/\/vanxhaber.com\/index.php\/wp-json\/wp\/v2\/categories?post=1956"},{"taxonomy":"post_tag","embeddable":true,"href":"https:\/\/vanxhaber.com\/index.php\/wp-json\/wp\/v2\/tags?post=1956"}],"curies":[{"name":"wp","href":"https:\/\/api.w.org\/{rel}","templated":true}]}}