{"id":1960,"date":"2024-04-25T11:09:00","date_gmt":"2024-04-25T11:09:00","guid":{"rendered":"https:\/\/vanxhaber.com\/?p=1960"},"modified":"2024-04-25T11:09:02","modified_gmt":"2024-04-25T11:09:02","slug":"egitimde-yeni-mufredat-yarin-aciklaniyor","status":"publish","type":"post","link":"https:\/\/vanxhaber.com\/index.php\/2024\/04\/25\/egitimde-yeni-mufredat-yarin-aciklaniyor\/","title":{"rendered":"E\u011fitimde yeni m\u00fcfredat yar\u0131n a\u00e7\u0131klan\u0131yor"},"content":{"rendered":"\n<p>2024-2025 e\u011fitim-\u00f6\u011fretim y\u0131l\u0131ndan itibaren ge\u00e7erli olacak yeni m\u00fcfredatla ilgili ayr\u0131nt\u0131lar\u0131n yar\u0131n a\u00e7\u0131klanaca\u011f\u0131n\u0131 belirten Bakan Yusuf Tekin, kademeli \u015fekilde uygulanaca\u011f\u0131n\u0131 vurgulad\u0131.<\/p>\n\n\n\n<p>Bir s\u00fcredir \u00fczerinde \u00e7al\u0131\u015f\u0131lan yeni m\u00fcfredatta beklenen g\u00fcn geldi.<\/p>\n\n\n\n<p>Milli E\u011fitim Bakan\u0131 Yusuf Tekin, milyonlarca \u00f6\u011frenciyi ve e\u011fitimciyi ilgilendiren konuya ili\u015fkin a\u00e7\u0131klamada bulundu.<\/p>\n\n\n\n<p>Bakan Tekin, \u00e7al\u0131\u015fmay\u0131 yar\u0131n \u00f6\u011fleden sonra kamuoyuyla payla\u015facaklar\u0131n\u0131 a\u00e7\u0131klad\u0131. Tekin, resmi sayfadan g\u00f6r\u00fc\u015f ve \u00f6nerilerin yap\u0131labilece\u011fini de ekledi.<\/p>\n\n\n\n<p>&#8220;Belli takvimler i\u00e7erisinde revize edilmeli&#8221;<\/p>\n\n\n\n<p>Karar\u0131n al\u0131nmas\u0131nda temel etken ise m\u00fcfredat\u0131n \u00e7ok a\u011f\u0131r oldu\u011fu ve derslerde sadele\u015ftirmeye gidilmesi.<\/p>\n\n\n\n<p>Tekin, &#8220;T\u00fcrkiye Y\u00fczy\u0131l\u0131 Maarif Modeli&#8221; ad\u0131n\u0131 ta\u015f\u0131yan yeni m\u00fcfredat \u00e7al\u0131\u015fmalar\u0131n\u0131n ana oda\u011f\u0131na ili\u015fkin soru \u00fczerine, m\u00fcfredatlar\u0131n belli takvimler i\u00e7erisinde revize edilmesinin gereklili\u011fine i\u015faret etti.<\/p>\n\n\n\n<p>&#8220;Yap\u0131lmazsa \u00e7ocuklar\u0131m\u0131z\u0131n e\u011fitimi konusunda geri kalm\u0131\u015f olursunuz&#8221;<\/p>\n\n\n\n<p>D\u00fcnyadaki ve \u00fclkedeki geli\u015fmelerin, bilgi edinme kaynaklar\u0131 \u00fczerinde ya\u015fanan kolayl\u0131klar\u0131n, b\u00fct\u00fcn d\u00fcnyada m\u00fcfredat\u0131n t\u00fcm bu s\u00fcre\u00e7lere uygun bi\u00e7imde yeniden ele al\u0131nmas\u0131n\u0131 gerekli k\u0131ld\u0131\u011f\u0131na vurgu yapan Tekin, &#8220;Bunu yapmad\u0131\u011f\u0131n\u0131z takdirde hem d\u00fcnya skalas\u0131nda mesafe katedememi\u015f hem de \u00fclkedeki \u00e7ocuklar\u0131m\u0131z\u0131n e\u011fitimi konusunda geri kalm\u0131\u015f olursunuz.&#8221; de\u011ferlendirmesinde bulundu.<\/p>\n\n\n\n<p>&#8220;Birinci felsefemiz \u00e7ocuklar\u0131m\u0131z\u0131n kendi hayallerini geli\u015ftirebilmeleri&#8221;<\/p>\n\n\n\n<p>Bakan Tekin, m\u00fcfredat \u00e7al\u0131\u015fmalar\u0131n\u0131n ana eksenine ili\u015fkin de\u011ferlendirmesinde \u015fu ifadeleri kulland\u0131:<\/p>\n\n\n\n<p>&#8220;\u00c7ocuklar\u0131m\u0131z\u0131n ileriye daha g\u00fcvenle bakabilecekleri, kendilerini daha iyi geli\u015ftirebilecekleri ve elde ettikleri bilgileri, hayallerini geli\u015ftirecek, hayata ge\u00e7irebilecekleri bir ortam olu\u015fturabilmek. Buradan hareketle birinci felsefemiz, e\u011fitim sistemimizin felsefesini bilgiye eri\u015fmekten ziyade, beceri kazand\u0131rarak eri\u015ftikleri bilgiyi analiz edebilecek ve bu hayallerinin geli\u015fmesine katk\u0131da bulunacak hale getirmek. Dolay\u0131s\u0131yla m\u00fcfredat \u00e7al\u0131\u015fmalar\u0131n\u0131n ana ekseni bu. Yani \u00f6z\u00fcne, de\u011ferlerine ba\u011fl\u0131 ama d\u00fcnyadaki \u00f6rnekleriyle rekabet edebilen \u00e7ocuklar\u0131m\u0131z\u0131n kendi hayallerini geli\u015ftirebileceklerini istiyoruz. \u00d6n\u00fcm\u00fczdeki y\u00fczy\u0131l\u0131, &#8216;T\u00fcrkiye Y\u00fczy\u0131l\u0131&#8217; haline d\u00f6n\u00fc\u015ft\u00fcrmek i\u00e7in \u00e7ocuklardan hayal kurabilmelerini arzu ediyoruz. M\u00fcfredat\u0131m\u0131z dolay\u0131s\u0131yla bu iki eksene oturuyor.&#8221;<\/p>\n\n\n\n<p>&#8220;\u00d6zg\u00fcn bir model \u00fcretmeye \u00e7aba sarf ettik&#8221;<\/p>\n\n\n\n<p>Bakan Tekin, yeni m\u00fcfredat\u0131n ismini bu sebeplerle &#8220;T\u00fcrkiye Y\u00fczy\u0131l\u0131 Maarif Modeli&#8221; olarak tan\u0131mlad\u0131klar\u0131n\u0131 belirterek, &#8220;Evrensel, uluslararas\u0131 modellerden yararlanarak kendi de\u011ferlerimizi de sistemin i\u00e7erisine yerle\u015ftirerek \u00f6zg\u00fcn bir model \u00fcretmeye \u00e7aba sarf ettik.&#8221; dedi.<\/p>\n\n\n\n<p>&#8220;M\u00fcfredat \u00e7al\u0131\u015fmalar\u0131, son 1 y\u0131l\u0131n de\u011fil 10 y\u0131ll\u0131k \u00e7al\u0131\u015fman\u0131n \u00fcr\u00fcn\u00fc&#8221;<\/p>\n\n\n\n<p>M\u00fcfredat haz\u0131rl\u0131k a\u015famalar\u0131n\u0131n sorulmas\u0131 \u00fczerine Bakan Tekin, bu konudaki \u00e7al\u0131\u015fmalar\u0131n ba\u015flang\u0131\u00e7 noktas\u0131n\u0131n uzun y\u0131llar \u00f6ncesine dayand\u0131\u011f\u0131n\u0131, 2017 m\u00fcfredat de\u011fi\u015fikli\u011finin de bunun bir ilk ad\u0131m\u0131 oldu\u011funu anlatt\u0131.<\/p>\n\n\n\n<p>&#8220;Dolay\u0131s\u0131yla 2013&#8217;ten itibaren ba\u015flay\u0131p, bug\u00fcn geldi\u011fimiz noktada ula\u015ft\u0131\u011f\u0131m\u0131z metinlere bizi ula\u015ft\u0131ran \u00e7ok kapsaml\u0131 bir \u00e7al\u0131\u015fma takvimi var.&#8221; diyen Tekin, bu s\u00fcre\u00e7te \u00e7ok uzun g\u00f6r\u00fc\u015f al\u0131\u015fveri\u015flerinin ve kamuoyundaki yans\u0131malar \u00fczerinden analizlerin yap\u0131ld\u0131\u011f\u0131n\u0131, toplant\u0131lar d\u00fczenlendi\u011fini aktard\u0131.<\/p>\n","protected":false},"excerpt":{"rendered":"<p>2024-2025 e\u011fitim-\u00f6\u011fretim y\u0131l\u0131ndan itibaren ge\u00e7erli olacak yeni m\u00fcfredatla ilgili ayr\u0131nt\u0131lar\u0131n yar\u0131n a\u00e7\u0131klanaca\u011f\u0131n\u0131 belirten Bakan Yusuf Tekin, kademeli \u015fekilde uygulanaca\u011f\u0131n\u0131 vurgulad\u0131. Bir s\u00fcredir \u00fczerinde \u00e7al\u0131\u015f\u0131lan yeni m\u00fcfredatta beklenen g\u00fcn geldi. Milli E\u011fitim Bakan\u0131 Yusuf Tekin, milyonlarca \u00f6\u011frenciyi ve e\u011fitimciyi ilgilendiren konuya ili\u015fkin a\u00e7\u0131klamada bulundu. Bakan Tekin, \u00e7al\u0131\u015fmay\u0131 yar\u0131n \u00f6\u011fleden sonra kamuoyuyla payla\u015facaklar\u0131n\u0131 a\u00e7\u0131klad\u0131. Tekin, resmi sayfadan &hellip;<\/p>\n","protected":false},"author":2,"featured_media":1962,"comment_status":"open","ping_status":"closed","sticky":false,"template":"","format":"standard","meta":{"googlesitekit_rrm_CAowot3VCw:productID":"","footnotes":""},"categories":[28,24],"tags":[],"class_list":["post-1960","post","type-post","status-publish","format-standard","has-post-thumbnail","hentry","category-van-egitim","category-van-haberleri"],"yoast_head":"<!-- This site is optimized with the Yoast SEO Premium plugin v21.7 (Yoast SEO v26.7) - https:\/\/yoast.com\/wordpress\/plugins\/seo\/ -->\n<title>E\u011fitimde yeni m\u00fcfredat yar\u0131n a\u00e7\u0131klan\u0131yor - Van Haber | Van X Haber | Van Haberleri<\/title>\n<meta name=\"robots\" content=\"index, follow, max-snippet:-1, max-image-preview:large, max-video-preview:-1\" \/>\n<link rel=\"canonical\" href=\"https:\/\/vanxhaber.com\/index.php\/2024\/04\/25\/egitimde-yeni-mufredat-yarin-aciklaniyor\/\" \/>\n<meta property=\"og:locale\" content=\"tr_TR\" \/>\n<meta property=\"og:type\" content=\"article\" \/>\n<meta property=\"og:title\" content=\"E\u011fitimde yeni m\u00fcfredat yar\u0131n a\u00e7\u0131klan\u0131yor\" \/>\n<meta property=\"og:description\" content=\"2024-2025 e\u011fitim-\u00f6\u011fretim y\u0131l\u0131ndan itibaren ge\u00e7erli olacak yeni m\u00fcfredatla ilgili ayr\u0131nt\u0131lar\u0131n yar\u0131n a\u00e7\u0131klanaca\u011f\u0131n\u0131 belirten Bakan Yusuf Tekin, kademeli \u015fekilde uygulanaca\u011f\u0131n\u0131 vurgulad\u0131. Bir s\u00fcredir \u00fczerinde \u00e7al\u0131\u015f\u0131lan yeni m\u00fcfredatta beklenen g\u00fcn geldi. Milli E\u011fitim Bakan\u0131 Yusuf Tekin, milyonlarca \u00f6\u011frenciyi ve e\u011fitimciyi ilgilendiren konuya ili\u015fkin a\u00e7\u0131klamada bulundu. Bakan Tekin, \u00e7al\u0131\u015fmay\u0131 yar\u0131n \u00f6\u011fleden sonra kamuoyuyla payla\u015facaklar\u0131n\u0131 a\u00e7\u0131klad\u0131. Tekin, resmi sayfadan &hellip;\" \/>\n<meta property=\"og:url\" content=\"https:\/\/vanxhaber.com\/index.php\/2024\/04\/25\/egitimde-yeni-mufredat-yarin-aciklaniyor\/\" \/>\n<meta property=\"og:site_name\" content=\"Van Haber | Van X Haber | Van Haberleri\" \/>\n<meta property=\"article:published_time\" content=\"2024-04-25T11:09:00+00:00\" \/>\n<meta property=\"article:modified_time\" content=\"2024-04-25T11:09:02+00:00\" \/>\n<meta property=\"og:image\" content=\"https:\/\/vanxhaber.com\/wp-content\/uploads\/2024\/04\/egitimde-yeni-mufredat.jpg\" \/>\n\t<meta property=\"og:image:width\" content=\"641\" \/>\n\t<meta property=\"og:image:height\" content=\"380\" \/>\n\t<meta property=\"og:image:type\" content=\"image\/jpeg\" \/>\n<meta name=\"author\" content=\"Van X Haber\" \/>\n<meta name=\"twitter:card\" content=\"summary_large_image\" \/>\n<meta name=\"twitter:label1\" content=\"Yazan:\" \/>\n\t<meta name=\"twitter:data1\" content=\"Van X Haber\" \/>\n\t<meta name=\"twitter:label2\" content=\"Tahmini okuma s\u00fcresi\" \/>\n\t<meta name=\"twitter:data2\" content=\"3 dakika\" \/>\n<script type=\"application\/ld+json\" class=\"yoast-schema-graph\">{\"@context\":\"https:\/\/schema.org\",\"@graph\":[{\"@type\":\"Article\",\"@id\":\"https:\/\/vanxhaber.com\/index.php\/2024\/04\/25\/egitimde-yeni-mufredat-yarin-aciklaniyor\/#article\",\"isPartOf\":{\"@id\":\"https:\/\/vanxhaber.com\/index.php\/2024\/04\/25\/egitimde-yeni-mufredat-yarin-aciklaniyor\/\"},\"author\":{\"name\":\"Van X Haber\",\"@id\":\"https:\/\/vanxhaber.com\/#\/schema\/person\/a5fd8d89510cb5370e62ad176f7978ee\"},\"headline\":\"E\u011fitimde yeni m\u00fcfredat yar\u0131n a\u00e7\u0131klan\u0131yor\",\"datePublished\":\"2024-04-25T11:09:00+00:00\",\"dateModified\":\"2024-04-25T11:09:02+00:00\",\"mainEntityOfPage\":{\"@id\":\"https:\/\/vanxhaber.com\/index.php\/2024\/04\/25\/egitimde-yeni-mufredat-yarin-aciklaniyor\/\"},\"wordCount\":575,\"commentCount\":0,\"image\":{\"@id\":\"https:\/\/vanxhaber.com\/index.php\/2024\/04\/25\/egitimde-yeni-mufredat-yarin-aciklaniyor\/#primaryimage\"},\"thumbnailUrl\":\"https:\/\/vanxhaber.com\/wp-content\/uploads\/2024\/04\/egitimde-yeni-mufredat.jpg\",\"articleSection\":[\"Van E\u011fitim\",\"Van Haberleri\"],\"inLanguage\":\"tr\",\"potentialAction\":[{\"@type\":\"CommentAction\",\"name\":\"Comment\",\"target\":[\"https:\/\/vanxhaber.com\/index.php\/2024\/04\/25\/egitimde-yeni-mufredat-yarin-aciklaniyor\/#respond\"]}],\"copyrightYear\":\"2024\",\"copyrightHolder\":{\"@id\":\"https:\/\/vanxhaber.com\/#organization\"}},{\"@type\":\"WebPage\",\"@id\":\"https:\/\/vanxhaber.com\/index.php\/2024\/04\/25\/egitimde-yeni-mufredat-yarin-aciklaniyor\/\",\"url\":\"https:\/\/vanxhaber.com\/index.php\/2024\/04\/25\/egitimde-yeni-mufredat-yarin-aciklaniyor\/\",\"name\":\"E\u011fitimde yeni m\u00fcfredat yar\u0131n a\u00e7\u0131klan\u0131yor - Van Haber | Van X Haber | Van Haberleri\",\"isPartOf\":{\"@id\":\"https:\/\/vanxhaber.com\/#website\"},\"primaryImageOfPage\":{\"@id\":\"https:\/\/vanxhaber.com\/index.php\/2024\/04\/25\/egitimde-yeni-mufredat-yarin-aciklaniyor\/#primaryimage\"},\"image\":{\"@id\":\"https:\/\/vanxhaber.com\/index.php\/2024\/04\/25\/egitimde-yeni-mufredat-yarin-aciklaniyor\/#primaryimage\"},\"thumbnailUrl\":\"https:\/\/vanxhaber.com\/wp-content\/uploads\/2024\/04\/egitimde-yeni-mufredat.jpg\",\"datePublished\":\"2024-04-25T11:09:00+00:00\",\"dateModified\":\"2024-04-25T11:09:02+00:00\",\"author\":{\"@id\":\"https:\/\/vanxhaber.com\/#\/schema\/person\/a5fd8d89510cb5370e62ad176f7978ee\"},\"breadcrumb\":{\"@id\":\"https:\/\/vanxhaber.com\/index.php\/2024\/04\/25\/egitimde-yeni-mufredat-yarin-aciklaniyor\/#breadcrumb\"},\"inLanguage\":\"tr\",\"potentialAction\":[{\"@type\":\"ReadAction\",\"target\":[\"https:\/\/vanxhaber.com\/index.php\/2024\/04\/25\/egitimde-yeni-mufredat-yarin-aciklaniyor\/\"]}]},{\"@type\":\"ImageObject\",\"inLanguage\":\"tr\",\"@id\":\"https:\/\/vanxhaber.com\/index.php\/2024\/04\/25\/egitimde-yeni-mufredat-yarin-aciklaniyor\/#primaryimage\",\"url\":\"https:\/\/vanxhaber.com\/wp-content\/uploads\/2024\/04\/egitimde-yeni-mufredat.jpg\",\"contentUrl\":\"https:\/\/vanxhaber.com\/wp-content\/uploads\/2024\/04\/egitimde-yeni-mufredat.jpg\",\"width\":641,\"height\":380},{\"@type\":\"BreadcrumbList\",\"@id\":\"https:\/\/vanxhaber.com\/index.php\/2024\/04\/25\/egitimde-yeni-mufredat-yarin-aciklaniyor\/#breadcrumb\",\"itemListElement\":[{\"@type\":\"ListItem\",\"position\":1,\"name\":\"Anasayfa\",\"item\":\"https:\/\/vanxhaber.com\/\"},{\"@type\":\"ListItem\",\"position\":2,\"name\":\"E\u011fitimde yeni m\u00fcfredat yar\u0131n a\u00e7\u0131klan\u0131yor\"}]},{\"@type\":\"WebSite\",\"@id\":\"https:\/\/vanxhaber.com\/#website\",\"url\":\"https:\/\/vanxhaber.com\/\",\"name\":\"Van Haber | Van X Haber | Van Haberleri\",\"description\":\"Van Haber, Van&#039;\u0131n ilk yapay zeka teknolojileri ile yaz\u0131lan Van X Haber ve Van Haberlerini aktif g\u00fcncel sunan tek vanhaber merkezidir.\",\"potentialAction\":[{\"@type\":\"SearchAction\",\"target\":{\"@type\":\"EntryPoint\",\"urlTemplate\":\"https:\/\/vanxhaber.com\/?s={search_term_string}\"},\"query-input\":{\"@type\":\"PropertyValueSpecification\",\"valueRequired\":true,\"valueName\":\"search_term_string\"}}],\"inLanguage\":\"tr\"},{\"@type\":\"Person\",\"@id\":\"https:\/\/vanxhaber.com\/#\/schema\/person\/a5fd8d89510cb5370e62ad176f7978ee\",\"name\":\"Van X Haber\",\"image\":{\"@type\":\"ImageObject\",\"inLanguage\":\"tr\",\"@id\":\"https:\/\/vanxhaber.com\/#\/schema\/person\/image\/\",\"url\":\"https:\/\/secure.gravatar.com\/avatar\/36f2f63826681263103acb5ca1e7bc1a6db11baea9b75dd091d89b74f2704b07?s=96&d=mm&r=g\",\"contentUrl\":\"https:\/\/secure.gravatar.com\/avatar\/36f2f63826681263103acb5ca1e7bc1a6db11baea9b75dd091d89b74f2704b07?s=96&d=mm&r=g\",\"caption\":\"Van X Haber\"},\"description\":\"Van X Haber Van'\u0131n ilk ve tek yeni nesil Van Haber merkezi. Son Dakika Van Haberleri ve G\u00fcncel Van haber merkezinde s\u0131cak geli\u015fmeleri aktarmaya devam edece\u011fiz.\",\"url\":\"https:\/\/vanxhaber.com\/index.php\/author\/vangazetesi\/\"}]}<\/script>\n<!-- \/ Yoast SEO Premium plugin. -->","yoast_head_json":{"title":"E\u011fitimde yeni m\u00fcfredat yar\u0131n a\u00e7\u0131klan\u0131yor - Van Haber | Van X Haber | Van Haberleri","robots":{"index":"index","follow":"follow","max-snippet":"max-snippet:-1","max-image-preview":"max-image-preview:large","max-video-preview":"max-video-preview:-1"},"canonical":"https:\/\/vanxhaber.com\/index.php\/2024\/04\/25\/egitimde-yeni-mufredat-yarin-aciklaniyor\/","og_locale":"tr_TR","og_type":"article","og_title":"E\u011fitimde yeni m\u00fcfredat yar\u0131n a\u00e7\u0131klan\u0131yor","og_description":"2024-2025 e\u011fitim-\u00f6\u011fretim y\u0131l\u0131ndan itibaren ge\u00e7erli olacak yeni m\u00fcfredatla ilgili ayr\u0131nt\u0131lar\u0131n yar\u0131n a\u00e7\u0131klanaca\u011f\u0131n\u0131 belirten Bakan Yusuf Tekin, kademeli \u015fekilde uygulanaca\u011f\u0131n\u0131 vurgulad\u0131. Bir s\u00fcredir \u00fczerinde \u00e7al\u0131\u015f\u0131lan yeni m\u00fcfredatta beklenen g\u00fcn geldi. Milli E\u011fitim Bakan\u0131 Yusuf Tekin, milyonlarca \u00f6\u011frenciyi ve e\u011fitimciyi ilgilendiren konuya ili\u015fkin a\u00e7\u0131klamada bulundu. Bakan Tekin, \u00e7al\u0131\u015fmay\u0131 yar\u0131n \u00f6\u011fleden sonra kamuoyuyla payla\u015facaklar\u0131n\u0131 a\u00e7\u0131klad\u0131. Tekin, resmi sayfadan &hellip;","og_url":"https:\/\/vanxhaber.com\/index.php\/2024\/04\/25\/egitimde-yeni-mufredat-yarin-aciklaniyor\/","og_site_name":"Van Haber | Van X Haber | Van Haberleri","article_published_time":"2024-04-25T11:09:00+00:00","article_modified_time":"2024-04-25T11:09:02+00:00","og_image":[{"width":641,"height":380,"url":"https:\/\/vanxhaber.com\/wp-content\/uploads\/2024\/04\/egitimde-yeni-mufredat.jpg","type":"image\/jpeg"}],"author":"Van X Haber","twitter_card":"summary_large_image","twitter_misc":{"Yazan:":"Van X Haber","Tahmini okuma s\u00fcresi":"3 dakika"},"schema":{"@context":"https:\/\/schema.org","@graph":[{"@type":"Article","@id":"https:\/\/vanxhaber.com\/index.php\/2024\/04\/25\/egitimde-yeni-mufredat-yarin-aciklaniyor\/#article","isPartOf":{"@id":"https:\/\/vanxhaber.com\/index.php\/2024\/04\/25\/egitimde-yeni-mufredat-yarin-aciklaniyor\/"},"author":{"name":"Van X Haber","@id":"https:\/\/vanxhaber.com\/#\/schema\/person\/a5fd8d89510cb5370e62ad176f7978ee"},"headline":"E\u011fitimde yeni m\u00fcfredat yar\u0131n a\u00e7\u0131klan\u0131yor","datePublished":"2024-04-25T11:09:00+00:00","dateModified":"2024-04-25T11:09:02+00:00","mainEntityOfPage":{"@id":"https:\/\/vanxhaber.com\/index.php\/2024\/04\/25\/egitimde-yeni-mufredat-yarin-aciklaniyor\/"},"wordCount":575,"commentCount":0,"image":{"@id":"https:\/\/vanxhaber.com\/index.php\/2024\/04\/25\/egitimde-yeni-mufredat-yarin-aciklaniyor\/#primaryimage"},"thumbnailUrl":"https:\/\/vanxhaber.com\/wp-content\/uploads\/2024\/04\/egitimde-yeni-mufredat.jpg","articleSection":["Van E\u011fitim","Van Haberleri"],"inLanguage":"tr","potentialAction":[{"@type":"CommentAction","name":"Comment","target":["https:\/\/vanxhaber.com\/index.php\/2024\/04\/25\/egitimde-yeni-mufredat-yarin-aciklaniyor\/#respond"]}],"copyrightYear":"2024","copyrightHolder":{"@id":"https:\/\/vanxhaber.com\/#organization"}},{"@type":"WebPage","@id":"https:\/\/vanxhaber.com\/index.php\/2024\/04\/25\/egitimde-yeni-mufredat-yarin-aciklaniyor\/","url":"https:\/\/vanxhaber.com\/index.php\/2024\/04\/25\/egitimde-yeni-mufredat-yarin-aciklaniyor\/","name":"E\u011fitimde yeni m\u00fcfredat yar\u0131n a\u00e7\u0131klan\u0131yor - Van Haber | Van X Haber | Van Haberleri","isPartOf":{"@id":"https:\/\/vanxhaber.com\/#website"},"primaryImageOfPage":{"@id":"https:\/\/vanxhaber.com\/index.php\/2024\/04\/25\/egitimde-yeni-mufredat-yarin-aciklaniyor\/#primaryimage"},"image":{"@id":"https:\/\/vanxhaber.com\/index.php\/2024\/04\/25\/egitimde-yeni-mufredat-yarin-aciklaniyor\/#primaryimage"},"thumbnailUrl":"https:\/\/vanxhaber.com\/wp-content\/uploads\/2024\/04\/egitimde-yeni-mufredat.jpg","datePublished":"2024-04-25T11:09:00+00:00","dateModified":"2024-04-25T11:09:02+00:00","author":{"@id":"https:\/\/vanxhaber.com\/#\/schema\/person\/a5fd8d89510cb5370e62ad176f7978ee"},"breadcrumb":{"@id":"https:\/\/vanxhaber.com\/index.php\/2024\/04\/25\/egitimde-yeni-mufredat-yarin-aciklaniyor\/#breadcrumb"},"inLanguage":"tr","potentialAction":[{"@type":"ReadAction","target":["https:\/\/vanxhaber.com\/index.php\/2024\/04\/25\/egitimde-yeni-mufredat-yarin-aciklaniyor\/"]}]},{"@type":"ImageObject","inLanguage":"tr","@id":"https:\/\/vanxhaber.com\/index.php\/2024\/04\/25\/egitimde-yeni-mufredat-yarin-aciklaniyor\/#primaryimage","url":"https:\/\/vanxhaber.com\/wp-content\/uploads\/2024\/04\/egitimde-yeni-mufredat.jpg","contentUrl":"https:\/\/vanxhaber.com\/wp-content\/uploads\/2024\/04\/egitimde-yeni-mufredat.jpg","width":641,"height":380},{"@type":"BreadcrumbList","@id":"https:\/\/vanxhaber.com\/index.php\/2024\/04\/25\/egitimde-yeni-mufredat-yarin-aciklaniyor\/#breadcrumb","itemListElement":[{"@type":"ListItem","position":1,"name":"Anasayfa","item":"https:\/\/vanxhaber.com\/"},{"@type":"ListItem","position":2,"name":"E\u011fitimde yeni m\u00fcfredat yar\u0131n a\u00e7\u0131klan\u0131yor"}]},{"@type":"WebSite","@id":"https:\/\/vanxhaber.com\/#website","url":"https:\/\/vanxhaber.com\/","name":"Van Haber | Van X Haber | Van Haberleri","description":"Van Haber, Van&#039;\u0131n ilk yapay zeka teknolojileri ile yaz\u0131lan Van X Haber ve Van Haberlerini aktif g\u00fcncel sunan tek vanhaber merkezidir.","potentialAction":[{"@type":"SearchAction","target":{"@type":"EntryPoint","urlTemplate":"https:\/\/vanxhaber.com\/?s={search_term_string}"},"query-input":{"@type":"PropertyValueSpecification","valueRequired":true,"valueName":"search_term_string"}}],"inLanguage":"tr"},{"@type":"Person","@id":"https:\/\/vanxhaber.com\/#\/schema\/person\/a5fd8d89510cb5370e62ad176f7978ee","name":"Van X Haber","image":{"@type":"ImageObject","inLanguage":"tr","@id":"https:\/\/vanxhaber.com\/#\/schema\/person\/image\/","url":"https:\/\/secure.gravatar.com\/avatar\/36f2f63826681263103acb5ca1e7bc1a6db11baea9b75dd091d89b74f2704b07?s=96&d=mm&r=g","contentUrl":"https:\/\/secure.gravatar.com\/avatar\/36f2f63826681263103acb5ca1e7bc1a6db11baea9b75dd091d89b74f2704b07?s=96&d=mm&r=g","caption":"Van X Haber"},"description":"Van X Haber Van'\u0131n ilk ve tek yeni nesil Van Haber merkezi. Son Dakika Van Haberleri ve G\u00fcncel Van haber merkezinde s\u0131cak geli\u015fmeleri aktarmaya devam edece\u011fiz.","url":"https:\/\/vanxhaber.com\/index.php\/author\/vangazetesi\/"}]}},"_links":{"self":[{"href":"https:\/\/vanxhaber.com\/index.php\/wp-json\/wp\/v2\/posts\/1960","targetHints":{"allow":["GET"]}}],"collection":[{"href":"https:\/\/vanxhaber.com\/index.php\/wp-json\/wp\/v2\/posts"}],"about":[{"href":"https:\/\/vanxhaber.com\/index.php\/wp-json\/wp\/v2\/types\/post"}],"author":[{"embeddable":true,"href":"https:\/\/vanxhaber.com\/index.php\/wp-json\/wp\/v2\/users\/2"}],"replies":[{"embeddable":true,"href":"https:\/\/vanxhaber.com\/index.php\/wp-json\/wp\/v2\/comments?post=1960"}],"version-history":[{"count":1,"href":"https:\/\/vanxhaber.com\/index.php\/wp-json\/wp\/v2\/posts\/1960\/revisions"}],"predecessor-version":[{"id":1963,"href":"https:\/\/vanxhaber.com\/index.php\/wp-json\/wp\/v2\/posts\/1960\/revisions\/1963"}],"wp:featuredmedia":[{"embeddable":true,"href":"https:\/\/vanxhaber.com\/index.php\/wp-json\/wp\/v2\/media\/1962"}],"wp:attachment":[{"href":"https:\/\/vanxhaber.com\/index.php\/wp-json\/wp\/v2\/media?parent=1960"}],"wp:term":[{"taxonomy":"category","embeddable":true,"href":"https:\/\/vanxhaber.com\/index.php\/wp-json\/wp\/v2\/categories?post=1960"},{"taxonomy":"post_tag","embeddable":true,"href":"https:\/\/vanxhaber.com\/index.php\/wp-json\/wp\/v2\/tags?post=1960"}],"curies":[{"name":"wp","href":"https:\/\/api.w.org\/{rel}","templated":true}]}}