{"id":1988,"date":"2024-05-06T08:58:49","date_gmt":"2024-05-06T08:58:49","guid":{"rendered":"https:\/\/vanxhaber.com\/?p=1988"},"modified":"2024-05-06T08:58:51","modified_gmt":"2024-05-06T08:58:51","slug":"saganak-yagis-ve-kuvvetli-ruzgar-uyarisi","status":"publish","type":"post","link":"https:\/\/vanxhaber.com\/index.php\/2024\/05\/06\/saganak-yagis-ve-kuvvetli-ruzgar-uyarisi\/","title":{"rendered":"Sa\u011fanak Ya\u011f\u0131\u015f ve Kuvvetli R\u00fczgar uyar\u0131s\u0131"},"content":{"rendered":"\n<p><\/p>\n\n\n\n<p><strong>Meteoroloji raporuna g\u00f6re, Van ve \u00e7evresinde \u00f6n\u00fcm\u00fczdeki g\u00fcnlerde \u015fiddetli ya\u011f\u0131\u015flarla birlikte g\u00fcneyli ve bat\u0131l\u0131 y\u00f6nlere do\u011fru kuvvetli r\u00fczgarlar esmesi bekleniyor. Yetkililer, vatanda\u015flar\u0131 olas\u0131 olumsuzluklara kar\u015f\u0131 dikkatli olmalar\u0131 konusunda uyar\u0131yor.<\/strong><\/p>\n\n\n\n<p>Meteoroloji 14.B\u00f6lge M\u00fcd\u00fcrl\u00fc\u011f\u00fc, Van ve \u00e7evresindeki hava durumuyla ilgili \u00f6nemli bilgiler payla\u015ft\u0131. Yap\u0131lan a\u00e7\u0131klamaya g\u00f6re, b\u00f6lge genelinde havan\u0131n \u00e7ok bulutlu olaca\u011f\u0131 ve Mu\u015f, Bitlis, Hakkari ve Van&#8217;\u0131n g\u00fcneyinde zaman zaman kuvvetli olmak \u00fczere aral\u0131kl\u0131 sa\u011fanak ve g\u00f6k g\u00fcr\u00fclt\u00fcl\u00fc sa\u011fanak ya\u011f\u0131\u015flar\u0131n beklenildi\u011fi ifade edildi. Ayr\u0131ca, hava s\u0131cakl\u0131klar\u0131n\u0131n mevsim normallerinin alt\u0131nda seyredece\u011fi ve r\u00fczgar\u0131n g\u00fcneyli ve bat\u0131l\u0131 y\u00f6nlerden orta kuvvette, zaman zaman kuvvetli \u015fekilde esece\u011fi tahmin ediliyor.<\/p>\n\n\n\n<p>R\u00fczgar\u0131n g\u00fcneyli ve bat\u0131l\u0131 y\u00f6nlerden zaman zaman kuvvetli (40-60 km\/sa) \u015fekilde esmesi beklenirken, bu durumun olas\u0131 olumsuzluklara neden olabilece\u011fi belirtiliyor. Yetkililer ve vatanda\u015flar, bu duruma kar\u015f\u0131 dikkatli ve tedbirli olmalar\u0131 konusunda uyar\u0131ld\u0131.<\/p>\n\n\n\n<p>Hava durumu raporuna g\u00f6re, \u00f6n\u00fcm\u00fczdeki g\u00fcnlerde b\u00f6lgede ya\u015fanabilecek hava ko\u015fullar\u0131na kar\u015f\u0131 vatanda\u015flar\u0131n haz\u0131rl\u0131kl\u0131 olmalar\u0131 \u00f6nem ta\u015f\u0131yor. G\u00fcnl\u00fck aktivitelerini planlarken bu bilgileri g\u00f6z \u00f6n\u00fcnde bulundurmalar\u0131 gerekiyor.<\/p>\n","protected":false},"excerpt":{"rendered":"<p>Meteoroloji raporuna g\u00f6re, Van ve \u00e7evresinde \u00f6n\u00fcm\u00fczdeki g\u00fcnlerde \u015fiddetli ya\u011f\u0131\u015flarla birlikte g\u00fcneyli ve bat\u0131l\u0131 y\u00f6nlere do\u011fru kuvvetli r\u00fczgarlar esmesi bekleniyor. Yetkililer, vatanda\u015flar\u0131 olas\u0131 olumsuzluklara kar\u015f\u0131 dikkatli olmalar\u0131 konusunda uyar\u0131yor. Meteoroloji 14.B\u00f6lge M\u00fcd\u00fcrl\u00fc\u011f\u00fc, Van ve \u00e7evresindeki hava durumuyla ilgili \u00f6nemli bilgiler payla\u015ft\u0131. Yap\u0131lan a\u00e7\u0131klamaya g\u00f6re, b\u00f6lge genelinde havan\u0131n \u00e7ok bulutlu olaca\u011f\u0131 ve Mu\u015f, Bitlis, Hakkari ve &hellip;<\/p>\n","protected":false},"author":2,"featured_media":1990,"comment_status":"open","ping_status":"closed","sticky":false,"template":"","format":"standard","meta":{"googlesitekit_rrm_CAowot3VCw:productID":"","footnotes":""},"categories":[1,24,30],"tags":[],"class_list":["post-1988","post","type-post","status-publish","format-standard","has-post-thumbnail","hentry","category-van-haber","category-van-haberleri","category-van-x-haber"],"yoast_head":"<!-- This site is optimized with the Yoast SEO Premium plugin v21.7 (Yoast SEO v26.7) - https:\/\/yoast.com\/wordpress\/plugins\/seo\/ -->\n<title>Sa\u011fanak Ya\u011f\u0131\u015f ve Kuvvetli R\u00fczgar uyar\u0131s\u0131 - Van Haber | Van X Haber | Van Haberleri<\/title>\n<meta name=\"robots\" content=\"index, follow, max-snippet:-1, max-image-preview:large, max-video-preview:-1\" \/>\n<link rel=\"canonical\" href=\"https:\/\/vanxhaber.com\/index.php\/2024\/05\/06\/saganak-yagis-ve-kuvvetli-ruzgar-uyarisi\/\" \/>\n<meta property=\"og:locale\" content=\"tr_TR\" \/>\n<meta property=\"og:type\" content=\"article\" \/>\n<meta property=\"og:title\" content=\"Sa\u011fanak Ya\u011f\u0131\u015f ve Kuvvetli R\u00fczgar uyar\u0131s\u0131\" \/>\n<meta property=\"og:description\" content=\"Meteoroloji raporuna g\u00f6re, Van ve \u00e7evresinde \u00f6n\u00fcm\u00fczdeki g\u00fcnlerde \u015fiddetli ya\u011f\u0131\u015flarla birlikte g\u00fcneyli ve bat\u0131l\u0131 y\u00f6nlere do\u011fru kuvvetli r\u00fczgarlar esmesi bekleniyor. Yetkililer, vatanda\u015flar\u0131 olas\u0131 olumsuzluklara kar\u015f\u0131 dikkatli olmalar\u0131 konusunda uyar\u0131yor. Meteoroloji 14.B\u00f6lge M\u00fcd\u00fcrl\u00fc\u011f\u00fc, Van ve \u00e7evresindeki hava durumuyla ilgili \u00f6nemli bilgiler payla\u015ft\u0131. Yap\u0131lan a\u00e7\u0131klamaya g\u00f6re, b\u00f6lge genelinde havan\u0131n \u00e7ok bulutlu olaca\u011f\u0131 ve Mu\u015f, Bitlis, Hakkari ve &hellip;\" \/>\n<meta property=\"og:url\" content=\"https:\/\/vanxhaber.com\/index.php\/2024\/05\/06\/saganak-yagis-ve-kuvvetli-ruzgar-uyarisi\/\" \/>\n<meta property=\"og:site_name\" content=\"Van Haber | Van X Haber | Van Haberleri\" \/>\n<meta property=\"article:published_time\" content=\"2024-05-06T08:58:49+00:00\" \/>\n<meta property=\"article:modified_time\" content=\"2024-05-06T08:58:51+00:00\" \/>\n<meta property=\"og:image\" content=\"https:\/\/vanxhaber.com\/wp-content\/uploads\/2024\/05\/vanda-yagis-bekleniyor.jpg\" \/>\n\t<meta property=\"og:image:width\" content=\"641\" \/>\n\t<meta property=\"og:image:height\" content=\"380\" \/>\n\t<meta property=\"og:image:type\" content=\"image\/jpeg\" \/>\n<meta name=\"author\" content=\"Van X Haber\" \/>\n<meta name=\"twitter:card\" content=\"summary_large_image\" \/>\n<meta name=\"twitter:label1\" content=\"Yazan:\" \/>\n\t<meta name=\"twitter:data1\" content=\"Van X Haber\" \/>\n\t<meta name=\"twitter:label2\" content=\"Tahmini okuma s\u00fcresi\" \/>\n\t<meta name=\"twitter:data2\" content=\"2 dakika\" \/>\n<script type=\"application\/ld+json\" class=\"yoast-schema-graph\">{\"@context\":\"https:\/\/schema.org\",\"@graph\":[{\"@type\":\"Article\",\"@id\":\"https:\/\/vanxhaber.com\/index.php\/2024\/05\/06\/saganak-yagis-ve-kuvvetli-ruzgar-uyarisi\/#article\",\"isPartOf\":{\"@id\":\"https:\/\/vanxhaber.com\/index.php\/2024\/05\/06\/saganak-yagis-ve-kuvvetli-ruzgar-uyarisi\/\"},\"author\":{\"name\":\"Van X Haber\",\"@id\":\"https:\/\/vanxhaber.com\/#\/schema\/person\/a5fd8d89510cb5370e62ad176f7978ee\"},\"headline\":\"Sa\u011fanak Ya\u011f\u0131\u015f ve Kuvvetli R\u00fczgar uyar\u0131s\u0131\",\"datePublished\":\"2024-05-06T08:58:49+00:00\",\"dateModified\":\"2024-05-06T08:58:51+00:00\",\"mainEntityOfPage\":{\"@id\":\"https:\/\/vanxhaber.com\/index.php\/2024\/05\/06\/saganak-yagis-ve-kuvvetli-ruzgar-uyarisi\/\"},\"wordCount\":232,\"commentCount\":0,\"image\":{\"@id\":\"https:\/\/vanxhaber.com\/index.php\/2024\/05\/06\/saganak-yagis-ve-kuvvetli-ruzgar-uyarisi\/#primaryimage\"},\"thumbnailUrl\":\"https:\/\/vanxhaber.com\/wp-content\/uploads\/2024\/05\/vanda-yagis-bekleniyor.jpg\",\"articleSection\":[\"Van Haber\",\"Van Haberleri\",\"Van X Haber\"],\"inLanguage\":\"tr\",\"potentialAction\":[{\"@type\":\"CommentAction\",\"name\":\"Comment\",\"target\":[\"https:\/\/vanxhaber.com\/index.php\/2024\/05\/06\/saganak-yagis-ve-kuvvetli-ruzgar-uyarisi\/#respond\"]}],\"copyrightYear\":\"2024\",\"copyrightHolder\":{\"@id\":\"https:\/\/vanxhaber.com\/#organization\"}},{\"@type\":\"WebPage\",\"@id\":\"https:\/\/vanxhaber.com\/index.php\/2024\/05\/06\/saganak-yagis-ve-kuvvetli-ruzgar-uyarisi\/\",\"url\":\"https:\/\/vanxhaber.com\/index.php\/2024\/05\/06\/saganak-yagis-ve-kuvvetli-ruzgar-uyarisi\/\",\"name\":\"Sa\u011fanak Ya\u011f\u0131\u015f ve Kuvvetli R\u00fczgar uyar\u0131s\u0131 - Van Haber | Van X Haber | Van Haberleri\",\"isPartOf\":{\"@id\":\"https:\/\/vanxhaber.com\/#website\"},\"primaryImageOfPage\":{\"@id\":\"https:\/\/vanxhaber.com\/index.php\/2024\/05\/06\/saganak-yagis-ve-kuvvetli-ruzgar-uyarisi\/#primaryimage\"},\"image\":{\"@id\":\"https:\/\/vanxhaber.com\/index.php\/2024\/05\/06\/saganak-yagis-ve-kuvvetli-ruzgar-uyarisi\/#primaryimage\"},\"thumbnailUrl\":\"https:\/\/vanxhaber.com\/wp-content\/uploads\/2024\/05\/vanda-yagis-bekleniyor.jpg\",\"datePublished\":\"2024-05-06T08:58:49+00:00\",\"dateModified\":\"2024-05-06T08:58:51+00:00\",\"author\":{\"@id\":\"https:\/\/vanxhaber.com\/#\/schema\/person\/a5fd8d89510cb5370e62ad176f7978ee\"},\"breadcrumb\":{\"@id\":\"https:\/\/vanxhaber.com\/index.php\/2024\/05\/06\/saganak-yagis-ve-kuvvetli-ruzgar-uyarisi\/#breadcrumb\"},\"inLanguage\":\"tr\",\"potentialAction\":[{\"@type\":\"ReadAction\",\"target\":[\"https:\/\/vanxhaber.com\/index.php\/2024\/05\/06\/saganak-yagis-ve-kuvvetli-ruzgar-uyarisi\/\"]}]},{\"@type\":\"ImageObject\",\"inLanguage\":\"tr\",\"@id\":\"https:\/\/vanxhaber.com\/index.php\/2024\/05\/06\/saganak-yagis-ve-kuvvetli-ruzgar-uyarisi\/#primaryimage\",\"url\":\"https:\/\/vanxhaber.com\/wp-content\/uploads\/2024\/05\/vanda-yagis-bekleniyor.jpg\",\"contentUrl\":\"https:\/\/vanxhaber.com\/wp-content\/uploads\/2024\/05\/vanda-yagis-bekleniyor.jpg\",\"width\":641,\"height\":380},{\"@type\":\"BreadcrumbList\",\"@id\":\"https:\/\/vanxhaber.com\/index.php\/2024\/05\/06\/saganak-yagis-ve-kuvvetli-ruzgar-uyarisi\/#breadcrumb\",\"itemListElement\":[{\"@type\":\"ListItem\",\"position\":1,\"name\":\"Anasayfa\",\"item\":\"https:\/\/vanxhaber.com\/\"},{\"@type\":\"ListItem\",\"position\":2,\"name\":\"Sa\u011fanak Ya\u011f\u0131\u015f ve Kuvvetli R\u00fczgar uyar\u0131s\u0131\"}]},{\"@type\":\"WebSite\",\"@id\":\"https:\/\/vanxhaber.com\/#website\",\"url\":\"https:\/\/vanxhaber.com\/\",\"name\":\"Van Haber | Van X Haber | Van Haberleri\",\"description\":\"Van Haber, Van&#039;\u0131n ilk yapay zeka teknolojileri ile yaz\u0131lan Van X Haber ve Van Haberlerini aktif g\u00fcncel sunan tek vanhaber merkezidir.\",\"potentialAction\":[{\"@type\":\"SearchAction\",\"target\":{\"@type\":\"EntryPoint\",\"urlTemplate\":\"https:\/\/vanxhaber.com\/?s={search_term_string}\"},\"query-input\":{\"@type\":\"PropertyValueSpecification\",\"valueRequired\":true,\"valueName\":\"search_term_string\"}}],\"inLanguage\":\"tr\"},{\"@type\":\"Person\",\"@id\":\"https:\/\/vanxhaber.com\/#\/schema\/person\/a5fd8d89510cb5370e62ad176f7978ee\",\"name\":\"Van X Haber\",\"image\":{\"@type\":\"ImageObject\",\"inLanguage\":\"tr\",\"@id\":\"https:\/\/vanxhaber.com\/#\/schema\/person\/image\/\",\"url\":\"https:\/\/secure.gravatar.com\/avatar\/36f2f63826681263103acb5ca1e7bc1a6db11baea9b75dd091d89b74f2704b07?s=96&d=mm&r=g\",\"contentUrl\":\"https:\/\/secure.gravatar.com\/avatar\/36f2f63826681263103acb5ca1e7bc1a6db11baea9b75dd091d89b74f2704b07?s=96&d=mm&r=g\",\"caption\":\"Van X Haber\"},\"description\":\"Van X Haber Van'\u0131n ilk ve tek yeni nesil Van Haber merkezi. Son Dakika Van Haberleri ve G\u00fcncel Van haber merkezinde s\u0131cak geli\u015fmeleri aktarmaya devam edece\u011fiz.\",\"url\":\"https:\/\/vanxhaber.com\/index.php\/author\/vangazetesi\/\"}]}<\/script>\n<!-- \/ Yoast SEO Premium plugin. -->","yoast_head_json":{"title":"Sa\u011fanak Ya\u011f\u0131\u015f ve Kuvvetli R\u00fczgar uyar\u0131s\u0131 - Van Haber | Van X Haber | Van Haberleri","robots":{"index":"index","follow":"follow","max-snippet":"max-snippet:-1","max-image-preview":"max-image-preview:large","max-video-preview":"max-video-preview:-1"},"canonical":"https:\/\/vanxhaber.com\/index.php\/2024\/05\/06\/saganak-yagis-ve-kuvvetli-ruzgar-uyarisi\/","og_locale":"tr_TR","og_type":"article","og_title":"Sa\u011fanak Ya\u011f\u0131\u015f ve Kuvvetli R\u00fczgar uyar\u0131s\u0131","og_description":"Meteoroloji raporuna g\u00f6re, Van ve \u00e7evresinde \u00f6n\u00fcm\u00fczdeki g\u00fcnlerde \u015fiddetli ya\u011f\u0131\u015flarla birlikte g\u00fcneyli ve bat\u0131l\u0131 y\u00f6nlere do\u011fru kuvvetli r\u00fczgarlar esmesi bekleniyor. Yetkililer, vatanda\u015flar\u0131 olas\u0131 olumsuzluklara kar\u015f\u0131 dikkatli olmalar\u0131 konusunda uyar\u0131yor. Meteoroloji 14.B\u00f6lge M\u00fcd\u00fcrl\u00fc\u011f\u00fc, Van ve \u00e7evresindeki hava durumuyla ilgili \u00f6nemli bilgiler payla\u015ft\u0131. Yap\u0131lan a\u00e7\u0131klamaya g\u00f6re, b\u00f6lge genelinde havan\u0131n \u00e7ok bulutlu olaca\u011f\u0131 ve Mu\u015f, Bitlis, Hakkari ve &hellip;","og_url":"https:\/\/vanxhaber.com\/index.php\/2024\/05\/06\/saganak-yagis-ve-kuvvetli-ruzgar-uyarisi\/","og_site_name":"Van Haber | Van X Haber | Van Haberleri","article_published_time":"2024-05-06T08:58:49+00:00","article_modified_time":"2024-05-06T08:58:51+00:00","og_image":[{"width":641,"height":380,"url":"https:\/\/vanxhaber.com\/wp-content\/uploads\/2024\/05\/vanda-yagis-bekleniyor.jpg","type":"image\/jpeg"}],"author":"Van X Haber","twitter_card":"summary_large_image","twitter_misc":{"Yazan:":"Van X Haber","Tahmini okuma s\u00fcresi":"2 dakika"},"schema":{"@context":"https:\/\/schema.org","@graph":[{"@type":"Article","@id":"https:\/\/vanxhaber.com\/index.php\/2024\/05\/06\/saganak-yagis-ve-kuvvetli-ruzgar-uyarisi\/#article","isPartOf":{"@id":"https:\/\/vanxhaber.com\/index.php\/2024\/05\/06\/saganak-yagis-ve-kuvvetli-ruzgar-uyarisi\/"},"author":{"name":"Van X Haber","@id":"https:\/\/vanxhaber.com\/#\/schema\/person\/a5fd8d89510cb5370e62ad176f7978ee"},"headline":"Sa\u011fanak Ya\u011f\u0131\u015f ve Kuvvetli R\u00fczgar uyar\u0131s\u0131","datePublished":"2024-05-06T08:58:49+00:00","dateModified":"2024-05-06T08:58:51+00:00","mainEntityOfPage":{"@id":"https:\/\/vanxhaber.com\/index.php\/2024\/05\/06\/saganak-yagis-ve-kuvvetli-ruzgar-uyarisi\/"},"wordCount":232,"commentCount":0,"image":{"@id":"https:\/\/vanxhaber.com\/index.php\/2024\/05\/06\/saganak-yagis-ve-kuvvetli-ruzgar-uyarisi\/#primaryimage"},"thumbnailUrl":"https:\/\/vanxhaber.com\/wp-content\/uploads\/2024\/05\/vanda-yagis-bekleniyor.jpg","articleSection":["Van Haber","Van Haberleri","Van X Haber"],"inLanguage":"tr","potentialAction":[{"@type":"CommentAction","name":"Comment","target":["https:\/\/vanxhaber.com\/index.php\/2024\/05\/06\/saganak-yagis-ve-kuvvetli-ruzgar-uyarisi\/#respond"]}],"copyrightYear":"2024","copyrightHolder":{"@id":"https:\/\/vanxhaber.com\/#organization"}},{"@type":"WebPage","@id":"https:\/\/vanxhaber.com\/index.php\/2024\/05\/06\/saganak-yagis-ve-kuvvetli-ruzgar-uyarisi\/","url":"https:\/\/vanxhaber.com\/index.php\/2024\/05\/06\/saganak-yagis-ve-kuvvetli-ruzgar-uyarisi\/","name":"Sa\u011fanak Ya\u011f\u0131\u015f ve Kuvvetli R\u00fczgar uyar\u0131s\u0131 - Van Haber | Van X Haber | Van Haberleri","isPartOf":{"@id":"https:\/\/vanxhaber.com\/#website"},"primaryImageOfPage":{"@id":"https:\/\/vanxhaber.com\/index.php\/2024\/05\/06\/saganak-yagis-ve-kuvvetli-ruzgar-uyarisi\/#primaryimage"},"image":{"@id":"https:\/\/vanxhaber.com\/index.php\/2024\/05\/06\/saganak-yagis-ve-kuvvetli-ruzgar-uyarisi\/#primaryimage"},"thumbnailUrl":"https:\/\/vanxhaber.com\/wp-content\/uploads\/2024\/05\/vanda-yagis-bekleniyor.jpg","datePublished":"2024-05-06T08:58:49+00:00","dateModified":"2024-05-06T08:58:51+00:00","author":{"@id":"https:\/\/vanxhaber.com\/#\/schema\/person\/a5fd8d89510cb5370e62ad176f7978ee"},"breadcrumb":{"@id":"https:\/\/vanxhaber.com\/index.php\/2024\/05\/06\/saganak-yagis-ve-kuvvetli-ruzgar-uyarisi\/#breadcrumb"},"inLanguage":"tr","potentialAction":[{"@type":"ReadAction","target":["https:\/\/vanxhaber.com\/index.php\/2024\/05\/06\/saganak-yagis-ve-kuvvetli-ruzgar-uyarisi\/"]}]},{"@type":"ImageObject","inLanguage":"tr","@id":"https:\/\/vanxhaber.com\/index.php\/2024\/05\/06\/saganak-yagis-ve-kuvvetli-ruzgar-uyarisi\/#primaryimage","url":"https:\/\/vanxhaber.com\/wp-content\/uploads\/2024\/05\/vanda-yagis-bekleniyor.jpg","contentUrl":"https:\/\/vanxhaber.com\/wp-content\/uploads\/2024\/05\/vanda-yagis-bekleniyor.jpg","width":641,"height":380},{"@type":"BreadcrumbList","@id":"https:\/\/vanxhaber.com\/index.php\/2024\/05\/06\/saganak-yagis-ve-kuvvetli-ruzgar-uyarisi\/#breadcrumb","itemListElement":[{"@type":"ListItem","position":1,"name":"Anasayfa","item":"https:\/\/vanxhaber.com\/"},{"@type":"ListItem","position":2,"name":"Sa\u011fanak Ya\u011f\u0131\u015f ve Kuvvetli R\u00fczgar uyar\u0131s\u0131"}]},{"@type":"WebSite","@id":"https:\/\/vanxhaber.com\/#website","url":"https:\/\/vanxhaber.com\/","name":"Van Haber | Van X Haber | Van Haberleri","description":"Van Haber, Van&#039;\u0131n ilk yapay zeka teknolojileri ile yaz\u0131lan Van X Haber ve Van Haberlerini aktif g\u00fcncel sunan tek vanhaber merkezidir.","potentialAction":[{"@type":"SearchAction","target":{"@type":"EntryPoint","urlTemplate":"https:\/\/vanxhaber.com\/?s={search_term_string}"},"query-input":{"@type":"PropertyValueSpecification","valueRequired":true,"valueName":"search_term_string"}}],"inLanguage":"tr"},{"@type":"Person","@id":"https:\/\/vanxhaber.com\/#\/schema\/person\/a5fd8d89510cb5370e62ad176f7978ee","name":"Van X Haber","image":{"@type":"ImageObject","inLanguage":"tr","@id":"https:\/\/vanxhaber.com\/#\/schema\/person\/image\/","url":"https:\/\/secure.gravatar.com\/avatar\/36f2f63826681263103acb5ca1e7bc1a6db11baea9b75dd091d89b74f2704b07?s=96&d=mm&r=g","contentUrl":"https:\/\/secure.gravatar.com\/avatar\/36f2f63826681263103acb5ca1e7bc1a6db11baea9b75dd091d89b74f2704b07?s=96&d=mm&r=g","caption":"Van X Haber"},"description":"Van X Haber Van'\u0131n ilk ve tek yeni nesil Van Haber merkezi. Son Dakika Van Haberleri ve G\u00fcncel Van haber merkezinde s\u0131cak geli\u015fmeleri aktarmaya devam edece\u011fiz.","url":"https:\/\/vanxhaber.com\/index.php\/author\/vangazetesi\/"}]}},"_links":{"self":[{"href":"https:\/\/vanxhaber.com\/index.php\/wp-json\/wp\/v2\/posts\/1988","targetHints":{"allow":["GET"]}}],"collection":[{"href":"https:\/\/vanxhaber.com\/index.php\/wp-json\/wp\/v2\/posts"}],"about":[{"href":"https:\/\/vanxhaber.com\/index.php\/wp-json\/wp\/v2\/types\/post"}],"author":[{"embeddable":true,"href":"https:\/\/vanxhaber.com\/index.php\/wp-json\/wp\/v2\/users\/2"}],"replies":[{"embeddable":true,"href":"https:\/\/vanxhaber.com\/index.php\/wp-json\/wp\/v2\/comments?post=1988"}],"version-history":[{"count":1,"href":"https:\/\/vanxhaber.com\/index.php\/wp-json\/wp\/v2\/posts\/1988\/revisions"}],"predecessor-version":[{"id":1991,"href":"https:\/\/vanxhaber.com\/index.php\/wp-json\/wp\/v2\/posts\/1988\/revisions\/1991"}],"wp:featuredmedia":[{"embeddable":true,"href":"https:\/\/vanxhaber.com\/index.php\/wp-json\/wp\/v2\/media\/1990"}],"wp:attachment":[{"href":"https:\/\/vanxhaber.com\/index.php\/wp-json\/wp\/v2\/media?parent=1988"}],"wp:term":[{"taxonomy":"category","embeddable":true,"href":"https:\/\/vanxhaber.com\/index.php\/wp-json\/wp\/v2\/categories?post=1988"},{"taxonomy":"post_tag","embeddable":true,"href":"https:\/\/vanxhaber.com\/index.php\/wp-json\/wp\/v2\/tags?post=1988"}],"curies":[{"name":"wp","href":"https:\/\/api.w.org\/{rel}","templated":true}]}}