{"id":1995,"date":"2024-05-06T09:14:23","date_gmt":"2024-05-06T09:14:23","guid":{"rendered":"https:\/\/vanxhaber.com\/?p=1995"},"modified":"2024-05-06T09:14:25","modified_gmt":"2024-05-06T09:14:25","slug":"mayis-ayinda-kar-firtinasi-vatandaslar-saskinda","status":"publish","type":"post","link":"https:\/\/vanxhaber.com\/index.php\/2024\/05\/06\/mayis-ayinda-kar-firtinasi-vatandaslar-saskinda\/","title":{"rendered":"May\u0131s Ay\u0131nda Kar F\u0131rt\u0131nas\u0131: Vatanda\u015flar \u015ea\u015fk\u0131nda"},"content":{"rendered":"\n<p><\/p>\n\n\n\n<p><strong>Beklenmedik hava ko\u015fullar\u0131, Van&#8217;\u0131n Ba\u015fkale il\u00e7esini may\u0131s ay\u0131nda etkisi alt\u0131na ald\u0131.<\/strong> Yo\u011fun kar ya\u011f\u0131\u015f\u0131yla kaplanan b\u00f6lge, vatanda\u015flar\u0131 \u015fa\u015fk\u0131na \u00e7evirirken, mevsim normlar\u0131n\u0131n d\u0131\u015f\u0131nda ya\u015fanan bu durum dikkat \u00e7ekiyor.&#8221;<\/p>\n\n\n\n<p>Van&#8217;\u0131n Ba\u015fkale il\u00e7esinde may\u0131s ay\u0131n\u0131n ortas\u0131nda meydana gelen yo\u011fun kar ya\u011f\u0131\u015f\u0131, b\u00f6lgeyi beyaza b\u00fcr\u00fcd\u00fc. Ba\u015fkale&#8217;de d\u00fcn ak\u015fam ba\u015flayan sa\u011fanak ya\u011fmur, gece saatlerinde yerini kar ya\u011f\u0131\u015f\u0131na b\u0131rakt\u0131 ve il\u00e7enin 2 bin 400 rak\u0131ml\u0131 b\u00f6lgelerini beyaz \u00f6rt\u00fcyle kaplad\u0131. Bu beklenmedik durum, sabah i\u015flerine gitmek i\u00e7in evlerinden \u00e7\u0131kan vatanda\u015flar\u0131 \u015fa\u015f\u0131rtt\u0131.<\/p>\n\n\n\n<p>Hava s\u0131cakl\u0131\u011f\u0131n\u0131n belirgin \u015fekilde d\u00fc\u015ft\u00fc\u011f\u00fc il\u00e7ede, vatanda\u015flar kar\u015f\u0131la\u015ft\u0131klar\u0131 bu s\u00fcrprizle \u015fa\u015fk\u0131nl\u0131k ya\u015fad\u0131lar. Bir vatanda\u015f olan K\u0131yas Bak\u0131\u015fkan, Antalya&#8217;da insanlar\u0131n denize girdi\u011fi bu g\u00fcnlerde Ba\u015fkale&#8217;de hala kar ya\u011fd\u0131\u011f\u0131n\u0131 dile getirdi. Bak\u0131\u015fkan, &#8220;Herkes \u015fu an Antalya&#8217;da denizde. Biz de burada kar esareti ya\u015f\u0131yoruz. Kaloriferleri yak\u0131yoruz. Sobay\u0131 tekrar kurduk. Bug\u00fcn 6 May\u0131s ve bu kar ya\u011f\u0131\u015f\u0131n\u0131 beklemiyorduk&#8221; dedi.<\/p>\n\n\n\n<p>B\u00f6lgedeki beklenmedik hava ko\u015fullar\u0131, insanlar\u0131n g\u00fcnl\u00fck ya\u015famlar\u0131n\u0131 olumsuz etkilemeye devam ediyor. Ba\u015fkale&#8217;de kar ya\u011f\u0131\u015f\u0131 devam ederken, vatanda\u015flar so\u011fukla m\u00fccadele etmeye \u00e7al\u0131\u015f\u0131yorlar. Kar ya\u011f\u0131\u015f\u0131n\u0131n ne kadar s\u00fcrece\u011fi ise merakla bekleniyor.<\/p>\n","protected":false},"excerpt":{"rendered":"<p>Beklenmedik hava ko\u015fullar\u0131, Van&#8217;\u0131n Ba\u015fkale il\u00e7esini may\u0131s ay\u0131nda etkisi alt\u0131na ald\u0131. Yo\u011fun kar ya\u011f\u0131\u015f\u0131yla kaplanan b\u00f6lge, vatanda\u015flar\u0131 \u015fa\u015fk\u0131na \u00e7evirirken, mevsim normlar\u0131n\u0131n d\u0131\u015f\u0131nda ya\u015fanan bu durum dikkat \u00e7ekiyor.&#8221; Van&#8217;\u0131n Ba\u015fkale il\u00e7esinde may\u0131s ay\u0131n\u0131n ortas\u0131nda meydana gelen yo\u011fun kar ya\u011f\u0131\u015f\u0131, b\u00f6lgeyi beyaza b\u00fcr\u00fcd\u00fc. Ba\u015fkale&#8217;de d\u00fcn ak\u015fam ba\u015flayan sa\u011fanak ya\u011fmur, gece saatlerinde yerini kar ya\u011f\u0131\u015f\u0131na b\u0131rakt\u0131 ve il\u00e7enin &hellip;<\/p>\n","protected":false},"author":2,"featured_media":1997,"comment_status":"open","ping_status":"closed","sticky":false,"template":"","format":"standard","meta":{"googlesitekit_rrm_CAowot3VCw:productID":"","footnotes":""},"categories":[1,24],"tags":[],"class_list":["post-1995","post","type-post","status-publish","format-standard","has-post-thumbnail","hentry","category-van-haber","category-van-haberleri"],"yoast_head":"<!-- This site is optimized with the Yoast SEO Premium plugin v21.7 (Yoast SEO v26.7) - https:\/\/yoast.com\/wordpress\/plugins\/seo\/ -->\n<title>May\u0131s Ay\u0131nda Kar F\u0131rt\u0131nas\u0131: Vatanda\u015flar \u015ea\u015fk\u0131nda - Van Haber | Van X Haber | Van Haberleri<\/title>\n<meta name=\"robots\" content=\"index, follow, max-snippet:-1, max-image-preview:large, max-video-preview:-1\" \/>\n<link rel=\"canonical\" href=\"https:\/\/vanxhaber.com\/index.php\/2024\/05\/06\/mayis-ayinda-kar-firtinasi-vatandaslar-saskinda\/\" \/>\n<meta property=\"og:locale\" content=\"tr_TR\" \/>\n<meta property=\"og:type\" content=\"article\" \/>\n<meta property=\"og:title\" content=\"May\u0131s Ay\u0131nda Kar F\u0131rt\u0131nas\u0131: Vatanda\u015flar \u015ea\u015fk\u0131nda\" \/>\n<meta property=\"og:description\" content=\"Beklenmedik hava ko\u015fullar\u0131, Van&#8217;\u0131n Ba\u015fkale il\u00e7esini may\u0131s ay\u0131nda etkisi alt\u0131na ald\u0131. Yo\u011fun kar ya\u011f\u0131\u015f\u0131yla kaplanan b\u00f6lge, vatanda\u015flar\u0131 \u015fa\u015fk\u0131na \u00e7evirirken, mevsim normlar\u0131n\u0131n d\u0131\u015f\u0131nda ya\u015fanan bu durum dikkat \u00e7ekiyor.&#8221; Van&#8217;\u0131n Ba\u015fkale il\u00e7esinde may\u0131s ay\u0131n\u0131n ortas\u0131nda meydana gelen yo\u011fun kar ya\u011f\u0131\u015f\u0131, b\u00f6lgeyi beyaza b\u00fcr\u00fcd\u00fc. Ba\u015fkale&#8217;de d\u00fcn ak\u015fam ba\u015flayan sa\u011fanak ya\u011fmur, gece saatlerinde yerini kar ya\u011f\u0131\u015f\u0131na b\u0131rakt\u0131 ve il\u00e7enin &hellip;\" \/>\n<meta property=\"og:url\" content=\"https:\/\/vanxhaber.com\/index.php\/2024\/05\/06\/mayis-ayinda-kar-firtinasi-vatandaslar-saskinda\/\" \/>\n<meta property=\"og:site_name\" content=\"Van Haber | Van X Haber | Van Haberleri\" \/>\n<meta property=\"article:published_time\" content=\"2024-05-06T09:14:23+00:00\" \/>\n<meta property=\"article:modified_time\" content=\"2024-05-06T09:14:25+00:00\" \/>\n<meta property=\"og:image\" content=\"https:\/\/vanxhaber.com\/wp-content\/uploads\/2024\/05\/vanda-mayis-ayinbda-kar.jpg\" \/>\n\t<meta property=\"og:image:width\" content=\"641\" \/>\n\t<meta property=\"og:image:height\" content=\"380\" \/>\n\t<meta property=\"og:image:type\" content=\"image\/jpeg\" \/>\n<meta name=\"author\" content=\"Van X Haber\" \/>\n<meta name=\"twitter:card\" content=\"summary_large_image\" \/>\n<meta name=\"twitter:label1\" content=\"Yazan:\" \/>\n\t<meta name=\"twitter:data1\" content=\"Van X Haber\" \/>\n\t<meta name=\"twitter:label2\" content=\"Tahmini okuma s\u00fcresi\" \/>\n\t<meta name=\"twitter:data2\" content=\"2 dakika\" \/>\n<script type=\"application\/ld+json\" class=\"yoast-schema-graph\">{\"@context\":\"https:\/\/schema.org\",\"@graph\":[{\"@type\":\"Article\",\"@id\":\"https:\/\/vanxhaber.com\/index.php\/2024\/05\/06\/mayis-ayinda-kar-firtinasi-vatandaslar-saskinda\/#article\",\"isPartOf\":{\"@id\":\"https:\/\/vanxhaber.com\/index.php\/2024\/05\/06\/mayis-ayinda-kar-firtinasi-vatandaslar-saskinda\/\"},\"author\":{\"name\":\"Van X Haber\",\"@id\":\"https:\/\/vanxhaber.com\/#\/schema\/person\/a5fd8d89510cb5370e62ad176f7978ee\"},\"headline\":\"May\u0131s Ay\u0131nda Kar F\u0131rt\u0131nas\u0131: Vatanda\u015flar \u015ea\u015fk\u0131nda\",\"datePublished\":\"2024-05-06T09:14:23+00:00\",\"dateModified\":\"2024-05-06T09:14:25+00:00\",\"mainEntityOfPage\":{\"@id\":\"https:\/\/vanxhaber.com\/index.php\/2024\/05\/06\/mayis-ayinda-kar-firtinasi-vatandaslar-saskinda\/\"},\"wordCount\":262,\"commentCount\":0,\"image\":{\"@id\":\"https:\/\/vanxhaber.com\/index.php\/2024\/05\/06\/mayis-ayinda-kar-firtinasi-vatandaslar-saskinda\/#primaryimage\"},\"thumbnailUrl\":\"https:\/\/vanxhaber.com\/wp-content\/uploads\/2024\/05\/vanda-mayis-ayinbda-kar.jpg\",\"articleSection\":[\"Van Haber\",\"Van Haberleri\"],\"inLanguage\":\"tr\",\"potentialAction\":[{\"@type\":\"CommentAction\",\"name\":\"Comment\",\"target\":[\"https:\/\/vanxhaber.com\/index.php\/2024\/05\/06\/mayis-ayinda-kar-firtinasi-vatandaslar-saskinda\/#respond\"]}],\"copyrightYear\":\"2024\",\"copyrightHolder\":{\"@id\":\"https:\/\/vanxhaber.com\/#organization\"}},{\"@type\":\"WebPage\",\"@id\":\"https:\/\/vanxhaber.com\/index.php\/2024\/05\/06\/mayis-ayinda-kar-firtinasi-vatandaslar-saskinda\/\",\"url\":\"https:\/\/vanxhaber.com\/index.php\/2024\/05\/06\/mayis-ayinda-kar-firtinasi-vatandaslar-saskinda\/\",\"name\":\"May\u0131s Ay\u0131nda Kar F\u0131rt\u0131nas\u0131: Vatanda\u015flar \u015ea\u015fk\u0131nda - Van Haber | Van X Haber | Van Haberleri\",\"isPartOf\":{\"@id\":\"https:\/\/vanxhaber.com\/#website\"},\"primaryImageOfPage\":{\"@id\":\"https:\/\/vanxhaber.com\/index.php\/2024\/05\/06\/mayis-ayinda-kar-firtinasi-vatandaslar-saskinda\/#primaryimage\"},\"image\":{\"@id\":\"https:\/\/vanxhaber.com\/index.php\/2024\/05\/06\/mayis-ayinda-kar-firtinasi-vatandaslar-saskinda\/#primaryimage\"},\"thumbnailUrl\":\"https:\/\/vanxhaber.com\/wp-content\/uploads\/2024\/05\/vanda-mayis-ayinbda-kar.jpg\",\"datePublished\":\"2024-05-06T09:14:23+00:00\",\"dateModified\":\"2024-05-06T09:14:25+00:00\",\"author\":{\"@id\":\"https:\/\/vanxhaber.com\/#\/schema\/person\/a5fd8d89510cb5370e62ad176f7978ee\"},\"breadcrumb\":{\"@id\":\"https:\/\/vanxhaber.com\/index.php\/2024\/05\/06\/mayis-ayinda-kar-firtinasi-vatandaslar-saskinda\/#breadcrumb\"},\"inLanguage\":\"tr\",\"potentialAction\":[{\"@type\":\"ReadAction\",\"target\":[\"https:\/\/vanxhaber.com\/index.php\/2024\/05\/06\/mayis-ayinda-kar-firtinasi-vatandaslar-saskinda\/\"]}]},{\"@type\":\"ImageObject\",\"inLanguage\":\"tr\",\"@id\":\"https:\/\/vanxhaber.com\/index.php\/2024\/05\/06\/mayis-ayinda-kar-firtinasi-vatandaslar-saskinda\/#primaryimage\",\"url\":\"https:\/\/vanxhaber.com\/wp-content\/uploads\/2024\/05\/vanda-mayis-ayinbda-kar.jpg\",\"contentUrl\":\"https:\/\/vanxhaber.com\/wp-content\/uploads\/2024\/05\/vanda-mayis-ayinbda-kar.jpg\",\"width\":641,\"height\":380},{\"@type\":\"BreadcrumbList\",\"@id\":\"https:\/\/vanxhaber.com\/index.php\/2024\/05\/06\/mayis-ayinda-kar-firtinasi-vatandaslar-saskinda\/#breadcrumb\",\"itemListElement\":[{\"@type\":\"ListItem\",\"position\":1,\"name\":\"Anasayfa\",\"item\":\"https:\/\/vanxhaber.com\/\"},{\"@type\":\"ListItem\",\"position\":2,\"name\":\"May\u0131s Ay\u0131nda Kar F\u0131rt\u0131nas\u0131: Vatanda\u015flar \u015ea\u015fk\u0131nda\"}]},{\"@type\":\"WebSite\",\"@id\":\"https:\/\/vanxhaber.com\/#website\",\"url\":\"https:\/\/vanxhaber.com\/\",\"name\":\"Van Haber | Van X Haber | Van Haberleri\",\"description\":\"Van Haber, Van&#039;\u0131n ilk yapay zeka teknolojileri ile yaz\u0131lan Van X Haber ve Van Haberlerini aktif g\u00fcncel sunan tek vanhaber merkezidir.\",\"potentialAction\":[{\"@type\":\"SearchAction\",\"target\":{\"@type\":\"EntryPoint\",\"urlTemplate\":\"https:\/\/vanxhaber.com\/?s={search_term_string}\"},\"query-input\":{\"@type\":\"PropertyValueSpecification\",\"valueRequired\":true,\"valueName\":\"search_term_string\"}}],\"inLanguage\":\"tr\"},{\"@type\":\"Person\",\"@id\":\"https:\/\/vanxhaber.com\/#\/schema\/person\/a5fd8d89510cb5370e62ad176f7978ee\",\"name\":\"Van X Haber\",\"image\":{\"@type\":\"ImageObject\",\"inLanguage\":\"tr\",\"@id\":\"https:\/\/vanxhaber.com\/#\/schema\/person\/image\/\",\"url\":\"https:\/\/secure.gravatar.com\/avatar\/36f2f63826681263103acb5ca1e7bc1a6db11baea9b75dd091d89b74f2704b07?s=96&d=mm&r=g\",\"contentUrl\":\"https:\/\/secure.gravatar.com\/avatar\/36f2f63826681263103acb5ca1e7bc1a6db11baea9b75dd091d89b74f2704b07?s=96&d=mm&r=g\",\"caption\":\"Van X Haber\"},\"description\":\"Van X Haber Van'\u0131n ilk ve tek yeni nesil Van Haber merkezi. Son Dakika Van Haberleri ve G\u00fcncel Van haber merkezinde s\u0131cak geli\u015fmeleri aktarmaya devam edece\u011fiz.\",\"url\":\"https:\/\/vanxhaber.com\/index.php\/author\/vangazetesi\/\"}]}<\/script>\n<!-- \/ Yoast SEO Premium plugin. -->","yoast_head_json":{"title":"May\u0131s Ay\u0131nda Kar F\u0131rt\u0131nas\u0131: Vatanda\u015flar \u015ea\u015fk\u0131nda - Van Haber | Van X Haber | Van Haberleri","robots":{"index":"index","follow":"follow","max-snippet":"max-snippet:-1","max-image-preview":"max-image-preview:large","max-video-preview":"max-video-preview:-1"},"canonical":"https:\/\/vanxhaber.com\/index.php\/2024\/05\/06\/mayis-ayinda-kar-firtinasi-vatandaslar-saskinda\/","og_locale":"tr_TR","og_type":"article","og_title":"May\u0131s Ay\u0131nda Kar F\u0131rt\u0131nas\u0131: Vatanda\u015flar \u015ea\u015fk\u0131nda","og_description":"Beklenmedik hava ko\u015fullar\u0131, Van&#8217;\u0131n Ba\u015fkale il\u00e7esini may\u0131s ay\u0131nda etkisi alt\u0131na ald\u0131. Yo\u011fun kar ya\u011f\u0131\u015f\u0131yla kaplanan b\u00f6lge, vatanda\u015flar\u0131 \u015fa\u015fk\u0131na \u00e7evirirken, mevsim normlar\u0131n\u0131n d\u0131\u015f\u0131nda ya\u015fanan bu durum dikkat \u00e7ekiyor.&#8221; Van&#8217;\u0131n Ba\u015fkale il\u00e7esinde may\u0131s ay\u0131n\u0131n ortas\u0131nda meydana gelen yo\u011fun kar ya\u011f\u0131\u015f\u0131, b\u00f6lgeyi beyaza b\u00fcr\u00fcd\u00fc. Ba\u015fkale&#8217;de d\u00fcn ak\u015fam ba\u015flayan sa\u011fanak ya\u011fmur, gece saatlerinde yerini kar ya\u011f\u0131\u015f\u0131na b\u0131rakt\u0131 ve il\u00e7enin &hellip;","og_url":"https:\/\/vanxhaber.com\/index.php\/2024\/05\/06\/mayis-ayinda-kar-firtinasi-vatandaslar-saskinda\/","og_site_name":"Van Haber | Van X Haber | Van Haberleri","article_published_time":"2024-05-06T09:14:23+00:00","article_modified_time":"2024-05-06T09:14:25+00:00","og_image":[{"width":641,"height":380,"url":"https:\/\/vanxhaber.com\/wp-content\/uploads\/2024\/05\/vanda-mayis-ayinbda-kar.jpg","type":"image\/jpeg"}],"author":"Van X Haber","twitter_card":"summary_large_image","twitter_misc":{"Yazan:":"Van X Haber","Tahmini okuma s\u00fcresi":"2 dakika"},"schema":{"@context":"https:\/\/schema.org","@graph":[{"@type":"Article","@id":"https:\/\/vanxhaber.com\/index.php\/2024\/05\/06\/mayis-ayinda-kar-firtinasi-vatandaslar-saskinda\/#article","isPartOf":{"@id":"https:\/\/vanxhaber.com\/index.php\/2024\/05\/06\/mayis-ayinda-kar-firtinasi-vatandaslar-saskinda\/"},"author":{"name":"Van X Haber","@id":"https:\/\/vanxhaber.com\/#\/schema\/person\/a5fd8d89510cb5370e62ad176f7978ee"},"headline":"May\u0131s Ay\u0131nda Kar F\u0131rt\u0131nas\u0131: Vatanda\u015flar \u015ea\u015fk\u0131nda","datePublished":"2024-05-06T09:14:23+00:00","dateModified":"2024-05-06T09:14:25+00:00","mainEntityOfPage":{"@id":"https:\/\/vanxhaber.com\/index.php\/2024\/05\/06\/mayis-ayinda-kar-firtinasi-vatandaslar-saskinda\/"},"wordCount":262,"commentCount":0,"image":{"@id":"https:\/\/vanxhaber.com\/index.php\/2024\/05\/06\/mayis-ayinda-kar-firtinasi-vatandaslar-saskinda\/#primaryimage"},"thumbnailUrl":"https:\/\/vanxhaber.com\/wp-content\/uploads\/2024\/05\/vanda-mayis-ayinbda-kar.jpg","articleSection":["Van Haber","Van Haberleri"],"inLanguage":"tr","potentialAction":[{"@type":"CommentAction","name":"Comment","target":["https:\/\/vanxhaber.com\/index.php\/2024\/05\/06\/mayis-ayinda-kar-firtinasi-vatandaslar-saskinda\/#respond"]}],"copyrightYear":"2024","copyrightHolder":{"@id":"https:\/\/vanxhaber.com\/#organization"}},{"@type":"WebPage","@id":"https:\/\/vanxhaber.com\/index.php\/2024\/05\/06\/mayis-ayinda-kar-firtinasi-vatandaslar-saskinda\/","url":"https:\/\/vanxhaber.com\/index.php\/2024\/05\/06\/mayis-ayinda-kar-firtinasi-vatandaslar-saskinda\/","name":"May\u0131s Ay\u0131nda Kar F\u0131rt\u0131nas\u0131: Vatanda\u015flar \u015ea\u015fk\u0131nda - Van Haber | Van X Haber | Van Haberleri","isPartOf":{"@id":"https:\/\/vanxhaber.com\/#website"},"primaryImageOfPage":{"@id":"https:\/\/vanxhaber.com\/index.php\/2024\/05\/06\/mayis-ayinda-kar-firtinasi-vatandaslar-saskinda\/#primaryimage"},"image":{"@id":"https:\/\/vanxhaber.com\/index.php\/2024\/05\/06\/mayis-ayinda-kar-firtinasi-vatandaslar-saskinda\/#primaryimage"},"thumbnailUrl":"https:\/\/vanxhaber.com\/wp-content\/uploads\/2024\/05\/vanda-mayis-ayinbda-kar.jpg","datePublished":"2024-05-06T09:14:23+00:00","dateModified":"2024-05-06T09:14:25+00:00","author":{"@id":"https:\/\/vanxhaber.com\/#\/schema\/person\/a5fd8d89510cb5370e62ad176f7978ee"},"breadcrumb":{"@id":"https:\/\/vanxhaber.com\/index.php\/2024\/05\/06\/mayis-ayinda-kar-firtinasi-vatandaslar-saskinda\/#breadcrumb"},"inLanguage":"tr","potentialAction":[{"@type":"ReadAction","target":["https:\/\/vanxhaber.com\/index.php\/2024\/05\/06\/mayis-ayinda-kar-firtinasi-vatandaslar-saskinda\/"]}]},{"@type":"ImageObject","inLanguage":"tr","@id":"https:\/\/vanxhaber.com\/index.php\/2024\/05\/06\/mayis-ayinda-kar-firtinasi-vatandaslar-saskinda\/#primaryimage","url":"https:\/\/vanxhaber.com\/wp-content\/uploads\/2024\/05\/vanda-mayis-ayinbda-kar.jpg","contentUrl":"https:\/\/vanxhaber.com\/wp-content\/uploads\/2024\/05\/vanda-mayis-ayinbda-kar.jpg","width":641,"height":380},{"@type":"BreadcrumbList","@id":"https:\/\/vanxhaber.com\/index.php\/2024\/05\/06\/mayis-ayinda-kar-firtinasi-vatandaslar-saskinda\/#breadcrumb","itemListElement":[{"@type":"ListItem","position":1,"name":"Anasayfa","item":"https:\/\/vanxhaber.com\/"},{"@type":"ListItem","position":2,"name":"May\u0131s Ay\u0131nda Kar F\u0131rt\u0131nas\u0131: Vatanda\u015flar \u015ea\u015fk\u0131nda"}]},{"@type":"WebSite","@id":"https:\/\/vanxhaber.com\/#website","url":"https:\/\/vanxhaber.com\/","name":"Van Haber | Van X Haber | Van Haberleri","description":"Van Haber, Van&#039;\u0131n ilk yapay zeka teknolojileri ile yaz\u0131lan Van X Haber ve Van Haberlerini aktif g\u00fcncel sunan tek vanhaber merkezidir.","potentialAction":[{"@type":"SearchAction","target":{"@type":"EntryPoint","urlTemplate":"https:\/\/vanxhaber.com\/?s={search_term_string}"},"query-input":{"@type":"PropertyValueSpecification","valueRequired":true,"valueName":"search_term_string"}}],"inLanguage":"tr"},{"@type":"Person","@id":"https:\/\/vanxhaber.com\/#\/schema\/person\/a5fd8d89510cb5370e62ad176f7978ee","name":"Van X Haber","image":{"@type":"ImageObject","inLanguage":"tr","@id":"https:\/\/vanxhaber.com\/#\/schema\/person\/image\/","url":"https:\/\/secure.gravatar.com\/avatar\/36f2f63826681263103acb5ca1e7bc1a6db11baea9b75dd091d89b74f2704b07?s=96&d=mm&r=g","contentUrl":"https:\/\/secure.gravatar.com\/avatar\/36f2f63826681263103acb5ca1e7bc1a6db11baea9b75dd091d89b74f2704b07?s=96&d=mm&r=g","caption":"Van X Haber"},"description":"Van X Haber Van'\u0131n ilk ve tek yeni nesil Van Haber merkezi. Son Dakika Van Haberleri ve G\u00fcncel Van haber merkezinde s\u0131cak geli\u015fmeleri aktarmaya devam edece\u011fiz.","url":"https:\/\/vanxhaber.com\/index.php\/author\/vangazetesi\/"}]}},"_links":{"self":[{"href":"https:\/\/vanxhaber.com\/index.php\/wp-json\/wp\/v2\/posts\/1995","targetHints":{"allow":["GET"]}}],"collection":[{"href":"https:\/\/vanxhaber.com\/index.php\/wp-json\/wp\/v2\/posts"}],"about":[{"href":"https:\/\/vanxhaber.com\/index.php\/wp-json\/wp\/v2\/types\/post"}],"author":[{"embeddable":true,"href":"https:\/\/vanxhaber.com\/index.php\/wp-json\/wp\/v2\/users\/2"}],"replies":[{"embeddable":true,"href":"https:\/\/vanxhaber.com\/index.php\/wp-json\/wp\/v2\/comments?post=1995"}],"version-history":[{"count":1,"href":"https:\/\/vanxhaber.com\/index.php\/wp-json\/wp\/v2\/posts\/1995\/revisions"}],"predecessor-version":[{"id":1998,"href":"https:\/\/vanxhaber.com\/index.php\/wp-json\/wp\/v2\/posts\/1995\/revisions\/1998"}],"wp:featuredmedia":[{"embeddable":true,"href":"https:\/\/vanxhaber.com\/index.php\/wp-json\/wp\/v2\/media\/1997"}],"wp:attachment":[{"href":"https:\/\/vanxhaber.com\/index.php\/wp-json\/wp\/v2\/media?parent=1995"}],"wp:term":[{"taxonomy":"category","embeddable":true,"href":"https:\/\/vanxhaber.com\/index.php\/wp-json\/wp\/v2\/categories?post=1995"},{"taxonomy":"post_tag","embeddable":true,"href":"https:\/\/vanxhaber.com\/index.php\/wp-json\/wp\/v2\/tags?post=1995"}],"curies":[{"name":"wp","href":"https:\/\/api.w.org\/{rel}","templated":true}]}}