{"id":1999,"date":"2024-05-07T08:46:55","date_gmt":"2024-05-07T08:46:55","guid":{"rendered":"https:\/\/vanxhaber.com\/?p=1999"},"modified":"2024-05-07T08:46:57","modified_gmt":"2024-05-07T08:46:57","slug":"van-icin-bir-uyari-daha-yapildi","status":"publish","type":"post","link":"https:\/\/vanxhaber.com\/index.php\/2024\/05\/07\/van-icin-bir-uyari-daha-yapildi\/","title":{"rendered":"Van i\u00e7in bir uyar\u0131 daha yap\u0131ld\u0131."},"content":{"rendered":"\n<p><br><strong>Meteoroloji Genel M\u00fcd\u00fcrl\u00fc\u011f\u00fc, Van\u2019\u0131n g\u00fcney ve do\u011fu il\u00e7eleri i\u00e7in kuvvetli sa\u011fanak uyar\u0131s\u0131nda bulundu.<\/strong><\/p>\n\n\n\n<p>Meteoroloji Genel M\u00fcd\u00fcrl\u00fc\u011f\u00fc B\u00f6lge genelinde havan\u0131n \u00e7ok bulutlu, aral\u0131kl\u0131 sa\u011fanak ve g\u00f6k g\u00fcr\u00fclt\u00fcl\u00fc sa\u011fanak ya\u011f\u0131\u015fl\u0131 olmas\u0131 tahmin edilmektedir. Ya\u011f\u0131\u015flar\u0131n \u00f6\u011fle ve ak\u015fam saatleri aras\u0131nda Mu\u015f, Bitlis ve Hakkari illeri ile Van&#8217;\u0131n g\u00fcney ve do\u011fu il\u00e7elerinde zaman zaman kuvvetli olmas\u0131 beklenmektedir. 2000 metre \u00fczeri rak\u0131ml\u0131 yerlerde ya\u011f\u0131\u015flar\u0131n karla kar\u0131\u015f\u0131k ya\u011fmur ve kar \u015feklinde g\u00f6r\u00fclece\u011fi tahmin ediliyor.<br>Hava s\u0131cakl\u0131klar\u0131n\u0131n mevsim normallerinin alt\u0131nda seyredece\u011fi tahmin ediliyor.<br>R\u00fczgar\u0131n g\u00fcneyli ve bat\u0131l\u0131 y\u00f6nlerden orta kuvvette, ya\u011f\u0131\u015f an\u0131nda yer yer kuvvetli (30-50 km\/sa) \u015fekilde esmesi beklenmektedir.<\/p>\n\n\n\n<p><strong>KUVVETL\u0130 YA\u011eI\u015e UYARISI<\/strong><br>Mu\u015f, Bitlis, Hakkari illeri ile Van&#8217;\u0131n g\u00fcney ve do\u011fu il\u00e7elerinde \u00f6\u011fle ve ak\u015fam saatleri aras\u0131nda ya\u011f\u0131\u015flar\u0131n yerel olarak kuvvetli (21-50 kg\/m2) sa\u011fanak ve g\u00f6k g\u00fcr\u00fclt\u00fcl\u00fc sa\u011fanak \u015feklinde olmas\u0131 bekleniyor. Ya\u011f\u0131\u015flar\u0131n 2000 metre \u00fczeri rak\u0131ml\u0131 yerlerinde kuvvetli karla kar\u0131\u015f\u0131k ya\u011fmur ve kar \u015feklinde olaca\u011f\u0131 tahmin ediliyor. Ani sel, su bask\u0131n\u0131, y\u0131ld\u0131r\u0131m, ula\u015f\u0131mda aksamalar, ya\u011f\u0131\u015f an\u0131nda kuvvetli r\u00fczgar ve yerel k\u00fc\u00e7\u00fck \u00e7apl\u0131 dolu ya\u011f\u0131\u015f\u0131, y\u00fcksek kesimlerde buzlanma ve don olay\u0131 gibi olumsuzluklara kar\u015f\u0131 dikkatli ve tedbirli olunmal\u0131d\u0131r.<\/p>\n","protected":false},"excerpt":{"rendered":"<p>Meteoroloji Genel M\u00fcd\u00fcrl\u00fc\u011f\u00fc, Van\u2019\u0131n g\u00fcney ve do\u011fu il\u00e7eleri i\u00e7in kuvvetli sa\u011fanak uyar\u0131s\u0131nda bulundu. Meteoroloji Genel M\u00fcd\u00fcrl\u00fc\u011f\u00fc B\u00f6lge genelinde havan\u0131n \u00e7ok bulutlu, aral\u0131kl\u0131 sa\u011fanak ve g\u00f6k g\u00fcr\u00fclt\u00fcl\u00fc sa\u011fanak ya\u011f\u0131\u015fl\u0131 olmas\u0131 tahmin edilmektedir. Ya\u011f\u0131\u015flar\u0131n \u00f6\u011fle ve ak\u015fam saatleri aras\u0131nda Mu\u015f, Bitlis ve Hakkari illeri ile Van&#8217;\u0131n g\u00fcney ve do\u011fu il\u00e7elerinde zaman zaman kuvvetli olmas\u0131 beklenmektedir. 2000 metre &hellip;<\/p>\n","protected":false},"author":2,"featured_media":2001,"comment_status":"open","ping_status":"closed","sticky":false,"template":"","format":"standard","meta":{"googlesitekit_rrm_CAowot3VCw:productID":"","footnotes":""},"categories":[1,24],"tags":[],"class_list":["post-1999","post","type-post","status-publish","format-standard","has-post-thumbnail","hentry","category-van-haber","category-van-haberleri"],"yoast_head":"<!-- This site is optimized with the Yoast SEO Premium plugin v21.7 (Yoast SEO v26.7) - https:\/\/yoast.com\/wordpress\/plugins\/seo\/ -->\n<title>Van i\u00e7in bir uyar\u0131 daha yap\u0131ld\u0131. - Van Haber | Van X Haber | Van Haberleri<\/title>\n<meta name=\"robots\" content=\"index, follow, max-snippet:-1, max-image-preview:large, max-video-preview:-1\" \/>\n<link rel=\"canonical\" href=\"https:\/\/vanxhaber.com\/index.php\/2024\/05\/07\/van-icin-bir-uyari-daha-yapildi\/\" \/>\n<meta property=\"og:locale\" content=\"tr_TR\" \/>\n<meta property=\"og:type\" content=\"article\" \/>\n<meta property=\"og:title\" content=\"Van i\u00e7in bir uyar\u0131 daha yap\u0131ld\u0131.\" \/>\n<meta property=\"og:description\" content=\"Meteoroloji Genel M\u00fcd\u00fcrl\u00fc\u011f\u00fc, Van\u2019\u0131n g\u00fcney ve do\u011fu il\u00e7eleri i\u00e7in kuvvetli sa\u011fanak uyar\u0131s\u0131nda bulundu. Meteoroloji Genel M\u00fcd\u00fcrl\u00fc\u011f\u00fc B\u00f6lge genelinde havan\u0131n \u00e7ok bulutlu, aral\u0131kl\u0131 sa\u011fanak ve g\u00f6k g\u00fcr\u00fclt\u00fcl\u00fc sa\u011fanak ya\u011f\u0131\u015fl\u0131 olmas\u0131 tahmin edilmektedir. Ya\u011f\u0131\u015flar\u0131n \u00f6\u011fle ve ak\u015fam saatleri aras\u0131nda Mu\u015f, Bitlis ve Hakkari illeri ile Van&#8217;\u0131n g\u00fcney ve do\u011fu il\u00e7elerinde zaman zaman kuvvetli olmas\u0131 beklenmektedir. 2000 metre &hellip;\" \/>\n<meta property=\"og:url\" content=\"https:\/\/vanxhaber.com\/index.php\/2024\/05\/07\/van-icin-bir-uyari-daha-yapildi\/\" \/>\n<meta property=\"og:site_name\" content=\"Van Haber | Van X Haber | Van Haberleri\" \/>\n<meta property=\"article:published_time\" content=\"2024-05-07T08:46:55+00:00\" \/>\n<meta property=\"article:modified_time\" content=\"2024-05-07T08:46:57+00:00\" \/>\n<meta property=\"og:image\" content=\"https:\/\/vanxhaber.com\/wp-content\/uploads\/2024\/05\/van-icin-bir-uyari-daha-yaplidi.jpg\" \/>\n\t<meta property=\"og:image:width\" content=\"1600\" \/>\n\t<meta property=\"og:image:height\" content=\"1040\" \/>\n\t<meta property=\"og:image:type\" content=\"image\/jpeg\" \/>\n<meta name=\"author\" content=\"Van X Haber\" \/>\n<meta name=\"twitter:card\" content=\"summary_large_image\" \/>\n<meta name=\"twitter:label1\" content=\"Yazan:\" \/>\n\t<meta name=\"twitter:data1\" content=\"Van X Haber\" \/>\n\t<meta name=\"twitter:label2\" content=\"Tahmini okuma s\u00fcresi\" \/>\n\t<meta name=\"twitter:data2\" content=\"2 dakika\" \/>\n<script type=\"application\/ld+json\" class=\"yoast-schema-graph\">{\"@context\":\"https:\/\/schema.org\",\"@graph\":[{\"@type\":\"Article\",\"@id\":\"https:\/\/vanxhaber.com\/index.php\/2024\/05\/07\/van-icin-bir-uyari-daha-yapildi\/#article\",\"isPartOf\":{\"@id\":\"https:\/\/vanxhaber.com\/index.php\/2024\/05\/07\/van-icin-bir-uyari-daha-yapildi\/\"},\"author\":{\"name\":\"Van X Haber\",\"@id\":\"https:\/\/vanxhaber.com\/#\/schema\/person\/a5fd8d89510cb5370e62ad176f7978ee\"},\"headline\":\"Van i\u00e7in bir uyar\u0131 daha yap\u0131ld\u0131.\",\"datePublished\":\"2024-05-07T08:46:55+00:00\",\"dateModified\":\"2024-05-07T08:46:57+00:00\",\"mainEntityOfPage\":{\"@id\":\"https:\/\/vanxhaber.com\/index.php\/2024\/05\/07\/van-icin-bir-uyari-daha-yapildi\/\"},\"wordCount\":260,\"commentCount\":0,\"image\":{\"@id\":\"https:\/\/vanxhaber.com\/index.php\/2024\/05\/07\/van-icin-bir-uyari-daha-yapildi\/#primaryimage\"},\"thumbnailUrl\":\"https:\/\/vanxhaber.com\/wp-content\/uploads\/2024\/05\/van-icin-bir-uyari-daha-yaplidi.jpg\",\"articleSection\":[\"Van Haber\",\"Van Haberleri\"],\"inLanguage\":\"tr\",\"potentialAction\":[{\"@type\":\"CommentAction\",\"name\":\"Comment\",\"target\":[\"https:\/\/vanxhaber.com\/index.php\/2024\/05\/07\/van-icin-bir-uyari-daha-yapildi\/#respond\"]}],\"copyrightYear\":\"2024\",\"copyrightHolder\":{\"@id\":\"https:\/\/vanxhaber.com\/#organization\"}},{\"@type\":\"WebPage\",\"@id\":\"https:\/\/vanxhaber.com\/index.php\/2024\/05\/07\/van-icin-bir-uyari-daha-yapildi\/\",\"url\":\"https:\/\/vanxhaber.com\/index.php\/2024\/05\/07\/van-icin-bir-uyari-daha-yapildi\/\",\"name\":\"Van i\u00e7in bir uyar\u0131 daha yap\u0131ld\u0131. - Van Haber | Van X Haber | Van Haberleri\",\"isPartOf\":{\"@id\":\"https:\/\/vanxhaber.com\/#website\"},\"primaryImageOfPage\":{\"@id\":\"https:\/\/vanxhaber.com\/index.php\/2024\/05\/07\/van-icin-bir-uyari-daha-yapildi\/#primaryimage\"},\"image\":{\"@id\":\"https:\/\/vanxhaber.com\/index.php\/2024\/05\/07\/van-icin-bir-uyari-daha-yapildi\/#primaryimage\"},\"thumbnailUrl\":\"https:\/\/vanxhaber.com\/wp-content\/uploads\/2024\/05\/van-icin-bir-uyari-daha-yaplidi.jpg\",\"datePublished\":\"2024-05-07T08:46:55+00:00\",\"dateModified\":\"2024-05-07T08:46:57+00:00\",\"author\":{\"@id\":\"https:\/\/vanxhaber.com\/#\/schema\/person\/a5fd8d89510cb5370e62ad176f7978ee\"},\"breadcrumb\":{\"@id\":\"https:\/\/vanxhaber.com\/index.php\/2024\/05\/07\/van-icin-bir-uyari-daha-yapildi\/#breadcrumb\"},\"inLanguage\":\"tr\",\"potentialAction\":[{\"@type\":\"ReadAction\",\"target\":[\"https:\/\/vanxhaber.com\/index.php\/2024\/05\/07\/van-icin-bir-uyari-daha-yapildi\/\"]}]},{\"@type\":\"ImageObject\",\"inLanguage\":\"tr\",\"@id\":\"https:\/\/vanxhaber.com\/index.php\/2024\/05\/07\/van-icin-bir-uyari-daha-yapildi\/#primaryimage\",\"url\":\"https:\/\/vanxhaber.com\/wp-content\/uploads\/2024\/05\/van-icin-bir-uyari-daha-yaplidi.jpg\",\"contentUrl\":\"https:\/\/vanxhaber.com\/wp-content\/uploads\/2024\/05\/van-icin-bir-uyari-daha-yaplidi.jpg\",\"width\":1600,\"height\":1040},{\"@type\":\"BreadcrumbList\",\"@id\":\"https:\/\/vanxhaber.com\/index.php\/2024\/05\/07\/van-icin-bir-uyari-daha-yapildi\/#breadcrumb\",\"itemListElement\":[{\"@type\":\"ListItem\",\"position\":1,\"name\":\"Anasayfa\",\"item\":\"https:\/\/vanxhaber.com\/\"},{\"@type\":\"ListItem\",\"position\":2,\"name\":\"Van i\u00e7in bir uyar\u0131 daha yap\u0131ld\u0131.\"}]},{\"@type\":\"WebSite\",\"@id\":\"https:\/\/vanxhaber.com\/#website\",\"url\":\"https:\/\/vanxhaber.com\/\",\"name\":\"Van Haber | Van X Haber | Van Haberleri\",\"description\":\"Van Haber, Van&#039;\u0131n ilk yapay zeka teknolojileri ile yaz\u0131lan Van X Haber ve Van Haberlerini aktif g\u00fcncel sunan tek vanhaber merkezidir.\",\"potentialAction\":[{\"@type\":\"SearchAction\",\"target\":{\"@type\":\"EntryPoint\",\"urlTemplate\":\"https:\/\/vanxhaber.com\/?s={search_term_string}\"},\"query-input\":{\"@type\":\"PropertyValueSpecification\",\"valueRequired\":true,\"valueName\":\"search_term_string\"}}],\"inLanguage\":\"tr\"},{\"@type\":\"Person\",\"@id\":\"https:\/\/vanxhaber.com\/#\/schema\/person\/a5fd8d89510cb5370e62ad176f7978ee\",\"name\":\"Van X Haber\",\"image\":{\"@type\":\"ImageObject\",\"inLanguage\":\"tr\",\"@id\":\"https:\/\/vanxhaber.com\/#\/schema\/person\/image\/\",\"url\":\"https:\/\/secure.gravatar.com\/avatar\/36f2f63826681263103acb5ca1e7bc1a6db11baea9b75dd091d89b74f2704b07?s=96&d=mm&r=g\",\"contentUrl\":\"https:\/\/secure.gravatar.com\/avatar\/36f2f63826681263103acb5ca1e7bc1a6db11baea9b75dd091d89b74f2704b07?s=96&d=mm&r=g\",\"caption\":\"Van X Haber\"},\"description\":\"Van X Haber Van'\u0131n ilk ve tek yeni nesil Van Haber merkezi. Son Dakika Van Haberleri ve G\u00fcncel Van haber merkezinde s\u0131cak geli\u015fmeleri aktarmaya devam edece\u011fiz.\",\"url\":\"https:\/\/vanxhaber.com\/index.php\/author\/vangazetesi\/\"}]}<\/script>\n<!-- \/ Yoast SEO Premium plugin. -->","yoast_head_json":{"title":"Van i\u00e7in bir uyar\u0131 daha yap\u0131ld\u0131. - Van Haber | Van X Haber | Van Haberleri","robots":{"index":"index","follow":"follow","max-snippet":"max-snippet:-1","max-image-preview":"max-image-preview:large","max-video-preview":"max-video-preview:-1"},"canonical":"https:\/\/vanxhaber.com\/index.php\/2024\/05\/07\/van-icin-bir-uyari-daha-yapildi\/","og_locale":"tr_TR","og_type":"article","og_title":"Van i\u00e7in bir uyar\u0131 daha yap\u0131ld\u0131.","og_description":"Meteoroloji Genel M\u00fcd\u00fcrl\u00fc\u011f\u00fc, Van\u2019\u0131n g\u00fcney ve do\u011fu il\u00e7eleri i\u00e7in kuvvetli sa\u011fanak uyar\u0131s\u0131nda bulundu. Meteoroloji Genel M\u00fcd\u00fcrl\u00fc\u011f\u00fc B\u00f6lge genelinde havan\u0131n \u00e7ok bulutlu, aral\u0131kl\u0131 sa\u011fanak ve g\u00f6k g\u00fcr\u00fclt\u00fcl\u00fc sa\u011fanak ya\u011f\u0131\u015fl\u0131 olmas\u0131 tahmin edilmektedir. Ya\u011f\u0131\u015flar\u0131n \u00f6\u011fle ve ak\u015fam saatleri aras\u0131nda Mu\u015f, Bitlis ve Hakkari illeri ile Van&#8217;\u0131n g\u00fcney ve do\u011fu il\u00e7elerinde zaman zaman kuvvetli olmas\u0131 beklenmektedir. 2000 metre &hellip;","og_url":"https:\/\/vanxhaber.com\/index.php\/2024\/05\/07\/van-icin-bir-uyari-daha-yapildi\/","og_site_name":"Van Haber | Van X Haber | Van Haberleri","article_published_time":"2024-05-07T08:46:55+00:00","article_modified_time":"2024-05-07T08:46:57+00:00","og_image":[{"width":1600,"height":1040,"url":"https:\/\/vanxhaber.com\/wp-content\/uploads\/2024\/05\/van-icin-bir-uyari-daha-yaplidi.jpg","type":"image\/jpeg"}],"author":"Van X Haber","twitter_card":"summary_large_image","twitter_misc":{"Yazan:":"Van X Haber","Tahmini okuma s\u00fcresi":"2 dakika"},"schema":{"@context":"https:\/\/schema.org","@graph":[{"@type":"Article","@id":"https:\/\/vanxhaber.com\/index.php\/2024\/05\/07\/van-icin-bir-uyari-daha-yapildi\/#article","isPartOf":{"@id":"https:\/\/vanxhaber.com\/index.php\/2024\/05\/07\/van-icin-bir-uyari-daha-yapildi\/"},"author":{"name":"Van X Haber","@id":"https:\/\/vanxhaber.com\/#\/schema\/person\/a5fd8d89510cb5370e62ad176f7978ee"},"headline":"Van i\u00e7in bir uyar\u0131 daha yap\u0131ld\u0131.","datePublished":"2024-05-07T08:46:55+00:00","dateModified":"2024-05-07T08:46:57+00:00","mainEntityOfPage":{"@id":"https:\/\/vanxhaber.com\/index.php\/2024\/05\/07\/van-icin-bir-uyari-daha-yapildi\/"},"wordCount":260,"commentCount":0,"image":{"@id":"https:\/\/vanxhaber.com\/index.php\/2024\/05\/07\/van-icin-bir-uyari-daha-yapildi\/#primaryimage"},"thumbnailUrl":"https:\/\/vanxhaber.com\/wp-content\/uploads\/2024\/05\/van-icin-bir-uyari-daha-yaplidi.jpg","articleSection":["Van Haber","Van Haberleri"],"inLanguage":"tr","potentialAction":[{"@type":"CommentAction","name":"Comment","target":["https:\/\/vanxhaber.com\/index.php\/2024\/05\/07\/van-icin-bir-uyari-daha-yapildi\/#respond"]}],"copyrightYear":"2024","copyrightHolder":{"@id":"https:\/\/vanxhaber.com\/#organization"}},{"@type":"WebPage","@id":"https:\/\/vanxhaber.com\/index.php\/2024\/05\/07\/van-icin-bir-uyari-daha-yapildi\/","url":"https:\/\/vanxhaber.com\/index.php\/2024\/05\/07\/van-icin-bir-uyari-daha-yapildi\/","name":"Van i\u00e7in bir uyar\u0131 daha yap\u0131ld\u0131. - Van Haber | Van X Haber | Van Haberleri","isPartOf":{"@id":"https:\/\/vanxhaber.com\/#website"},"primaryImageOfPage":{"@id":"https:\/\/vanxhaber.com\/index.php\/2024\/05\/07\/van-icin-bir-uyari-daha-yapildi\/#primaryimage"},"image":{"@id":"https:\/\/vanxhaber.com\/index.php\/2024\/05\/07\/van-icin-bir-uyari-daha-yapildi\/#primaryimage"},"thumbnailUrl":"https:\/\/vanxhaber.com\/wp-content\/uploads\/2024\/05\/van-icin-bir-uyari-daha-yaplidi.jpg","datePublished":"2024-05-07T08:46:55+00:00","dateModified":"2024-05-07T08:46:57+00:00","author":{"@id":"https:\/\/vanxhaber.com\/#\/schema\/person\/a5fd8d89510cb5370e62ad176f7978ee"},"breadcrumb":{"@id":"https:\/\/vanxhaber.com\/index.php\/2024\/05\/07\/van-icin-bir-uyari-daha-yapildi\/#breadcrumb"},"inLanguage":"tr","potentialAction":[{"@type":"ReadAction","target":["https:\/\/vanxhaber.com\/index.php\/2024\/05\/07\/van-icin-bir-uyari-daha-yapildi\/"]}]},{"@type":"ImageObject","inLanguage":"tr","@id":"https:\/\/vanxhaber.com\/index.php\/2024\/05\/07\/van-icin-bir-uyari-daha-yapildi\/#primaryimage","url":"https:\/\/vanxhaber.com\/wp-content\/uploads\/2024\/05\/van-icin-bir-uyari-daha-yaplidi.jpg","contentUrl":"https:\/\/vanxhaber.com\/wp-content\/uploads\/2024\/05\/van-icin-bir-uyari-daha-yaplidi.jpg","width":1600,"height":1040},{"@type":"BreadcrumbList","@id":"https:\/\/vanxhaber.com\/index.php\/2024\/05\/07\/van-icin-bir-uyari-daha-yapildi\/#breadcrumb","itemListElement":[{"@type":"ListItem","position":1,"name":"Anasayfa","item":"https:\/\/vanxhaber.com\/"},{"@type":"ListItem","position":2,"name":"Van i\u00e7in bir uyar\u0131 daha yap\u0131ld\u0131."}]},{"@type":"WebSite","@id":"https:\/\/vanxhaber.com\/#website","url":"https:\/\/vanxhaber.com\/","name":"Van Haber | Van X Haber | Van Haberleri","description":"Van Haber, Van&#039;\u0131n ilk yapay zeka teknolojileri ile yaz\u0131lan Van X Haber ve Van Haberlerini aktif g\u00fcncel sunan tek vanhaber merkezidir.","potentialAction":[{"@type":"SearchAction","target":{"@type":"EntryPoint","urlTemplate":"https:\/\/vanxhaber.com\/?s={search_term_string}"},"query-input":{"@type":"PropertyValueSpecification","valueRequired":true,"valueName":"search_term_string"}}],"inLanguage":"tr"},{"@type":"Person","@id":"https:\/\/vanxhaber.com\/#\/schema\/person\/a5fd8d89510cb5370e62ad176f7978ee","name":"Van X Haber","image":{"@type":"ImageObject","inLanguage":"tr","@id":"https:\/\/vanxhaber.com\/#\/schema\/person\/image\/","url":"https:\/\/secure.gravatar.com\/avatar\/36f2f63826681263103acb5ca1e7bc1a6db11baea9b75dd091d89b74f2704b07?s=96&d=mm&r=g","contentUrl":"https:\/\/secure.gravatar.com\/avatar\/36f2f63826681263103acb5ca1e7bc1a6db11baea9b75dd091d89b74f2704b07?s=96&d=mm&r=g","caption":"Van X Haber"},"description":"Van X Haber Van'\u0131n ilk ve tek yeni nesil Van Haber merkezi. Son Dakika Van Haberleri ve G\u00fcncel Van haber merkezinde s\u0131cak geli\u015fmeleri aktarmaya devam edece\u011fiz.","url":"https:\/\/vanxhaber.com\/index.php\/author\/vangazetesi\/"}]}},"_links":{"self":[{"href":"https:\/\/vanxhaber.com\/index.php\/wp-json\/wp\/v2\/posts\/1999","targetHints":{"allow":["GET"]}}],"collection":[{"href":"https:\/\/vanxhaber.com\/index.php\/wp-json\/wp\/v2\/posts"}],"about":[{"href":"https:\/\/vanxhaber.com\/index.php\/wp-json\/wp\/v2\/types\/post"}],"author":[{"embeddable":true,"href":"https:\/\/vanxhaber.com\/index.php\/wp-json\/wp\/v2\/users\/2"}],"replies":[{"embeddable":true,"href":"https:\/\/vanxhaber.com\/index.php\/wp-json\/wp\/v2\/comments?post=1999"}],"version-history":[{"count":1,"href":"https:\/\/vanxhaber.com\/index.php\/wp-json\/wp\/v2\/posts\/1999\/revisions"}],"predecessor-version":[{"id":2002,"href":"https:\/\/vanxhaber.com\/index.php\/wp-json\/wp\/v2\/posts\/1999\/revisions\/2002"}],"wp:featuredmedia":[{"embeddable":true,"href":"https:\/\/vanxhaber.com\/index.php\/wp-json\/wp\/v2\/media\/2001"}],"wp:attachment":[{"href":"https:\/\/vanxhaber.com\/index.php\/wp-json\/wp\/v2\/media?parent=1999"}],"wp:term":[{"taxonomy":"category","embeddable":true,"href":"https:\/\/vanxhaber.com\/index.php\/wp-json\/wp\/v2\/categories?post=1999"},{"taxonomy":"post_tag","embeddable":true,"href":"https:\/\/vanxhaber.com\/index.php\/wp-json\/wp\/v2\/tags?post=1999"}],"curies":[{"name":"wp","href":"https:\/\/api.w.org\/{rel}","templated":true}]}}