{"id":2003,"date":"2024-05-07T08:50:31","date_gmt":"2024-05-07T08:50:31","guid":{"rendered":"https:\/\/vanxhaber.com\/?p=2003"},"modified":"2024-05-07T08:50:33","modified_gmt":"2024-05-07T08:50:33","slug":"ogretmen-atama-sayisi-aciklandi","status":"publish","type":"post","link":"https:\/\/vanxhaber.com\/index.php\/2024\/05\/07\/ogretmen-atama-sayisi-aciklandi\/","title":{"rendered":"\u00d6\u011fretmen atama say\u0131s\u0131 a\u00e7\u0131kland\u0131"},"content":{"rendered":"\n<p><br><strong>Milli E\u011fitim Bakan\u0131 Yusuf Tekin, \u00f6\u011fretmen atamalar\u0131na ili\u015fkin a\u00e7\u0131klama yapt\u0131.<\/strong><\/p>\n\n\n\n<p><strong>\u00d6\u011fretmen<\/strong> atamalar\u0131na ili\u015fkin konu\u015fan Milli E\u011fitim Bakan\u0131 Tekin, 20 bin \u00f6\u011fretmen atamas\u0131n\u0131n yap\u0131laca\u011f\u0131n\u0131 belirtti.<\/p>\n\n\n\n<p><strong>Bakan Tekin,<\/strong> &#8220;Cumhurba\u015fkan\u0131m\u0131z\u0131n talimat\u0131yla Hazine ve Maliye Bakanlar\u0131m\u0131z ile \u00e7al\u0131\u015fma y\u00fcr\u00fct\u00fcyoruz. 20 bin \u00f6\u011fretmen atamas\u0131 konusunda uzla\u015ft\u0131k. \u0130htiya\u00e7lar do\u011frultusunda bir da\u011f\u0131l\u0131m yapt\u0131k.&#8221; dedi.<\/p>\n\n\n\n<p>Tekin ayr\u0131ca, &#8220;Bug\u00fcn itibariyle y\u00fczde 50 m\u00fclakat y\u00fczde 50 KPSS puan\u0131n\u0131 baz alaca\u011f\u0131z. Atama y\u00f6netmeli\u011fimizdeki de\u011fi\u015fiklik Resmi Gazete&#8217;de yay\u0131mlanacak.&#8221; ifadelerini kulland\u0131.<\/p>\n\n\n\n<p>Bakan Tekin\u2019in a\u00e7\u0131klamas\u0131na g\u00f6re, s\u0131n\u0131f \u00f6\u011fretmenli\u011fi i\u00e7in 3 bin 263, \u00f6zel e\u011fitim \u00f6\u011fretmenli\u011fi i\u00e7in 2 bin 499, rehberlik \u00f6\u011fretmenli\u011fi i\u00e7in bin 597, din k\u00fclt\u00fcr\u00fc ve ahlak bilgisi bin 594, \u0130ngilizce 968 \u00f6\u011fretmen atanacak.<\/p>\n","protected":false},"excerpt":{"rendered":"<p>Milli E\u011fitim Bakan\u0131 Yusuf Tekin, \u00f6\u011fretmen atamalar\u0131na ili\u015fkin a\u00e7\u0131klama yapt\u0131. \u00d6\u011fretmen atamalar\u0131na ili\u015fkin konu\u015fan Milli E\u011fitim Bakan\u0131 Tekin, 20 bin \u00f6\u011fretmen atamas\u0131n\u0131n yap\u0131laca\u011f\u0131n\u0131 belirtti. Bakan Tekin, &#8220;Cumhurba\u015fkan\u0131m\u0131z\u0131n talimat\u0131yla Hazine ve Maliye Bakanlar\u0131m\u0131z ile \u00e7al\u0131\u015fma y\u00fcr\u00fct\u00fcyoruz. 20 bin \u00f6\u011fretmen atamas\u0131 konusunda uzla\u015ft\u0131k. \u0130htiya\u00e7lar do\u011frultusunda bir da\u011f\u0131l\u0131m yapt\u0131k.&#8221; dedi. Tekin ayr\u0131ca, &#8220;Bug\u00fcn itibariyle y\u00fczde 50 m\u00fclakat y\u00fczde &hellip;<\/p>\n","protected":false},"author":2,"featured_media":2005,"comment_status":"open","ping_status":"closed","sticky":false,"template":"","format":"standard","meta":{"googlesitekit_rrm_CAowot3VCw:productID":"","footnotes":""},"categories":[1,24,30],"tags":[],"class_list":["post-2003","post","type-post","status-publish","format-standard","has-post-thumbnail","hentry","category-van-haber","category-van-haberleri","category-van-x-haber"],"yoast_head":"<!-- This site is optimized with the Yoast SEO Premium plugin v21.7 (Yoast SEO v26.7) - https:\/\/yoast.com\/wordpress\/plugins\/seo\/ -->\n<title>\u00d6\u011fretmen atama say\u0131s\u0131 a\u00e7\u0131kland\u0131 - Van Haber | Van X Haber | Van Haberleri<\/title>\n<meta name=\"robots\" content=\"index, follow, max-snippet:-1, max-image-preview:large, max-video-preview:-1\" \/>\n<link rel=\"canonical\" href=\"https:\/\/vanxhaber.com\/index.php\/2024\/05\/07\/ogretmen-atama-sayisi-aciklandi\/\" \/>\n<meta property=\"og:locale\" content=\"tr_TR\" \/>\n<meta property=\"og:type\" content=\"article\" \/>\n<meta property=\"og:title\" content=\"\u00d6\u011fretmen atama say\u0131s\u0131 a\u00e7\u0131kland\u0131\" \/>\n<meta property=\"og:description\" content=\"Milli E\u011fitim Bakan\u0131 Yusuf Tekin, \u00f6\u011fretmen atamalar\u0131na ili\u015fkin a\u00e7\u0131klama yapt\u0131. \u00d6\u011fretmen atamalar\u0131na ili\u015fkin konu\u015fan Milli E\u011fitim Bakan\u0131 Tekin, 20 bin \u00f6\u011fretmen atamas\u0131n\u0131n yap\u0131laca\u011f\u0131n\u0131 belirtti. Bakan Tekin, &#8220;Cumhurba\u015fkan\u0131m\u0131z\u0131n talimat\u0131yla Hazine ve Maliye Bakanlar\u0131m\u0131z ile \u00e7al\u0131\u015fma y\u00fcr\u00fct\u00fcyoruz. 20 bin \u00f6\u011fretmen atamas\u0131 konusunda uzla\u015ft\u0131k. \u0130htiya\u00e7lar do\u011frultusunda bir da\u011f\u0131l\u0131m yapt\u0131k.&#8221; dedi. Tekin ayr\u0131ca, &#8220;Bug\u00fcn itibariyle y\u00fczde 50 m\u00fclakat y\u00fczde &hellip;\" \/>\n<meta property=\"og:url\" content=\"https:\/\/vanxhaber.com\/index.php\/2024\/05\/07\/ogretmen-atama-sayisi-aciklandi\/\" \/>\n<meta property=\"og:site_name\" content=\"Van Haber | Van X Haber | Van Haberleri\" \/>\n<meta property=\"article:published_time\" content=\"2024-05-07T08:50:31+00:00\" \/>\n<meta property=\"article:modified_time\" content=\"2024-05-07T08:50:33+00:00\" \/>\n<meta property=\"og:image\" content=\"https:\/\/vanxhaber.com\/wp-content\/uploads\/2024\/05\/Milli-Egitim-Bakani.jpg\" \/>\n\t<meta property=\"og:image:width\" content=\"1600\" \/>\n\t<meta property=\"og:image:height\" content=\"1040\" \/>\n\t<meta property=\"og:image:type\" content=\"image\/jpeg\" \/>\n<meta name=\"author\" content=\"Van X Haber\" \/>\n<meta name=\"twitter:card\" content=\"summary_large_image\" \/>\n<meta name=\"twitter:label1\" content=\"Yazan:\" \/>\n\t<meta name=\"twitter:data1\" content=\"Van X Haber\" \/>\n\t<meta name=\"twitter:label2\" content=\"Tahmini okuma s\u00fcresi\" \/>\n\t<meta name=\"twitter:data2\" content=\"1 dakika\" \/>\n<script type=\"application\/ld+json\" class=\"yoast-schema-graph\">{\"@context\":\"https:\/\/schema.org\",\"@graph\":[{\"@type\":\"Article\",\"@id\":\"https:\/\/vanxhaber.com\/index.php\/2024\/05\/07\/ogretmen-atama-sayisi-aciklandi\/#article\",\"isPartOf\":{\"@id\":\"https:\/\/vanxhaber.com\/index.php\/2024\/05\/07\/ogretmen-atama-sayisi-aciklandi\/\"},\"author\":{\"name\":\"Van X Haber\",\"@id\":\"https:\/\/vanxhaber.com\/#\/schema\/person\/a5fd8d89510cb5370e62ad176f7978ee\"},\"headline\":\"\u00d6\u011fretmen atama say\u0131s\u0131 a\u00e7\u0131kland\u0131\",\"datePublished\":\"2024-05-07T08:50:31+00:00\",\"dateModified\":\"2024-05-07T08:50:33+00:00\",\"mainEntityOfPage\":{\"@id\":\"https:\/\/vanxhaber.com\/index.php\/2024\/05\/07\/ogretmen-atama-sayisi-aciklandi\/\"},\"wordCount\":154,\"commentCount\":0,\"image\":{\"@id\":\"https:\/\/vanxhaber.com\/index.php\/2024\/05\/07\/ogretmen-atama-sayisi-aciklandi\/#primaryimage\"},\"thumbnailUrl\":\"https:\/\/vanxhaber.com\/wp-content\/uploads\/2024\/05\/Milli-Egitim-Bakani.jpg\",\"articleSection\":[\"Van Haber\",\"Van Haberleri\",\"Van X Haber\"],\"inLanguage\":\"tr\",\"potentialAction\":[{\"@type\":\"CommentAction\",\"name\":\"Comment\",\"target\":[\"https:\/\/vanxhaber.com\/index.php\/2024\/05\/07\/ogretmen-atama-sayisi-aciklandi\/#respond\"]}],\"copyrightYear\":\"2024\",\"copyrightHolder\":{\"@id\":\"https:\/\/vanxhaber.com\/#organization\"}},{\"@type\":\"WebPage\",\"@id\":\"https:\/\/vanxhaber.com\/index.php\/2024\/05\/07\/ogretmen-atama-sayisi-aciklandi\/\",\"url\":\"https:\/\/vanxhaber.com\/index.php\/2024\/05\/07\/ogretmen-atama-sayisi-aciklandi\/\",\"name\":\"\u00d6\u011fretmen atama say\u0131s\u0131 a\u00e7\u0131kland\u0131 - Van Haber | Van X Haber | Van Haberleri\",\"isPartOf\":{\"@id\":\"https:\/\/vanxhaber.com\/#website\"},\"primaryImageOfPage\":{\"@id\":\"https:\/\/vanxhaber.com\/index.php\/2024\/05\/07\/ogretmen-atama-sayisi-aciklandi\/#primaryimage\"},\"image\":{\"@id\":\"https:\/\/vanxhaber.com\/index.php\/2024\/05\/07\/ogretmen-atama-sayisi-aciklandi\/#primaryimage\"},\"thumbnailUrl\":\"https:\/\/vanxhaber.com\/wp-content\/uploads\/2024\/05\/Milli-Egitim-Bakani.jpg\",\"datePublished\":\"2024-05-07T08:50:31+00:00\",\"dateModified\":\"2024-05-07T08:50:33+00:00\",\"author\":{\"@id\":\"https:\/\/vanxhaber.com\/#\/schema\/person\/a5fd8d89510cb5370e62ad176f7978ee\"},\"breadcrumb\":{\"@id\":\"https:\/\/vanxhaber.com\/index.php\/2024\/05\/07\/ogretmen-atama-sayisi-aciklandi\/#breadcrumb\"},\"inLanguage\":\"tr\",\"potentialAction\":[{\"@type\":\"ReadAction\",\"target\":[\"https:\/\/vanxhaber.com\/index.php\/2024\/05\/07\/ogretmen-atama-sayisi-aciklandi\/\"]}]},{\"@type\":\"ImageObject\",\"inLanguage\":\"tr\",\"@id\":\"https:\/\/vanxhaber.com\/index.php\/2024\/05\/07\/ogretmen-atama-sayisi-aciklandi\/#primaryimage\",\"url\":\"https:\/\/vanxhaber.com\/wp-content\/uploads\/2024\/05\/Milli-Egitim-Bakani.jpg\",\"contentUrl\":\"https:\/\/vanxhaber.com\/wp-content\/uploads\/2024\/05\/Milli-Egitim-Bakani.jpg\",\"width\":1600,\"height\":1040},{\"@type\":\"BreadcrumbList\",\"@id\":\"https:\/\/vanxhaber.com\/index.php\/2024\/05\/07\/ogretmen-atama-sayisi-aciklandi\/#breadcrumb\",\"itemListElement\":[{\"@type\":\"ListItem\",\"position\":1,\"name\":\"Anasayfa\",\"item\":\"https:\/\/vanxhaber.com\/\"},{\"@type\":\"ListItem\",\"position\":2,\"name\":\"\u00d6\u011fretmen atama say\u0131s\u0131 a\u00e7\u0131kland\u0131\"}]},{\"@type\":\"WebSite\",\"@id\":\"https:\/\/vanxhaber.com\/#website\",\"url\":\"https:\/\/vanxhaber.com\/\",\"name\":\"Van Haber | Van X Haber | Van Haberleri\",\"description\":\"Van Haber, Van&#039;\u0131n ilk yapay zeka teknolojileri ile yaz\u0131lan Van X Haber ve Van Haberlerini aktif g\u00fcncel sunan tek vanhaber merkezidir.\",\"potentialAction\":[{\"@type\":\"SearchAction\",\"target\":{\"@type\":\"EntryPoint\",\"urlTemplate\":\"https:\/\/vanxhaber.com\/?s={search_term_string}\"},\"query-input\":{\"@type\":\"PropertyValueSpecification\",\"valueRequired\":true,\"valueName\":\"search_term_string\"}}],\"inLanguage\":\"tr\"},{\"@type\":\"Person\",\"@id\":\"https:\/\/vanxhaber.com\/#\/schema\/person\/a5fd8d89510cb5370e62ad176f7978ee\",\"name\":\"Van X Haber\",\"image\":{\"@type\":\"ImageObject\",\"inLanguage\":\"tr\",\"@id\":\"https:\/\/vanxhaber.com\/#\/schema\/person\/image\/\",\"url\":\"https:\/\/secure.gravatar.com\/avatar\/36f2f63826681263103acb5ca1e7bc1a6db11baea9b75dd091d89b74f2704b07?s=96&d=mm&r=g\",\"contentUrl\":\"https:\/\/secure.gravatar.com\/avatar\/36f2f63826681263103acb5ca1e7bc1a6db11baea9b75dd091d89b74f2704b07?s=96&d=mm&r=g\",\"caption\":\"Van X Haber\"},\"description\":\"Van X Haber Van'\u0131n ilk ve tek yeni nesil Van Haber merkezi. Son Dakika Van Haberleri ve G\u00fcncel Van haber merkezinde s\u0131cak geli\u015fmeleri aktarmaya devam edece\u011fiz.\",\"url\":\"https:\/\/vanxhaber.com\/index.php\/author\/vangazetesi\/\"}]}<\/script>\n<!-- \/ Yoast SEO Premium plugin. -->","yoast_head_json":{"title":"\u00d6\u011fretmen atama say\u0131s\u0131 a\u00e7\u0131kland\u0131 - Van Haber | Van X Haber | Van Haberleri","robots":{"index":"index","follow":"follow","max-snippet":"max-snippet:-1","max-image-preview":"max-image-preview:large","max-video-preview":"max-video-preview:-1"},"canonical":"https:\/\/vanxhaber.com\/index.php\/2024\/05\/07\/ogretmen-atama-sayisi-aciklandi\/","og_locale":"tr_TR","og_type":"article","og_title":"\u00d6\u011fretmen atama say\u0131s\u0131 a\u00e7\u0131kland\u0131","og_description":"Milli E\u011fitim Bakan\u0131 Yusuf Tekin, \u00f6\u011fretmen atamalar\u0131na ili\u015fkin a\u00e7\u0131klama yapt\u0131. \u00d6\u011fretmen atamalar\u0131na ili\u015fkin konu\u015fan Milli E\u011fitim Bakan\u0131 Tekin, 20 bin \u00f6\u011fretmen atamas\u0131n\u0131n yap\u0131laca\u011f\u0131n\u0131 belirtti. Bakan Tekin, &#8220;Cumhurba\u015fkan\u0131m\u0131z\u0131n talimat\u0131yla Hazine ve Maliye Bakanlar\u0131m\u0131z ile \u00e7al\u0131\u015fma y\u00fcr\u00fct\u00fcyoruz. 20 bin \u00f6\u011fretmen atamas\u0131 konusunda uzla\u015ft\u0131k. \u0130htiya\u00e7lar do\u011frultusunda bir da\u011f\u0131l\u0131m yapt\u0131k.&#8221; dedi. Tekin ayr\u0131ca, &#8220;Bug\u00fcn itibariyle y\u00fczde 50 m\u00fclakat y\u00fczde &hellip;","og_url":"https:\/\/vanxhaber.com\/index.php\/2024\/05\/07\/ogretmen-atama-sayisi-aciklandi\/","og_site_name":"Van Haber | Van X Haber | Van Haberleri","article_published_time":"2024-05-07T08:50:31+00:00","article_modified_time":"2024-05-07T08:50:33+00:00","og_image":[{"width":1600,"height":1040,"url":"https:\/\/vanxhaber.com\/wp-content\/uploads\/2024\/05\/Milli-Egitim-Bakani.jpg","type":"image\/jpeg"}],"author":"Van X Haber","twitter_card":"summary_large_image","twitter_misc":{"Yazan:":"Van X Haber","Tahmini okuma s\u00fcresi":"1 dakika"},"schema":{"@context":"https:\/\/schema.org","@graph":[{"@type":"Article","@id":"https:\/\/vanxhaber.com\/index.php\/2024\/05\/07\/ogretmen-atama-sayisi-aciklandi\/#article","isPartOf":{"@id":"https:\/\/vanxhaber.com\/index.php\/2024\/05\/07\/ogretmen-atama-sayisi-aciklandi\/"},"author":{"name":"Van X Haber","@id":"https:\/\/vanxhaber.com\/#\/schema\/person\/a5fd8d89510cb5370e62ad176f7978ee"},"headline":"\u00d6\u011fretmen atama say\u0131s\u0131 a\u00e7\u0131kland\u0131","datePublished":"2024-05-07T08:50:31+00:00","dateModified":"2024-05-07T08:50:33+00:00","mainEntityOfPage":{"@id":"https:\/\/vanxhaber.com\/index.php\/2024\/05\/07\/ogretmen-atama-sayisi-aciklandi\/"},"wordCount":154,"commentCount":0,"image":{"@id":"https:\/\/vanxhaber.com\/index.php\/2024\/05\/07\/ogretmen-atama-sayisi-aciklandi\/#primaryimage"},"thumbnailUrl":"https:\/\/vanxhaber.com\/wp-content\/uploads\/2024\/05\/Milli-Egitim-Bakani.jpg","articleSection":["Van Haber","Van Haberleri","Van X Haber"],"inLanguage":"tr","potentialAction":[{"@type":"CommentAction","name":"Comment","target":["https:\/\/vanxhaber.com\/index.php\/2024\/05\/07\/ogretmen-atama-sayisi-aciklandi\/#respond"]}],"copyrightYear":"2024","copyrightHolder":{"@id":"https:\/\/vanxhaber.com\/#organization"}},{"@type":"WebPage","@id":"https:\/\/vanxhaber.com\/index.php\/2024\/05\/07\/ogretmen-atama-sayisi-aciklandi\/","url":"https:\/\/vanxhaber.com\/index.php\/2024\/05\/07\/ogretmen-atama-sayisi-aciklandi\/","name":"\u00d6\u011fretmen atama say\u0131s\u0131 a\u00e7\u0131kland\u0131 - Van Haber | Van X Haber | Van Haberleri","isPartOf":{"@id":"https:\/\/vanxhaber.com\/#website"},"primaryImageOfPage":{"@id":"https:\/\/vanxhaber.com\/index.php\/2024\/05\/07\/ogretmen-atama-sayisi-aciklandi\/#primaryimage"},"image":{"@id":"https:\/\/vanxhaber.com\/index.php\/2024\/05\/07\/ogretmen-atama-sayisi-aciklandi\/#primaryimage"},"thumbnailUrl":"https:\/\/vanxhaber.com\/wp-content\/uploads\/2024\/05\/Milli-Egitim-Bakani.jpg","datePublished":"2024-05-07T08:50:31+00:00","dateModified":"2024-05-07T08:50:33+00:00","author":{"@id":"https:\/\/vanxhaber.com\/#\/schema\/person\/a5fd8d89510cb5370e62ad176f7978ee"},"breadcrumb":{"@id":"https:\/\/vanxhaber.com\/index.php\/2024\/05\/07\/ogretmen-atama-sayisi-aciklandi\/#breadcrumb"},"inLanguage":"tr","potentialAction":[{"@type":"ReadAction","target":["https:\/\/vanxhaber.com\/index.php\/2024\/05\/07\/ogretmen-atama-sayisi-aciklandi\/"]}]},{"@type":"ImageObject","inLanguage":"tr","@id":"https:\/\/vanxhaber.com\/index.php\/2024\/05\/07\/ogretmen-atama-sayisi-aciklandi\/#primaryimage","url":"https:\/\/vanxhaber.com\/wp-content\/uploads\/2024\/05\/Milli-Egitim-Bakani.jpg","contentUrl":"https:\/\/vanxhaber.com\/wp-content\/uploads\/2024\/05\/Milli-Egitim-Bakani.jpg","width":1600,"height":1040},{"@type":"BreadcrumbList","@id":"https:\/\/vanxhaber.com\/index.php\/2024\/05\/07\/ogretmen-atama-sayisi-aciklandi\/#breadcrumb","itemListElement":[{"@type":"ListItem","position":1,"name":"Anasayfa","item":"https:\/\/vanxhaber.com\/"},{"@type":"ListItem","position":2,"name":"\u00d6\u011fretmen atama say\u0131s\u0131 a\u00e7\u0131kland\u0131"}]},{"@type":"WebSite","@id":"https:\/\/vanxhaber.com\/#website","url":"https:\/\/vanxhaber.com\/","name":"Van Haber | Van X Haber | Van Haberleri","description":"Van Haber, Van&#039;\u0131n ilk yapay zeka teknolojileri ile yaz\u0131lan Van X Haber ve Van Haberlerini aktif g\u00fcncel sunan tek vanhaber merkezidir.","potentialAction":[{"@type":"SearchAction","target":{"@type":"EntryPoint","urlTemplate":"https:\/\/vanxhaber.com\/?s={search_term_string}"},"query-input":{"@type":"PropertyValueSpecification","valueRequired":true,"valueName":"search_term_string"}}],"inLanguage":"tr"},{"@type":"Person","@id":"https:\/\/vanxhaber.com\/#\/schema\/person\/a5fd8d89510cb5370e62ad176f7978ee","name":"Van X Haber","image":{"@type":"ImageObject","inLanguage":"tr","@id":"https:\/\/vanxhaber.com\/#\/schema\/person\/image\/","url":"https:\/\/secure.gravatar.com\/avatar\/36f2f63826681263103acb5ca1e7bc1a6db11baea9b75dd091d89b74f2704b07?s=96&d=mm&r=g","contentUrl":"https:\/\/secure.gravatar.com\/avatar\/36f2f63826681263103acb5ca1e7bc1a6db11baea9b75dd091d89b74f2704b07?s=96&d=mm&r=g","caption":"Van X Haber"},"description":"Van X Haber Van'\u0131n ilk ve tek yeni nesil Van Haber merkezi. Son Dakika Van Haberleri ve G\u00fcncel Van haber merkezinde s\u0131cak geli\u015fmeleri aktarmaya devam edece\u011fiz.","url":"https:\/\/vanxhaber.com\/index.php\/author\/vangazetesi\/"}]}},"_links":{"self":[{"href":"https:\/\/vanxhaber.com\/index.php\/wp-json\/wp\/v2\/posts\/2003","targetHints":{"allow":["GET"]}}],"collection":[{"href":"https:\/\/vanxhaber.com\/index.php\/wp-json\/wp\/v2\/posts"}],"about":[{"href":"https:\/\/vanxhaber.com\/index.php\/wp-json\/wp\/v2\/types\/post"}],"author":[{"embeddable":true,"href":"https:\/\/vanxhaber.com\/index.php\/wp-json\/wp\/v2\/users\/2"}],"replies":[{"embeddable":true,"href":"https:\/\/vanxhaber.com\/index.php\/wp-json\/wp\/v2\/comments?post=2003"}],"version-history":[{"count":1,"href":"https:\/\/vanxhaber.com\/index.php\/wp-json\/wp\/v2\/posts\/2003\/revisions"}],"predecessor-version":[{"id":2006,"href":"https:\/\/vanxhaber.com\/index.php\/wp-json\/wp\/v2\/posts\/2003\/revisions\/2006"}],"wp:featuredmedia":[{"embeddable":true,"href":"https:\/\/vanxhaber.com\/index.php\/wp-json\/wp\/v2\/media\/2005"}],"wp:attachment":[{"href":"https:\/\/vanxhaber.com\/index.php\/wp-json\/wp\/v2\/media?parent=2003"}],"wp:term":[{"taxonomy":"category","embeddable":true,"href":"https:\/\/vanxhaber.com\/index.php\/wp-json\/wp\/v2\/categories?post=2003"},{"taxonomy":"post_tag","embeddable":true,"href":"https:\/\/vanxhaber.com\/index.php\/wp-json\/wp\/v2\/tags?post=2003"}],"curies":[{"name":"wp","href":"https:\/\/api.w.org\/{rel}","templated":true}]}}