{"id":2021,"date":"2024-06-09T08:58:03","date_gmt":"2024-06-09T08:58:03","guid":{"rendered":"https:\/\/vanxhaber.com\/?p=2021"},"modified":"2024-06-09T08:58:05","modified_gmt":"2024-06-09T08:58:05","slug":"vanda-otobusu-ile-tir-carpisti-4u-agir-30-kisi-yarali","status":"publish","type":"post","link":"https:\/\/vanxhaber.com\/index.php\/2024\/06\/09\/vanda-otobusu-ile-tir-carpisti-4u-agir-30-kisi-yarali\/","title":{"rendered":"Van&#8217;da Otob\u00fcs\u00fc ile TIR \u00e7arp\u0131\u015ft\u0131 4&#8217;\u00fc a\u011f\u0131r 30 ki\u015fi yaral\u0131"},"content":{"rendered":"\n<p>Van Kaza Haberleri! Van-Bitlis karayolunda sabah saatlerinde yolcu otob\u00fcs\u00fc ile bir TIR \u00e7arp\u0131\u015ft\u0131. 2 ki\u015fi hayat\u0131n\u0131 kaybederken, 4&#8217;\u00fc a\u011f\u0131r olmak \u00fczere toplam 30 ki\u015fi yaraland\u0131.<\/p>\n\n\n\n<p>Van Kaza Haberleri &#8211; Van Haber Gazetesi &#8211;  \u0130ddiaya g\u00f6re; Olay, bug\u00fcn sabah saatlerinde Van ili ile Bitlis aras\u0131nda meydana geldi. Van-Bitlis karayolunda sabah saatlerinde meydana gelen kazada, Vanl\u0131 bir firmaya ait yolcu otob\u00fcs\u00fc ile bir TIR \u00e7arp\u0131\u015ft\u0131. <\/p>\n\n\n\n<p>Kazada 2 ki\u015fi hayat\u0131n\u0131 kaybederken, 4&#8217;\u00fc a\u011f\u0131r olmak \u00fczere toplam 30 ki\u015fi yaraland\u0131.Van Bitlis il\u00e7esinde bulunan Kuskunkuran T\u00fcneli civar\u0131nda ger\u00e7ekle\u015fen kaza, hen\u00fcz belirlenemeyen bir sebepten dolay\u0131 ya\u015fand\u0131.\u00c7arp\u0131\u015fman\u0131n \u015fiddetiyle otob\u00fcste ve TIR&#8217;da b\u00fcy\u00fck hasar meydana geldi. S\u00fcr\u00fcc\u00fclerin isimleri ve plakalar\u0131 hen\u00fcz \u00f6\u011frenilemedi.<\/p>\n\n\n\n<p>Kaza ihbar\u0131n\u0131n ard\u0131ndan b\u00f6lgeye \u00e7ok say\u0131da ambulans, AFAD ve jandarma ekibi sevk edildi.<\/p>\n\n\n\n<p> Yaral\u0131lar, olay yerinde yap\u0131lan ilk m\u00fcdahalenin ard\u0131ndan ambulanslarla hastanelere kald\u0131r\u0131ld\u0131. Durumu a\u011f\u0131r olan 4 ki\u015finin tedavisi s\u00fcrerken, toplam 30 yaral\u0131ya m\u00fcdahale devam ediyor<\/p>\n\n\n\n<p>Van X Haber <\/p>\n","protected":false},"excerpt":{"rendered":"<p>Van Kaza Haberleri! Van-Bitlis karayolunda sabah saatlerinde yolcu otob\u00fcs\u00fc ile bir TIR \u00e7arp\u0131\u015ft\u0131. 2 ki\u015fi hayat\u0131n\u0131 kaybederken, 4&#8217;\u00fc a\u011f\u0131r olmak \u00fczere toplam 30 ki\u015fi yaraland\u0131<\/p>\n","protected":false},"author":2,"featured_media":2023,"comment_status":"open","ping_status":"closed","sticky":false,"template":"","format":"standard","meta":{"googlesitekit_rrm_CAowot3VCw:productID":"","footnotes":""},"categories":[1,29,30],"tags":[34,36,115,116,117],"class_list":["post-2021","post","type-post","status-publish","format-standard","has-post-thumbnail","hentry","category-van-haber","category-van-kaza","category-van-x-haber","tag-van","tag-van-haberleri","tag-van-kaza","tag-van-kaza-haberleri","tag-wan-haber"],"yoast_head":"<!-- This site is optimized with the Yoast SEO Premium plugin v21.7 (Yoast SEO v26.7) - https:\/\/yoast.com\/wordpress\/plugins\/seo\/ -->\n<title>Van&#039;da Otob\u00fcs\u00fc ile TIR \u00e7arp\u0131\u015ft\u0131 4&#039;\u00fc a\u011f\u0131r 30 ki\u015fi yaral\u0131 - Van Haber | Van X Haber | Van Haberleri<\/title>\n<meta name=\"robots\" content=\"index, follow, max-snippet:-1, max-image-preview:large, max-video-preview:-1\" \/>\n<link rel=\"canonical\" href=\"https:\/\/vanxhaber.com\/index.php\/2024\/06\/09\/vanda-otobusu-ile-tir-carpisti-4u-agir-30-kisi-yarali\/\" \/>\n<meta property=\"og:locale\" content=\"tr_TR\" \/>\n<meta property=\"og:type\" content=\"article\" \/>\n<meta property=\"og:title\" content=\"Van&#039;da Otob\u00fcs\u00fc ile TIR \u00e7arp\u0131\u015ft\u0131 4&#039;\u00fc a\u011f\u0131r 30 ki\u015fi yaral\u0131\" \/>\n<meta property=\"og:description\" content=\"Van Kaza Haberleri! Van-Bitlis karayolunda sabah saatlerinde yolcu otob\u00fcs\u00fc ile bir TIR \u00e7arp\u0131\u015ft\u0131. 2 ki\u015fi hayat\u0131n\u0131 kaybederken, 4&#039;\u00fc a\u011f\u0131r olmak \u00fczere toplam 30 ki\u015fi yaraland\u0131\" \/>\n<meta property=\"og:url\" content=\"https:\/\/vanxhaber.com\/index.php\/2024\/06\/09\/vanda-otobusu-ile-tir-carpisti-4u-agir-30-kisi-yarali\/\" \/>\n<meta property=\"og:site_name\" content=\"Van Haber | Van X Haber | Van Haberleri\" \/>\n<meta property=\"article:published_time\" content=\"2024-06-09T08:58:03+00:00\" \/>\n<meta property=\"article:modified_time\" content=\"2024-06-09T08:58:05+00:00\" \/>\n<meta property=\"og:image\" content=\"https:\/\/vanxhaber.com\/wp-content\/uploads\/2024\/06\/IMG_20240609_102210_654.jpg\" \/>\n\t<meta property=\"og:image:width\" content=\"750\" \/>\n\t<meta property=\"og:image:height\" content=\"1000\" \/>\n\t<meta property=\"og:image:type\" content=\"image\/jpeg\" \/>\n<meta name=\"author\" content=\"Van X Haber\" \/>\n<meta name=\"twitter:card\" content=\"summary_large_image\" \/>\n<meta name=\"twitter:label1\" content=\"Yazan:\" \/>\n\t<meta name=\"twitter:data1\" content=\"Van X Haber\" \/>\n\t<meta name=\"twitter:label2\" content=\"Tahmini okuma s\u00fcresi\" \/>\n\t<meta name=\"twitter:data2\" content=\"2 dakika\" \/>\n<script type=\"application\/ld+json\" class=\"yoast-schema-graph\">{\"@context\":\"https:\/\/schema.org\",\"@graph\":[{\"@type\":\"Article\",\"@id\":\"https:\/\/vanxhaber.com\/index.php\/2024\/06\/09\/vanda-otobusu-ile-tir-carpisti-4u-agir-30-kisi-yarali\/#article\",\"isPartOf\":{\"@id\":\"https:\/\/vanxhaber.com\/index.php\/2024\/06\/09\/vanda-otobusu-ile-tir-carpisti-4u-agir-30-kisi-yarali\/\"},\"author\":{\"name\":\"Van X Haber\",\"@id\":\"https:\/\/vanxhaber.com\/#\/schema\/person\/a5fd8d89510cb5370e62ad176f7978ee\"},\"headline\":\"Van&#8217;da Otob\u00fcs\u00fc ile TIR \u00e7arp\u0131\u015ft\u0131 4&#8217;\u00fc a\u011f\u0131r 30 ki\u015fi yaral\u0131\",\"datePublished\":\"2024-06-09T08:58:03+00:00\",\"dateModified\":\"2024-06-09T08:58:05+00:00\",\"mainEntityOfPage\":{\"@id\":\"https:\/\/vanxhaber.com\/index.php\/2024\/06\/09\/vanda-otobusu-ile-tir-carpisti-4u-agir-30-kisi-yarali\/\"},\"wordCount\":198,\"commentCount\":0,\"image\":{\"@id\":\"https:\/\/vanxhaber.com\/index.php\/2024\/06\/09\/vanda-otobusu-ile-tir-carpisti-4u-agir-30-kisi-yarali\/#primaryimage\"},\"thumbnailUrl\":\"https:\/\/vanxhaber.com\/wp-content\/uploads\/2024\/06\/IMG_20240609_102210_654.jpg\",\"keywords\":[\"van\",\"van haberleri\",\"Van kaza\",\"Van kaza haberleri\",\"Wan haber\"],\"articleSection\":[\"Van Haber\",\"Van Kaza\",\"Van X Haber\"],\"inLanguage\":\"tr\",\"potentialAction\":[{\"@type\":\"CommentAction\",\"name\":\"Comment\",\"target\":[\"https:\/\/vanxhaber.com\/index.php\/2024\/06\/09\/vanda-otobusu-ile-tir-carpisti-4u-agir-30-kisi-yarali\/#respond\"]}],\"copyrightYear\":\"2024\",\"copyrightHolder\":{\"@id\":\"https:\/\/vanxhaber.com\/#organization\"}},{\"@type\":\"WebPage\",\"@id\":\"https:\/\/vanxhaber.com\/index.php\/2024\/06\/09\/vanda-otobusu-ile-tir-carpisti-4u-agir-30-kisi-yarali\/\",\"url\":\"https:\/\/vanxhaber.com\/index.php\/2024\/06\/09\/vanda-otobusu-ile-tir-carpisti-4u-agir-30-kisi-yarali\/\",\"name\":\"Van'da Otob\u00fcs\u00fc ile TIR \u00e7arp\u0131\u015ft\u0131 4'\u00fc a\u011f\u0131r 30 ki\u015fi yaral\u0131 - Van Haber | Van X Haber | Van Haberleri\",\"isPartOf\":{\"@id\":\"https:\/\/vanxhaber.com\/#website\"},\"primaryImageOfPage\":{\"@id\":\"https:\/\/vanxhaber.com\/index.php\/2024\/06\/09\/vanda-otobusu-ile-tir-carpisti-4u-agir-30-kisi-yarali\/#primaryimage\"},\"image\":{\"@id\":\"https:\/\/vanxhaber.com\/index.php\/2024\/06\/09\/vanda-otobusu-ile-tir-carpisti-4u-agir-30-kisi-yarali\/#primaryimage\"},\"thumbnailUrl\":\"https:\/\/vanxhaber.com\/wp-content\/uploads\/2024\/06\/IMG_20240609_102210_654.jpg\",\"datePublished\":\"2024-06-09T08:58:03+00:00\",\"dateModified\":\"2024-06-09T08:58:05+00:00\",\"author\":{\"@id\":\"https:\/\/vanxhaber.com\/#\/schema\/person\/a5fd8d89510cb5370e62ad176f7978ee\"},\"breadcrumb\":{\"@id\":\"https:\/\/vanxhaber.com\/index.php\/2024\/06\/09\/vanda-otobusu-ile-tir-carpisti-4u-agir-30-kisi-yarali\/#breadcrumb\"},\"inLanguage\":\"tr\",\"potentialAction\":[{\"@type\":\"ReadAction\",\"target\":[\"https:\/\/vanxhaber.com\/index.php\/2024\/06\/09\/vanda-otobusu-ile-tir-carpisti-4u-agir-30-kisi-yarali\/\"]}]},{\"@type\":\"ImageObject\",\"inLanguage\":\"tr\",\"@id\":\"https:\/\/vanxhaber.com\/index.php\/2024\/06\/09\/vanda-otobusu-ile-tir-carpisti-4u-agir-30-kisi-yarali\/#primaryimage\",\"url\":\"https:\/\/vanxhaber.com\/wp-content\/uploads\/2024\/06\/IMG_20240609_102210_654.jpg\",\"contentUrl\":\"https:\/\/vanxhaber.com\/wp-content\/uploads\/2024\/06\/IMG_20240609_102210_654.jpg\",\"width\":750,\"height\":1000},{\"@type\":\"BreadcrumbList\",\"@id\":\"https:\/\/vanxhaber.com\/index.php\/2024\/06\/09\/vanda-otobusu-ile-tir-carpisti-4u-agir-30-kisi-yarali\/#breadcrumb\",\"itemListElement\":[{\"@type\":\"ListItem\",\"position\":1,\"name\":\"Anasayfa\",\"item\":\"https:\/\/vanxhaber.com\/\"},{\"@type\":\"ListItem\",\"position\":2,\"name\":\"Van&#8217;da Otob\u00fcs\u00fc ile TIR \u00e7arp\u0131\u015ft\u0131 4&#8217;\u00fc a\u011f\u0131r 30 ki\u015fi yaral\u0131\"}]},{\"@type\":\"WebSite\",\"@id\":\"https:\/\/vanxhaber.com\/#website\",\"url\":\"https:\/\/vanxhaber.com\/\",\"name\":\"Van Haber | Van X Haber | Van Haberleri\",\"description\":\"Van Haber, Van&#039;\u0131n ilk yapay zeka teknolojileri ile yaz\u0131lan Van X Haber ve Van Haberlerini aktif g\u00fcncel sunan tek vanhaber merkezidir.\",\"potentialAction\":[{\"@type\":\"SearchAction\",\"target\":{\"@type\":\"EntryPoint\",\"urlTemplate\":\"https:\/\/vanxhaber.com\/?s={search_term_string}\"},\"query-input\":{\"@type\":\"PropertyValueSpecification\",\"valueRequired\":true,\"valueName\":\"search_term_string\"}}],\"inLanguage\":\"tr\"},{\"@type\":\"Person\",\"@id\":\"https:\/\/vanxhaber.com\/#\/schema\/person\/a5fd8d89510cb5370e62ad176f7978ee\",\"name\":\"Van X Haber\",\"image\":{\"@type\":\"ImageObject\",\"inLanguage\":\"tr\",\"@id\":\"https:\/\/vanxhaber.com\/#\/schema\/person\/image\/\",\"url\":\"https:\/\/secure.gravatar.com\/avatar\/36f2f63826681263103acb5ca1e7bc1a6db11baea9b75dd091d89b74f2704b07?s=96&d=mm&r=g\",\"contentUrl\":\"https:\/\/secure.gravatar.com\/avatar\/36f2f63826681263103acb5ca1e7bc1a6db11baea9b75dd091d89b74f2704b07?s=96&d=mm&r=g\",\"caption\":\"Van X Haber\"},\"description\":\"Van X Haber Van'\u0131n ilk ve tek yeni nesil Van Haber merkezi. Son Dakika Van Haberleri ve G\u00fcncel Van haber merkezinde s\u0131cak geli\u015fmeleri aktarmaya devam edece\u011fiz.\",\"url\":\"https:\/\/vanxhaber.com\/index.php\/author\/vangazetesi\/\"}]}<\/script>\n<!-- \/ Yoast SEO Premium plugin. -->","yoast_head_json":{"title":"Van'da Otob\u00fcs\u00fc ile TIR \u00e7arp\u0131\u015ft\u0131 4'\u00fc a\u011f\u0131r 30 ki\u015fi yaral\u0131 - Van Haber | Van X Haber | Van Haberleri","robots":{"index":"index","follow":"follow","max-snippet":"max-snippet:-1","max-image-preview":"max-image-preview:large","max-video-preview":"max-video-preview:-1"},"canonical":"https:\/\/vanxhaber.com\/index.php\/2024\/06\/09\/vanda-otobusu-ile-tir-carpisti-4u-agir-30-kisi-yarali\/","og_locale":"tr_TR","og_type":"article","og_title":"Van'da Otob\u00fcs\u00fc ile TIR \u00e7arp\u0131\u015ft\u0131 4'\u00fc a\u011f\u0131r 30 ki\u015fi yaral\u0131","og_description":"Van Kaza Haberleri! Van-Bitlis karayolunda sabah saatlerinde yolcu otob\u00fcs\u00fc ile bir TIR \u00e7arp\u0131\u015ft\u0131. 2 ki\u015fi hayat\u0131n\u0131 kaybederken, 4'\u00fc a\u011f\u0131r olmak \u00fczere toplam 30 ki\u015fi yaraland\u0131","og_url":"https:\/\/vanxhaber.com\/index.php\/2024\/06\/09\/vanda-otobusu-ile-tir-carpisti-4u-agir-30-kisi-yarali\/","og_site_name":"Van Haber | Van X Haber | Van Haberleri","article_published_time":"2024-06-09T08:58:03+00:00","article_modified_time":"2024-06-09T08:58:05+00:00","og_image":[{"width":750,"height":1000,"url":"https:\/\/vanxhaber.com\/wp-content\/uploads\/2024\/06\/IMG_20240609_102210_654.jpg","type":"image\/jpeg"}],"author":"Van X Haber","twitter_card":"summary_large_image","twitter_misc":{"Yazan:":"Van X Haber","Tahmini okuma s\u00fcresi":"2 dakika"},"schema":{"@context":"https:\/\/schema.org","@graph":[{"@type":"Article","@id":"https:\/\/vanxhaber.com\/index.php\/2024\/06\/09\/vanda-otobusu-ile-tir-carpisti-4u-agir-30-kisi-yarali\/#article","isPartOf":{"@id":"https:\/\/vanxhaber.com\/index.php\/2024\/06\/09\/vanda-otobusu-ile-tir-carpisti-4u-agir-30-kisi-yarali\/"},"author":{"name":"Van X Haber","@id":"https:\/\/vanxhaber.com\/#\/schema\/person\/a5fd8d89510cb5370e62ad176f7978ee"},"headline":"Van&#8217;da Otob\u00fcs\u00fc ile TIR \u00e7arp\u0131\u015ft\u0131 4&#8217;\u00fc a\u011f\u0131r 30 ki\u015fi yaral\u0131","datePublished":"2024-06-09T08:58:03+00:00","dateModified":"2024-06-09T08:58:05+00:00","mainEntityOfPage":{"@id":"https:\/\/vanxhaber.com\/index.php\/2024\/06\/09\/vanda-otobusu-ile-tir-carpisti-4u-agir-30-kisi-yarali\/"},"wordCount":198,"commentCount":0,"image":{"@id":"https:\/\/vanxhaber.com\/index.php\/2024\/06\/09\/vanda-otobusu-ile-tir-carpisti-4u-agir-30-kisi-yarali\/#primaryimage"},"thumbnailUrl":"https:\/\/vanxhaber.com\/wp-content\/uploads\/2024\/06\/IMG_20240609_102210_654.jpg","keywords":["van","van haberleri","Van kaza","Van kaza haberleri","Wan haber"],"articleSection":["Van Haber","Van Kaza","Van X Haber"],"inLanguage":"tr","potentialAction":[{"@type":"CommentAction","name":"Comment","target":["https:\/\/vanxhaber.com\/index.php\/2024\/06\/09\/vanda-otobusu-ile-tir-carpisti-4u-agir-30-kisi-yarali\/#respond"]}],"copyrightYear":"2024","copyrightHolder":{"@id":"https:\/\/vanxhaber.com\/#organization"}},{"@type":"WebPage","@id":"https:\/\/vanxhaber.com\/index.php\/2024\/06\/09\/vanda-otobusu-ile-tir-carpisti-4u-agir-30-kisi-yarali\/","url":"https:\/\/vanxhaber.com\/index.php\/2024\/06\/09\/vanda-otobusu-ile-tir-carpisti-4u-agir-30-kisi-yarali\/","name":"Van'da Otob\u00fcs\u00fc ile TIR \u00e7arp\u0131\u015ft\u0131 4'\u00fc a\u011f\u0131r 30 ki\u015fi yaral\u0131 - Van Haber | Van X Haber | Van Haberleri","isPartOf":{"@id":"https:\/\/vanxhaber.com\/#website"},"primaryImageOfPage":{"@id":"https:\/\/vanxhaber.com\/index.php\/2024\/06\/09\/vanda-otobusu-ile-tir-carpisti-4u-agir-30-kisi-yarali\/#primaryimage"},"image":{"@id":"https:\/\/vanxhaber.com\/index.php\/2024\/06\/09\/vanda-otobusu-ile-tir-carpisti-4u-agir-30-kisi-yarali\/#primaryimage"},"thumbnailUrl":"https:\/\/vanxhaber.com\/wp-content\/uploads\/2024\/06\/IMG_20240609_102210_654.jpg","datePublished":"2024-06-09T08:58:03+00:00","dateModified":"2024-06-09T08:58:05+00:00","author":{"@id":"https:\/\/vanxhaber.com\/#\/schema\/person\/a5fd8d89510cb5370e62ad176f7978ee"},"breadcrumb":{"@id":"https:\/\/vanxhaber.com\/index.php\/2024\/06\/09\/vanda-otobusu-ile-tir-carpisti-4u-agir-30-kisi-yarali\/#breadcrumb"},"inLanguage":"tr","potentialAction":[{"@type":"ReadAction","target":["https:\/\/vanxhaber.com\/index.php\/2024\/06\/09\/vanda-otobusu-ile-tir-carpisti-4u-agir-30-kisi-yarali\/"]}]},{"@type":"ImageObject","inLanguage":"tr","@id":"https:\/\/vanxhaber.com\/index.php\/2024\/06\/09\/vanda-otobusu-ile-tir-carpisti-4u-agir-30-kisi-yarali\/#primaryimage","url":"https:\/\/vanxhaber.com\/wp-content\/uploads\/2024\/06\/IMG_20240609_102210_654.jpg","contentUrl":"https:\/\/vanxhaber.com\/wp-content\/uploads\/2024\/06\/IMG_20240609_102210_654.jpg","width":750,"height":1000},{"@type":"BreadcrumbList","@id":"https:\/\/vanxhaber.com\/index.php\/2024\/06\/09\/vanda-otobusu-ile-tir-carpisti-4u-agir-30-kisi-yarali\/#breadcrumb","itemListElement":[{"@type":"ListItem","position":1,"name":"Anasayfa","item":"https:\/\/vanxhaber.com\/"},{"@type":"ListItem","position":2,"name":"Van&#8217;da Otob\u00fcs\u00fc ile TIR \u00e7arp\u0131\u015ft\u0131 4&#8217;\u00fc a\u011f\u0131r 30 ki\u015fi yaral\u0131"}]},{"@type":"WebSite","@id":"https:\/\/vanxhaber.com\/#website","url":"https:\/\/vanxhaber.com\/","name":"Van Haber | Van X Haber | Van Haberleri","description":"Van Haber, Van&#039;\u0131n ilk yapay zeka teknolojileri ile yaz\u0131lan Van X Haber ve Van Haberlerini aktif g\u00fcncel sunan tek vanhaber merkezidir.","potentialAction":[{"@type":"SearchAction","target":{"@type":"EntryPoint","urlTemplate":"https:\/\/vanxhaber.com\/?s={search_term_string}"},"query-input":{"@type":"PropertyValueSpecification","valueRequired":true,"valueName":"search_term_string"}}],"inLanguage":"tr"},{"@type":"Person","@id":"https:\/\/vanxhaber.com\/#\/schema\/person\/a5fd8d89510cb5370e62ad176f7978ee","name":"Van X Haber","image":{"@type":"ImageObject","inLanguage":"tr","@id":"https:\/\/vanxhaber.com\/#\/schema\/person\/image\/","url":"https:\/\/secure.gravatar.com\/avatar\/36f2f63826681263103acb5ca1e7bc1a6db11baea9b75dd091d89b74f2704b07?s=96&d=mm&r=g","contentUrl":"https:\/\/secure.gravatar.com\/avatar\/36f2f63826681263103acb5ca1e7bc1a6db11baea9b75dd091d89b74f2704b07?s=96&d=mm&r=g","caption":"Van X Haber"},"description":"Van X Haber Van'\u0131n ilk ve tek yeni nesil Van Haber merkezi. Son Dakika Van Haberleri ve G\u00fcncel Van haber merkezinde s\u0131cak geli\u015fmeleri aktarmaya devam edece\u011fiz.","url":"https:\/\/vanxhaber.com\/index.php\/author\/vangazetesi\/"}]}},"_links":{"self":[{"href":"https:\/\/vanxhaber.com\/index.php\/wp-json\/wp\/v2\/posts\/2021","targetHints":{"allow":["GET"]}}],"collection":[{"href":"https:\/\/vanxhaber.com\/index.php\/wp-json\/wp\/v2\/posts"}],"about":[{"href":"https:\/\/vanxhaber.com\/index.php\/wp-json\/wp\/v2\/types\/post"}],"author":[{"embeddable":true,"href":"https:\/\/vanxhaber.com\/index.php\/wp-json\/wp\/v2\/users\/2"}],"replies":[{"embeddable":true,"href":"https:\/\/vanxhaber.com\/index.php\/wp-json\/wp\/v2\/comments?post=2021"}],"version-history":[{"count":1,"href":"https:\/\/vanxhaber.com\/index.php\/wp-json\/wp\/v2\/posts\/2021\/revisions"}],"predecessor-version":[{"id":2024,"href":"https:\/\/vanxhaber.com\/index.php\/wp-json\/wp\/v2\/posts\/2021\/revisions\/2024"}],"wp:featuredmedia":[{"embeddable":true,"href":"https:\/\/vanxhaber.com\/index.php\/wp-json\/wp\/v2\/media\/2023"}],"wp:attachment":[{"href":"https:\/\/vanxhaber.com\/index.php\/wp-json\/wp\/v2\/media?parent=2021"}],"wp:term":[{"taxonomy":"category","embeddable":true,"href":"https:\/\/vanxhaber.com\/index.php\/wp-json\/wp\/v2\/categories?post=2021"},{"taxonomy":"post_tag","embeddable":true,"href":"https:\/\/vanxhaber.com\/index.php\/wp-json\/wp\/v2\/tags?post=2021"}],"curies":[{"name":"wp","href":"https:\/\/api.w.org\/{rel}","templated":true}]}}