{"id":2025,"date":"2024-06-13T09:01:08","date_gmt":"2024-06-13T09:01:08","guid":{"rendered":"https:\/\/vanxhaber.com\/?p=2025"},"modified":"2024-06-13T09:01:10","modified_gmt":"2024-06-13T09:01:10","slug":"yazar-albert-yetkin-van-golunu-cocuk-kitabina-ekledi","status":"publish","type":"post","link":"https:\/\/vanxhaber.com\/index.php\/2024\/06\/13\/yazar-albert-yetkin-van-golunu-cocuk-kitabina-ekledi\/","title":{"rendered":"Yazar Albert Yetkin, Van G\u00f6l\u00fc\u2019n\u00fc \u00e7ocuk kitab\u0131na ekledi"},"content":{"rendered":"\n<p><br><strong>Yazar Albert Yetkin\u2019in \u00e7ocuklar i\u00e7in kaleme ald\u0131\u011f\u0131 &#8220;Tina ile Boncuk&#8221; adl\u0131 kitab\u0131nda, Van G\u00f6l\u00fc\u2019n\u00fcn b\u00fcy\u00fcleyici d\u00fcnyas\u0131 yer al\u0131yor. <\/strong><\/p>\n\n\n\n<p>T\u00fcrkiye genelinde da\u011f\u0131t\u0131lan kitap, \u00e7ocuklar\u0131n do\u011fa ve \u00e7evre bilincini art\u0131rmay\u0131 hedefliyor\u2026<\/p>\n\n\n\n<p>&#8220;<strong>Tina ile Boncuk\u2019<\/strong>un Maceralar\u0131&#8221; kitab\u0131, Van G\u00f6l\u00fc\u2019n\u00fcn do\u011fal g\u00fczelliklerini ve \u00f6nemini \u00e7ocuklar\u0131n anlayabilece\u011fi bir dille anlat\u0131yor. Kitap, g\u00f6lde ya\u015fayan canl\u0131lardan tarihi mekanlara kadar pek \u00e7ok unsuru e\u011flenceli bir bi\u00e7imde ele al\u0131yor. B\u00f6ylece \u00e7ocuklar, hem keyifli bir okuma deneyimi ya\u015f\u0131yor hem de Van G\u00f6l\u00fc hakk\u0131nda bilgi sahibi oluyorlar. Kitapta, Van G\u00f6l\u00fc\u2019n\u00fcn korunmas\u0131 gerekti\u011fi ve \u00e7evre kirlili\u011finin \u00f6nlenmesi i\u00e7in yap\u0131labilecekler \u00e7ocuklara anlat\u0131l\u0131yor. Bu y\u00f6n\u00fcyle eser, \u00e7ocuklar\u0131n \u00e7evreye olan duyarl\u0131l\u0131\u011f\u0131n\u0131 art\u0131rarak e\u011fitimci bir rol \u00fcstleniyor.<\/p>\n\n\n\n<p>T\u00fcrkiye genelinde da\u011f\u0131t\u0131lan &#8220;Tina ile Boncuk&#8221; adl\u0131 kitap, k\u0131sa s\u00fcrede b\u00fcy\u00fck ilgi g\u00f6rd\u00fc. Okuyuculardan ve e\u011fitimcilerden olumlu geri d\u00f6n\u00fc\u015fler alan eser, \u00e7ocuk edebiyat\u0131 alan\u0131nda \u00f6nemli bir yere sahip oldu. Kitap, \u00e7ocuklara e\u011flenceli ve \u00f6\u011fretici bir \u015fekilde Van G\u00f6l\u00fc\u2019n\u00fc anlatarak, \u00e7evre bilincinin art\u0131r\u0131lmas\u0131 konusunda fark\u0131ndal\u0131k yaratmay\u0131 hedefliyor.<\/p>\n\n\n\n<p>Albert Yetkin&#8217;den A\u00e7\u0131klama: &#8220;\u00c7ocuklara Do\u011fay\u0131 ve \u00c7evreyi Sevdirerek Koruma Bilinci A\u015f\u0131l\u0131yoruz&#8221;<\/p>\n\n\n\n<p>Yazar Albert Yetkin, &#8220;Tina ile Boncuk&#8221; kitab\u0131n\u0131n g\u00f6rd\u00fc\u011f\u00fc b\u00fcy\u00fck ilgi ve be\u011feni \u00fczerine \u00f6nemli a\u00e7\u0131klamalarda bulundu. Yetkin, kitab\u0131n yaz\u0131lma s\u00fcreci ve ama\u00e7lar\u0131 hakk\u0131nda bilgi verirken, \u00e7ocuklara do\u011fa ve \u00e7evre bilinci kazand\u0131rman\u0131n \u00f6nemini vurgulad\u0131.<\/p>\n\n\n\n<p>\u201c\u00c7ocuklara do\u011fay\u0131 sevdirmeyi hedefledim\u201d<\/p>\n\n\n\n<p>Albert Yetkin, &#8220;Tina ile Boncuk&#8221; kitab\u0131n\u0131 yazarken en b\u00fcy\u00fck hedefinin \u00e7ocuklara do\u011fay\u0131 ve \u00e7evreyi sevdirerek, koruma bilinci a\u015f\u0131lamak oldu\u011funu belirtti. Yetkin, &#8220;\u00c7ocuklar\u0131m\u0131z\u0131n do\u011fayla i\u00e7 i\u00e7e b\u00fcy\u00fcmeleri, \u00e7evresel sorunlara kar\u015f\u0131 duyarl\u0131 ve bilin\u00e7li bireyler olmalar\u0131 i\u00e7in b\u00f6yle bir eser kaleme ald\u0131m. Van G\u00f6l\u00fc\u2019n\u00fcn b\u00fcy\u00fcleyici d\u00fcnyas\u0131n\u0131 e\u011flenceli bir dille anlatarak, onlar\u0131n ilgisini \u00e7ekmeyi ama\u00e7lad\u0131m&#8221; dedi.<\/p>\n\n\n\n<p>\u201cVan G\u00f6l\u00fc\u2019n\u00fcn Tan\u0131t\u0131m\u0131 ve Korunmas\u0131 Gerekti\u011fini D\u00fc\u015f\u00fcn\u00fcyorum\u201d<\/p>\n\n\n\n<p>Yetkin, Van G\u00f6l\u00fc\u2019n\u00fcn T\u00fcrkiye\u2019nin \u00f6nemli do\u011fal g\u00fczelliklerinden biri oldu\u011funu vurgulad\u0131. &#8220;Van G\u00f6l\u00fc, do\u011fal g\u00fczellikleri ve endemik t\u00fcrleriyle \u00fclkemizin nadide b\u00f6lgelerinden biri. Bu g\u00fczellikleri \u00e7ocuklara tan\u0131tmak ve onlar\u0131n g\u00f6l\u00fc koruma bilinci kazanmalar\u0131n\u0131 sa\u011flamak, kitab\u0131n en \u00f6nemli ama\u00e7lar\u0131ndan biri. \u00c7ocuklar, Van G\u00f6l\u00fc\u2019n\u00fcn ekosistemi ve kar\u015f\u0131la\u015ft\u0131\u011f\u0131 \u00e7evresel tehditler hakk\u0131nda bilgi sahibi olarak, bu do\u011fal miras\u0131 koruma bilinciyle yeti\u015fecekler&#8221; diye konu\u015ftu.<\/p>\n\n\n\n<p>Yetkin, eserlerinin sadece T\u00fcrkiye\u2019de de\u011fil, uluslararas\u0131 alanda da ilgi g\u00f6rd\u00fc\u011f\u00fcn\u00fc belirtti. &#8220;Tina ile Boncuk&#8221; kitab\u0131n\u0131n T\u00fcrkiye\u2019nin tan\u0131t\u0131m\u0131na katk\u0131da bulunmay\u0131 hedefledi\u011fini s\u00f6yleyen Yetkin, &#8220;Kitab\u0131m, sadece \u00fclkemizde de\u011fil, uluslararas\u0131 alanda da \u00e7ocuklara T\u00fcrkiye\u2019nin do\u011fal g\u00fczelliklerini tan\u0131t\u0131yor. Bu sayede hem \u00fclkemizi tan\u0131t\u0131yor hem de k\u00fcresel d\u00fczeyde \u00e7evre bilinci olu\u015fturuyoruz. \u00c7ocuklar ve e\u011fitimcilerden ald\u0131\u011f\u0131m olumlu geri d\u00f6n\u00fc\u015fler, do\u011fru yolda oldu\u011fumuzu g\u00f6steriyor. Bu t\u00fcr eserlerin say\u0131s\u0131n\u0131 art\u0131rarak, daha fazla \u00e7ocu\u011fa ula\u015fmay\u0131 hedefliyorum. \u00c7ocuklara do\u011fa ve \u00e7evre bilinci kazand\u0131rmaya y\u00f6nelik yeni projeler haz\u0131rl\u0131yorum. Amac\u0131m, \u00e7ocuk edebiyat\u0131 alan\u0131nda daha fazla eser vererek, gelece\u011fin \u00e7evreye duyarl\u0131 bireylerini yeti\u015ftirmek&#8221; diyerek s\u00f6zlerini tamamlad\u0131.<\/p>\n","protected":false},"excerpt":{"rendered":"<p>Yazar Albert Yetkin\u2019in \u00e7ocuklar i\u00e7in kaleme ald\u0131\u011f\u0131 &#8220;Tina ile Boncuk&#8221; adl\u0131 kitab\u0131nda, Van G\u00f6l\u00fc\u2019n\u00fcn b\u00fcy\u00fcleyici d\u00fcnyas\u0131 yer al\u0131yor. T\u00fcrkiye genelinde da\u011f\u0131t\u0131lan kitap, \u00e7ocuklar\u0131n do\u011fa ve \u00e7evre bilincini art\u0131rmay\u0131 hedefliyor\u2026 &#8220;Tina ile Boncuk\u2019un Maceralar\u0131&#8221; kitab\u0131, Van G\u00f6l\u00fc\u2019n\u00fcn do\u011fal g\u00fczelliklerini ve \u00f6nemini \u00e7ocuklar\u0131n anlayabilece\u011fi bir dille anlat\u0131yor. Kitap, g\u00f6lde ya\u015fayan canl\u0131lardan tarihi mekanlara kadar pek \u00e7ok unsuru &hellip;<\/p>\n","protected":false},"author":2,"featured_media":2027,"comment_status":"open","ping_status":"closed","sticky":false,"template":"","format":"standard","meta":{"googlesitekit_rrm_CAowot3VCw:productID":"","footnotes":""},"categories":[28,1,24],"tags":[],"class_list":["post-2025","post","type-post","status-publish","format-standard","has-post-thumbnail","hentry","category-van-egitim","category-van-haber","category-van-haberleri"],"yoast_head":"<!-- This site is optimized with the Yoast SEO Premium plugin v21.7 (Yoast SEO v26.7) - https:\/\/yoast.com\/wordpress\/plugins\/seo\/ -->\n<title>Yazar Albert Yetkin, Van G\u00f6l\u00fc\u2019n\u00fc \u00e7ocuk kitab\u0131na ekledi - Van Haber | Van X Haber | Van Haberleri<\/title>\n<meta name=\"robots\" content=\"index, follow, max-snippet:-1, max-image-preview:large, max-video-preview:-1\" \/>\n<link rel=\"canonical\" href=\"https:\/\/vanxhaber.com\/index.php\/2024\/06\/13\/yazar-albert-yetkin-van-golunu-cocuk-kitabina-ekledi\/\" \/>\n<meta property=\"og:locale\" content=\"tr_TR\" \/>\n<meta property=\"og:type\" content=\"article\" \/>\n<meta property=\"og:title\" content=\"Yazar Albert Yetkin, Van G\u00f6l\u00fc\u2019n\u00fc \u00e7ocuk kitab\u0131na ekledi\" \/>\n<meta property=\"og:description\" content=\"Yazar Albert Yetkin\u2019in \u00e7ocuklar i\u00e7in kaleme ald\u0131\u011f\u0131 &#8220;Tina ile Boncuk&#8221; adl\u0131 kitab\u0131nda, Van G\u00f6l\u00fc\u2019n\u00fcn b\u00fcy\u00fcleyici d\u00fcnyas\u0131 yer al\u0131yor. T\u00fcrkiye genelinde da\u011f\u0131t\u0131lan kitap, \u00e7ocuklar\u0131n do\u011fa ve \u00e7evre bilincini art\u0131rmay\u0131 hedefliyor\u2026 &#8220;Tina ile Boncuk\u2019un Maceralar\u0131&#8221; kitab\u0131, Van G\u00f6l\u00fc\u2019n\u00fcn do\u011fal g\u00fczelliklerini ve \u00f6nemini \u00e7ocuklar\u0131n anlayabilece\u011fi bir dille anlat\u0131yor. Kitap, g\u00f6lde ya\u015fayan canl\u0131lardan tarihi mekanlara kadar pek \u00e7ok unsuru &hellip;\" \/>\n<meta property=\"og:url\" content=\"https:\/\/vanxhaber.com\/index.php\/2024\/06\/13\/yazar-albert-yetkin-van-golunu-cocuk-kitabina-ekledi\/\" \/>\n<meta property=\"og:site_name\" content=\"Van Haber | Van X Haber | Van Haberleri\" \/>\n<meta property=\"article:published_time\" content=\"2024-06-13T09:01:08+00:00\" \/>\n<meta property=\"article:modified_time\" content=\"2024-06-13T09:01:10+00:00\" \/>\n<meta property=\"og:image\" content=\"https:\/\/vanxhaber.com\/wp-content\/uploads\/2024\/06\/Albert-Yetkinin.jpg\" \/>\n\t<meta property=\"og:image:width\" content=\"641\" \/>\n\t<meta property=\"og:image:height\" content=\"380\" \/>\n\t<meta property=\"og:image:type\" content=\"image\/jpeg\" \/>\n<meta name=\"author\" content=\"Van X Haber\" \/>\n<meta name=\"twitter:card\" content=\"summary_large_image\" \/>\n<meta name=\"twitter:label1\" content=\"Yazan:\" \/>\n\t<meta name=\"twitter:data1\" content=\"Van X Haber\" \/>\n\t<meta name=\"twitter:label2\" content=\"Tahmini okuma s\u00fcresi\" \/>\n\t<meta name=\"twitter:data2\" content=\"3 dakika\" \/>\n<script type=\"application\/ld+json\" class=\"yoast-schema-graph\">{\"@context\":\"https:\/\/schema.org\",\"@graph\":[{\"@type\":\"Article\",\"@id\":\"https:\/\/vanxhaber.com\/index.php\/2024\/06\/13\/yazar-albert-yetkin-van-golunu-cocuk-kitabina-ekledi\/#article\",\"isPartOf\":{\"@id\":\"https:\/\/vanxhaber.com\/index.php\/2024\/06\/13\/yazar-albert-yetkin-van-golunu-cocuk-kitabina-ekledi\/\"},\"author\":{\"name\":\"Van X Haber\",\"@id\":\"https:\/\/vanxhaber.com\/#\/schema\/person\/a5fd8d89510cb5370e62ad176f7978ee\"},\"headline\":\"Yazar Albert Yetkin, Van G\u00f6l\u00fc\u2019n\u00fc \u00e7ocuk kitab\u0131na ekledi\",\"datePublished\":\"2024-06-13T09:01:08+00:00\",\"dateModified\":\"2024-06-13T09:01:10+00:00\",\"mainEntityOfPage\":{\"@id\":\"https:\/\/vanxhaber.com\/index.php\/2024\/06\/13\/yazar-albert-yetkin-van-golunu-cocuk-kitabina-ekledi\/\"},\"wordCount\":625,\"commentCount\":0,\"image\":{\"@id\":\"https:\/\/vanxhaber.com\/index.php\/2024\/06\/13\/yazar-albert-yetkin-van-golunu-cocuk-kitabina-ekledi\/#primaryimage\"},\"thumbnailUrl\":\"https:\/\/vanxhaber.com\/wp-content\/uploads\/2024\/06\/Albert-Yetkinin.jpg\",\"articleSection\":[\"Van E\u011fitim\",\"Van Haber\",\"Van Haberleri\"],\"inLanguage\":\"tr\",\"potentialAction\":[{\"@type\":\"CommentAction\",\"name\":\"Comment\",\"target\":[\"https:\/\/vanxhaber.com\/index.php\/2024\/06\/13\/yazar-albert-yetkin-van-golunu-cocuk-kitabina-ekledi\/#respond\"]}],\"copyrightYear\":\"2024\",\"copyrightHolder\":{\"@id\":\"https:\/\/vanxhaber.com\/#organization\"}},{\"@type\":\"WebPage\",\"@id\":\"https:\/\/vanxhaber.com\/index.php\/2024\/06\/13\/yazar-albert-yetkin-van-golunu-cocuk-kitabina-ekledi\/\",\"url\":\"https:\/\/vanxhaber.com\/index.php\/2024\/06\/13\/yazar-albert-yetkin-van-golunu-cocuk-kitabina-ekledi\/\",\"name\":\"Yazar Albert Yetkin, Van G\u00f6l\u00fc\u2019n\u00fc \u00e7ocuk kitab\u0131na ekledi - Van Haber | Van X Haber | Van Haberleri\",\"isPartOf\":{\"@id\":\"https:\/\/vanxhaber.com\/#website\"},\"primaryImageOfPage\":{\"@id\":\"https:\/\/vanxhaber.com\/index.php\/2024\/06\/13\/yazar-albert-yetkin-van-golunu-cocuk-kitabina-ekledi\/#primaryimage\"},\"image\":{\"@id\":\"https:\/\/vanxhaber.com\/index.php\/2024\/06\/13\/yazar-albert-yetkin-van-golunu-cocuk-kitabina-ekledi\/#primaryimage\"},\"thumbnailUrl\":\"https:\/\/vanxhaber.com\/wp-content\/uploads\/2024\/06\/Albert-Yetkinin.jpg\",\"datePublished\":\"2024-06-13T09:01:08+00:00\",\"dateModified\":\"2024-06-13T09:01:10+00:00\",\"author\":{\"@id\":\"https:\/\/vanxhaber.com\/#\/schema\/person\/a5fd8d89510cb5370e62ad176f7978ee\"},\"breadcrumb\":{\"@id\":\"https:\/\/vanxhaber.com\/index.php\/2024\/06\/13\/yazar-albert-yetkin-van-golunu-cocuk-kitabina-ekledi\/#breadcrumb\"},\"inLanguage\":\"tr\",\"potentialAction\":[{\"@type\":\"ReadAction\",\"target\":[\"https:\/\/vanxhaber.com\/index.php\/2024\/06\/13\/yazar-albert-yetkin-van-golunu-cocuk-kitabina-ekledi\/\"]}]},{\"@type\":\"ImageObject\",\"inLanguage\":\"tr\",\"@id\":\"https:\/\/vanxhaber.com\/index.php\/2024\/06\/13\/yazar-albert-yetkin-van-golunu-cocuk-kitabina-ekledi\/#primaryimage\",\"url\":\"https:\/\/vanxhaber.com\/wp-content\/uploads\/2024\/06\/Albert-Yetkinin.jpg\",\"contentUrl\":\"https:\/\/vanxhaber.com\/wp-content\/uploads\/2024\/06\/Albert-Yetkinin.jpg\",\"width\":641,\"height\":380},{\"@type\":\"BreadcrumbList\",\"@id\":\"https:\/\/vanxhaber.com\/index.php\/2024\/06\/13\/yazar-albert-yetkin-van-golunu-cocuk-kitabina-ekledi\/#breadcrumb\",\"itemListElement\":[{\"@type\":\"ListItem\",\"position\":1,\"name\":\"Anasayfa\",\"item\":\"https:\/\/vanxhaber.com\/\"},{\"@type\":\"ListItem\",\"position\":2,\"name\":\"Yazar Albert Yetkin, Van G\u00f6l\u00fc\u2019n\u00fc \u00e7ocuk kitab\u0131na ekledi\"}]},{\"@type\":\"WebSite\",\"@id\":\"https:\/\/vanxhaber.com\/#website\",\"url\":\"https:\/\/vanxhaber.com\/\",\"name\":\"Van Haber | Van X Haber | Van Haberleri\",\"description\":\"Van Haber, Van&#039;\u0131n ilk yapay zeka teknolojileri ile yaz\u0131lan Van X Haber ve Van Haberlerini aktif g\u00fcncel sunan tek vanhaber merkezidir.\",\"potentialAction\":[{\"@type\":\"SearchAction\",\"target\":{\"@type\":\"EntryPoint\",\"urlTemplate\":\"https:\/\/vanxhaber.com\/?s={search_term_string}\"},\"query-input\":{\"@type\":\"PropertyValueSpecification\",\"valueRequired\":true,\"valueName\":\"search_term_string\"}}],\"inLanguage\":\"tr\"},{\"@type\":\"Person\",\"@id\":\"https:\/\/vanxhaber.com\/#\/schema\/person\/a5fd8d89510cb5370e62ad176f7978ee\",\"name\":\"Van X Haber\",\"image\":{\"@type\":\"ImageObject\",\"inLanguage\":\"tr\",\"@id\":\"https:\/\/vanxhaber.com\/#\/schema\/person\/image\/\",\"url\":\"https:\/\/secure.gravatar.com\/avatar\/36f2f63826681263103acb5ca1e7bc1a6db11baea9b75dd091d89b74f2704b07?s=96&d=mm&r=g\",\"contentUrl\":\"https:\/\/secure.gravatar.com\/avatar\/36f2f63826681263103acb5ca1e7bc1a6db11baea9b75dd091d89b74f2704b07?s=96&d=mm&r=g\",\"caption\":\"Van X Haber\"},\"description\":\"Van X Haber Van'\u0131n ilk ve tek yeni nesil Van Haber merkezi. Son Dakika Van Haberleri ve G\u00fcncel Van haber merkezinde s\u0131cak geli\u015fmeleri aktarmaya devam edece\u011fiz.\",\"url\":\"https:\/\/vanxhaber.com\/index.php\/author\/vangazetesi\/\"}]}<\/script>\n<!-- \/ Yoast SEO Premium plugin. -->","yoast_head_json":{"title":"Yazar Albert Yetkin, Van G\u00f6l\u00fc\u2019n\u00fc \u00e7ocuk kitab\u0131na ekledi - Van Haber | Van X Haber | Van Haberleri","robots":{"index":"index","follow":"follow","max-snippet":"max-snippet:-1","max-image-preview":"max-image-preview:large","max-video-preview":"max-video-preview:-1"},"canonical":"https:\/\/vanxhaber.com\/index.php\/2024\/06\/13\/yazar-albert-yetkin-van-golunu-cocuk-kitabina-ekledi\/","og_locale":"tr_TR","og_type":"article","og_title":"Yazar Albert Yetkin, Van G\u00f6l\u00fc\u2019n\u00fc \u00e7ocuk kitab\u0131na ekledi","og_description":"Yazar Albert Yetkin\u2019in \u00e7ocuklar i\u00e7in kaleme ald\u0131\u011f\u0131 &#8220;Tina ile Boncuk&#8221; adl\u0131 kitab\u0131nda, Van G\u00f6l\u00fc\u2019n\u00fcn b\u00fcy\u00fcleyici d\u00fcnyas\u0131 yer al\u0131yor. T\u00fcrkiye genelinde da\u011f\u0131t\u0131lan kitap, \u00e7ocuklar\u0131n do\u011fa ve \u00e7evre bilincini art\u0131rmay\u0131 hedefliyor\u2026 &#8220;Tina ile Boncuk\u2019un Maceralar\u0131&#8221; kitab\u0131, Van G\u00f6l\u00fc\u2019n\u00fcn do\u011fal g\u00fczelliklerini ve \u00f6nemini \u00e7ocuklar\u0131n anlayabilece\u011fi bir dille anlat\u0131yor. Kitap, g\u00f6lde ya\u015fayan canl\u0131lardan tarihi mekanlara kadar pek \u00e7ok unsuru &hellip;","og_url":"https:\/\/vanxhaber.com\/index.php\/2024\/06\/13\/yazar-albert-yetkin-van-golunu-cocuk-kitabina-ekledi\/","og_site_name":"Van Haber | Van X Haber | Van Haberleri","article_published_time":"2024-06-13T09:01:08+00:00","article_modified_time":"2024-06-13T09:01:10+00:00","og_image":[{"width":641,"height":380,"url":"https:\/\/vanxhaber.com\/wp-content\/uploads\/2024\/06\/Albert-Yetkinin.jpg","type":"image\/jpeg"}],"author":"Van X Haber","twitter_card":"summary_large_image","twitter_misc":{"Yazan:":"Van X Haber","Tahmini okuma s\u00fcresi":"3 dakika"},"schema":{"@context":"https:\/\/schema.org","@graph":[{"@type":"Article","@id":"https:\/\/vanxhaber.com\/index.php\/2024\/06\/13\/yazar-albert-yetkin-van-golunu-cocuk-kitabina-ekledi\/#article","isPartOf":{"@id":"https:\/\/vanxhaber.com\/index.php\/2024\/06\/13\/yazar-albert-yetkin-van-golunu-cocuk-kitabina-ekledi\/"},"author":{"name":"Van X Haber","@id":"https:\/\/vanxhaber.com\/#\/schema\/person\/a5fd8d89510cb5370e62ad176f7978ee"},"headline":"Yazar Albert Yetkin, Van G\u00f6l\u00fc\u2019n\u00fc \u00e7ocuk kitab\u0131na ekledi","datePublished":"2024-06-13T09:01:08+00:00","dateModified":"2024-06-13T09:01:10+00:00","mainEntityOfPage":{"@id":"https:\/\/vanxhaber.com\/index.php\/2024\/06\/13\/yazar-albert-yetkin-van-golunu-cocuk-kitabina-ekledi\/"},"wordCount":625,"commentCount":0,"image":{"@id":"https:\/\/vanxhaber.com\/index.php\/2024\/06\/13\/yazar-albert-yetkin-van-golunu-cocuk-kitabina-ekledi\/#primaryimage"},"thumbnailUrl":"https:\/\/vanxhaber.com\/wp-content\/uploads\/2024\/06\/Albert-Yetkinin.jpg","articleSection":["Van E\u011fitim","Van Haber","Van Haberleri"],"inLanguage":"tr","potentialAction":[{"@type":"CommentAction","name":"Comment","target":["https:\/\/vanxhaber.com\/index.php\/2024\/06\/13\/yazar-albert-yetkin-van-golunu-cocuk-kitabina-ekledi\/#respond"]}],"copyrightYear":"2024","copyrightHolder":{"@id":"https:\/\/vanxhaber.com\/#organization"}},{"@type":"WebPage","@id":"https:\/\/vanxhaber.com\/index.php\/2024\/06\/13\/yazar-albert-yetkin-van-golunu-cocuk-kitabina-ekledi\/","url":"https:\/\/vanxhaber.com\/index.php\/2024\/06\/13\/yazar-albert-yetkin-van-golunu-cocuk-kitabina-ekledi\/","name":"Yazar Albert Yetkin, Van G\u00f6l\u00fc\u2019n\u00fc \u00e7ocuk kitab\u0131na ekledi - Van Haber | Van X Haber | Van Haberleri","isPartOf":{"@id":"https:\/\/vanxhaber.com\/#website"},"primaryImageOfPage":{"@id":"https:\/\/vanxhaber.com\/index.php\/2024\/06\/13\/yazar-albert-yetkin-van-golunu-cocuk-kitabina-ekledi\/#primaryimage"},"image":{"@id":"https:\/\/vanxhaber.com\/index.php\/2024\/06\/13\/yazar-albert-yetkin-van-golunu-cocuk-kitabina-ekledi\/#primaryimage"},"thumbnailUrl":"https:\/\/vanxhaber.com\/wp-content\/uploads\/2024\/06\/Albert-Yetkinin.jpg","datePublished":"2024-06-13T09:01:08+00:00","dateModified":"2024-06-13T09:01:10+00:00","author":{"@id":"https:\/\/vanxhaber.com\/#\/schema\/person\/a5fd8d89510cb5370e62ad176f7978ee"},"breadcrumb":{"@id":"https:\/\/vanxhaber.com\/index.php\/2024\/06\/13\/yazar-albert-yetkin-van-golunu-cocuk-kitabina-ekledi\/#breadcrumb"},"inLanguage":"tr","potentialAction":[{"@type":"ReadAction","target":["https:\/\/vanxhaber.com\/index.php\/2024\/06\/13\/yazar-albert-yetkin-van-golunu-cocuk-kitabina-ekledi\/"]}]},{"@type":"ImageObject","inLanguage":"tr","@id":"https:\/\/vanxhaber.com\/index.php\/2024\/06\/13\/yazar-albert-yetkin-van-golunu-cocuk-kitabina-ekledi\/#primaryimage","url":"https:\/\/vanxhaber.com\/wp-content\/uploads\/2024\/06\/Albert-Yetkinin.jpg","contentUrl":"https:\/\/vanxhaber.com\/wp-content\/uploads\/2024\/06\/Albert-Yetkinin.jpg","width":641,"height":380},{"@type":"BreadcrumbList","@id":"https:\/\/vanxhaber.com\/index.php\/2024\/06\/13\/yazar-albert-yetkin-van-golunu-cocuk-kitabina-ekledi\/#breadcrumb","itemListElement":[{"@type":"ListItem","position":1,"name":"Anasayfa","item":"https:\/\/vanxhaber.com\/"},{"@type":"ListItem","position":2,"name":"Yazar Albert Yetkin, Van G\u00f6l\u00fc\u2019n\u00fc \u00e7ocuk kitab\u0131na ekledi"}]},{"@type":"WebSite","@id":"https:\/\/vanxhaber.com\/#website","url":"https:\/\/vanxhaber.com\/","name":"Van Haber | Van X Haber | Van Haberleri","description":"Van Haber, Van&#039;\u0131n ilk yapay zeka teknolojileri ile yaz\u0131lan Van X Haber ve Van Haberlerini aktif g\u00fcncel sunan tek vanhaber merkezidir.","potentialAction":[{"@type":"SearchAction","target":{"@type":"EntryPoint","urlTemplate":"https:\/\/vanxhaber.com\/?s={search_term_string}"},"query-input":{"@type":"PropertyValueSpecification","valueRequired":true,"valueName":"search_term_string"}}],"inLanguage":"tr"},{"@type":"Person","@id":"https:\/\/vanxhaber.com\/#\/schema\/person\/a5fd8d89510cb5370e62ad176f7978ee","name":"Van X Haber","image":{"@type":"ImageObject","inLanguage":"tr","@id":"https:\/\/vanxhaber.com\/#\/schema\/person\/image\/","url":"https:\/\/secure.gravatar.com\/avatar\/36f2f63826681263103acb5ca1e7bc1a6db11baea9b75dd091d89b74f2704b07?s=96&d=mm&r=g","contentUrl":"https:\/\/secure.gravatar.com\/avatar\/36f2f63826681263103acb5ca1e7bc1a6db11baea9b75dd091d89b74f2704b07?s=96&d=mm&r=g","caption":"Van X Haber"},"description":"Van X Haber Van'\u0131n ilk ve tek yeni nesil Van Haber merkezi. Son Dakika Van Haberleri ve G\u00fcncel Van haber merkezinde s\u0131cak geli\u015fmeleri aktarmaya devam edece\u011fiz.","url":"https:\/\/vanxhaber.com\/index.php\/author\/vangazetesi\/"}]}},"_links":{"self":[{"href":"https:\/\/vanxhaber.com\/index.php\/wp-json\/wp\/v2\/posts\/2025","targetHints":{"allow":["GET"]}}],"collection":[{"href":"https:\/\/vanxhaber.com\/index.php\/wp-json\/wp\/v2\/posts"}],"about":[{"href":"https:\/\/vanxhaber.com\/index.php\/wp-json\/wp\/v2\/types\/post"}],"author":[{"embeddable":true,"href":"https:\/\/vanxhaber.com\/index.php\/wp-json\/wp\/v2\/users\/2"}],"replies":[{"embeddable":true,"href":"https:\/\/vanxhaber.com\/index.php\/wp-json\/wp\/v2\/comments?post=2025"}],"version-history":[{"count":1,"href":"https:\/\/vanxhaber.com\/index.php\/wp-json\/wp\/v2\/posts\/2025\/revisions"}],"predecessor-version":[{"id":2028,"href":"https:\/\/vanxhaber.com\/index.php\/wp-json\/wp\/v2\/posts\/2025\/revisions\/2028"}],"wp:featuredmedia":[{"embeddable":true,"href":"https:\/\/vanxhaber.com\/index.php\/wp-json\/wp\/v2\/media\/2027"}],"wp:attachment":[{"href":"https:\/\/vanxhaber.com\/index.php\/wp-json\/wp\/v2\/media?parent=2025"}],"wp:term":[{"taxonomy":"category","embeddable":true,"href":"https:\/\/vanxhaber.com\/index.php\/wp-json\/wp\/v2\/categories?post=2025"},{"taxonomy":"post_tag","embeddable":true,"href":"https:\/\/vanxhaber.com\/index.php\/wp-json\/wp\/v2\/tags?post=2025"}],"curies":[{"name":"wp","href":"https:\/\/api.w.org\/{rel}","templated":true}]}}