{"id":2029,"date":"2024-06-13T09:11:28","date_gmt":"2024-06-13T09:11:28","guid":{"rendered":"https:\/\/vanxhaber.com\/?p=2029"},"modified":"2024-06-13T09:11:31","modified_gmt":"2024-06-13T09:11:31","slug":"erciste-metruk-binalar-yikiliyor","status":"publish","type":"post","link":"https:\/\/vanxhaber.com\/index.php\/2024\/06\/13\/erciste-metruk-binalar-yikiliyor\/","title":{"rendered":"Erci\u015f&#8217;te metruk binalar y\u0131k\u0131l\u0131yor"},"content":{"rendered":"\n<p><strong>Erci\u015f Belediye kentte bulunan metruk binalar\u0131m y\u0131k\u0131m \u00e7al\u0131\u015fmalar\u0131 devam ediyor.<\/strong><\/p>\n\n\n\n<p>Belediye ekipleri, k\u00f6t\u00fc g\u00f6r\u00fcn\u00fcm\u00fc olan, can ve mal g\u00fcvenli\u011fini tehlikeye sokan metruk binalar\u0131 tek tek y\u0131karak, k\u00f6t\u00fc g\u00f6r\u00fcn\u00fcm\u00fcn de \u00f6ne ge\u00e7iyor.<\/p>\n\n\n\n<p>Erci\u015f Belediyesi, \u00c7elebiba\u011f\u0131 Mahallesinde bulunan metruk bir evi \u00e7evre sa\u011fl\u0131\u011f\u0131 ve g\u00fcvenli\u011fini tehdit gerek\u00e7esiyle y\u0131k\u0131m\u0131n\u0131 yapt\u0131. Ekipler y\u0131k\u0131m\u0131 yap\u0131lan metruk binan\u0131n hafriyatlar\u0131n\u0131 da kald\u0131rd\u0131.<\/p>\n\n\n\n<p>Erci\u015f Belediye Ba\u015fkanl\u0131\u011f\u0131&#8217;nca k\u00f6t\u00fc g\u00f6r\u00fcn\u00fcme sebep olan ve vatanda\u015flar\u0131n can g\u00fcvenli\u011fi tehdit eden metruk yap\u0131lar\u0131n y\u0131k\u0131m\u0131na devam edece\u011fiz.<\/p>\n","protected":false},"excerpt":{"rendered":"<p>Erci\u015f Belediye kentte bulunan metruk binalar\u0131m y\u0131k\u0131m \u00e7al\u0131\u015fmalar\u0131 devam ediyor. Belediye ekipleri, k\u00f6t\u00fc g\u00f6r\u00fcn\u00fcm\u00fc olan, can ve mal g\u00fcvenli\u011fini tehlikeye sokan metruk binalar\u0131 tek tek y\u0131karak, k\u00f6t\u00fc g\u00f6r\u00fcn\u00fcm\u00fcn de \u00f6ne ge\u00e7iyor. Erci\u015f Belediyesi, \u00c7elebiba\u011f\u0131 Mahallesinde bulunan metruk bir evi \u00e7evre sa\u011fl\u0131\u011f\u0131 ve g\u00fcvenli\u011fini tehdit gerek\u00e7esiyle y\u0131k\u0131m\u0131n\u0131 yapt\u0131. Ekipler y\u0131k\u0131m\u0131 yap\u0131lan metruk binan\u0131n hafriyatlar\u0131n\u0131 da kald\u0131rd\u0131. &hellip;<\/p>\n","protected":false},"author":2,"featured_media":2031,"comment_status":"open","ping_status":"closed","sticky":false,"template":"","format":"standard","meta":{"googlesitekit_rrm_CAowot3VCw:productID":"","footnotes":""},"categories":[28,1,24],"tags":[],"class_list":["post-2029","post","type-post","status-publish","format-standard","has-post-thumbnail","hentry","category-van-egitim","category-van-haber","category-van-haberleri"],"yoast_head":"<!-- This site is optimized with the Yoast SEO Premium plugin v21.7 (Yoast SEO v26.7) - https:\/\/yoast.com\/wordpress\/plugins\/seo\/ -->\n<title>Erci\u015f&#039;te metruk binalar y\u0131k\u0131l\u0131yor - Van Haber | Van X Haber | Van Haberleri<\/title>\n<meta name=\"robots\" content=\"index, follow, max-snippet:-1, max-image-preview:large, max-video-preview:-1\" \/>\n<link rel=\"canonical\" href=\"https:\/\/vanxhaber.com\/index.php\/2024\/06\/13\/erciste-metruk-binalar-yikiliyor\/\" \/>\n<meta property=\"og:locale\" content=\"tr_TR\" \/>\n<meta property=\"og:type\" content=\"article\" \/>\n<meta property=\"og:title\" content=\"Erci\u015f&#039;te metruk binalar y\u0131k\u0131l\u0131yor\" \/>\n<meta property=\"og:description\" content=\"Erci\u015f Belediye kentte bulunan metruk binalar\u0131m y\u0131k\u0131m \u00e7al\u0131\u015fmalar\u0131 devam ediyor. Belediye ekipleri, k\u00f6t\u00fc g\u00f6r\u00fcn\u00fcm\u00fc olan, can ve mal g\u00fcvenli\u011fini tehlikeye sokan metruk binalar\u0131 tek tek y\u0131karak, k\u00f6t\u00fc g\u00f6r\u00fcn\u00fcm\u00fcn de \u00f6ne ge\u00e7iyor. Erci\u015f Belediyesi, \u00c7elebiba\u011f\u0131 Mahallesinde bulunan metruk bir evi \u00e7evre sa\u011fl\u0131\u011f\u0131 ve g\u00fcvenli\u011fini tehdit gerek\u00e7esiyle y\u0131k\u0131m\u0131n\u0131 yapt\u0131. Ekipler y\u0131k\u0131m\u0131 yap\u0131lan metruk binan\u0131n hafriyatlar\u0131n\u0131 da kald\u0131rd\u0131. &hellip;\" \/>\n<meta property=\"og:url\" content=\"https:\/\/vanxhaber.com\/index.php\/2024\/06\/13\/erciste-metruk-binalar-yikiliyor\/\" \/>\n<meta property=\"og:site_name\" content=\"Van Haber | Van X Haber | Van Haberleri\" \/>\n<meta property=\"article:published_time\" content=\"2024-06-13T09:11:28+00:00\" \/>\n<meta property=\"article:modified_time\" content=\"2024-06-13T09:11:31+00:00\" \/>\n<meta property=\"og:image\" content=\"https:\/\/vanxhaber.com\/wp-content\/uploads\/2024\/06\/VANDA-METRUK-BINALAR-YIKILIYOR.jpg\" \/>\n\t<meta property=\"og:image:width\" content=\"641\" \/>\n\t<meta property=\"og:image:height\" content=\"380\" \/>\n\t<meta property=\"og:image:type\" content=\"image\/jpeg\" \/>\n<meta name=\"author\" content=\"Van X Haber\" \/>\n<meta name=\"twitter:card\" content=\"summary_large_image\" \/>\n<meta name=\"twitter:label1\" content=\"Yazan:\" \/>\n\t<meta name=\"twitter:data1\" content=\"Van X Haber\" \/>\n\t<meta name=\"twitter:label2\" content=\"Tahmini okuma s\u00fcresi\" \/>\n\t<meta name=\"twitter:data2\" content=\"1 dakika\" \/>\n<script type=\"application\/ld+json\" class=\"yoast-schema-graph\">{\"@context\":\"https:\/\/schema.org\",\"@graph\":[{\"@type\":\"Article\",\"@id\":\"https:\/\/vanxhaber.com\/index.php\/2024\/06\/13\/erciste-metruk-binalar-yikiliyor\/#article\",\"isPartOf\":{\"@id\":\"https:\/\/vanxhaber.com\/index.php\/2024\/06\/13\/erciste-metruk-binalar-yikiliyor\/\"},\"author\":{\"name\":\"Van X Haber\",\"@id\":\"https:\/\/vanxhaber.com\/#\/schema\/person\/a5fd8d89510cb5370e62ad176f7978ee\"},\"headline\":\"Erci\u015f&#8217;te metruk binalar y\u0131k\u0131l\u0131yor\",\"datePublished\":\"2024-06-13T09:11:28+00:00\",\"dateModified\":\"2024-06-13T09:11:31+00:00\",\"mainEntityOfPage\":{\"@id\":\"https:\/\/vanxhaber.com\/index.php\/2024\/06\/13\/erciste-metruk-binalar-yikiliyor\/\"},\"wordCount\":127,\"commentCount\":0,\"image\":{\"@id\":\"https:\/\/vanxhaber.com\/index.php\/2024\/06\/13\/erciste-metruk-binalar-yikiliyor\/#primaryimage\"},\"thumbnailUrl\":\"https:\/\/vanxhaber.com\/wp-content\/uploads\/2024\/06\/VANDA-METRUK-BINALAR-YIKILIYOR.jpg\",\"articleSection\":[\"Van E\u011fitim\",\"Van Haber\",\"Van Haberleri\"],\"inLanguage\":\"tr\",\"potentialAction\":[{\"@type\":\"CommentAction\",\"name\":\"Comment\",\"target\":[\"https:\/\/vanxhaber.com\/index.php\/2024\/06\/13\/erciste-metruk-binalar-yikiliyor\/#respond\"]}],\"copyrightYear\":\"2024\",\"copyrightHolder\":{\"@id\":\"https:\/\/vanxhaber.com\/#organization\"}},{\"@type\":\"WebPage\",\"@id\":\"https:\/\/vanxhaber.com\/index.php\/2024\/06\/13\/erciste-metruk-binalar-yikiliyor\/\",\"url\":\"https:\/\/vanxhaber.com\/index.php\/2024\/06\/13\/erciste-metruk-binalar-yikiliyor\/\",\"name\":\"Erci\u015f'te metruk binalar y\u0131k\u0131l\u0131yor - Van Haber | Van X Haber | Van Haberleri\",\"isPartOf\":{\"@id\":\"https:\/\/vanxhaber.com\/#website\"},\"primaryImageOfPage\":{\"@id\":\"https:\/\/vanxhaber.com\/index.php\/2024\/06\/13\/erciste-metruk-binalar-yikiliyor\/#primaryimage\"},\"image\":{\"@id\":\"https:\/\/vanxhaber.com\/index.php\/2024\/06\/13\/erciste-metruk-binalar-yikiliyor\/#primaryimage\"},\"thumbnailUrl\":\"https:\/\/vanxhaber.com\/wp-content\/uploads\/2024\/06\/VANDA-METRUK-BINALAR-YIKILIYOR.jpg\",\"datePublished\":\"2024-06-13T09:11:28+00:00\",\"dateModified\":\"2024-06-13T09:11:31+00:00\",\"author\":{\"@id\":\"https:\/\/vanxhaber.com\/#\/schema\/person\/a5fd8d89510cb5370e62ad176f7978ee\"},\"breadcrumb\":{\"@id\":\"https:\/\/vanxhaber.com\/index.php\/2024\/06\/13\/erciste-metruk-binalar-yikiliyor\/#breadcrumb\"},\"inLanguage\":\"tr\",\"potentialAction\":[{\"@type\":\"ReadAction\",\"target\":[\"https:\/\/vanxhaber.com\/index.php\/2024\/06\/13\/erciste-metruk-binalar-yikiliyor\/\"]}]},{\"@type\":\"ImageObject\",\"inLanguage\":\"tr\",\"@id\":\"https:\/\/vanxhaber.com\/index.php\/2024\/06\/13\/erciste-metruk-binalar-yikiliyor\/#primaryimage\",\"url\":\"https:\/\/vanxhaber.com\/wp-content\/uploads\/2024\/06\/VANDA-METRUK-BINALAR-YIKILIYOR.jpg\",\"contentUrl\":\"https:\/\/vanxhaber.com\/wp-content\/uploads\/2024\/06\/VANDA-METRUK-BINALAR-YIKILIYOR.jpg\",\"width\":641,\"height\":380},{\"@type\":\"BreadcrumbList\",\"@id\":\"https:\/\/vanxhaber.com\/index.php\/2024\/06\/13\/erciste-metruk-binalar-yikiliyor\/#breadcrumb\",\"itemListElement\":[{\"@type\":\"ListItem\",\"position\":1,\"name\":\"Anasayfa\",\"item\":\"https:\/\/vanxhaber.com\/\"},{\"@type\":\"ListItem\",\"position\":2,\"name\":\"Erci\u015f&#8217;te metruk binalar y\u0131k\u0131l\u0131yor\"}]},{\"@type\":\"WebSite\",\"@id\":\"https:\/\/vanxhaber.com\/#website\",\"url\":\"https:\/\/vanxhaber.com\/\",\"name\":\"Van Haber | Van X Haber | Van Haberleri\",\"description\":\"Van Haber, Van&#039;\u0131n ilk yapay zeka teknolojileri ile yaz\u0131lan Van X Haber ve Van Haberlerini aktif g\u00fcncel sunan tek vanhaber merkezidir.\",\"potentialAction\":[{\"@type\":\"SearchAction\",\"target\":{\"@type\":\"EntryPoint\",\"urlTemplate\":\"https:\/\/vanxhaber.com\/?s={search_term_string}\"},\"query-input\":{\"@type\":\"PropertyValueSpecification\",\"valueRequired\":true,\"valueName\":\"search_term_string\"}}],\"inLanguage\":\"tr\"},{\"@type\":\"Person\",\"@id\":\"https:\/\/vanxhaber.com\/#\/schema\/person\/a5fd8d89510cb5370e62ad176f7978ee\",\"name\":\"Van X Haber\",\"image\":{\"@type\":\"ImageObject\",\"inLanguage\":\"tr\",\"@id\":\"https:\/\/vanxhaber.com\/#\/schema\/person\/image\/\",\"url\":\"https:\/\/secure.gravatar.com\/avatar\/36f2f63826681263103acb5ca1e7bc1a6db11baea9b75dd091d89b74f2704b07?s=96&d=mm&r=g\",\"contentUrl\":\"https:\/\/secure.gravatar.com\/avatar\/36f2f63826681263103acb5ca1e7bc1a6db11baea9b75dd091d89b74f2704b07?s=96&d=mm&r=g\",\"caption\":\"Van X Haber\"},\"description\":\"Van X Haber Van'\u0131n ilk ve tek yeni nesil Van Haber merkezi. Son Dakika Van Haberleri ve G\u00fcncel Van haber merkezinde s\u0131cak geli\u015fmeleri aktarmaya devam edece\u011fiz.\",\"url\":\"https:\/\/vanxhaber.com\/index.php\/author\/vangazetesi\/\"}]}<\/script>\n<!-- \/ Yoast SEO Premium plugin. -->","yoast_head_json":{"title":"Erci\u015f'te metruk binalar y\u0131k\u0131l\u0131yor - Van Haber | Van X Haber | Van Haberleri","robots":{"index":"index","follow":"follow","max-snippet":"max-snippet:-1","max-image-preview":"max-image-preview:large","max-video-preview":"max-video-preview:-1"},"canonical":"https:\/\/vanxhaber.com\/index.php\/2024\/06\/13\/erciste-metruk-binalar-yikiliyor\/","og_locale":"tr_TR","og_type":"article","og_title":"Erci\u015f'te metruk binalar y\u0131k\u0131l\u0131yor","og_description":"Erci\u015f Belediye kentte bulunan metruk binalar\u0131m y\u0131k\u0131m \u00e7al\u0131\u015fmalar\u0131 devam ediyor. Belediye ekipleri, k\u00f6t\u00fc g\u00f6r\u00fcn\u00fcm\u00fc olan, can ve mal g\u00fcvenli\u011fini tehlikeye sokan metruk binalar\u0131 tek tek y\u0131karak, k\u00f6t\u00fc g\u00f6r\u00fcn\u00fcm\u00fcn de \u00f6ne ge\u00e7iyor. Erci\u015f Belediyesi, \u00c7elebiba\u011f\u0131 Mahallesinde bulunan metruk bir evi \u00e7evre sa\u011fl\u0131\u011f\u0131 ve g\u00fcvenli\u011fini tehdit gerek\u00e7esiyle y\u0131k\u0131m\u0131n\u0131 yapt\u0131. Ekipler y\u0131k\u0131m\u0131 yap\u0131lan metruk binan\u0131n hafriyatlar\u0131n\u0131 da kald\u0131rd\u0131. &hellip;","og_url":"https:\/\/vanxhaber.com\/index.php\/2024\/06\/13\/erciste-metruk-binalar-yikiliyor\/","og_site_name":"Van Haber | Van X Haber | Van Haberleri","article_published_time":"2024-06-13T09:11:28+00:00","article_modified_time":"2024-06-13T09:11:31+00:00","og_image":[{"width":641,"height":380,"url":"https:\/\/vanxhaber.com\/wp-content\/uploads\/2024\/06\/VANDA-METRUK-BINALAR-YIKILIYOR.jpg","type":"image\/jpeg"}],"author":"Van X Haber","twitter_card":"summary_large_image","twitter_misc":{"Yazan:":"Van X Haber","Tahmini okuma s\u00fcresi":"1 dakika"},"schema":{"@context":"https:\/\/schema.org","@graph":[{"@type":"Article","@id":"https:\/\/vanxhaber.com\/index.php\/2024\/06\/13\/erciste-metruk-binalar-yikiliyor\/#article","isPartOf":{"@id":"https:\/\/vanxhaber.com\/index.php\/2024\/06\/13\/erciste-metruk-binalar-yikiliyor\/"},"author":{"name":"Van X Haber","@id":"https:\/\/vanxhaber.com\/#\/schema\/person\/a5fd8d89510cb5370e62ad176f7978ee"},"headline":"Erci\u015f&#8217;te metruk binalar y\u0131k\u0131l\u0131yor","datePublished":"2024-06-13T09:11:28+00:00","dateModified":"2024-06-13T09:11:31+00:00","mainEntityOfPage":{"@id":"https:\/\/vanxhaber.com\/index.php\/2024\/06\/13\/erciste-metruk-binalar-yikiliyor\/"},"wordCount":127,"commentCount":0,"image":{"@id":"https:\/\/vanxhaber.com\/index.php\/2024\/06\/13\/erciste-metruk-binalar-yikiliyor\/#primaryimage"},"thumbnailUrl":"https:\/\/vanxhaber.com\/wp-content\/uploads\/2024\/06\/VANDA-METRUK-BINALAR-YIKILIYOR.jpg","articleSection":["Van E\u011fitim","Van Haber","Van Haberleri"],"inLanguage":"tr","potentialAction":[{"@type":"CommentAction","name":"Comment","target":["https:\/\/vanxhaber.com\/index.php\/2024\/06\/13\/erciste-metruk-binalar-yikiliyor\/#respond"]}],"copyrightYear":"2024","copyrightHolder":{"@id":"https:\/\/vanxhaber.com\/#organization"}},{"@type":"WebPage","@id":"https:\/\/vanxhaber.com\/index.php\/2024\/06\/13\/erciste-metruk-binalar-yikiliyor\/","url":"https:\/\/vanxhaber.com\/index.php\/2024\/06\/13\/erciste-metruk-binalar-yikiliyor\/","name":"Erci\u015f'te metruk binalar y\u0131k\u0131l\u0131yor - Van Haber | Van X Haber | Van Haberleri","isPartOf":{"@id":"https:\/\/vanxhaber.com\/#website"},"primaryImageOfPage":{"@id":"https:\/\/vanxhaber.com\/index.php\/2024\/06\/13\/erciste-metruk-binalar-yikiliyor\/#primaryimage"},"image":{"@id":"https:\/\/vanxhaber.com\/index.php\/2024\/06\/13\/erciste-metruk-binalar-yikiliyor\/#primaryimage"},"thumbnailUrl":"https:\/\/vanxhaber.com\/wp-content\/uploads\/2024\/06\/VANDA-METRUK-BINALAR-YIKILIYOR.jpg","datePublished":"2024-06-13T09:11:28+00:00","dateModified":"2024-06-13T09:11:31+00:00","author":{"@id":"https:\/\/vanxhaber.com\/#\/schema\/person\/a5fd8d89510cb5370e62ad176f7978ee"},"breadcrumb":{"@id":"https:\/\/vanxhaber.com\/index.php\/2024\/06\/13\/erciste-metruk-binalar-yikiliyor\/#breadcrumb"},"inLanguage":"tr","potentialAction":[{"@type":"ReadAction","target":["https:\/\/vanxhaber.com\/index.php\/2024\/06\/13\/erciste-metruk-binalar-yikiliyor\/"]}]},{"@type":"ImageObject","inLanguage":"tr","@id":"https:\/\/vanxhaber.com\/index.php\/2024\/06\/13\/erciste-metruk-binalar-yikiliyor\/#primaryimage","url":"https:\/\/vanxhaber.com\/wp-content\/uploads\/2024\/06\/VANDA-METRUK-BINALAR-YIKILIYOR.jpg","contentUrl":"https:\/\/vanxhaber.com\/wp-content\/uploads\/2024\/06\/VANDA-METRUK-BINALAR-YIKILIYOR.jpg","width":641,"height":380},{"@type":"BreadcrumbList","@id":"https:\/\/vanxhaber.com\/index.php\/2024\/06\/13\/erciste-metruk-binalar-yikiliyor\/#breadcrumb","itemListElement":[{"@type":"ListItem","position":1,"name":"Anasayfa","item":"https:\/\/vanxhaber.com\/"},{"@type":"ListItem","position":2,"name":"Erci\u015f&#8217;te metruk binalar y\u0131k\u0131l\u0131yor"}]},{"@type":"WebSite","@id":"https:\/\/vanxhaber.com\/#website","url":"https:\/\/vanxhaber.com\/","name":"Van Haber | Van X Haber | Van Haberleri","description":"Van Haber, Van&#039;\u0131n ilk yapay zeka teknolojileri ile yaz\u0131lan Van X Haber ve Van Haberlerini aktif g\u00fcncel sunan tek vanhaber merkezidir.","potentialAction":[{"@type":"SearchAction","target":{"@type":"EntryPoint","urlTemplate":"https:\/\/vanxhaber.com\/?s={search_term_string}"},"query-input":{"@type":"PropertyValueSpecification","valueRequired":true,"valueName":"search_term_string"}}],"inLanguage":"tr"},{"@type":"Person","@id":"https:\/\/vanxhaber.com\/#\/schema\/person\/a5fd8d89510cb5370e62ad176f7978ee","name":"Van X Haber","image":{"@type":"ImageObject","inLanguage":"tr","@id":"https:\/\/vanxhaber.com\/#\/schema\/person\/image\/","url":"https:\/\/secure.gravatar.com\/avatar\/36f2f63826681263103acb5ca1e7bc1a6db11baea9b75dd091d89b74f2704b07?s=96&d=mm&r=g","contentUrl":"https:\/\/secure.gravatar.com\/avatar\/36f2f63826681263103acb5ca1e7bc1a6db11baea9b75dd091d89b74f2704b07?s=96&d=mm&r=g","caption":"Van X Haber"},"description":"Van X Haber Van'\u0131n ilk ve tek yeni nesil Van Haber merkezi. Son Dakika Van Haberleri ve G\u00fcncel Van haber merkezinde s\u0131cak geli\u015fmeleri aktarmaya devam edece\u011fiz.","url":"https:\/\/vanxhaber.com\/index.php\/author\/vangazetesi\/"}]}},"_links":{"self":[{"href":"https:\/\/vanxhaber.com\/index.php\/wp-json\/wp\/v2\/posts\/2029","targetHints":{"allow":["GET"]}}],"collection":[{"href":"https:\/\/vanxhaber.com\/index.php\/wp-json\/wp\/v2\/posts"}],"about":[{"href":"https:\/\/vanxhaber.com\/index.php\/wp-json\/wp\/v2\/types\/post"}],"author":[{"embeddable":true,"href":"https:\/\/vanxhaber.com\/index.php\/wp-json\/wp\/v2\/users\/2"}],"replies":[{"embeddable":true,"href":"https:\/\/vanxhaber.com\/index.php\/wp-json\/wp\/v2\/comments?post=2029"}],"version-history":[{"count":1,"href":"https:\/\/vanxhaber.com\/index.php\/wp-json\/wp\/v2\/posts\/2029\/revisions"}],"predecessor-version":[{"id":2032,"href":"https:\/\/vanxhaber.com\/index.php\/wp-json\/wp\/v2\/posts\/2029\/revisions\/2032"}],"wp:featuredmedia":[{"embeddable":true,"href":"https:\/\/vanxhaber.com\/index.php\/wp-json\/wp\/v2\/media\/2031"}],"wp:attachment":[{"href":"https:\/\/vanxhaber.com\/index.php\/wp-json\/wp\/v2\/media?parent=2029"}],"wp:term":[{"taxonomy":"category","embeddable":true,"href":"https:\/\/vanxhaber.com\/index.php\/wp-json\/wp\/v2\/categories?post=2029"},{"taxonomy":"post_tag","embeddable":true,"href":"https:\/\/vanxhaber.com\/index.php\/wp-json\/wp\/v2\/tags?post=2029"}],"curies":[{"name":"wp","href":"https:\/\/api.w.org\/{rel}","templated":true}]}}