{"id":2039,"date":"2024-06-13T10:36:41","date_gmt":"2024-06-13T10:36:41","guid":{"rendered":"https:\/\/vanxhaber.com\/?p=2039"},"modified":"2024-06-13T10:36:43","modified_gmt":"2024-06-13T10:36:43","slug":"ercis-plaji-yenilendi","status":"publish","type":"post","link":"https:\/\/vanxhaber.com\/index.php\/2024\/06\/13\/ercis-plaji-yenilendi\/","title":{"rendered":"Erci\u015f plaj\u0131 yenilendi"},"content":{"rendered":"\n<p><br><strong>Erci\u015f Belediyesi, Aile Plaj\u0131nda ger\u00e7ekle\u015ftirdi\u011fi plaj yenileme \u00e7al\u0131\u015fmalar\u0131na devam ediyor.<\/strong><\/p>\n\n\n\n<p>Erci\u015f Belediyesi, Aile Plaj\u0131nda ger\u00e7ekle\u015ftirdi\u011fi yenileme \u00e7al\u0131\u015fmalar\u0131yla b\u00f6lge halk\u0131na ve ziyaret\u00e7ilere keyifli bir ortam sunmak i\u00e7in \u00e7al\u0131\u015fmalar\u0131n\u0131 aral\u0131ks\u0131z s\u00fcrd\u00fcrerek, halk ve aile <strong>plaj<\/strong>\u0131 ba\u015fta olmak \u00fczere \u00e7e\u015fitli hizmetler kafe ve sinema etkinlikleri i\u00e7in yeni olanaklar sa\u011fl\u0131yor.<\/p>\n\n\n\n<p><br>Yaz sezonu boyunca yerli ve yabanc\u0131 bir\u00e7ok ziyaret\u00e7iyi a\u011f\u0131rlayan aile plaj\u0131n\u0131n yenilenmesiyle birlikte, ziyaret\u00e7ilere temiz ve d\u00fczenli bir kumsalda denize girme f\u0131rsat\u0131 sunuluyor. \u015eezlong, \u015femsiye, du\u015f ve tuvalet gibi olanaklar da sa\u011flanarak ziyaret\u00e7ilerin konforu d\u00fc\u015f\u00fcn\u00fcl\u00fcyor.<\/p>\n\n\n\n<p><br>Yeni d\u00fczenlemeler ve sa\u011flanan hizmetler ile Erci\u015f\u2019in yerli ve yabanc\u0131 turistler i\u00e7in cazip bir ziyaret yeri haline getirilmesi ama\u00e7lan\u0131yor.<\/p>\n\n\n\n<p><br><strong>Erci\u015f Belediyesi <\/strong>E\u015f Ba\u015fkanlar\u0131 yapt\u0131\u011f\u0131 a\u00e7\u0131klamada \u201cErci\u015f\u2019imize yak\u0131\u015f\u0131r bir aile plaj\u0131na kavu\u015fuyoruz. Bu \u00e7al\u0131\u015fman\u0131n yan\u0131 s\u0131ra, halk ve aile plaj\u0131m\u0131z tertemiz <strong>kumsal<\/strong>\u0131, \u015fezlong, <strong>\u015femsiye,<\/strong> du\u015f-wc gibi hizmetlerine imkan sa\u011flayan yeni y\u00fcz\u00fcyle hizmetinizde. Hay\u0131rl\u0131 olsun.\u201d Dedi.<\/p>\n","protected":false},"excerpt":{"rendered":"<p>Erci\u015f Belediyesi, Aile Plaj\u0131nda ger\u00e7ekle\u015ftirdi\u011fi plaj yenileme \u00e7al\u0131\u015fmalar\u0131na devam ediyor. Erci\u015f Belediyesi, Aile Plaj\u0131nda ger\u00e7ekle\u015ftirdi\u011fi yenileme \u00e7al\u0131\u015fmalar\u0131yla b\u00f6lge halk\u0131na ve ziyaret\u00e7ilere keyifli bir ortam sunmak i\u00e7in \u00e7al\u0131\u015fmalar\u0131n\u0131 aral\u0131ks\u0131z s\u00fcrd\u00fcrerek, halk ve aile plaj\u0131 ba\u015fta olmak \u00fczere \u00e7e\u015fitli hizmetler kafe ve sinema etkinlikleri i\u00e7in yeni olanaklar sa\u011fl\u0131yor. Yaz sezonu boyunca yerli ve yabanc\u0131 bir\u00e7ok ziyaret\u00e7iyi a\u011f\u0131rlayan &hellip;<\/p>\n","protected":false},"author":2,"featured_media":2041,"comment_status":"open","ping_status":"closed","sticky":false,"template":"","format":"standard","meta":{"googlesitekit_rrm_CAowot3VCw:productID":"","footnotes":""},"categories":[28,27,1,24,30],"tags":[],"class_list":["post-2039","post","type-post","status-publish","format-standard","has-post-thumbnail","hentry","category-van-egitim","category-van-emniyet","category-van-haber","category-van-haberleri","category-van-x-haber"],"yoast_head":"<!-- This site is optimized with the Yoast SEO Premium plugin v21.7 (Yoast SEO v26.7) - https:\/\/yoast.com\/wordpress\/plugins\/seo\/ -->\n<title>Erci\u015f plaj\u0131 yenilendi - Van Haber | Van X Haber | Van Haberleri<\/title>\n<meta name=\"robots\" content=\"index, follow, max-snippet:-1, max-image-preview:large, max-video-preview:-1\" \/>\n<link rel=\"canonical\" href=\"https:\/\/vanxhaber.com\/index.php\/2024\/06\/13\/ercis-plaji-yenilendi\/\" \/>\n<meta property=\"og:locale\" content=\"tr_TR\" \/>\n<meta property=\"og:type\" content=\"article\" \/>\n<meta property=\"og:title\" content=\"Erci\u015f plaj\u0131 yenilendi\" \/>\n<meta property=\"og:description\" content=\"Erci\u015f Belediyesi, Aile Plaj\u0131nda ger\u00e7ekle\u015ftirdi\u011fi plaj yenileme \u00e7al\u0131\u015fmalar\u0131na devam ediyor. Erci\u015f Belediyesi, Aile Plaj\u0131nda ger\u00e7ekle\u015ftirdi\u011fi yenileme \u00e7al\u0131\u015fmalar\u0131yla b\u00f6lge halk\u0131na ve ziyaret\u00e7ilere keyifli bir ortam sunmak i\u00e7in \u00e7al\u0131\u015fmalar\u0131n\u0131 aral\u0131ks\u0131z s\u00fcrd\u00fcrerek, halk ve aile plaj\u0131 ba\u015fta olmak \u00fczere \u00e7e\u015fitli hizmetler kafe ve sinema etkinlikleri i\u00e7in yeni olanaklar sa\u011fl\u0131yor. Yaz sezonu boyunca yerli ve yabanc\u0131 bir\u00e7ok ziyaret\u00e7iyi a\u011f\u0131rlayan &hellip;\" \/>\n<meta property=\"og:url\" content=\"https:\/\/vanxhaber.com\/index.php\/2024\/06\/13\/ercis-plaji-yenilendi\/\" \/>\n<meta property=\"og:site_name\" content=\"Van Haber | Van X Haber | Van Haberleri\" \/>\n<meta property=\"article:published_time\" content=\"2024-06-13T10:36:41+00:00\" \/>\n<meta property=\"article:modified_time\" content=\"2024-06-13T10:36:43+00:00\" \/>\n<meta property=\"og:image\" content=\"https:\/\/vanxhaber.com\/wp-content\/uploads\/2024\/06\/van-ercis-sahili.jpg\" \/>\n\t<meta property=\"og:image:width\" content=\"641\" \/>\n\t<meta property=\"og:image:height\" content=\"380\" \/>\n\t<meta property=\"og:image:type\" content=\"image\/jpeg\" \/>\n<meta name=\"author\" content=\"Van X Haber\" \/>\n<meta name=\"twitter:card\" content=\"summary_large_image\" \/>\n<meta name=\"twitter:label1\" content=\"Yazan:\" \/>\n\t<meta name=\"twitter:data1\" content=\"Van X Haber\" \/>\n\t<meta name=\"twitter:label2\" content=\"Tahmini okuma s\u00fcresi\" \/>\n\t<meta name=\"twitter:data2\" content=\"2 dakika\" \/>\n<script type=\"application\/ld+json\" class=\"yoast-schema-graph\">{\"@context\":\"https:\/\/schema.org\",\"@graph\":[{\"@type\":\"Article\",\"@id\":\"https:\/\/vanxhaber.com\/index.php\/2024\/06\/13\/ercis-plaji-yenilendi\/#article\",\"isPartOf\":{\"@id\":\"https:\/\/vanxhaber.com\/index.php\/2024\/06\/13\/ercis-plaji-yenilendi\/\"},\"author\":{\"name\":\"Van X Haber\",\"@id\":\"https:\/\/vanxhaber.com\/#\/schema\/person\/a5fd8d89510cb5370e62ad176f7978ee\"},\"headline\":\"Erci\u015f plaj\u0131 yenilendi\",\"datePublished\":\"2024-06-13T10:36:41+00:00\",\"dateModified\":\"2024-06-13T10:36:43+00:00\",\"mainEntityOfPage\":{\"@id\":\"https:\/\/vanxhaber.com\/index.php\/2024\/06\/13\/ercis-plaji-yenilendi\/\"},\"wordCount\":200,\"commentCount\":0,\"image\":{\"@id\":\"https:\/\/vanxhaber.com\/index.php\/2024\/06\/13\/ercis-plaji-yenilendi\/#primaryimage\"},\"thumbnailUrl\":\"https:\/\/vanxhaber.com\/wp-content\/uploads\/2024\/06\/van-ercis-sahili.jpg\",\"articleSection\":[\"Van E\u011fitim\",\"Van Emniyet\",\"Van Haber\",\"Van Haberleri\",\"Van X Haber\"],\"inLanguage\":\"tr\",\"potentialAction\":[{\"@type\":\"CommentAction\",\"name\":\"Comment\",\"target\":[\"https:\/\/vanxhaber.com\/index.php\/2024\/06\/13\/ercis-plaji-yenilendi\/#respond\"]}],\"copyrightYear\":\"2024\",\"copyrightHolder\":{\"@id\":\"https:\/\/vanxhaber.com\/#organization\"}},{\"@type\":\"WebPage\",\"@id\":\"https:\/\/vanxhaber.com\/index.php\/2024\/06\/13\/ercis-plaji-yenilendi\/\",\"url\":\"https:\/\/vanxhaber.com\/index.php\/2024\/06\/13\/ercis-plaji-yenilendi\/\",\"name\":\"Erci\u015f plaj\u0131 yenilendi - Van Haber | Van X Haber | Van Haberleri\",\"isPartOf\":{\"@id\":\"https:\/\/vanxhaber.com\/#website\"},\"primaryImageOfPage\":{\"@id\":\"https:\/\/vanxhaber.com\/index.php\/2024\/06\/13\/ercis-plaji-yenilendi\/#primaryimage\"},\"image\":{\"@id\":\"https:\/\/vanxhaber.com\/index.php\/2024\/06\/13\/ercis-plaji-yenilendi\/#primaryimage\"},\"thumbnailUrl\":\"https:\/\/vanxhaber.com\/wp-content\/uploads\/2024\/06\/van-ercis-sahili.jpg\",\"datePublished\":\"2024-06-13T10:36:41+00:00\",\"dateModified\":\"2024-06-13T10:36:43+00:00\",\"author\":{\"@id\":\"https:\/\/vanxhaber.com\/#\/schema\/person\/a5fd8d89510cb5370e62ad176f7978ee\"},\"breadcrumb\":{\"@id\":\"https:\/\/vanxhaber.com\/index.php\/2024\/06\/13\/ercis-plaji-yenilendi\/#breadcrumb\"},\"inLanguage\":\"tr\",\"potentialAction\":[{\"@type\":\"ReadAction\",\"target\":[\"https:\/\/vanxhaber.com\/index.php\/2024\/06\/13\/ercis-plaji-yenilendi\/\"]}]},{\"@type\":\"ImageObject\",\"inLanguage\":\"tr\",\"@id\":\"https:\/\/vanxhaber.com\/index.php\/2024\/06\/13\/ercis-plaji-yenilendi\/#primaryimage\",\"url\":\"https:\/\/vanxhaber.com\/wp-content\/uploads\/2024\/06\/van-ercis-sahili.jpg\",\"contentUrl\":\"https:\/\/vanxhaber.com\/wp-content\/uploads\/2024\/06\/van-ercis-sahili.jpg\",\"width\":641,\"height\":380},{\"@type\":\"BreadcrumbList\",\"@id\":\"https:\/\/vanxhaber.com\/index.php\/2024\/06\/13\/ercis-plaji-yenilendi\/#breadcrumb\",\"itemListElement\":[{\"@type\":\"ListItem\",\"position\":1,\"name\":\"Anasayfa\",\"item\":\"https:\/\/vanxhaber.com\/\"},{\"@type\":\"ListItem\",\"position\":2,\"name\":\"Erci\u015f plaj\u0131 yenilendi\"}]},{\"@type\":\"WebSite\",\"@id\":\"https:\/\/vanxhaber.com\/#website\",\"url\":\"https:\/\/vanxhaber.com\/\",\"name\":\"Van Haber | Van X Haber | Van Haberleri\",\"description\":\"Van Haber, Van&#039;\u0131n ilk yapay zeka teknolojileri ile yaz\u0131lan Van X Haber ve Van Haberlerini aktif g\u00fcncel sunan tek vanhaber merkezidir.\",\"potentialAction\":[{\"@type\":\"SearchAction\",\"target\":{\"@type\":\"EntryPoint\",\"urlTemplate\":\"https:\/\/vanxhaber.com\/?s={search_term_string}\"},\"query-input\":{\"@type\":\"PropertyValueSpecification\",\"valueRequired\":true,\"valueName\":\"search_term_string\"}}],\"inLanguage\":\"tr\"},{\"@type\":\"Person\",\"@id\":\"https:\/\/vanxhaber.com\/#\/schema\/person\/a5fd8d89510cb5370e62ad176f7978ee\",\"name\":\"Van X Haber\",\"image\":{\"@type\":\"ImageObject\",\"inLanguage\":\"tr\",\"@id\":\"https:\/\/vanxhaber.com\/#\/schema\/person\/image\/\",\"url\":\"https:\/\/secure.gravatar.com\/avatar\/36f2f63826681263103acb5ca1e7bc1a6db11baea9b75dd091d89b74f2704b07?s=96&d=mm&r=g\",\"contentUrl\":\"https:\/\/secure.gravatar.com\/avatar\/36f2f63826681263103acb5ca1e7bc1a6db11baea9b75dd091d89b74f2704b07?s=96&d=mm&r=g\",\"caption\":\"Van X Haber\"},\"description\":\"Van X Haber Van'\u0131n ilk ve tek yeni nesil Van Haber merkezi. Son Dakika Van Haberleri ve G\u00fcncel Van haber merkezinde s\u0131cak geli\u015fmeleri aktarmaya devam edece\u011fiz.\",\"url\":\"https:\/\/vanxhaber.com\/index.php\/author\/vangazetesi\/\"}]}<\/script>\n<!-- \/ Yoast SEO Premium plugin. -->","yoast_head_json":{"title":"Erci\u015f plaj\u0131 yenilendi - Van Haber | Van X Haber | Van Haberleri","robots":{"index":"index","follow":"follow","max-snippet":"max-snippet:-1","max-image-preview":"max-image-preview:large","max-video-preview":"max-video-preview:-1"},"canonical":"https:\/\/vanxhaber.com\/index.php\/2024\/06\/13\/ercis-plaji-yenilendi\/","og_locale":"tr_TR","og_type":"article","og_title":"Erci\u015f plaj\u0131 yenilendi","og_description":"Erci\u015f Belediyesi, Aile Plaj\u0131nda ger\u00e7ekle\u015ftirdi\u011fi plaj yenileme \u00e7al\u0131\u015fmalar\u0131na devam ediyor. Erci\u015f Belediyesi, Aile Plaj\u0131nda ger\u00e7ekle\u015ftirdi\u011fi yenileme \u00e7al\u0131\u015fmalar\u0131yla b\u00f6lge halk\u0131na ve ziyaret\u00e7ilere keyifli bir ortam sunmak i\u00e7in \u00e7al\u0131\u015fmalar\u0131n\u0131 aral\u0131ks\u0131z s\u00fcrd\u00fcrerek, halk ve aile plaj\u0131 ba\u015fta olmak \u00fczere \u00e7e\u015fitli hizmetler kafe ve sinema etkinlikleri i\u00e7in yeni olanaklar sa\u011fl\u0131yor. Yaz sezonu boyunca yerli ve yabanc\u0131 bir\u00e7ok ziyaret\u00e7iyi a\u011f\u0131rlayan &hellip;","og_url":"https:\/\/vanxhaber.com\/index.php\/2024\/06\/13\/ercis-plaji-yenilendi\/","og_site_name":"Van Haber | Van X Haber | Van Haberleri","article_published_time":"2024-06-13T10:36:41+00:00","article_modified_time":"2024-06-13T10:36:43+00:00","og_image":[{"width":641,"height":380,"url":"https:\/\/vanxhaber.com\/wp-content\/uploads\/2024\/06\/van-ercis-sahili.jpg","type":"image\/jpeg"}],"author":"Van X Haber","twitter_card":"summary_large_image","twitter_misc":{"Yazan:":"Van X Haber","Tahmini okuma s\u00fcresi":"2 dakika"},"schema":{"@context":"https:\/\/schema.org","@graph":[{"@type":"Article","@id":"https:\/\/vanxhaber.com\/index.php\/2024\/06\/13\/ercis-plaji-yenilendi\/#article","isPartOf":{"@id":"https:\/\/vanxhaber.com\/index.php\/2024\/06\/13\/ercis-plaji-yenilendi\/"},"author":{"name":"Van X Haber","@id":"https:\/\/vanxhaber.com\/#\/schema\/person\/a5fd8d89510cb5370e62ad176f7978ee"},"headline":"Erci\u015f plaj\u0131 yenilendi","datePublished":"2024-06-13T10:36:41+00:00","dateModified":"2024-06-13T10:36:43+00:00","mainEntityOfPage":{"@id":"https:\/\/vanxhaber.com\/index.php\/2024\/06\/13\/ercis-plaji-yenilendi\/"},"wordCount":200,"commentCount":0,"image":{"@id":"https:\/\/vanxhaber.com\/index.php\/2024\/06\/13\/ercis-plaji-yenilendi\/#primaryimage"},"thumbnailUrl":"https:\/\/vanxhaber.com\/wp-content\/uploads\/2024\/06\/van-ercis-sahili.jpg","articleSection":["Van E\u011fitim","Van Emniyet","Van Haber","Van Haberleri","Van X Haber"],"inLanguage":"tr","potentialAction":[{"@type":"CommentAction","name":"Comment","target":["https:\/\/vanxhaber.com\/index.php\/2024\/06\/13\/ercis-plaji-yenilendi\/#respond"]}],"copyrightYear":"2024","copyrightHolder":{"@id":"https:\/\/vanxhaber.com\/#organization"}},{"@type":"WebPage","@id":"https:\/\/vanxhaber.com\/index.php\/2024\/06\/13\/ercis-plaji-yenilendi\/","url":"https:\/\/vanxhaber.com\/index.php\/2024\/06\/13\/ercis-plaji-yenilendi\/","name":"Erci\u015f plaj\u0131 yenilendi - Van Haber | Van X Haber | Van Haberleri","isPartOf":{"@id":"https:\/\/vanxhaber.com\/#website"},"primaryImageOfPage":{"@id":"https:\/\/vanxhaber.com\/index.php\/2024\/06\/13\/ercis-plaji-yenilendi\/#primaryimage"},"image":{"@id":"https:\/\/vanxhaber.com\/index.php\/2024\/06\/13\/ercis-plaji-yenilendi\/#primaryimage"},"thumbnailUrl":"https:\/\/vanxhaber.com\/wp-content\/uploads\/2024\/06\/van-ercis-sahili.jpg","datePublished":"2024-06-13T10:36:41+00:00","dateModified":"2024-06-13T10:36:43+00:00","author":{"@id":"https:\/\/vanxhaber.com\/#\/schema\/person\/a5fd8d89510cb5370e62ad176f7978ee"},"breadcrumb":{"@id":"https:\/\/vanxhaber.com\/index.php\/2024\/06\/13\/ercis-plaji-yenilendi\/#breadcrumb"},"inLanguage":"tr","potentialAction":[{"@type":"ReadAction","target":["https:\/\/vanxhaber.com\/index.php\/2024\/06\/13\/ercis-plaji-yenilendi\/"]}]},{"@type":"ImageObject","inLanguage":"tr","@id":"https:\/\/vanxhaber.com\/index.php\/2024\/06\/13\/ercis-plaji-yenilendi\/#primaryimage","url":"https:\/\/vanxhaber.com\/wp-content\/uploads\/2024\/06\/van-ercis-sahili.jpg","contentUrl":"https:\/\/vanxhaber.com\/wp-content\/uploads\/2024\/06\/van-ercis-sahili.jpg","width":641,"height":380},{"@type":"BreadcrumbList","@id":"https:\/\/vanxhaber.com\/index.php\/2024\/06\/13\/ercis-plaji-yenilendi\/#breadcrumb","itemListElement":[{"@type":"ListItem","position":1,"name":"Anasayfa","item":"https:\/\/vanxhaber.com\/"},{"@type":"ListItem","position":2,"name":"Erci\u015f plaj\u0131 yenilendi"}]},{"@type":"WebSite","@id":"https:\/\/vanxhaber.com\/#website","url":"https:\/\/vanxhaber.com\/","name":"Van Haber | Van X Haber | Van Haberleri","description":"Van Haber, Van&#039;\u0131n ilk yapay zeka teknolojileri ile yaz\u0131lan Van X Haber ve Van Haberlerini aktif g\u00fcncel sunan tek vanhaber merkezidir.","potentialAction":[{"@type":"SearchAction","target":{"@type":"EntryPoint","urlTemplate":"https:\/\/vanxhaber.com\/?s={search_term_string}"},"query-input":{"@type":"PropertyValueSpecification","valueRequired":true,"valueName":"search_term_string"}}],"inLanguage":"tr"},{"@type":"Person","@id":"https:\/\/vanxhaber.com\/#\/schema\/person\/a5fd8d89510cb5370e62ad176f7978ee","name":"Van X Haber","image":{"@type":"ImageObject","inLanguage":"tr","@id":"https:\/\/vanxhaber.com\/#\/schema\/person\/image\/","url":"https:\/\/secure.gravatar.com\/avatar\/36f2f63826681263103acb5ca1e7bc1a6db11baea9b75dd091d89b74f2704b07?s=96&d=mm&r=g","contentUrl":"https:\/\/secure.gravatar.com\/avatar\/36f2f63826681263103acb5ca1e7bc1a6db11baea9b75dd091d89b74f2704b07?s=96&d=mm&r=g","caption":"Van X Haber"},"description":"Van X Haber Van'\u0131n ilk ve tek yeni nesil Van Haber merkezi. Son Dakika Van Haberleri ve G\u00fcncel Van haber merkezinde s\u0131cak geli\u015fmeleri aktarmaya devam edece\u011fiz.","url":"https:\/\/vanxhaber.com\/index.php\/author\/vangazetesi\/"}]}},"_links":{"self":[{"href":"https:\/\/vanxhaber.com\/index.php\/wp-json\/wp\/v2\/posts\/2039","targetHints":{"allow":["GET"]}}],"collection":[{"href":"https:\/\/vanxhaber.com\/index.php\/wp-json\/wp\/v2\/posts"}],"about":[{"href":"https:\/\/vanxhaber.com\/index.php\/wp-json\/wp\/v2\/types\/post"}],"author":[{"embeddable":true,"href":"https:\/\/vanxhaber.com\/index.php\/wp-json\/wp\/v2\/users\/2"}],"replies":[{"embeddable":true,"href":"https:\/\/vanxhaber.com\/index.php\/wp-json\/wp\/v2\/comments?post=2039"}],"version-history":[{"count":1,"href":"https:\/\/vanxhaber.com\/index.php\/wp-json\/wp\/v2\/posts\/2039\/revisions"}],"predecessor-version":[{"id":2042,"href":"https:\/\/vanxhaber.com\/index.php\/wp-json\/wp\/v2\/posts\/2039\/revisions\/2042"}],"wp:featuredmedia":[{"embeddable":true,"href":"https:\/\/vanxhaber.com\/index.php\/wp-json\/wp\/v2\/media\/2041"}],"wp:attachment":[{"href":"https:\/\/vanxhaber.com\/index.php\/wp-json\/wp\/v2\/media?parent=2039"}],"wp:term":[{"taxonomy":"category","embeddable":true,"href":"https:\/\/vanxhaber.com\/index.php\/wp-json\/wp\/v2\/categories?post=2039"},{"taxonomy":"post_tag","embeddable":true,"href":"https:\/\/vanxhaber.com\/index.php\/wp-json\/wp\/v2\/tags?post=2039"}],"curies":[{"name":"wp","href":"https:\/\/api.w.org\/{rel}","templated":true}]}}