{"id":2050,"date":"2024-06-15T13:10:50","date_gmt":"2024-06-15T13:10:50","guid":{"rendered":"https:\/\/vanxhaber.com\/?p=2050"},"modified":"2024-06-15T13:10:52","modified_gmt":"2024-06-15T13:10:52","slug":"siyasetci-ve-is-insani-firat-kuvetliden-kurban-bayrami-mesaji","status":"publish","type":"post","link":"https:\/\/vanxhaber.com\/index.php\/2024\/06\/15\/siyasetci-ve-is-insani-firat-kuvetliden-kurban-bayrami-mesaji\/","title":{"rendered":"Siyaset\u00e7i ve \u0130\u015f \u0130nsan\u0131 F\u0131rat Kuvetli&#8217;den Kurban Bayram\u0131 Mesaj\u0131"},"content":{"rendered":"\n<p><strong>Kuvetli, mesaj\u0131nda bayram\u0131n birlik, beraberlik ve karde\u015flik duygular\u0131n\u0131n peki\u015fti\u011fi \u00f6zel g\u00fcnler oldu\u011funu vurgulayarak, t\u00fcm vatanda\u015flar\u0131n bayram\u0131n\u0131 kutlad\u0131.<\/strong><\/p>\n\n\n\n<p>F\u0131rat Kuvetli&#8217;nin mesaj\u0131 \u015fu \u015fekilde: &#8220;M\u00fcbarek Kurban Bayram\u0131&#8217;na ula\u015fman\u0131n mutlulu\u011funu ve heyecan\u0131n\u0131 hep birlikte ya\u015f\u0131yoruz. Bayramlar, bizlere manevi de\u011ferlerimizi hat\u0131rlatan, yard\u0131mla\u015fma ve dayan\u0131\u015fma ruhunu g\u00fc\u00e7lendiren \u00f6nemli g\u00fcnlerdir. Bu \u00f6zel g\u00fcnlerde, b\u00fcy\u00fcklerimizi ziyaret ederek onlar\u0131n hay\u0131r dualar\u0131n\u0131 alman\u0131n, ihtiya\u00e7 sahiplerine yard\u0131m eli uzatman\u0131n ve sevdiklerimizle bir araya gelerek kenetlenmenin mutlulu\u011funu ya\u015f\u0131yoruz. Kurban Bayram\u0131, ayn\u0131 zamanda payla\u015fman\u0131n ve fedakarl\u0131\u011f\u0131n sembol\u00fcd\u00fcr. Kurban ibadetini yerine getirirken, ihtiya\u00e7 sahiplerini unutmadan, onlar\u0131n da y\u00fcz\u00fcn\u00fc g\u00fcld\u00fcrebilmenin sevincini ya\u015famal\u0131y\u0131z. Bu bayramda da birli\u011fimizin ve beraberli\u011fimizin daha da peki\u015fmesini temenni ediyorum.<br>T\u00fcm vatanda\u015flar\u0131m\u0131z\u0131n sa\u011fl\u0131k, huzur ve mutluluk i\u00e7erisinde bir bayram ge\u00e7irmesini diliyor, kurban ibadetlerinin kabul olmas\u0131n\u0131 Y\u00fcce Allah&#8217;tan niyaz ediyorum. Bayram\u0131n, \u00fclkemize ve t\u00fcm \u0130slam alemine bar\u0131\u015f, huzur ve refah getirmesini temenni ediyorum. Kurban Bayram\u0131&#8217;n\u0131z m\u00fcbarek olsun.\u201ddedi.<\/p>\n","protected":false},"excerpt":{"rendered":"<p>Siyaset\u00e7i ve i\u015f insan\u0131 F\u0131rat Kuvetli, Kurban Bayram\u0131 dolay\u0131s\u0131yla bir mesaj yay\u0131mlad\u0131.<\/p>\n","protected":false},"author":2,"featured_media":2052,"comment_status":"open","ping_status":"closed","sticky":false,"template":"","format":"standard","meta":{"googlesitekit_rrm_CAowot3VCw:productID":"","footnotes":""},"categories":[1],"tags":[],"class_list":["post-2050","post","type-post","status-publish","format-standard","has-post-thumbnail","hentry","category-van-haber"],"yoast_head":"<!-- This site is optimized with the Yoast SEO Premium plugin v21.7 (Yoast SEO v26.7) - https:\/\/yoast.com\/wordpress\/plugins\/seo\/ -->\n<title>Siyaset\u00e7i ve \u0130\u015f \u0130nsan\u0131 F\u0131rat Kuvetli&#039;den Kurban Bayram\u0131 Mesaj\u0131 - Van Haber | Van X Haber | Van Haberleri<\/title>\n<meta name=\"robots\" content=\"index, follow, max-snippet:-1, max-image-preview:large, max-video-preview:-1\" \/>\n<link rel=\"canonical\" href=\"https:\/\/vanxhaber.com\/index.php\/2024\/06\/15\/siyasetci-ve-is-insani-firat-kuvetliden-kurban-bayrami-mesaji\/\" \/>\n<meta property=\"og:locale\" content=\"tr_TR\" \/>\n<meta property=\"og:type\" content=\"article\" \/>\n<meta property=\"og:title\" content=\"Siyaset\u00e7i ve \u0130\u015f \u0130nsan\u0131 F\u0131rat Kuvetli&#039;den Kurban Bayram\u0131 Mesaj\u0131\" \/>\n<meta property=\"og:description\" content=\"Siyaset\u00e7i ve i\u015f insan\u0131 F\u0131rat Kuvetli, Kurban Bayram\u0131 dolay\u0131s\u0131yla bir mesaj yay\u0131mlad\u0131.\" \/>\n<meta property=\"og:url\" content=\"https:\/\/vanxhaber.com\/index.php\/2024\/06\/15\/siyasetci-ve-is-insani-firat-kuvetliden-kurban-bayrami-mesaji\/\" \/>\n<meta property=\"og:site_name\" content=\"Van Haber | Van X Haber | Van Haberleri\" \/>\n<meta property=\"article:published_time\" content=\"2024-06-15T13:10:50+00:00\" \/>\n<meta property=\"article:modified_time\" content=\"2024-06-15T13:10:52+00:00\" \/>\n<meta property=\"og:image\" content=\"https:\/\/vanxhaber.com\/wp-content\/uploads\/2024\/06\/firat-kuvetli-van-haber.jpg\" \/>\n\t<meta property=\"og:image:width\" content=\"641\" \/>\n\t<meta property=\"og:image:height\" content=\"380\" \/>\n\t<meta property=\"og:image:type\" content=\"image\/jpeg\" \/>\n<meta name=\"author\" content=\"Van X Haber\" \/>\n<meta name=\"twitter:card\" content=\"summary_large_image\" \/>\n<meta name=\"twitter:label1\" content=\"Yazan:\" \/>\n\t<meta name=\"twitter:data1\" content=\"Van X Haber\" \/>\n\t<meta name=\"twitter:label2\" content=\"Tahmini okuma s\u00fcresi\" \/>\n\t<meta name=\"twitter:data2\" content=\"2 dakika\" \/>\n<script type=\"application\/ld+json\" class=\"yoast-schema-graph\">{\"@context\":\"https:\/\/schema.org\",\"@graph\":[{\"@type\":\"Article\",\"@id\":\"https:\/\/vanxhaber.com\/index.php\/2024\/06\/15\/siyasetci-ve-is-insani-firat-kuvetliden-kurban-bayrami-mesaji\/#article\",\"isPartOf\":{\"@id\":\"https:\/\/vanxhaber.com\/index.php\/2024\/06\/15\/siyasetci-ve-is-insani-firat-kuvetliden-kurban-bayrami-mesaji\/\"},\"author\":{\"name\":\"Van X Haber\",\"@id\":\"https:\/\/vanxhaber.com\/#\/schema\/person\/a5fd8d89510cb5370e62ad176f7978ee\"},\"headline\":\"Siyaset\u00e7i ve \u0130\u015f \u0130nsan\u0131 F\u0131rat Kuvetli&#8217;den Kurban Bayram\u0131 Mesaj\u0131\",\"datePublished\":\"2024-06-15T13:10:50+00:00\",\"dateModified\":\"2024-06-15T13:10:52+00:00\",\"mainEntityOfPage\":{\"@id\":\"https:\/\/vanxhaber.com\/index.php\/2024\/06\/15\/siyasetci-ve-is-insani-firat-kuvetliden-kurban-bayrami-mesaji\/\"},\"wordCount\":220,\"commentCount\":0,\"image\":{\"@id\":\"https:\/\/vanxhaber.com\/index.php\/2024\/06\/15\/siyasetci-ve-is-insani-firat-kuvetliden-kurban-bayrami-mesaji\/#primaryimage\"},\"thumbnailUrl\":\"https:\/\/vanxhaber.com\/wp-content\/uploads\/2024\/06\/firat-kuvetli-van-haber.jpg\",\"articleSection\":[\"Van Haber\"],\"inLanguage\":\"tr\",\"potentialAction\":[{\"@type\":\"CommentAction\",\"name\":\"Comment\",\"target\":[\"https:\/\/vanxhaber.com\/index.php\/2024\/06\/15\/siyasetci-ve-is-insani-firat-kuvetliden-kurban-bayrami-mesaji\/#respond\"]}],\"copyrightYear\":\"2024\",\"copyrightHolder\":{\"@id\":\"https:\/\/vanxhaber.com\/#organization\"}},{\"@type\":\"WebPage\",\"@id\":\"https:\/\/vanxhaber.com\/index.php\/2024\/06\/15\/siyasetci-ve-is-insani-firat-kuvetliden-kurban-bayrami-mesaji\/\",\"url\":\"https:\/\/vanxhaber.com\/index.php\/2024\/06\/15\/siyasetci-ve-is-insani-firat-kuvetliden-kurban-bayrami-mesaji\/\",\"name\":\"Siyaset\u00e7i ve \u0130\u015f \u0130nsan\u0131 F\u0131rat Kuvetli'den Kurban Bayram\u0131 Mesaj\u0131 - Van Haber | Van X Haber | Van Haberleri\",\"isPartOf\":{\"@id\":\"https:\/\/vanxhaber.com\/#website\"},\"primaryImageOfPage\":{\"@id\":\"https:\/\/vanxhaber.com\/index.php\/2024\/06\/15\/siyasetci-ve-is-insani-firat-kuvetliden-kurban-bayrami-mesaji\/#primaryimage\"},\"image\":{\"@id\":\"https:\/\/vanxhaber.com\/index.php\/2024\/06\/15\/siyasetci-ve-is-insani-firat-kuvetliden-kurban-bayrami-mesaji\/#primaryimage\"},\"thumbnailUrl\":\"https:\/\/vanxhaber.com\/wp-content\/uploads\/2024\/06\/firat-kuvetli-van-haber.jpg\",\"datePublished\":\"2024-06-15T13:10:50+00:00\",\"dateModified\":\"2024-06-15T13:10:52+00:00\",\"author\":{\"@id\":\"https:\/\/vanxhaber.com\/#\/schema\/person\/a5fd8d89510cb5370e62ad176f7978ee\"},\"breadcrumb\":{\"@id\":\"https:\/\/vanxhaber.com\/index.php\/2024\/06\/15\/siyasetci-ve-is-insani-firat-kuvetliden-kurban-bayrami-mesaji\/#breadcrumb\"},\"inLanguage\":\"tr\",\"potentialAction\":[{\"@type\":\"ReadAction\",\"target\":[\"https:\/\/vanxhaber.com\/index.php\/2024\/06\/15\/siyasetci-ve-is-insani-firat-kuvetliden-kurban-bayrami-mesaji\/\"]}]},{\"@type\":\"ImageObject\",\"inLanguage\":\"tr\",\"@id\":\"https:\/\/vanxhaber.com\/index.php\/2024\/06\/15\/siyasetci-ve-is-insani-firat-kuvetliden-kurban-bayrami-mesaji\/#primaryimage\",\"url\":\"https:\/\/vanxhaber.com\/wp-content\/uploads\/2024\/06\/firat-kuvetli-van-haber.jpg\",\"contentUrl\":\"https:\/\/vanxhaber.com\/wp-content\/uploads\/2024\/06\/firat-kuvetli-van-haber.jpg\",\"width\":641,\"height\":380},{\"@type\":\"BreadcrumbList\",\"@id\":\"https:\/\/vanxhaber.com\/index.php\/2024\/06\/15\/siyasetci-ve-is-insani-firat-kuvetliden-kurban-bayrami-mesaji\/#breadcrumb\",\"itemListElement\":[{\"@type\":\"ListItem\",\"position\":1,\"name\":\"Anasayfa\",\"item\":\"https:\/\/vanxhaber.com\/\"},{\"@type\":\"ListItem\",\"position\":2,\"name\":\"Siyaset\u00e7i ve \u0130\u015f \u0130nsan\u0131 F\u0131rat Kuvetli&#8217;den Kurban Bayram\u0131 Mesaj\u0131\"}]},{\"@type\":\"WebSite\",\"@id\":\"https:\/\/vanxhaber.com\/#website\",\"url\":\"https:\/\/vanxhaber.com\/\",\"name\":\"Van Haber | Van X Haber | Van Haberleri\",\"description\":\"Van Haber, Van&#039;\u0131n ilk yapay zeka teknolojileri ile yaz\u0131lan Van X Haber ve Van Haberlerini aktif g\u00fcncel sunan tek vanhaber merkezidir.\",\"potentialAction\":[{\"@type\":\"SearchAction\",\"target\":{\"@type\":\"EntryPoint\",\"urlTemplate\":\"https:\/\/vanxhaber.com\/?s={search_term_string}\"},\"query-input\":{\"@type\":\"PropertyValueSpecification\",\"valueRequired\":true,\"valueName\":\"search_term_string\"}}],\"inLanguage\":\"tr\"},{\"@type\":\"Person\",\"@id\":\"https:\/\/vanxhaber.com\/#\/schema\/person\/a5fd8d89510cb5370e62ad176f7978ee\",\"name\":\"Van X Haber\",\"image\":{\"@type\":\"ImageObject\",\"inLanguage\":\"tr\",\"@id\":\"https:\/\/vanxhaber.com\/#\/schema\/person\/image\/\",\"url\":\"https:\/\/secure.gravatar.com\/avatar\/36f2f63826681263103acb5ca1e7bc1a6db11baea9b75dd091d89b74f2704b07?s=96&d=mm&r=g\",\"contentUrl\":\"https:\/\/secure.gravatar.com\/avatar\/36f2f63826681263103acb5ca1e7bc1a6db11baea9b75dd091d89b74f2704b07?s=96&d=mm&r=g\",\"caption\":\"Van X Haber\"},\"description\":\"Van X Haber Van'\u0131n ilk ve tek yeni nesil Van Haber merkezi. Son Dakika Van Haberleri ve G\u00fcncel Van haber merkezinde s\u0131cak geli\u015fmeleri aktarmaya devam edece\u011fiz.\",\"url\":\"https:\/\/vanxhaber.com\/index.php\/author\/vangazetesi\/\"}]}<\/script>\n<!-- \/ Yoast SEO Premium plugin. -->","yoast_head_json":{"title":"Siyaset\u00e7i ve \u0130\u015f \u0130nsan\u0131 F\u0131rat Kuvetli'den Kurban Bayram\u0131 Mesaj\u0131 - Van Haber | Van X Haber | Van Haberleri","robots":{"index":"index","follow":"follow","max-snippet":"max-snippet:-1","max-image-preview":"max-image-preview:large","max-video-preview":"max-video-preview:-1"},"canonical":"https:\/\/vanxhaber.com\/index.php\/2024\/06\/15\/siyasetci-ve-is-insani-firat-kuvetliden-kurban-bayrami-mesaji\/","og_locale":"tr_TR","og_type":"article","og_title":"Siyaset\u00e7i ve \u0130\u015f \u0130nsan\u0131 F\u0131rat Kuvetli'den Kurban Bayram\u0131 Mesaj\u0131","og_description":"Siyaset\u00e7i ve i\u015f insan\u0131 F\u0131rat Kuvetli, Kurban Bayram\u0131 dolay\u0131s\u0131yla bir mesaj yay\u0131mlad\u0131.","og_url":"https:\/\/vanxhaber.com\/index.php\/2024\/06\/15\/siyasetci-ve-is-insani-firat-kuvetliden-kurban-bayrami-mesaji\/","og_site_name":"Van Haber | Van X Haber | Van Haberleri","article_published_time":"2024-06-15T13:10:50+00:00","article_modified_time":"2024-06-15T13:10:52+00:00","og_image":[{"width":641,"height":380,"url":"https:\/\/vanxhaber.com\/wp-content\/uploads\/2024\/06\/firat-kuvetli-van-haber.jpg","type":"image\/jpeg"}],"author":"Van X Haber","twitter_card":"summary_large_image","twitter_misc":{"Yazan:":"Van X Haber","Tahmini okuma s\u00fcresi":"2 dakika"},"schema":{"@context":"https:\/\/schema.org","@graph":[{"@type":"Article","@id":"https:\/\/vanxhaber.com\/index.php\/2024\/06\/15\/siyasetci-ve-is-insani-firat-kuvetliden-kurban-bayrami-mesaji\/#article","isPartOf":{"@id":"https:\/\/vanxhaber.com\/index.php\/2024\/06\/15\/siyasetci-ve-is-insani-firat-kuvetliden-kurban-bayrami-mesaji\/"},"author":{"name":"Van X Haber","@id":"https:\/\/vanxhaber.com\/#\/schema\/person\/a5fd8d89510cb5370e62ad176f7978ee"},"headline":"Siyaset\u00e7i ve \u0130\u015f \u0130nsan\u0131 F\u0131rat Kuvetli&#8217;den Kurban Bayram\u0131 Mesaj\u0131","datePublished":"2024-06-15T13:10:50+00:00","dateModified":"2024-06-15T13:10:52+00:00","mainEntityOfPage":{"@id":"https:\/\/vanxhaber.com\/index.php\/2024\/06\/15\/siyasetci-ve-is-insani-firat-kuvetliden-kurban-bayrami-mesaji\/"},"wordCount":220,"commentCount":0,"image":{"@id":"https:\/\/vanxhaber.com\/index.php\/2024\/06\/15\/siyasetci-ve-is-insani-firat-kuvetliden-kurban-bayrami-mesaji\/#primaryimage"},"thumbnailUrl":"https:\/\/vanxhaber.com\/wp-content\/uploads\/2024\/06\/firat-kuvetli-van-haber.jpg","articleSection":["Van Haber"],"inLanguage":"tr","potentialAction":[{"@type":"CommentAction","name":"Comment","target":["https:\/\/vanxhaber.com\/index.php\/2024\/06\/15\/siyasetci-ve-is-insani-firat-kuvetliden-kurban-bayrami-mesaji\/#respond"]}],"copyrightYear":"2024","copyrightHolder":{"@id":"https:\/\/vanxhaber.com\/#organization"}},{"@type":"WebPage","@id":"https:\/\/vanxhaber.com\/index.php\/2024\/06\/15\/siyasetci-ve-is-insani-firat-kuvetliden-kurban-bayrami-mesaji\/","url":"https:\/\/vanxhaber.com\/index.php\/2024\/06\/15\/siyasetci-ve-is-insani-firat-kuvetliden-kurban-bayrami-mesaji\/","name":"Siyaset\u00e7i ve \u0130\u015f \u0130nsan\u0131 F\u0131rat Kuvetli'den Kurban Bayram\u0131 Mesaj\u0131 - Van Haber | Van X Haber | Van Haberleri","isPartOf":{"@id":"https:\/\/vanxhaber.com\/#website"},"primaryImageOfPage":{"@id":"https:\/\/vanxhaber.com\/index.php\/2024\/06\/15\/siyasetci-ve-is-insani-firat-kuvetliden-kurban-bayrami-mesaji\/#primaryimage"},"image":{"@id":"https:\/\/vanxhaber.com\/index.php\/2024\/06\/15\/siyasetci-ve-is-insani-firat-kuvetliden-kurban-bayrami-mesaji\/#primaryimage"},"thumbnailUrl":"https:\/\/vanxhaber.com\/wp-content\/uploads\/2024\/06\/firat-kuvetli-van-haber.jpg","datePublished":"2024-06-15T13:10:50+00:00","dateModified":"2024-06-15T13:10:52+00:00","author":{"@id":"https:\/\/vanxhaber.com\/#\/schema\/person\/a5fd8d89510cb5370e62ad176f7978ee"},"breadcrumb":{"@id":"https:\/\/vanxhaber.com\/index.php\/2024\/06\/15\/siyasetci-ve-is-insani-firat-kuvetliden-kurban-bayrami-mesaji\/#breadcrumb"},"inLanguage":"tr","potentialAction":[{"@type":"ReadAction","target":["https:\/\/vanxhaber.com\/index.php\/2024\/06\/15\/siyasetci-ve-is-insani-firat-kuvetliden-kurban-bayrami-mesaji\/"]}]},{"@type":"ImageObject","inLanguage":"tr","@id":"https:\/\/vanxhaber.com\/index.php\/2024\/06\/15\/siyasetci-ve-is-insani-firat-kuvetliden-kurban-bayrami-mesaji\/#primaryimage","url":"https:\/\/vanxhaber.com\/wp-content\/uploads\/2024\/06\/firat-kuvetli-van-haber.jpg","contentUrl":"https:\/\/vanxhaber.com\/wp-content\/uploads\/2024\/06\/firat-kuvetli-van-haber.jpg","width":641,"height":380},{"@type":"BreadcrumbList","@id":"https:\/\/vanxhaber.com\/index.php\/2024\/06\/15\/siyasetci-ve-is-insani-firat-kuvetliden-kurban-bayrami-mesaji\/#breadcrumb","itemListElement":[{"@type":"ListItem","position":1,"name":"Anasayfa","item":"https:\/\/vanxhaber.com\/"},{"@type":"ListItem","position":2,"name":"Siyaset\u00e7i ve \u0130\u015f \u0130nsan\u0131 F\u0131rat Kuvetli&#8217;den Kurban Bayram\u0131 Mesaj\u0131"}]},{"@type":"WebSite","@id":"https:\/\/vanxhaber.com\/#website","url":"https:\/\/vanxhaber.com\/","name":"Van Haber | Van X Haber | Van Haberleri","description":"Van Haber, Van&#039;\u0131n ilk yapay zeka teknolojileri ile yaz\u0131lan Van X Haber ve Van Haberlerini aktif g\u00fcncel sunan tek vanhaber merkezidir.","potentialAction":[{"@type":"SearchAction","target":{"@type":"EntryPoint","urlTemplate":"https:\/\/vanxhaber.com\/?s={search_term_string}"},"query-input":{"@type":"PropertyValueSpecification","valueRequired":true,"valueName":"search_term_string"}}],"inLanguage":"tr"},{"@type":"Person","@id":"https:\/\/vanxhaber.com\/#\/schema\/person\/a5fd8d89510cb5370e62ad176f7978ee","name":"Van X Haber","image":{"@type":"ImageObject","inLanguage":"tr","@id":"https:\/\/vanxhaber.com\/#\/schema\/person\/image\/","url":"https:\/\/secure.gravatar.com\/avatar\/36f2f63826681263103acb5ca1e7bc1a6db11baea9b75dd091d89b74f2704b07?s=96&d=mm&r=g","contentUrl":"https:\/\/secure.gravatar.com\/avatar\/36f2f63826681263103acb5ca1e7bc1a6db11baea9b75dd091d89b74f2704b07?s=96&d=mm&r=g","caption":"Van X Haber"},"description":"Van X Haber Van'\u0131n ilk ve tek yeni nesil Van Haber merkezi. Son Dakika Van Haberleri ve G\u00fcncel Van haber merkezinde s\u0131cak geli\u015fmeleri aktarmaya devam edece\u011fiz.","url":"https:\/\/vanxhaber.com\/index.php\/author\/vangazetesi\/"}]}},"_links":{"self":[{"href":"https:\/\/vanxhaber.com\/index.php\/wp-json\/wp\/v2\/posts\/2050","targetHints":{"allow":["GET"]}}],"collection":[{"href":"https:\/\/vanxhaber.com\/index.php\/wp-json\/wp\/v2\/posts"}],"about":[{"href":"https:\/\/vanxhaber.com\/index.php\/wp-json\/wp\/v2\/types\/post"}],"author":[{"embeddable":true,"href":"https:\/\/vanxhaber.com\/index.php\/wp-json\/wp\/v2\/users\/2"}],"replies":[{"embeddable":true,"href":"https:\/\/vanxhaber.com\/index.php\/wp-json\/wp\/v2\/comments?post=2050"}],"version-history":[{"count":1,"href":"https:\/\/vanxhaber.com\/index.php\/wp-json\/wp\/v2\/posts\/2050\/revisions"}],"predecessor-version":[{"id":2053,"href":"https:\/\/vanxhaber.com\/index.php\/wp-json\/wp\/v2\/posts\/2050\/revisions\/2053"}],"wp:featuredmedia":[{"embeddable":true,"href":"https:\/\/vanxhaber.com\/index.php\/wp-json\/wp\/v2\/media\/2052"}],"wp:attachment":[{"href":"https:\/\/vanxhaber.com\/index.php\/wp-json\/wp\/v2\/media?parent=2050"}],"wp:term":[{"taxonomy":"category","embeddable":true,"href":"https:\/\/vanxhaber.com\/index.php\/wp-json\/wp\/v2\/categories?post=2050"},{"taxonomy":"post_tag","embeddable":true,"href":"https:\/\/vanxhaber.com\/index.php\/wp-json\/wp\/v2\/tags?post=2050"}],"curies":[{"name":"wp","href":"https:\/\/api.w.org\/{rel}","templated":true}]}}