{"id":2055,"date":"2024-06-15T15:12:08","date_gmt":"2024-06-15T15:12:08","guid":{"rendered":"https:\/\/vanxhaber.com\/?p=2055"},"modified":"2024-06-15T15:12:10","modified_gmt":"2024-06-15T15:12:10","slug":"baskan-sertac-kutukoglundan-kurban-bayrami-mesaji","status":"publish","type":"post","link":"https:\/\/vanxhaber.com\/index.php\/2024\/06\/15\/baskan-sertac-kutukoglundan-kurban-bayrami-mesaji\/","title":{"rendered":"Ba\u015fkan Serta\u00e7 K\u00fct\u00fcko\u011flu\u2019ndan Kurban Bayram\u0131 Mesaj\u0131"},"content":{"rendered":"\n<p><\/p>\n\n\n\n<p>S\u00fcr\u00fcc\u00fc Kurslar\u0131 ve E\u011fitimcileri Derne\u011fi Ba\u015fkan\u0131 Serta\u00e7 K\u00fct\u00fcko\u011flu, Kurban Bayram\u0131 dolay\u0131s\u0131yla bir mesaj yay\u0131mlad\u0131. K\u00fct\u00fcko\u011flu, mesaj\u0131nda bayram\u0131n t\u00fcm insanl\u0131\u011fa bar\u0131\u015f, huzur ve mutluluk getirmesini diledi.<\/p>\n\n\n\n<p>K\u00fct\u00fcko\u011flu, &#8220;Kurban Bayram\u0131, payla\u015fman\u0131n, yard\u0131mla\u015fman\u0131n ve dayan\u0131\u015fman\u0131n en g\u00fczel \u00f6rneklerini ya\u015fad\u0131\u011f\u0131m\u0131z \u00f6zel g\u00fcnlerden biridir. Bu anlaml\u0131 bayramda, sevdiklerimizle bir araya gelerek bayram\u0131n co\u015fkusunu hep birlikte ya\u015famal\u0131y\u0131z. Trafikte ise sab\u0131rl\u0131, sayg\u0131l\u0131 ve dikkatli olarak kazalardan uzak, g\u00fcvenli bir bayram ge\u00e7irmeyi temenni ediyorum&#8221; dedi.<\/p>\n\n\n\n<p>S\u00fcr\u00fcc\u00fc kurslar\u0131n\u0131n ve e\u011fiticilerin, trafik g\u00fcvenli\u011fini sa\u011flamak ad\u0131na \u00f6nemli bir rol oynad\u0131\u011f\u0131n\u0131 belirten K\u00fct\u00fcko\u011flu, &#8220;Kurban Bayram\u0131 tatili s\u00fcresince trafikte daha fazla yo\u011funluk ya\u015fanacakt\u0131r. Bu d\u00f6nemde t\u00fcm s\u00fcr\u00fcc\u00fclerimizi trafik kurallar\u0131na uymaya, dikkatli ve \u00f6zenli olmaya davet ediyorum&#8221; ifadelerini kulland\u0131.<\/p>\n\n\n\n<p>K\u00fct\u00fcko\u011flu, mesaj\u0131n\u0131, &#8220;Kurban Bayram\u0131&#8217;n\u0131n t\u00fcm \u00fcyelerimize, kursiyerlerimize ve milletimize hay\u0131rlar getirmesini diliyorum. Bayram\u0131n sevinciyle birlikte g\u00fcvenli ve huzurlu yolculuklar dilerim&#8221; diyerek sonland\u0131rd\u0131.<\/p>\n","protected":false},"excerpt":{"rendered":"<p>S\u00fcr\u00fcc\u00fc Kurslar\u0131 ve E\u011fitimcileri Derne\u011fi Ba\u015fkan\u0131 Serta\u00e7 K\u00fct\u00fcko\u011flu, Kurban Bayram\u0131 dolay\u0131s\u0131yla bir mesaj yay\u0131mlad\u0131. K\u00fct\u00fcko\u011flu, mesaj\u0131nda bayram\u0131n t\u00fcm insanl\u0131\u011fa bar\u0131\u015f, huzur ve mutluluk getirmesini diledi. K\u00fct\u00fcko\u011flu, &#8220;Kurban Bayram\u0131, payla\u015fman\u0131n, yard\u0131mla\u015fman\u0131n ve dayan\u0131\u015fman\u0131n en g\u00fczel \u00f6rneklerini ya\u015fad\u0131\u011f\u0131m\u0131z \u00f6zel g\u00fcnlerden biridir. Bu anlaml\u0131 bayramda, sevdiklerimizle bir araya gelerek bayram\u0131n co\u015fkusunu hep birlikte ya\u015famal\u0131y\u0131z. Trafikte ise sab\u0131rl\u0131, sayg\u0131l\u0131 &hellip;<\/p>\n","protected":false},"author":2,"featured_media":2057,"comment_status":"open","ping_status":"closed","sticky":false,"template":"","format":"standard","meta":{"googlesitekit_rrm_CAowot3VCw:productID":"","footnotes":""},"categories":[1,24],"tags":[],"class_list":["post-2055","post","type-post","status-publish","format-standard","has-post-thumbnail","hentry","category-van-haber","category-van-haberleri"],"yoast_head":"<!-- This site is optimized with the Yoast SEO Premium plugin v21.7 (Yoast SEO v26.7) - https:\/\/yoast.com\/wordpress\/plugins\/seo\/ -->\n<title>Ba\u015fkan Serta\u00e7 K\u00fct\u00fcko\u011flu\u2019ndan Kurban Bayram\u0131 Mesaj\u0131 - Van Haber | Van X Haber | Van Haberleri<\/title>\n<meta name=\"robots\" content=\"index, follow, max-snippet:-1, max-image-preview:large, max-video-preview:-1\" \/>\n<link rel=\"canonical\" href=\"https:\/\/vanxhaber.com\/index.php\/2024\/06\/15\/baskan-sertac-kutukoglundan-kurban-bayrami-mesaji\/\" \/>\n<meta property=\"og:locale\" content=\"tr_TR\" \/>\n<meta property=\"og:type\" content=\"article\" \/>\n<meta property=\"og:title\" content=\"Ba\u015fkan Serta\u00e7 K\u00fct\u00fcko\u011flu\u2019ndan Kurban Bayram\u0131 Mesaj\u0131\" \/>\n<meta property=\"og:description\" content=\"S\u00fcr\u00fcc\u00fc Kurslar\u0131 ve E\u011fitimcileri Derne\u011fi Ba\u015fkan\u0131 Serta\u00e7 K\u00fct\u00fcko\u011flu, Kurban Bayram\u0131 dolay\u0131s\u0131yla bir mesaj yay\u0131mlad\u0131. K\u00fct\u00fcko\u011flu, mesaj\u0131nda bayram\u0131n t\u00fcm insanl\u0131\u011fa bar\u0131\u015f, huzur ve mutluluk getirmesini diledi. K\u00fct\u00fcko\u011flu, &#8220;Kurban Bayram\u0131, payla\u015fman\u0131n, yard\u0131mla\u015fman\u0131n ve dayan\u0131\u015fman\u0131n en g\u00fczel \u00f6rneklerini ya\u015fad\u0131\u011f\u0131m\u0131z \u00f6zel g\u00fcnlerden biridir. Bu anlaml\u0131 bayramda, sevdiklerimizle bir araya gelerek bayram\u0131n co\u015fkusunu hep birlikte ya\u015famal\u0131y\u0131z. Trafikte ise sab\u0131rl\u0131, sayg\u0131l\u0131 &hellip;\" \/>\n<meta property=\"og:url\" content=\"https:\/\/vanxhaber.com\/index.php\/2024\/06\/15\/baskan-sertac-kutukoglundan-kurban-bayrami-mesaji\/\" \/>\n<meta property=\"og:site_name\" content=\"Van Haber | Van X Haber | Van Haberleri\" \/>\n<meta property=\"article:published_time\" content=\"2024-06-15T15:12:08+00:00\" \/>\n<meta property=\"article:modified_time\" content=\"2024-06-15T15:12:10+00:00\" \/>\n<meta property=\"og:image\" content=\"https:\/\/vanxhaber.com\/wp-content\/uploads\/2024\/06\/sertac-kutukoglu.jpg\" \/>\n\t<meta property=\"og:image:width\" content=\"641\" \/>\n\t<meta property=\"og:image:height\" content=\"380\" \/>\n\t<meta property=\"og:image:type\" content=\"image\/jpeg\" \/>\n<meta name=\"author\" content=\"Van X Haber\" \/>\n<meta name=\"twitter:card\" content=\"summary_large_image\" \/>\n<meta name=\"twitter:label1\" content=\"Yazan:\" \/>\n\t<meta name=\"twitter:data1\" content=\"Van X Haber\" \/>\n\t<meta name=\"twitter:label2\" content=\"Tahmini okuma s\u00fcresi\" \/>\n\t<meta name=\"twitter:data2\" content=\"1 dakika\" \/>\n<script type=\"application\/ld+json\" class=\"yoast-schema-graph\">{\"@context\":\"https:\/\/schema.org\",\"@graph\":[{\"@type\":\"Article\",\"@id\":\"https:\/\/vanxhaber.com\/index.php\/2024\/06\/15\/baskan-sertac-kutukoglundan-kurban-bayrami-mesaji\/#article\",\"isPartOf\":{\"@id\":\"https:\/\/vanxhaber.com\/index.php\/2024\/06\/15\/baskan-sertac-kutukoglundan-kurban-bayrami-mesaji\/\"},\"author\":{\"name\":\"Van X Haber\",\"@id\":\"https:\/\/vanxhaber.com\/#\/schema\/person\/a5fd8d89510cb5370e62ad176f7978ee\"},\"headline\":\"Ba\u015fkan Serta\u00e7 K\u00fct\u00fcko\u011flu\u2019ndan Kurban Bayram\u0131 Mesaj\u0131\",\"datePublished\":\"2024-06-15T15:12:08+00:00\",\"dateModified\":\"2024-06-15T15:12:10+00:00\",\"mainEntityOfPage\":{\"@id\":\"https:\/\/vanxhaber.com\/index.php\/2024\/06\/15\/baskan-sertac-kutukoglundan-kurban-bayrami-mesaji\/\"},\"wordCount\":214,\"commentCount\":0,\"image\":{\"@id\":\"https:\/\/vanxhaber.com\/index.php\/2024\/06\/15\/baskan-sertac-kutukoglundan-kurban-bayrami-mesaji\/#primaryimage\"},\"thumbnailUrl\":\"https:\/\/vanxhaber.com\/wp-content\/uploads\/2024\/06\/sertac-kutukoglu.jpg\",\"articleSection\":[\"Van Haber\",\"Van Haberleri\"],\"inLanguage\":\"tr\",\"potentialAction\":[{\"@type\":\"CommentAction\",\"name\":\"Comment\",\"target\":[\"https:\/\/vanxhaber.com\/index.php\/2024\/06\/15\/baskan-sertac-kutukoglundan-kurban-bayrami-mesaji\/#respond\"]}],\"copyrightYear\":\"2024\",\"copyrightHolder\":{\"@id\":\"https:\/\/vanxhaber.com\/#organization\"}},{\"@type\":\"WebPage\",\"@id\":\"https:\/\/vanxhaber.com\/index.php\/2024\/06\/15\/baskan-sertac-kutukoglundan-kurban-bayrami-mesaji\/\",\"url\":\"https:\/\/vanxhaber.com\/index.php\/2024\/06\/15\/baskan-sertac-kutukoglundan-kurban-bayrami-mesaji\/\",\"name\":\"Ba\u015fkan Serta\u00e7 K\u00fct\u00fcko\u011flu\u2019ndan Kurban Bayram\u0131 Mesaj\u0131 - Van Haber | Van X Haber | Van Haberleri\",\"isPartOf\":{\"@id\":\"https:\/\/vanxhaber.com\/#website\"},\"primaryImageOfPage\":{\"@id\":\"https:\/\/vanxhaber.com\/index.php\/2024\/06\/15\/baskan-sertac-kutukoglundan-kurban-bayrami-mesaji\/#primaryimage\"},\"image\":{\"@id\":\"https:\/\/vanxhaber.com\/index.php\/2024\/06\/15\/baskan-sertac-kutukoglundan-kurban-bayrami-mesaji\/#primaryimage\"},\"thumbnailUrl\":\"https:\/\/vanxhaber.com\/wp-content\/uploads\/2024\/06\/sertac-kutukoglu.jpg\",\"datePublished\":\"2024-06-15T15:12:08+00:00\",\"dateModified\":\"2024-06-15T15:12:10+00:00\",\"author\":{\"@id\":\"https:\/\/vanxhaber.com\/#\/schema\/person\/a5fd8d89510cb5370e62ad176f7978ee\"},\"breadcrumb\":{\"@id\":\"https:\/\/vanxhaber.com\/index.php\/2024\/06\/15\/baskan-sertac-kutukoglundan-kurban-bayrami-mesaji\/#breadcrumb\"},\"inLanguage\":\"tr\",\"potentialAction\":[{\"@type\":\"ReadAction\",\"target\":[\"https:\/\/vanxhaber.com\/index.php\/2024\/06\/15\/baskan-sertac-kutukoglundan-kurban-bayrami-mesaji\/\"]}]},{\"@type\":\"ImageObject\",\"inLanguage\":\"tr\",\"@id\":\"https:\/\/vanxhaber.com\/index.php\/2024\/06\/15\/baskan-sertac-kutukoglundan-kurban-bayrami-mesaji\/#primaryimage\",\"url\":\"https:\/\/vanxhaber.com\/wp-content\/uploads\/2024\/06\/sertac-kutukoglu.jpg\",\"contentUrl\":\"https:\/\/vanxhaber.com\/wp-content\/uploads\/2024\/06\/sertac-kutukoglu.jpg\",\"width\":641,\"height\":380},{\"@type\":\"BreadcrumbList\",\"@id\":\"https:\/\/vanxhaber.com\/index.php\/2024\/06\/15\/baskan-sertac-kutukoglundan-kurban-bayrami-mesaji\/#breadcrumb\",\"itemListElement\":[{\"@type\":\"ListItem\",\"position\":1,\"name\":\"Anasayfa\",\"item\":\"https:\/\/vanxhaber.com\/\"},{\"@type\":\"ListItem\",\"position\":2,\"name\":\"Ba\u015fkan Serta\u00e7 K\u00fct\u00fcko\u011flu\u2019ndan Kurban Bayram\u0131 Mesaj\u0131\"}]},{\"@type\":\"WebSite\",\"@id\":\"https:\/\/vanxhaber.com\/#website\",\"url\":\"https:\/\/vanxhaber.com\/\",\"name\":\"Van Haber | Van X Haber | Van Haberleri\",\"description\":\"Van Haber, Van&#039;\u0131n ilk yapay zeka teknolojileri ile yaz\u0131lan Van X Haber ve Van Haberlerini aktif g\u00fcncel sunan tek vanhaber merkezidir.\",\"potentialAction\":[{\"@type\":\"SearchAction\",\"target\":{\"@type\":\"EntryPoint\",\"urlTemplate\":\"https:\/\/vanxhaber.com\/?s={search_term_string}\"},\"query-input\":{\"@type\":\"PropertyValueSpecification\",\"valueRequired\":true,\"valueName\":\"search_term_string\"}}],\"inLanguage\":\"tr\"},{\"@type\":\"Person\",\"@id\":\"https:\/\/vanxhaber.com\/#\/schema\/person\/a5fd8d89510cb5370e62ad176f7978ee\",\"name\":\"Van X Haber\",\"image\":{\"@type\":\"ImageObject\",\"inLanguage\":\"tr\",\"@id\":\"https:\/\/vanxhaber.com\/#\/schema\/person\/image\/\",\"url\":\"https:\/\/secure.gravatar.com\/avatar\/36f2f63826681263103acb5ca1e7bc1a6db11baea9b75dd091d89b74f2704b07?s=96&d=mm&r=g\",\"contentUrl\":\"https:\/\/secure.gravatar.com\/avatar\/36f2f63826681263103acb5ca1e7bc1a6db11baea9b75dd091d89b74f2704b07?s=96&d=mm&r=g\",\"caption\":\"Van X Haber\"},\"description\":\"Van X Haber Van'\u0131n ilk ve tek yeni nesil Van Haber merkezi. Son Dakika Van Haberleri ve G\u00fcncel Van haber merkezinde s\u0131cak geli\u015fmeleri aktarmaya devam edece\u011fiz.\",\"url\":\"https:\/\/vanxhaber.com\/index.php\/author\/vangazetesi\/\"}]}<\/script>\n<!-- \/ Yoast SEO Premium plugin. -->","yoast_head_json":{"title":"Ba\u015fkan Serta\u00e7 K\u00fct\u00fcko\u011flu\u2019ndan Kurban Bayram\u0131 Mesaj\u0131 - Van Haber | Van X Haber | Van Haberleri","robots":{"index":"index","follow":"follow","max-snippet":"max-snippet:-1","max-image-preview":"max-image-preview:large","max-video-preview":"max-video-preview:-1"},"canonical":"https:\/\/vanxhaber.com\/index.php\/2024\/06\/15\/baskan-sertac-kutukoglundan-kurban-bayrami-mesaji\/","og_locale":"tr_TR","og_type":"article","og_title":"Ba\u015fkan Serta\u00e7 K\u00fct\u00fcko\u011flu\u2019ndan Kurban Bayram\u0131 Mesaj\u0131","og_description":"S\u00fcr\u00fcc\u00fc Kurslar\u0131 ve E\u011fitimcileri Derne\u011fi Ba\u015fkan\u0131 Serta\u00e7 K\u00fct\u00fcko\u011flu, Kurban Bayram\u0131 dolay\u0131s\u0131yla bir mesaj yay\u0131mlad\u0131. K\u00fct\u00fcko\u011flu, mesaj\u0131nda bayram\u0131n t\u00fcm insanl\u0131\u011fa bar\u0131\u015f, huzur ve mutluluk getirmesini diledi. K\u00fct\u00fcko\u011flu, &#8220;Kurban Bayram\u0131, payla\u015fman\u0131n, yard\u0131mla\u015fman\u0131n ve dayan\u0131\u015fman\u0131n en g\u00fczel \u00f6rneklerini ya\u015fad\u0131\u011f\u0131m\u0131z \u00f6zel g\u00fcnlerden biridir. Bu anlaml\u0131 bayramda, sevdiklerimizle bir araya gelerek bayram\u0131n co\u015fkusunu hep birlikte ya\u015famal\u0131y\u0131z. Trafikte ise sab\u0131rl\u0131, sayg\u0131l\u0131 &hellip;","og_url":"https:\/\/vanxhaber.com\/index.php\/2024\/06\/15\/baskan-sertac-kutukoglundan-kurban-bayrami-mesaji\/","og_site_name":"Van Haber | Van X Haber | Van Haberleri","article_published_time":"2024-06-15T15:12:08+00:00","article_modified_time":"2024-06-15T15:12:10+00:00","og_image":[{"width":641,"height":380,"url":"https:\/\/vanxhaber.com\/wp-content\/uploads\/2024\/06\/sertac-kutukoglu.jpg","type":"image\/jpeg"}],"author":"Van X Haber","twitter_card":"summary_large_image","twitter_misc":{"Yazan:":"Van X Haber","Tahmini okuma s\u00fcresi":"1 dakika"},"schema":{"@context":"https:\/\/schema.org","@graph":[{"@type":"Article","@id":"https:\/\/vanxhaber.com\/index.php\/2024\/06\/15\/baskan-sertac-kutukoglundan-kurban-bayrami-mesaji\/#article","isPartOf":{"@id":"https:\/\/vanxhaber.com\/index.php\/2024\/06\/15\/baskan-sertac-kutukoglundan-kurban-bayrami-mesaji\/"},"author":{"name":"Van X Haber","@id":"https:\/\/vanxhaber.com\/#\/schema\/person\/a5fd8d89510cb5370e62ad176f7978ee"},"headline":"Ba\u015fkan Serta\u00e7 K\u00fct\u00fcko\u011flu\u2019ndan Kurban Bayram\u0131 Mesaj\u0131","datePublished":"2024-06-15T15:12:08+00:00","dateModified":"2024-06-15T15:12:10+00:00","mainEntityOfPage":{"@id":"https:\/\/vanxhaber.com\/index.php\/2024\/06\/15\/baskan-sertac-kutukoglundan-kurban-bayrami-mesaji\/"},"wordCount":214,"commentCount":0,"image":{"@id":"https:\/\/vanxhaber.com\/index.php\/2024\/06\/15\/baskan-sertac-kutukoglundan-kurban-bayrami-mesaji\/#primaryimage"},"thumbnailUrl":"https:\/\/vanxhaber.com\/wp-content\/uploads\/2024\/06\/sertac-kutukoglu.jpg","articleSection":["Van Haber","Van Haberleri"],"inLanguage":"tr","potentialAction":[{"@type":"CommentAction","name":"Comment","target":["https:\/\/vanxhaber.com\/index.php\/2024\/06\/15\/baskan-sertac-kutukoglundan-kurban-bayrami-mesaji\/#respond"]}],"copyrightYear":"2024","copyrightHolder":{"@id":"https:\/\/vanxhaber.com\/#organization"}},{"@type":"WebPage","@id":"https:\/\/vanxhaber.com\/index.php\/2024\/06\/15\/baskan-sertac-kutukoglundan-kurban-bayrami-mesaji\/","url":"https:\/\/vanxhaber.com\/index.php\/2024\/06\/15\/baskan-sertac-kutukoglundan-kurban-bayrami-mesaji\/","name":"Ba\u015fkan Serta\u00e7 K\u00fct\u00fcko\u011flu\u2019ndan Kurban Bayram\u0131 Mesaj\u0131 - Van Haber | Van X Haber | Van Haberleri","isPartOf":{"@id":"https:\/\/vanxhaber.com\/#website"},"primaryImageOfPage":{"@id":"https:\/\/vanxhaber.com\/index.php\/2024\/06\/15\/baskan-sertac-kutukoglundan-kurban-bayrami-mesaji\/#primaryimage"},"image":{"@id":"https:\/\/vanxhaber.com\/index.php\/2024\/06\/15\/baskan-sertac-kutukoglundan-kurban-bayrami-mesaji\/#primaryimage"},"thumbnailUrl":"https:\/\/vanxhaber.com\/wp-content\/uploads\/2024\/06\/sertac-kutukoglu.jpg","datePublished":"2024-06-15T15:12:08+00:00","dateModified":"2024-06-15T15:12:10+00:00","author":{"@id":"https:\/\/vanxhaber.com\/#\/schema\/person\/a5fd8d89510cb5370e62ad176f7978ee"},"breadcrumb":{"@id":"https:\/\/vanxhaber.com\/index.php\/2024\/06\/15\/baskan-sertac-kutukoglundan-kurban-bayrami-mesaji\/#breadcrumb"},"inLanguage":"tr","potentialAction":[{"@type":"ReadAction","target":["https:\/\/vanxhaber.com\/index.php\/2024\/06\/15\/baskan-sertac-kutukoglundan-kurban-bayrami-mesaji\/"]}]},{"@type":"ImageObject","inLanguage":"tr","@id":"https:\/\/vanxhaber.com\/index.php\/2024\/06\/15\/baskan-sertac-kutukoglundan-kurban-bayrami-mesaji\/#primaryimage","url":"https:\/\/vanxhaber.com\/wp-content\/uploads\/2024\/06\/sertac-kutukoglu.jpg","contentUrl":"https:\/\/vanxhaber.com\/wp-content\/uploads\/2024\/06\/sertac-kutukoglu.jpg","width":641,"height":380},{"@type":"BreadcrumbList","@id":"https:\/\/vanxhaber.com\/index.php\/2024\/06\/15\/baskan-sertac-kutukoglundan-kurban-bayrami-mesaji\/#breadcrumb","itemListElement":[{"@type":"ListItem","position":1,"name":"Anasayfa","item":"https:\/\/vanxhaber.com\/"},{"@type":"ListItem","position":2,"name":"Ba\u015fkan Serta\u00e7 K\u00fct\u00fcko\u011flu\u2019ndan Kurban Bayram\u0131 Mesaj\u0131"}]},{"@type":"WebSite","@id":"https:\/\/vanxhaber.com\/#website","url":"https:\/\/vanxhaber.com\/","name":"Van Haber | Van X Haber | Van Haberleri","description":"Van Haber, Van&#039;\u0131n ilk yapay zeka teknolojileri ile yaz\u0131lan Van X Haber ve Van Haberlerini aktif g\u00fcncel sunan tek vanhaber merkezidir.","potentialAction":[{"@type":"SearchAction","target":{"@type":"EntryPoint","urlTemplate":"https:\/\/vanxhaber.com\/?s={search_term_string}"},"query-input":{"@type":"PropertyValueSpecification","valueRequired":true,"valueName":"search_term_string"}}],"inLanguage":"tr"},{"@type":"Person","@id":"https:\/\/vanxhaber.com\/#\/schema\/person\/a5fd8d89510cb5370e62ad176f7978ee","name":"Van X Haber","image":{"@type":"ImageObject","inLanguage":"tr","@id":"https:\/\/vanxhaber.com\/#\/schema\/person\/image\/","url":"https:\/\/secure.gravatar.com\/avatar\/36f2f63826681263103acb5ca1e7bc1a6db11baea9b75dd091d89b74f2704b07?s=96&d=mm&r=g","contentUrl":"https:\/\/secure.gravatar.com\/avatar\/36f2f63826681263103acb5ca1e7bc1a6db11baea9b75dd091d89b74f2704b07?s=96&d=mm&r=g","caption":"Van X Haber"},"description":"Van X Haber Van'\u0131n ilk ve tek yeni nesil Van Haber merkezi. Son Dakika Van Haberleri ve G\u00fcncel Van haber merkezinde s\u0131cak geli\u015fmeleri aktarmaya devam edece\u011fiz.","url":"https:\/\/vanxhaber.com\/index.php\/author\/vangazetesi\/"}]}},"_links":{"self":[{"href":"https:\/\/vanxhaber.com\/index.php\/wp-json\/wp\/v2\/posts\/2055","targetHints":{"allow":["GET"]}}],"collection":[{"href":"https:\/\/vanxhaber.com\/index.php\/wp-json\/wp\/v2\/posts"}],"about":[{"href":"https:\/\/vanxhaber.com\/index.php\/wp-json\/wp\/v2\/types\/post"}],"author":[{"embeddable":true,"href":"https:\/\/vanxhaber.com\/index.php\/wp-json\/wp\/v2\/users\/2"}],"replies":[{"embeddable":true,"href":"https:\/\/vanxhaber.com\/index.php\/wp-json\/wp\/v2\/comments?post=2055"}],"version-history":[{"count":1,"href":"https:\/\/vanxhaber.com\/index.php\/wp-json\/wp\/v2\/posts\/2055\/revisions"}],"predecessor-version":[{"id":2058,"href":"https:\/\/vanxhaber.com\/index.php\/wp-json\/wp\/v2\/posts\/2055\/revisions\/2058"}],"wp:featuredmedia":[{"embeddable":true,"href":"https:\/\/vanxhaber.com\/index.php\/wp-json\/wp\/v2\/media\/2057"}],"wp:attachment":[{"href":"https:\/\/vanxhaber.com\/index.php\/wp-json\/wp\/v2\/media?parent=2055"}],"wp:term":[{"taxonomy":"category","embeddable":true,"href":"https:\/\/vanxhaber.com\/index.php\/wp-json\/wp\/v2\/categories?post=2055"},{"taxonomy":"post_tag","embeddable":true,"href":"https:\/\/vanxhaber.com\/index.php\/wp-json\/wp\/v2\/tags?post=2055"}],"curies":[{"name":"wp","href":"https:\/\/api.w.org\/{rel}","templated":true}]}}