{"id":2060,"date":"2024-06-15T18:55:49","date_gmt":"2024-06-15T18:55:49","guid":{"rendered":"https:\/\/vanxhaber.com\/?p=2060"},"modified":"2024-06-15T18:55:52","modified_gmt":"2024-06-15T18:55:52","slug":"fariz-borazandan-anlamli-kurban-bayrami-mesaji","status":"publish","type":"post","link":"https:\/\/vanxhaber.com\/index.php\/2024\/06\/15\/fariz-borazandan-anlamli-kurban-bayrami-mesaji\/","title":{"rendered":"Fariz Borazan\u2019dan Anlaml\u0131 Kurban Bayram\u0131 Mesaj\u0131"},"content":{"rendered":"\n<p><strong>Kamu M\u00fcteahhitleri ve \u0130\u015f \u0130nsanlar\u0131 Derne\u011fi (KAM\u0130AD) Genel Ba\u015fkan Yard\u0131mc\u0131s\u0131 ve Van Ticaret ve Sanayi Odas\u0131 (Van TSO) Y\u00fcksek \u0130sti\u015fare Kurulu \u00dcyesi olan i\u015f insan\u0131 Fariz Borazan, Kurban Bayram\u0131 dolay\u0131s\u0131yla anlaml\u0131 bir mesaj yay\u0131mlad\u0131. <\/strong><\/p>\n\n\n\n<p><\/p>\n\n\n\n<p>Mesaj\u0131nda bar\u0131\u015f ve huzur temalar\u0131n\u0131 \u00f6ne \u00e7\u0131karan Borazan, bayram\u0131n sa\u011fl\u0131k, mutluluk ve evrensel hukuk a\u00e7\u0131s\u0131ndan da bar\u0131\u015f ve huzur getirmesini temenni etti.Fariz Borazan mesaj\u0131nda \u015fu ifadelere yer verdi:\u201cBayram\u0131n\u0131z\u0131 en i\u00e7ten dileklerimle kutlar, sa\u011fl\u0131k, mutluluk getirmesini temenni ederim. Ayr\u0131ca bu bayram\u0131n evrensel hukuka da bar\u0131\u015f ve huzur getirmesini diler, bayram\u0131n\u0131z\u0131 kutlar\u0131m. Kurban Bayram\u0131, insanlar\u0131 bir araya getiren, birlik ve beraberlik duygular\u0131n\u0131 peki\u015ftiren \u00f6zel bir zamand\u0131r. Bu vesileyle t\u00fcm \u0130slam aleminin bayram\u0131n\u0131 kutlar, bar\u0131\u015f ve huzur dolu bir gelecek dilerim.\u201dBorazan, mesaj\u0131n\u0131n sonunda K\u00fcrt\u00e7e olarak da bayram tebriklerini ileterek, \u201cCejna Remezan\u00ea Li We P\u00eeroz Be! Ramazan Bayram\u0131n\u0131z Kutlu Olsun\u201d dedi. Bu ifadelerle, toplumun farkl\u0131 kesimlerine hitap ederek, birlik ve beraberlik mesaj\u0131 verdi.<\/p>\n","protected":false},"excerpt":{"rendered":"<p>Kamu M\u00fcteahhitleri ve \u0130\u015f \u0130nsanlar\u0131 Derne\u011fi (KAM\u0130AD) Genel Ba\u015fkan Yard\u0131mc\u0131s\u0131 ve Van Ticaret ve Sanayi Odas\u0131 (Van TSO) Y\u00fcksek \u0130sti\u015fare Kurulu \u00dcyesi olan i\u015f insan\u0131 Fariz Borazan, Kurban Bayram\u0131 dolay\u0131s\u0131yla anlaml\u0131 bir mesaj yay\u0131mlad\u0131. Mesaj\u0131nda bar\u0131\u015f ve huzur temalar\u0131n\u0131 \u00f6ne \u00e7\u0131karan Borazan, bayram\u0131n sa\u011fl\u0131k, mutluluk ve evrensel hukuk a\u00e7\u0131s\u0131ndan da bar\u0131\u015f ve huzur getirmesini temenni &hellip;<\/p>\n","protected":false},"author":2,"featured_media":2062,"comment_status":"open","ping_status":"closed","sticky":false,"template":"","format":"standard","meta":{"googlesitekit_rrm_CAowot3VCw:productID":"","footnotes":""},"categories":[1],"tags":[],"class_list":["post-2060","post","type-post","status-publish","format-standard","has-post-thumbnail","hentry","category-van-haber"],"yoast_head":"<!-- This site is optimized with the Yoast SEO Premium plugin v21.7 (Yoast SEO v26.7) - https:\/\/yoast.com\/wordpress\/plugins\/seo\/ -->\n<title>Fariz Borazan\u2019dan Anlaml\u0131 Kurban Bayram\u0131 Mesaj\u0131 - Van Haber | Van X Haber | Van Haberleri<\/title>\n<meta name=\"robots\" content=\"index, follow, max-snippet:-1, max-image-preview:large, max-video-preview:-1\" \/>\n<link rel=\"canonical\" href=\"https:\/\/vanxhaber.com\/index.php\/2024\/06\/15\/fariz-borazandan-anlamli-kurban-bayrami-mesaji\/\" \/>\n<meta property=\"og:locale\" content=\"tr_TR\" \/>\n<meta property=\"og:type\" content=\"article\" \/>\n<meta property=\"og:title\" content=\"Fariz Borazan\u2019dan Anlaml\u0131 Kurban Bayram\u0131 Mesaj\u0131\" \/>\n<meta property=\"og:description\" content=\"Kamu M\u00fcteahhitleri ve \u0130\u015f \u0130nsanlar\u0131 Derne\u011fi (KAM\u0130AD) Genel Ba\u015fkan Yard\u0131mc\u0131s\u0131 ve Van Ticaret ve Sanayi Odas\u0131 (Van TSO) Y\u00fcksek \u0130sti\u015fare Kurulu \u00dcyesi olan i\u015f insan\u0131 Fariz Borazan, Kurban Bayram\u0131 dolay\u0131s\u0131yla anlaml\u0131 bir mesaj yay\u0131mlad\u0131. Mesaj\u0131nda bar\u0131\u015f ve huzur temalar\u0131n\u0131 \u00f6ne \u00e7\u0131karan Borazan, bayram\u0131n sa\u011fl\u0131k, mutluluk ve evrensel hukuk a\u00e7\u0131s\u0131ndan da bar\u0131\u015f ve huzur getirmesini temenni &hellip;\" \/>\n<meta property=\"og:url\" content=\"https:\/\/vanxhaber.com\/index.php\/2024\/06\/15\/fariz-borazandan-anlamli-kurban-bayrami-mesaji\/\" \/>\n<meta property=\"og:site_name\" content=\"Van Haber | Van X Haber | Van Haberleri\" \/>\n<meta property=\"article:published_time\" content=\"2024-06-15T18:55:49+00:00\" \/>\n<meta property=\"article:modified_time\" content=\"2024-06-15T18:55:52+00:00\" \/>\n<meta property=\"og:image\" content=\"https:\/\/vanxhaber.com\/wp-content\/uploads\/2024\/06\/images.jpeg\" \/>\n\t<meta property=\"og:image:width\" content=\"640\" \/>\n\t<meta property=\"og:image:height\" content=\"480\" \/>\n\t<meta property=\"og:image:type\" content=\"image\/jpeg\" \/>\n<meta name=\"author\" content=\"Van X Haber\" \/>\n<meta name=\"twitter:card\" content=\"summary_large_image\" \/>\n<meta name=\"twitter:label1\" content=\"Yazan:\" \/>\n\t<meta name=\"twitter:data1\" content=\"Van X Haber\" \/>\n\t<meta name=\"twitter:label2\" content=\"Tahmini okuma s\u00fcresi\" \/>\n\t<meta name=\"twitter:data2\" content=\"2 dakika\" \/>\n<script type=\"application\/ld+json\" class=\"yoast-schema-graph\">{\"@context\":\"https:\/\/schema.org\",\"@graph\":[{\"@type\":\"Article\",\"@id\":\"https:\/\/vanxhaber.com\/index.php\/2024\/06\/15\/fariz-borazandan-anlamli-kurban-bayrami-mesaji\/#article\",\"isPartOf\":{\"@id\":\"https:\/\/vanxhaber.com\/index.php\/2024\/06\/15\/fariz-borazandan-anlamli-kurban-bayrami-mesaji\/\"},\"author\":{\"name\":\"Van X Haber\",\"@id\":\"https:\/\/vanxhaber.com\/#\/schema\/person\/a5fd8d89510cb5370e62ad176f7978ee\"},\"headline\":\"Fariz Borazan\u2019dan Anlaml\u0131 Kurban Bayram\u0131 Mesaj\u0131\",\"datePublished\":\"2024-06-15T18:55:49+00:00\",\"dateModified\":\"2024-06-15T18:55:52+00:00\",\"mainEntityOfPage\":{\"@id\":\"https:\/\/vanxhaber.com\/index.php\/2024\/06\/15\/fariz-borazandan-anlamli-kurban-bayrami-mesaji\/\"},\"wordCount\":193,\"commentCount\":0,\"image\":{\"@id\":\"https:\/\/vanxhaber.com\/index.php\/2024\/06\/15\/fariz-borazandan-anlamli-kurban-bayrami-mesaji\/#primaryimage\"},\"thumbnailUrl\":\"https:\/\/vanxhaber.com\/wp-content\/uploads\/2024\/06\/images.jpeg\",\"articleSection\":[\"Van Haber\"],\"inLanguage\":\"tr\",\"potentialAction\":[{\"@type\":\"CommentAction\",\"name\":\"Comment\",\"target\":[\"https:\/\/vanxhaber.com\/index.php\/2024\/06\/15\/fariz-borazandan-anlamli-kurban-bayrami-mesaji\/#respond\"]}],\"copyrightYear\":\"2024\",\"copyrightHolder\":{\"@id\":\"https:\/\/vanxhaber.com\/#organization\"}},{\"@type\":\"WebPage\",\"@id\":\"https:\/\/vanxhaber.com\/index.php\/2024\/06\/15\/fariz-borazandan-anlamli-kurban-bayrami-mesaji\/\",\"url\":\"https:\/\/vanxhaber.com\/index.php\/2024\/06\/15\/fariz-borazandan-anlamli-kurban-bayrami-mesaji\/\",\"name\":\"Fariz Borazan\u2019dan Anlaml\u0131 Kurban Bayram\u0131 Mesaj\u0131 - Van Haber | Van X Haber | Van Haberleri\",\"isPartOf\":{\"@id\":\"https:\/\/vanxhaber.com\/#website\"},\"primaryImageOfPage\":{\"@id\":\"https:\/\/vanxhaber.com\/index.php\/2024\/06\/15\/fariz-borazandan-anlamli-kurban-bayrami-mesaji\/#primaryimage\"},\"image\":{\"@id\":\"https:\/\/vanxhaber.com\/index.php\/2024\/06\/15\/fariz-borazandan-anlamli-kurban-bayrami-mesaji\/#primaryimage\"},\"thumbnailUrl\":\"https:\/\/vanxhaber.com\/wp-content\/uploads\/2024\/06\/images.jpeg\",\"datePublished\":\"2024-06-15T18:55:49+00:00\",\"dateModified\":\"2024-06-15T18:55:52+00:00\",\"author\":{\"@id\":\"https:\/\/vanxhaber.com\/#\/schema\/person\/a5fd8d89510cb5370e62ad176f7978ee\"},\"breadcrumb\":{\"@id\":\"https:\/\/vanxhaber.com\/index.php\/2024\/06\/15\/fariz-borazandan-anlamli-kurban-bayrami-mesaji\/#breadcrumb\"},\"inLanguage\":\"tr\",\"potentialAction\":[{\"@type\":\"ReadAction\",\"target\":[\"https:\/\/vanxhaber.com\/index.php\/2024\/06\/15\/fariz-borazandan-anlamli-kurban-bayrami-mesaji\/\"]}]},{\"@type\":\"ImageObject\",\"inLanguage\":\"tr\",\"@id\":\"https:\/\/vanxhaber.com\/index.php\/2024\/06\/15\/fariz-borazandan-anlamli-kurban-bayrami-mesaji\/#primaryimage\",\"url\":\"https:\/\/vanxhaber.com\/wp-content\/uploads\/2024\/06\/images.jpeg\",\"contentUrl\":\"https:\/\/vanxhaber.com\/wp-content\/uploads\/2024\/06\/images.jpeg\",\"width\":640,\"height\":480},{\"@type\":\"BreadcrumbList\",\"@id\":\"https:\/\/vanxhaber.com\/index.php\/2024\/06\/15\/fariz-borazandan-anlamli-kurban-bayrami-mesaji\/#breadcrumb\",\"itemListElement\":[{\"@type\":\"ListItem\",\"position\":1,\"name\":\"Anasayfa\",\"item\":\"https:\/\/vanxhaber.com\/\"},{\"@type\":\"ListItem\",\"position\":2,\"name\":\"Fariz Borazan\u2019dan Anlaml\u0131 Kurban Bayram\u0131 Mesaj\u0131\"}]},{\"@type\":\"WebSite\",\"@id\":\"https:\/\/vanxhaber.com\/#website\",\"url\":\"https:\/\/vanxhaber.com\/\",\"name\":\"Van Haber | Van X Haber | Van Haberleri\",\"description\":\"Van Haber, Van&#039;\u0131n ilk yapay zeka teknolojileri ile yaz\u0131lan Van X Haber ve Van Haberlerini aktif g\u00fcncel sunan tek vanhaber merkezidir.\",\"potentialAction\":[{\"@type\":\"SearchAction\",\"target\":{\"@type\":\"EntryPoint\",\"urlTemplate\":\"https:\/\/vanxhaber.com\/?s={search_term_string}\"},\"query-input\":{\"@type\":\"PropertyValueSpecification\",\"valueRequired\":true,\"valueName\":\"search_term_string\"}}],\"inLanguage\":\"tr\"},{\"@type\":\"Person\",\"@id\":\"https:\/\/vanxhaber.com\/#\/schema\/person\/a5fd8d89510cb5370e62ad176f7978ee\",\"name\":\"Van X Haber\",\"image\":{\"@type\":\"ImageObject\",\"inLanguage\":\"tr\",\"@id\":\"https:\/\/vanxhaber.com\/#\/schema\/person\/image\/\",\"url\":\"https:\/\/secure.gravatar.com\/avatar\/36f2f63826681263103acb5ca1e7bc1a6db11baea9b75dd091d89b74f2704b07?s=96&d=mm&r=g\",\"contentUrl\":\"https:\/\/secure.gravatar.com\/avatar\/36f2f63826681263103acb5ca1e7bc1a6db11baea9b75dd091d89b74f2704b07?s=96&d=mm&r=g\",\"caption\":\"Van X Haber\"},\"description\":\"Van X Haber Van'\u0131n ilk ve tek yeni nesil Van Haber merkezi. Son Dakika Van Haberleri ve G\u00fcncel Van haber merkezinde s\u0131cak geli\u015fmeleri aktarmaya devam edece\u011fiz.\",\"url\":\"https:\/\/vanxhaber.com\/index.php\/author\/vangazetesi\/\"}]}<\/script>\n<!-- \/ Yoast SEO Premium plugin. -->","yoast_head_json":{"title":"Fariz Borazan\u2019dan Anlaml\u0131 Kurban Bayram\u0131 Mesaj\u0131 - Van Haber | Van X Haber | Van Haberleri","robots":{"index":"index","follow":"follow","max-snippet":"max-snippet:-1","max-image-preview":"max-image-preview:large","max-video-preview":"max-video-preview:-1"},"canonical":"https:\/\/vanxhaber.com\/index.php\/2024\/06\/15\/fariz-borazandan-anlamli-kurban-bayrami-mesaji\/","og_locale":"tr_TR","og_type":"article","og_title":"Fariz Borazan\u2019dan Anlaml\u0131 Kurban Bayram\u0131 Mesaj\u0131","og_description":"Kamu M\u00fcteahhitleri ve \u0130\u015f \u0130nsanlar\u0131 Derne\u011fi (KAM\u0130AD) Genel Ba\u015fkan Yard\u0131mc\u0131s\u0131 ve Van Ticaret ve Sanayi Odas\u0131 (Van TSO) Y\u00fcksek \u0130sti\u015fare Kurulu \u00dcyesi olan i\u015f insan\u0131 Fariz Borazan, Kurban Bayram\u0131 dolay\u0131s\u0131yla anlaml\u0131 bir mesaj yay\u0131mlad\u0131. Mesaj\u0131nda bar\u0131\u015f ve huzur temalar\u0131n\u0131 \u00f6ne \u00e7\u0131karan Borazan, bayram\u0131n sa\u011fl\u0131k, mutluluk ve evrensel hukuk a\u00e7\u0131s\u0131ndan da bar\u0131\u015f ve huzur getirmesini temenni &hellip;","og_url":"https:\/\/vanxhaber.com\/index.php\/2024\/06\/15\/fariz-borazandan-anlamli-kurban-bayrami-mesaji\/","og_site_name":"Van Haber | Van X Haber | Van Haberleri","article_published_time":"2024-06-15T18:55:49+00:00","article_modified_time":"2024-06-15T18:55:52+00:00","og_image":[{"width":640,"height":480,"url":"https:\/\/vanxhaber.com\/wp-content\/uploads\/2024\/06\/images.jpeg","type":"image\/jpeg"}],"author":"Van X Haber","twitter_card":"summary_large_image","twitter_misc":{"Yazan:":"Van X Haber","Tahmini okuma s\u00fcresi":"2 dakika"},"schema":{"@context":"https:\/\/schema.org","@graph":[{"@type":"Article","@id":"https:\/\/vanxhaber.com\/index.php\/2024\/06\/15\/fariz-borazandan-anlamli-kurban-bayrami-mesaji\/#article","isPartOf":{"@id":"https:\/\/vanxhaber.com\/index.php\/2024\/06\/15\/fariz-borazandan-anlamli-kurban-bayrami-mesaji\/"},"author":{"name":"Van X Haber","@id":"https:\/\/vanxhaber.com\/#\/schema\/person\/a5fd8d89510cb5370e62ad176f7978ee"},"headline":"Fariz Borazan\u2019dan Anlaml\u0131 Kurban Bayram\u0131 Mesaj\u0131","datePublished":"2024-06-15T18:55:49+00:00","dateModified":"2024-06-15T18:55:52+00:00","mainEntityOfPage":{"@id":"https:\/\/vanxhaber.com\/index.php\/2024\/06\/15\/fariz-borazandan-anlamli-kurban-bayrami-mesaji\/"},"wordCount":193,"commentCount":0,"image":{"@id":"https:\/\/vanxhaber.com\/index.php\/2024\/06\/15\/fariz-borazandan-anlamli-kurban-bayrami-mesaji\/#primaryimage"},"thumbnailUrl":"https:\/\/vanxhaber.com\/wp-content\/uploads\/2024\/06\/images.jpeg","articleSection":["Van Haber"],"inLanguage":"tr","potentialAction":[{"@type":"CommentAction","name":"Comment","target":["https:\/\/vanxhaber.com\/index.php\/2024\/06\/15\/fariz-borazandan-anlamli-kurban-bayrami-mesaji\/#respond"]}],"copyrightYear":"2024","copyrightHolder":{"@id":"https:\/\/vanxhaber.com\/#organization"}},{"@type":"WebPage","@id":"https:\/\/vanxhaber.com\/index.php\/2024\/06\/15\/fariz-borazandan-anlamli-kurban-bayrami-mesaji\/","url":"https:\/\/vanxhaber.com\/index.php\/2024\/06\/15\/fariz-borazandan-anlamli-kurban-bayrami-mesaji\/","name":"Fariz Borazan\u2019dan Anlaml\u0131 Kurban Bayram\u0131 Mesaj\u0131 - Van Haber | Van X Haber | Van Haberleri","isPartOf":{"@id":"https:\/\/vanxhaber.com\/#website"},"primaryImageOfPage":{"@id":"https:\/\/vanxhaber.com\/index.php\/2024\/06\/15\/fariz-borazandan-anlamli-kurban-bayrami-mesaji\/#primaryimage"},"image":{"@id":"https:\/\/vanxhaber.com\/index.php\/2024\/06\/15\/fariz-borazandan-anlamli-kurban-bayrami-mesaji\/#primaryimage"},"thumbnailUrl":"https:\/\/vanxhaber.com\/wp-content\/uploads\/2024\/06\/images.jpeg","datePublished":"2024-06-15T18:55:49+00:00","dateModified":"2024-06-15T18:55:52+00:00","author":{"@id":"https:\/\/vanxhaber.com\/#\/schema\/person\/a5fd8d89510cb5370e62ad176f7978ee"},"breadcrumb":{"@id":"https:\/\/vanxhaber.com\/index.php\/2024\/06\/15\/fariz-borazandan-anlamli-kurban-bayrami-mesaji\/#breadcrumb"},"inLanguage":"tr","potentialAction":[{"@type":"ReadAction","target":["https:\/\/vanxhaber.com\/index.php\/2024\/06\/15\/fariz-borazandan-anlamli-kurban-bayrami-mesaji\/"]}]},{"@type":"ImageObject","inLanguage":"tr","@id":"https:\/\/vanxhaber.com\/index.php\/2024\/06\/15\/fariz-borazandan-anlamli-kurban-bayrami-mesaji\/#primaryimage","url":"https:\/\/vanxhaber.com\/wp-content\/uploads\/2024\/06\/images.jpeg","contentUrl":"https:\/\/vanxhaber.com\/wp-content\/uploads\/2024\/06\/images.jpeg","width":640,"height":480},{"@type":"BreadcrumbList","@id":"https:\/\/vanxhaber.com\/index.php\/2024\/06\/15\/fariz-borazandan-anlamli-kurban-bayrami-mesaji\/#breadcrumb","itemListElement":[{"@type":"ListItem","position":1,"name":"Anasayfa","item":"https:\/\/vanxhaber.com\/"},{"@type":"ListItem","position":2,"name":"Fariz Borazan\u2019dan Anlaml\u0131 Kurban Bayram\u0131 Mesaj\u0131"}]},{"@type":"WebSite","@id":"https:\/\/vanxhaber.com\/#website","url":"https:\/\/vanxhaber.com\/","name":"Van Haber | Van X Haber | Van Haberleri","description":"Van Haber, Van&#039;\u0131n ilk yapay zeka teknolojileri ile yaz\u0131lan Van X Haber ve Van Haberlerini aktif g\u00fcncel sunan tek vanhaber merkezidir.","potentialAction":[{"@type":"SearchAction","target":{"@type":"EntryPoint","urlTemplate":"https:\/\/vanxhaber.com\/?s={search_term_string}"},"query-input":{"@type":"PropertyValueSpecification","valueRequired":true,"valueName":"search_term_string"}}],"inLanguage":"tr"},{"@type":"Person","@id":"https:\/\/vanxhaber.com\/#\/schema\/person\/a5fd8d89510cb5370e62ad176f7978ee","name":"Van X Haber","image":{"@type":"ImageObject","inLanguage":"tr","@id":"https:\/\/vanxhaber.com\/#\/schema\/person\/image\/","url":"https:\/\/secure.gravatar.com\/avatar\/36f2f63826681263103acb5ca1e7bc1a6db11baea9b75dd091d89b74f2704b07?s=96&d=mm&r=g","contentUrl":"https:\/\/secure.gravatar.com\/avatar\/36f2f63826681263103acb5ca1e7bc1a6db11baea9b75dd091d89b74f2704b07?s=96&d=mm&r=g","caption":"Van X Haber"},"description":"Van X Haber Van'\u0131n ilk ve tek yeni nesil Van Haber merkezi. Son Dakika Van Haberleri ve G\u00fcncel Van haber merkezinde s\u0131cak geli\u015fmeleri aktarmaya devam edece\u011fiz.","url":"https:\/\/vanxhaber.com\/index.php\/author\/vangazetesi\/"}]}},"_links":{"self":[{"href":"https:\/\/vanxhaber.com\/index.php\/wp-json\/wp\/v2\/posts\/2060","targetHints":{"allow":["GET"]}}],"collection":[{"href":"https:\/\/vanxhaber.com\/index.php\/wp-json\/wp\/v2\/posts"}],"about":[{"href":"https:\/\/vanxhaber.com\/index.php\/wp-json\/wp\/v2\/types\/post"}],"author":[{"embeddable":true,"href":"https:\/\/vanxhaber.com\/index.php\/wp-json\/wp\/v2\/users\/2"}],"replies":[{"embeddable":true,"href":"https:\/\/vanxhaber.com\/index.php\/wp-json\/wp\/v2\/comments?post=2060"}],"version-history":[{"count":1,"href":"https:\/\/vanxhaber.com\/index.php\/wp-json\/wp\/v2\/posts\/2060\/revisions"}],"predecessor-version":[{"id":2063,"href":"https:\/\/vanxhaber.com\/index.php\/wp-json\/wp\/v2\/posts\/2060\/revisions\/2063"}],"wp:featuredmedia":[{"embeddable":true,"href":"https:\/\/vanxhaber.com\/index.php\/wp-json\/wp\/v2\/media\/2062"}],"wp:attachment":[{"href":"https:\/\/vanxhaber.com\/index.php\/wp-json\/wp\/v2\/media?parent=2060"}],"wp:term":[{"taxonomy":"category","embeddable":true,"href":"https:\/\/vanxhaber.com\/index.php\/wp-json\/wp\/v2\/categories?post=2060"},{"taxonomy":"post_tag","embeddable":true,"href":"https:\/\/vanxhaber.com\/index.php\/wp-json\/wp\/v2\/tags?post=2060"}],"curies":[{"name":"wp","href":"https:\/\/api.w.org\/{rel}","templated":true}]}}