{"id":2067,"date":"2024-06-19T19:41:37","date_gmt":"2024-06-19T19:41:37","guid":{"rendered":"https:\/\/vanxhaber.com\/?p=2067"},"modified":"2024-06-19T19:41:38","modified_gmt":"2024-06-19T19:41:38","slug":"beykizadeh-polonyada-altin-madalya-kazandi","status":"publish","type":"post","link":"https:\/\/vanxhaber.com\/index.php\/2024\/06\/19\/beykizadeh-polonyada-altin-madalya-kazandi\/","title":{"rendered":"Beykizadeh Polonya&#8217;da Alt\u0131n Madalya Kazand\u0131"},"content":{"rendered":"\n<p>Bel\u00e7ika T\u0130TU \u00dcniversitesi&#8217;nin de\u011ferli \u00f6\u011fretim \u00fcyesi Dr. Abdolrashid Beykizadeh, Polonya&#8217;n\u0131n Krakow \u015fehrinde ger\u00e7ekle\u015ftirilen uluslararas\u0131 icatlar fuar\u0131nda b\u00fcy\u00fck bir ba\u015far\u0131ya imza atarak alt\u0131n madalya kazand\u0131.<\/p>\n\n\n\n<p>40 \u00fclkenin kat\u0131l\u0131m\u0131yla ger\u00e7ekle\u015fen bu prestijli yar\u0131\u015fmada, Beykizadeh&#8217;in bulu\u015fu, yanma bilimi, ak\u0131\u015fkanlar mekani\u011fi ve termal bilimler alan\u0131nda teknik yenilikler sunan bir laboratuvar stand\u0131 oldu.<\/p>\n\n\n\n<p><strong>Dr. Abdolrashid Beykizadeh kendi bulu\u015fu hakk\u0131nda anlatt\u0131: <\/strong>Benim bulu\u015fum, d\u00f6nen ak\u0131mlarda alev testi i\u00e7in laboratuvar stand\u0131. Bu bulu\u015f yanma bilimi, ak\u0131\u015fkanlar mekani\u011fi ve termal bilimler alan\u0131nda teknik olarak yer almakta olup, ana uygulama alan\u0131 mekanik ve havac\u0131l\u0131k alanlar\u0131ndad\u0131r. D\u00f6nen ak\u0131mlar\u0131n kullan\u0131lmas\u0131n\u0131n ana amac\u0131, yanma kirleticilerini azaltmak, yak\u0131t t\u00fcketimini azaltmak ve alev stabilizesini art\u0131rmakt\u0131r. D\u00f6n\u00fc\u015f \u00fcretmenin en yayg\u0131n y\u00f6ntemlerinden biri d\u00f6ner b\u0131\u00e7aklar\u0131n kullan\u0131lmas\u0131d\u0131r. Bu y\u00f6ntemin ana sorunu, t\u00fcm giri\u015f h\u0131z de\u011ferleri i\u00e7in ayn\u0131 d\u00f6n\u00fc\u015f\u00fc \u00fcretmesidir. Bu sorun yeni tasar\u0131mda ortadan kald\u0131r\u0131lm\u0131\u015ft\u0131r. Ba\u015fka bir deyi\u015fle, bu tasar\u0131mda her h\u0131z de\u011feri i\u00e7in istenilen d\u00f6n\u00fc\u015f say\u0131s\u0131n\u0131 elde etmek m\u00fcmk\u00fcnd\u00fcr. Ge\u00e7mi\u015fte, yanma sisteminin t\u00fcr\u00fcne dikkat edilmemi\u015ftir. Yani kullan\u0131c\u0131 yanma sistemini de\u011fi\u015ftiremezdi. Bu tasar\u0131mda, kullan\u0131c\u0131 yanma verimlili\u011fini art\u0131rmak i\u00e7in br\u00fcl\u00f6r\u00fcn \u00e7al\u0131\u015fma \u015feklinde de\u011fi\u015fiklikler yapabilir. Bu de\u011fi\u015fiklikler, tamamen \u00f6n kar\u0131\u015f\u0131ml\u0131dan tamamen kar\u0131\u015fmam\u0131\u015fa kadar geni\u015f bir aral\u0131\u011f\u0131 kapsayabilir. Yakla\u015fan tasar\u0131mda, ge\u00e7mi\u015fteki br\u00fcl\u00f6rlerin (yaln\u0131zca bir tasar\u0131m noktas\u0131na sahip olabilen) bu sorununun \u00e7\u00f6z\u00fclmesi i\u00e7in \u00e7aba sarf edilmi\u015ftir ve br\u00fcl\u00f6r bu geni\u015f aral\u0131kta \u00e7al\u0131\u015fabilir.Bu yar\u0131\u015fma 40 \u00fclkenin kat\u0131l\u0131m\u0131yla  Polonya Krakow \u015fehrinde yap\u0131ld\u0131.Romania Politeknik \u00dcniversitesi taraf\u0131ndan bu bulu\u015fa \u00f6zel \u00f6d\u00fcl verildi.Dr. Abdolrashid Beykizadeh  \u00f6nceden 2023 \u0130stanbul Teknofest de g\u00fcm\u00fc\u015f madaliya kazanm\u0131\u015ft\u0131.<\/p>\n","protected":false},"excerpt":{"rendered":"<p>Belcika T\u0130TU \u00fcniversitesi \u00f6\u011fretim \u00fcyesi Dr. Abdolrashid Beykizadeh Poloniaya&#8217;da ger\u00e7ekle\u015fen uluslararas\u0131 icatlar fuar\u0131nda birinci olarak alt\u0131n madalya kazand\u0131. <\/p>\n","protected":false},"author":2,"featured_media":2069,"comment_status":"open","ping_status":"closed","sticky":false,"template":"","format":"standard","meta":{"googlesitekit_rrm_CAowot3VCw:productID":"","footnotes":""},"categories":[1,24,31],"tags":[34,36],"class_list":["post-2067","post","type-post","status-publish","format-standard","has-post-thumbnail","hentry","category-van-haber","category-van-haberleri","category-van-yapay-zeka","tag-van","tag-van-haberleri"],"yoast_head":"<!-- This site is optimized with the Yoast SEO Premium plugin v21.7 (Yoast SEO v26.7) - https:\/\/yoast.com\/wordpress\/plugins\/seo\/ -->\n<title>Beykizadeh Polonya&#039;da Alt\u0131n Madalya Kazand\u0131 - Van Haber | Van X Haber | Van Haberleri<\/title>\n<meta name=\"robots\" content=\"index, follow, max-snippet:-1, max-image-preview:large, max-video-preview:-1\" \/>\n<link rel=\"canonical\" href=\"https:\/\/vanxhaber.com\/index.php\/2024\/06\/19\/beykizadeh-polonyada-altin-madalya-kazandi\/\" \/>\n<meta property=\"og:locale\" content=\"tr_TR\" \/>\n<meta property=\"og:type\" content=\"article\" \/>\n<meta property=\"og:title\" content=\"Beykizadeh Polonya&#039;da Alt\u0131n Madalya Kazand\u0131\" \/>\n<meta property=\"og:description\" content=\"Belcika T\u0130TU \u00fcniversitesi \u00f6\u011fretim \u00fcyesi Dr. Abdolrashid Beykizadeh Poloniaya&#039;da ger\u00e7ekle\u015fen uluslararas\u0131 icatlar fuar\u0131nda birinci olarak alt\u0131n madalya kazand\u0131.\" \/>\n<meta property=\"og:url\" content=\"https:\/\/vanxhaber.com\/index.php\/2024\/06\/19\/beykizadeh-polonyada-altin-madalya-kazandi\/\" \/>\n<meta property=\"og:site_name\" content=\"Van Haber | Van X Haber | Van Haberleri\" \/>\n<meta property=\"article:published_time\" content=\"2024-06-19T19:41:37+00:00\" \/>\n<meta property=\"article:modified_time\" content=\"2024-06-19T19:41:38+00:00\" \/>\n<meta property=\"og:image\" content=\"https:\/\/vanxhaber.com\/wp-content\/uploads\/2024\/06\/Beykizadeh-Polonyada-Altin-Madalya-Kazandi.jpg\" \/>\n\t<meta property=\"og:image:width\" content=\"641\" \/>\n\t<meta property=\"og:image:height\" content=\"380\" \/>\n\t<meta property=\"og:image:type\" content=\"image\/jpeg\" \/>\n<meta name=\"author\" content=\"Van X Haber\" \/>\n<meta name=\"twitter:card\" content=\"summary_large_image\" \/>\n<meta name=\"twitter:label1\" content=\"Yazan:\" \/>\n\t<meta name=\"twitter:data1\" content=\"Van X Haber\" \/>\n\t<meta name=\"twitter:label2\" content=\"Tahmini okuma s\u00fcresi\" \/>\n\t<meta name=\"twitter:data2\" content=\"2 dakika\" \/>\n<script type=\"application\/ld+json\" class=\"yoast-schema-graph\">{\"@context\":\"https:\/\/schema.org\",\"@graph\":[{\"@type\":\"Article\",\"@id\":\"https:\/\/vanxhaber.com\/index.php\/2024\/06\/19\/beykizadeh-polonyada-altin-madalya-kazandi\/#article\",\"isPartOf\":{\"@id\":\"https:\/\/vanxhaber.com\/index.php\/2024\/06\/19\/beykizadeh-polonyada-altin-madalya-kazandi\/\"},\"author\":{\"name\":\"Van X Haber\",\"@id\":\"https:\/\/vanxhaber.com\/#\/schema\/person\/a5fd8d89510cb5370e62ad176f7978ee\"},\"headline\":\"Beykizadeh Polonya&#8217;da Alt\u0131n Madalya Kazand\u0131\",\"datePublished\":\"2024-06-19T19:41:37+00:00\",\"dateModified\":\"2024-06-19T19:41:38+00:00\",\"mainEntityOfPage\":{\"@id\":\"https:\/\/vanxhaber.com\/index.php\/2024\/06\/19\/beykizadeh-polonyada-altin-madalya-kazandi\/\"},\"wordCount\":365,\"commentCount\":0,\"image\":{\"@id\":\"https:\/\/vanxhaber.com\/index.php\/2024\/06\/19\/beykizadeh-polonyada-altin-madalya-kazandi\/#primaryimage\"},\"thumbnailUrl\":\"https:\/\/vanxhaber.com\/wp-content\/uploads\/2024\/06\/Beykizadeh-Polonyada-Altin-Madalya-Kazandi.jpg\",\"keywords\":[\"van\",\"van haberleri\"],\"articleSection\":[\"Van Haber\",\"Van Haberleri\",\"Van Yapay Zeka\"],\"inLanguage\":\"tr\",\"potentialAction\":[{\"@type\":\"CommentAction\",\"name\":\"Comment\",\"target\":[\"https:\/\/vanxhaber.com\/index.php\/2024\/06\/19\/beykizadeh-polonyada-altin-madalya-kazandi\/#respond\"]}],\"copyrightYear\":\"2024\",\"copyrightHolder\":{\"@id\":\"https:\/\/vanxhaber.com\/#organization\"}},{\"@type\":\"WebPage\",\"@id\":\"https:\/\/vanxhaber.com\/index.php\/2024\/06\/19\/beykizadeh-polonyada-altin-madalya-kazandi\/\",\"url\":\"https:\/\/vanxhaber.com\/index.php\/2024\/06\/19\/beykizadeh-polonyada-altin-madalya-kazandi\/\",\"name\":\"Beykizadeh Polonya'da Alt\u0131n Madalya Kazand\u0131 - Van Haber | Van X Haber | Van Haberleri\",\"isPartOf\":{\"@id\":\"https:\/\/vanxhaber.com\/#website\"},\"primaryImageOfPage\":{\"@id\":\"https:\/\/vanxhaber.com\/index.php\/2024\/06\/19\/beykizadeh-polonyada-altin-madalya-kazandi\/#primaryimage\"},\"image\":{\"@id\":\"https:\/\/vanxhaber.com\/index.php\/2024\/06\/19\/beykizadeh-polonyada-altin-madalya-kazandi\/#primaryimage\"},\"thumbnailUrl\":\"https:\/\/vanxhaber.com\/wp-content\/uploads\/2024\/06\/Beykizadeh-Polonyada-Altin-Madalya-Kazandi.jpg\",\"datePublished\":\"2024-06-19T19:41:37+00:00\",\"dateModified\":\"2024-06-19T19:41:38+00:00\",\"author\":{\"@id\":\"https:\/\/vanxhaber.com\/#\/schema\/person\/a5fd8d89510cb5370e62ad176f7978ee\"},\"breadcrumb\":{\"@id\":\"https:\/\/vanxhaber.com\/index.php\/2024\/06\/19\/beykizadeh-polonyada-altin-madalya-kazandi\/#breadcrumb\"},\"inLanguage\":\"tr\",\"potentialAction\":[{\"@type\":\"ReadAction\",\"target\":[\"https:\/\/vanxhaber.com\/index.php\/2024\/06\/19\/beykizadeh-polonyada-altin-madalya-kazandi\/\"]}]},{\"@type\":\"ImageObject\",\"inLanguage\":\"tr\",\"@id\":\"https:\/\/vanxhaber.com\/index.php\/2024\/06\/19\/beykizadeh-polonyada-altin-madalya-kazandi\/#primaryimage\",\"url\":\"https:\/\/vanxhaber.com\/wp-content\/uploads\/2024\/06\/Beykizadeh-Polonyada-Altin-Madalya-Kazandi.jpg\",\"contentUrl\":\"https:\/\/vanxhaber.com\/wp-content\/uploads\/2024\/06\/Beykizadeh-Polonyada-Altin-Madalya-Kazandi.jpg\",\"width\":641,\"height\":380},{\"@type\":\"BreadcrumbList\",\"@id\":\"https:\/\/vanxhaber.com\/index.php\/2024\/06\/19\/beykizadeh-polonyada-altin-madalya-kazandi\/#breadcrumb\",\"itemListElement\":[{\"@type\":\"ListItem\",\"position\":1,\"name\":\"Anasayfa\",\"item\":\"https:\/\/vanxhaber.com\/\"},{\"@type\":\"ListItem\",\"position\":2,\"name\":\"Beykizadeh Polonya&#8217;da Alt\u0131n Madalya Kazand\u0131\"}]},{\"@type\":\"WebSite\",\"@id\":\"https:\/\/vanxhaber.com\/#website\",\"url\":\"https:\/\/vanxhaber.com\/\",\"name\":\"Van Haber | Van X Haber | Van Haberleri\",\"description\":\"Van Haber, Van&#039;\u0131n ilk yapay zeka teknolojileri ile yaz\u0131lan Van X Haber ve Van Haberlerini aktif g\u00fcncel sunan tek vanhaber merkezidir.\",\"potentialAction\":[{\"@type\":\"SearchAction\",\"target\":{\"@type\":\"EntryPoint\",\"urlTemplate\":\"https:\/\/vanxhaber.com\/?s={search_term_string}\"},\"query-input\":{\"@type\":\"PropertyValueSpecification\",\"valueRequired\":true,\"valueName\":\"search_term_string\"}}],\"inLanguage\":\"tr\"},{\"@type\":\"Person\",\"@id\":\"https:\/\/vanxhaber.com\/#\/schema\/person\/a5fd8d89510cb5370e62ad176f7978ee\",\"name\":\"Van X Haber\",\"image\":{\"@type\":\"ImageObject\",\"inLanguage\":\"tr\",\"@id\":\"https:\/\/vanxhaber.com\/#\/schema\/person\/image\/\",\"url\":\"https:\/\/secure.gravatar.com\/avatar\/36f2f63826681263103acb5ca1e7bc1a6db11baea9b75dd091d89b74f2704b07?s=96&d=mm&r=g\",\"contentUrl\":\"https:\/\/secure.gravatar.com\/avatar\/36f2f63826681263103acb5ca1e7bc1a6db11baea9b75dd091d89b74f2704b07?s=96&d=mm&r=g\",\"caption\":\"Van X Haber\"},\"description\":\"Van X Haber Van'\u0131n ilk ve tek yeni nesil Van Haber merkezi. Son Dakika Van Haberleri ve G\u00fcncel Van haber merkezinde s\u0131cak geli\u015fmeleri aktarmaya devam edece\u011fiz.\",\"url\":\"https:\/\/vanxhaber.com\/index.php\/author\/vangazetesi\/\"}]}<\/script>\n<!-- \/ Yoast SEO Premium plugin. -->","yoast_head_json":{"title":"Beykizadeh Polonya'da Alt\u0131n Madalya Kazand\u0131 - Van Haber | Van X Haber | Van Haberleri","robots":{"index":"index","follow":"follow","max-snippet":"max-snippet:-1","max-image-preview":"max-image-preview:large","max-video-preview":"max-video-preview:-1"},"canonical":"https:\/\/vanxhaber.com\/index.php\/2024\/06\/19\/beykizadeh-polonyada-altin-madalya-kazandi\/","og_locale":"tr_TR","og_type":"article","og_title":"Beykizadeh Polonya'da Alt\u0131n Madalya Kazand\u0131","og_description":"Belcika T\u0130TU \u00fcniversitesi \u00f6\u011fretim \u00fcyesi Dr. Abdolrashid Beykizadeh Poloniaya'da ger\u00e7ekle\u015fen uluslararas\u0131 icatlar fuar\u0131nda birinci olarak alt\u0131n madalya kazand\u0131.","og_url":"https:\/\/vanxhaber.com\/index.php\/2024\/06\/19\/beykizadeh-polonyada-altin-madalya-kazandi\/","og_site_name":"Van Haber | Van X Haber | Van Haberleri","article_published_time":"2024-06-19T19:41:37+00:00","article_modified_time":"2024-06-19T19:41:38+00:00","og_image":[{"width":641,"height":380,"url":"https:\/\/vanxhaber.com\/wp-content\/uploads\/2024\/06\/Beykizadeh-Polonyada-Altin-Madalya-Kazandi.jpg","type":"image\/jpeg"}],"author":"Van X Haber","twitter_card":"summary_large_image","twitter_misc":{"Yazan:":"Van X Haber","Tahmini okuma s\u00fcresi":"2 dakika"},"schema":{"@context":"https:\/\/schema.org","@graph":[{"@type":"Article","@id":"https:\/\/vanxhaber.com\/index.php\/2024\/06\/19\/beykizadeh-polonyada-altin-madalya-kazandi\/#article","isPartOf":{"@id":"https:\/\/vanxhaber.com\/index.php\/2024\/06\/19\/beykizadeh-polonyada-altin-madalya-kazandi\/"},"author":{"name":"Van X Haber","@id":"https:\/\/vanxhaber.com\/#\/schema\/person\/a5fd8d89510cb5370e62ad176f7978ee"},"headline":"Beykizadeh Polonya&#8217;da Alt\u0131n Madalya Kazand\u0131","datePublished":"2024-06-19T19:41:37+00:00","dateModified":"2024-06-19T19:41:38+00:00","mainEntityOfPage":{"@id":"https:\/\/vanxhaber.com\/index.php\/2024\/06\/19\/beykizadeh-polonyada-altin-madalya-kazandi\/"},"wordCount":365,"commentCount":0,"image":{"@id":"https:\/\/vanxhaber.com\/index.php\/2024\/06\/19\/beykizadeh-polonyada-altin-madalya-kazandi\/#primaryimage"},"thumbnailUrl":"https:\/\/vanxhaber.com\/wp-content\/uploads\/2024\/06\/Beykizadeh-Polonyada-Altin-Madalya-Kazandi.jpg","keywords":["van","van haberleri"],"articleSection":["Van Haber","Van Haberleri","Van Yapay Zeka"],"inLanguage":"tr","potentialAction":[{"@type":"CommentAction","name":"Comment","target":["https:\/\/vanxhaber.com\/index.php\/2024\/06\/19\/beykizadeh-polonyada-altin-madalya-kazandi\/#respond"]}],"copyrightYear":"2024","copyrightHolder":{"@id":"https:\/\/vanxhaber.com\/#organization"}},{"@type":"WebPage","@id":"https:\/\/vanxhaber.com\/index.php\/2024\/06\/19\/beykizadeh-polonyada-altin-madalya-kazandi\/","url":"https:\/\/vanxhaber.com\/index.php\/2024\/06\/19\/beykizadeh-polonyada-altin-madalya-kazandi\/","name":"Beykizadeh Polonya'da Alt\u0131n Madalya Kazand\u0131 - Van Haber | Van X Haber | Van Haberleri","isPartOf":{"@id":"https:\/\/vanxhaber.com\/#website"},"primaryImageOfPage":{"@id":"https:\/\/vanxhaber.com\/index.php\/2024\/06\/19\/beykizadeh-polonyada-altin-madalya-kazandi\/#primaryimage"},"image":{"@id":"https:\/\/vanxhaber.com\/index.php\/2024\/06\/19\/beykizadeh-polonyada-altin-madalya-kazandi\/#primaryimage"},"thumbnailUrl":"https:\/\/vanxhaber.com\/wp-content\/uploads\/2024\/06\/Beykizadeh-Polonyada-Altin-Madalya-Kazandi.jpg","datePublished":"2024-06-19T19:41:37+00:00","dateModified":"2024-06-19T19:41:38+00:00","author":{"@id":"https:\/\/vanxhaber.com\/#\/schema\/person\/a5fd8d89510cb5370e62ad176f7978ee"},"breadcrumb":{"@id":"https:\/\/vanxhaber.com\/index.php\/2024\/06\/19\/beykizadeh-polonyada-altin-madalya-kazandi\/#breadcrumb"},"inLanguage":"tr","potentialAction":[{"@type":"ReadAction","target":["https:\/\/vanxhaber.com\/index.php\/2024\/06\/19\/beykizadeh-polonyada-altin-madalya-kazandi\/"]}]},{"@type":"ImageObject","inLanguage":"tr","@id":"https:\/\/vanxhaber.com\/index.php\/2024\/06\/19\/beykizadeh-polonyada-altin-madalya-kazandi\/#primaryimage","url":"https:\/\/vanxhaber.com\/wp-content\/uploads\/2024\/06\/Beykizadeh-Polonyada-Altin-Madalya-Kazandi.jpg","contentUrl":"https:\/\/vanxhaber.com\/wp-content\/uploads\/2024\/06\/Beykizadeh-Polonyada-Altin-Madalya-Kazandi.jpg","width":641,"height":380},{"@type":"BreadcrumbList","@id":"https:\/\/vanxhaber.com\/index.php\/2024\/06\/19\/beykizadeh-polonyada-altin-madalya-kazandi\/#breadcrumb","itemListElement":[{"@type":"ListItem","position":1,"name":"Anasayfa","item":"https:\/\/vanxhaber.com\/"},{"@type":"ListItem","position":2,"name":"Beykizadeh Polonya&#8217;da Alt\u0131n Madalya Kazand\u0131"}]},{"@type":"WebSite","@id":"https:\/\/vanxhaber.com\/#website","url":"https:\/\/vanxhaber.com\/","name":"Van Haber | Van X Haber | Van Haberleri","description":"Van Haber, Van&#039;\u0131n ilk yapay zeka teknolojileri ile yaz\u0131lan Van X Haber ve Van Haberlerini aktif g\u00fcncel sunan tek vanhaber merkezidir.","potentialAction":[{"@type":"SearchAction","target":{"@type":"EntryPoint","urlTemplate":"https:\/\/vanxhaber.com\/?s={search_term_string}"},"query-input":{"@type":"PropertyValueSpecification","valueRequired":true,"valueName":"search_term_string"}}],"inLanguage":"tr"},{"@type":"Person","@id":"https:\/\/vanxhaber.com\/#\/schema\/person\/a5fd8d89510cb5370e62ad176f7978ee","name":"Van X Haber","image":{"@type":"ImageObject","inLanguage":"tr","@id":"https:\/\/vanxhaber.com\/#\/schema\/person\/image\/","url":"https:\/\/secure.gravatar.com\/avatar\/36f2f63826681263103acb5ca1e7bc1a6db11baea9b75dd091d89b74f2704b07?s=96&d=mm&r=g","contentUrl":"https:\/\/secure.gravatar.com\/avatar\/36f2f63826681263103acb5ca1e7bc1a6db11baea9b75dd091d89b74f2704b07?s=96&d=mm&r=g","caption":"Van X Haber"},"description":"Van X Haber Van'\u0131n ilk ve tek yeni nesil Van Haber merkezi. Son Dakika Van Haberleri ve G\u00fcncel Van haber merkezinde s\u0131cak geli\u015fmeleri aktarmaya devam edece\u011fiz.","url":"https:\/\/vanxhaber.com\/index.php\/author\/vangazetesi\/"}]}},"_links":{"self":[{"href":"https:\/\/vanxhaber.com\/index.php\/wp-json\/wp\/v2\/posts\/2067","targetHints":{"allow":["GET"]}}],"collection":[{"href":"https:\/\/vanxhaber.com\/index.php\/wp-json\/wp\/v2\/posts"}],"about":[{"href":"https:\/\/vanxhaber.com\/index.php\/wp-json\/wp\/v2\/types\/post"}],"author":[{"embeddable":true,"href":"https:\/\/vanxhaber.com\/index.php\/wp-json\/wp\/v2\/users\/2"}],"replies":[{"embeddable":true,"href":"https:\/\/vanxhaber.com\/index.php\/wp-json\/wp\/v2\/comments?post=2067"}],"version-history":[{"count":1,"href":"https:\/\/vanxhaber.com\/index.php\/wp-json\/wp\/v2\/posts\/2067\/revisions"}],"predecessor-version":[{"id":2070,"href":"https:\/\/vanxhaber.com\/index.php\/wp-json\/wp\/v2\/posts\/2067\/revisions\/2070"}],"wp:featuredmedia":[{"embeddable":true,"href":"https:\/\/vanxhaber.com\/index.php\/wp-json\/wp\/v2\/media\/2069"}],"wp:attachment":[{"href":"https:\/\/vanxhaber.com\/index.php\/wp-json\/wp\/v2\/media?parent=2067"}],"wp:term":[{"taxonomy":"category","embeddable":true,"href":"https:\/\/vanxhaber.com\/index.php\/wp-json\/wp\/v2\/categories?post=2067"},{"taxonomy":"post_tag","embeddable":true,"href":"https:\/\/vanxhaber.com\/index.php\/wp-json\/wp\/v2\/tags?post=2067"}],"curies":[{"name":"wp","href":"https:\/\/api.w.org\/{rel}","templated":true}]}}