{"id":2072,"date":"2024-07-09T13:32:15","date_gmt":"2024-07-09T13:32:15","guid":{"rendered":"https:\/\/vanxhaber.com\/?p=2072"},"modified":"2024-07-09T13:32:17","modified_gmt":"2024-07-09T13:32:17","slug":"abdullah-zeydan-kapali-semt-pazarlarini-incelendi","status":"publish","type":"post","link":"https:\/\/vanxhaber.com\/index.php\/2024\/07\/09\/abdullah-zeydan-kapali-semt-pazarlarini-incelendi\/","title":{"rendered":"Abdullah Zeydan kapal\u0131 semt pazarlar\u0131n\u0131 \u0130ncelendi"},"content":{"rendered":"\n<p><strong>Van B\u00fcy\u00fck\u015fehir Belediyesi Ba\u015fkan\u0131 Abdullah Zeydan, kapal\u0131 semt pazarlar\u0131n\u0131 inceledi.<\/strong><\/p>\n\n\n\n<p>Edremit il\u00e7esi \u015eabaniye Mahallesi&#8217;nde bulunan ve 4 bin metrekarelik alana sahip olan kapal\u0131 semt pazar\u0131n\u0131 gezen E\u015fba\u015fkan \u015eedal ve Zeydan&#8217;a Genel Sekreter Yard\u0131mc\u0131lar\u0131 ve daire ba\u015fkanlar\u0131 da e\u015flik etti.<\/p>\n\n\n\n<p>Alan\u0131 gezen e\u015fba\u015fkanlar, teknik personellerden semt pazar\u0131 hakk\u0131nda bilgi ald\u0131. Halen kullan\u0131ma a\u00e7\u0131lmayan semt pazarlar\u0131n\u0131n ne ama\u00e7la kullan\u0131laca\u011f\u0131 ve bu alanlarla ilgili nas\u0131l bir tasarrufta bulunulaca\u011f\u0131 ileriki g\u00fcnlerde yap\u0131lacak \u00e7al\u0131\u015fmalar sonucu belirlenecek.<\/p>\n","protected":false},"excerpt":{"rendered":"<p>Van B\u00fcy\u00fck\u015fehir Belediyesi Ba\u015fkan\u0131 Abdullah Zeydan, kapal\u0131 semt pazarlar\u0131n\u0131 inceledi. Edremit il\u00e7esi \u015eabaniye Mahallesi&#8217;nde bulunan ve 4 bin metrekarelik alana sahip olan kapal\u0131 semt pazar\u0131n\u0131 gezen E\u015fba\u015fkan \u015eedal ve Zeydan&#8217;a Genel Sekreter Yard\u0131mc\u0131lar\u0131 ve daire ba\u015fkanlar\u0131 da e\u015flik etti. Alan\u0131 gezen e\u015fba\u015fkanlar, teknik personellerden semt pazar\u0131 hakk\u0131nda bilgi ald\u0131. Halen kullan\u0131ma a\u00e7\u0131lmayan semt pazarlar\u0131n\u0131n ne &hellip;<\/p>\n","protected":false},"author":2,"featured_media":2074,"comment_status":"open","ping_status":"closed","sticky":false,"template":"","format":"standard","meta":{"googlesitekit_rrm_CAowot3VCw:productID":"","footnotes":""},"categories":[1,24],"tags":[],"class_list":["post-2072","post","type-post","status-publish","format-standard","has-post-thumbnail","hentry","category-van-haber","category-van-haberleri"],"yoast_head":"<!-- This site is optimized with the Yoast SEO Premium plugin v21.7 (Yoast SEO v26.7) - https:\/\/yoast.com\/wordpress\/plugins\/seo\/ -->\n<title>Abdullah Zeydan kapal\u0131 semt pazarlar\u0131n\u0131 \u0130ncelendi - Van Haber | Van X Haber | Van Haberleri<\/title>\n<meta name=\"robots\" content=\"index, follow, max-snippet:-1, max-image-preview:large, max-video-preview:-1\" \/>\n<link rel=\"canonical\" href=\"https:\/\/vanxhaber.com\/index.php\/2024\/07\/09\/abdullah-zeydan-kapali-semt-pazarlarini-incelendi\/\" \/>\n<meta property=\"og:locale\" content=\"tr_TR\" \/>\n<meta property=\"og:type\" content=\"article\" \/>\n<meta property=\"og:title\" content=\"Abdullah Zeydan kapal\u0131 semt pazarlar\u0131n\u0131 \u0130ncelendi\" \/>\n<meta property=\"og:description\" content=\"Van B\u00fcy\u00fck\u015fehir Belediyesi Ba\u015fkan\u0131 Abdullah Zeydan, kapal\u0131 semt pazarlar\u0131n\u0131 inceledi. Edremit il\u00e7esi \u015eabaniye Mahallesi&#8217;nde bulunan ve 4 bin metrekarelik alana sahip olan kapal\u0131 semt pazar\u0131n\u0131 gezen E\u015fba\u015fkan \u015eedal ve Zeydan&#8217;a Genel Sekreter Yard\u0131mc\u0131lar\u0131 ve daire ba\u015fkanlar\u0131 da e\u015flik etti. Alan\u0131 gezen e\u015fba\u015fkanlar, teknik personellerden semt pazar\u0131 hakk\u0131nda bilgi ald\u0131. Halen kullan\u0131ma a\u00e7\u0131lmayan semt pazarlar\u0131n\u0131n ne &hellip;\" \/>\n<meta property=\"og:url\" content=\"https:\/\/vanxhaber.com\/index.php\/2024\/07\/09\/abdullah-zeydan-kapali-semt-pazarlarini-incelendi\/\" \/>\n<meta property=\"og:site_name\" content=\"Van Haber | Van X Haber | Van Haberleri\" \/>\n<meta property=\"article:published_time\" content=\"2024-07-09T13:32:15+00:00\" \/>\n<meta property=\"article:modified_time\" content=\"2024-07-09T13:32:17+00:00\" \/>\n<meta property=\"og:image\" content=\"https:\/\/vanxhaber.com\/wp-content\/uploads\/2024\/07\/ZIYARET.jpg\" \/>\n\t<meta property=\"og:image:width\" content=\"640\" \/>\n\t<meta property=\"og:image:height\" content=\"380\" \/>\n\t<meta property=\"og:image:type\" content=\"image\/jpeg\" \/>\n<meta name=\"author\" content=\"Van X Haber\" \/>\n<meta name=\"twitter:card\" content=\"summary_large_image\" \/>\n<meta name=\"twitter:label1\" content=\"Yazan:\" \/>\n\t<meta name=\"twitter:data1\" content=\"Van X Haber\" \/>\n\t<meta name=\"twitter:label2\" content=\"Tahmini okuma s\u00fcresi\" \/>\n\t<meta name=\"twitter:data2\" content=\"1 dakika\" \/>\n<script type=\"application\/ld+json\" class=\"yoast-schema-graph\">{\"@context\":\"https:\/\/schema.org\",\"@graph\":[{\"@type\":\"Article\",\"@id\":\"https:\/\/vanxhaber.com\/index.php\/2024\/07\/09\/abdullah-zeydan-kapali-semt-pazarlarini-incelendi\/#article\",\"isPartOf\":{\"@id\":\"https:\/\/vanxhaber.com\/index.php\/2024\/07\/09\/abdullah-zeydan-kapali-semt-pazarlarini-incelendi\/\"},\"author\":{\"name\":\"Van X Haber\",\"@id\":\"https:\/\/vanxhaber.com\/#\/schema\/person\/a5fd8d89510cb5370e62ad176f7978ee\"},\"headline\":\"Abdullah Zeydan kapal\u0131 semt pazarlar\u0131n\u0131 \u0130ncelendi\",\"datePublished\":\"2024-07-09T13:32:15+00:00\",\"dateModified\":\"2024-07-09T13:32:17+00:00\",\"mainEntityOfPage\":{\"@id\":\"https:\/\/vanxhaber.com\/index.php\/2024\/07\/09\/abdullah-zeydan-kapali-semt-pazarlarini-incelendi\/\"},\"wordCount\":105,\"commentCount\":0,\"image\":{\"@id\":\"https:\/\/vanxhaber.com\/index.php\/2024\/07\/09\/abdullah-zeydan-kapali-semt-pazarlarini-incelendi\/#primaryimage\"},\"thumbnailUrl\":\"https:\/\/vanxhaber.com\/wp-content\/uploads\/2024\/07\/ZIYARET.jpg\",\"articleSection\":[\"Van Haber\",\"Van Haberleri\"],\"inLanguage\":\"tr\",\"potentialAction\":[{\"@type\":\"CommentAction\",\"name\":\"Comment\",\"target\":[\"https:\/\/vanxhaber.com\/index.php\/2024\/07\/09\/abdullah-zeydan-kapali-semt-pazarlarini-incelendi\/#respond\"]}],\"copyrightYear\":\"2024\",\"copyrightHolder\":{\"@id\":\"https:\/\/vanxhaber.com\/#organization\"}},{\"@type\":\"WebPage\",\"@id\":\"https:\/\/vanxhaber.com\/index.php\/2024\/07\/09\/abdullah-zeydan-kapali-semt-pazarlarini-incelendi\/\",\"url\":\"https:\/\/vanxhaber.com\/index.php\/2024\/07\/09\/abdullah-zeydan-kapali-semt-pazarlarini-incelendi\/\",\"name\":\"Abdullah Zeydan kapal\u0131 semt pazarlar\u0131n\u0131 \u0130ncelendi - Van Haber | Van X Haber | Van Haberleri\",\"isPartOf\":{\"@id\":\"https:\/\/vanxhaber.com\/#website\"},\"primaryImageOfPage\":{\"@id\":\"https:\/\/vanxhaber.com\/index.php\/2024\/07\/09\/abdullah-zeydan-kapali-semt-pazarlarini-incelendi\/#primaryimage\"},\"image\":{\"@id\":\"https:\/\/vanxhaber.com\/index.php\/2024\/07\/09\/abdullah-zeydan-kapali-semt-pazarlarini-incelendi\/#primaryimage\"},\"thumbnailUrl\":\"https:\/\/vanxhaber.com\/wp-content\/uploads\/2024\/07\/ZIYARET.jpg\",\"datePublished\":\"2024-07-09T13:32:15+00:00\",\"dateModified\":\"2024-07-09T13:32:17+00:00\",\"author\":{\"@id\":\"https:\/\/vanxhaber.com\/#\/schema\/person\/a5fd8d89510cb5370e62ad176f7978ee\"},\"breadcrumb\":{\"@id\":\"https:\/\/vanxhaber.com\/index.php\/2024\/07\/09\/abdullah-zeydan-kapali-semt-pazarlarini-incelendi\/#breadcrumb\"},\"inLanguage\":\"tr\",\"potentialAction\":[{\"@type\":\"ReadAction\",\"target\":[\"https:\/\/vanxhaber.com\/index.php\/2024\/07\/09\/abdullah-zeydan-kapali-semt-pazarlarini-incelendi\/\"]}]},{\"@type\":\"ImageObject\",\"inLanguage\":\"tr\",\"@id\":\"https:\/\/vanxhaber.com\/index.php\/2024\/07\/09\/abdullah-zeydan-kapali-semt-pazarlarini-incelendi\/#primaryimage\",\"url\":\"https:\/\/vanxhaber.com\/wp-content\/uploads\/2024\/07\/ZIYARET.jpg\",\"contentUrl\":\"https:\/\/vanxhaber.com\/wp-content\/uploads\/2024\/07\/ZIYARET.jpg\",\"width\":640,\"height\":380},{\"@type\":\"BreadcrumbList\",\"@id\":\"https:\/\/vanxhaber.com\/index.php\/2024\/07\/09\/abdullah-zeydan-kapali-semt-pazarlarini-incelendi\/#breadcrumb\",\"itemListElement\":[{\"@type\":\"ListItem\",\"position\":1,\"name\":\"Anasayfa\",\"item\":\"https:\/\/vanxhaber.com\/\"},{\"@type\":\"ListItem\",\"position\":2,\"name\":\"Abdullah Zeydan kapal\u0131 semt pazarlar\u0131n\u0131 \u0130ncelendi\"}]},{\"@type\":\"WebSite\",\"@id\":\"https:\/\/vanxhaber.com\/#website\",\"url\":\"https:\/\/vanxhaber.com\/\",\"name\":\"Van Haber | Van X Haber | Van Haberleri\",\"description\":\"Van Haber, Van&#039;\u0131n ilk yapay zeka teknolojileri ile yaz\u0131lan Van X Haber ve Van Haberlerini aktif g\u00fcncel sunan tek vanhaber merkezidir.\",\"potentialAction\":[{\"@type\":\"SearchAction\",\"target\":{\"@type\":\"EntryPoint\",\"urlTemplate\":\"https:\/\/vanxhaber.com\/?s={search_term_string}\"},\"query-input\":{\"@type\":\"PropertyValueSpecification\",\"valueRequired\":true,\"valueName\":\"search_term_string\"}}],\"inLanguage\":\"tr\"},{\"@type\":\"Person\",\"@id\":\"https:\/\/vanxhaber.com\/#\/schema\/person\/a5fd8d89510cb5370e62ad176f7978ee\",\"name\":\"Van X Haber\",\"image\":{\"@type\":\"ImageObject\",\"inLanguage\":\"tr\",\"@id\":\"https:\/\/vanxhaber.com\/#\/schema\/person\/image\/\",\"url\":\"https:\/\/secure.gravatar.com\/avatar\/36f2f63826681263103acb5ca1e7bc1a6db11baea9b75dd091d89b74f2704b07?s=96&d=mm&r=g\",\"contentUrl\":\"https:\/\/secure.gravatar.com\/avatar\/36f2f63826681263103acb5ca1e7bc1a6db11baea9b75dd091d89b74f2704b07?s=96&d=mm&r=g\",\"caption\":\"Van X Haber\"},\"description\":\"Van X Haber Van'\u0131n ilk ve tek yeni nesil Van Haber merkezi. Son Dakika Van Haberleri ve G\u00fcncel Van haber merkezinde s\u0131cak geli\u015fmeleri aktarmaya devam edece\u011fiz.\",\"url\":\"https:\/\/vanxhaber.com\/index.php\/author\/vangazetesi\/\"}]}<\/script>\n<!-- \/ Yoast SEO Premium plugin. -->","yoast_head_json":{"title":"Abdullah Zeydan kapal\u0131 semt pazarlar\u0131n\u0131 \u0130ncelendi - Van Haber | Van X Haber | Van Haberleri","robots":{"index":"index","follow":"follow","max-snippet":"max-snippet:-1","max-image-preview":"max-image-preview:large","max-video-preview":"max-video-preview:-1"},"canonical":"https:\/\/vanxhaber.com\/index.php\/2024\/07\/09\/abdullah-zeydan-kapali-semt-pazarlarini-incelendi\/","og_locale":"tr_TR","og_type":"article","og_title":"Abdullah Zeydan kapal\u0131 semt pazarlar\u0131n\u0131 \u0130ncelendi","og_description":"Van B\u00fcy\u00fck\u015fehir Belediyesi Ba\u015fkan\u0131 Abdullah Zeydan, kapal\u0131 semt pazarlar\u0131n\u0131 inceledi. Edremit il\u00e7esi \u015eabaniye Mahallesi&#8217;nde bulunan ve 4 bin metrekarelik alana sahip olan kapal\u0131 semt pazar\u0131n\u0131 gezen E\u015fba\u015fkan \u015eedal ve Zeydan&#8217;a Genel Sekreter Yard\u0131mc\u0131lar\u0131 ve daire ba\u015fkanlar\u0131 da e\u015flik etti. Alan\u0131 gezen e\u015fba\u015fkanlar, teknik personellerden semt pazar\u0131 hakk\u0131nda bilgi ald\u0131. Halen kullan\u0131ma a\u00e7\u0131lmayan semt pazarlar\u0131n\u0131n ne &hellip;","og_url":"https:\/\/vanxhaber.com\/index.php\/2024\/07\/09\/abdullah-zeydan-kapali-semt-pazarlarini-incelendi\/","og_site_name":"Van Haber | Van X Haber | Van Haberleri","article_published_time":"2024-07-09T13:32:15+00:00","article_modified_time":"2024-07-09T13:32:17+00:00","og_image":[{"width":640,"height":380,"url":"https:\/\/vanxhaber.com\/wp-content\/uploads\/2024\/07\/ZIYARET.jpg","type":"image\/jpeg"}],"author":"Van X Haber","twitter_card":"summary_large_image","twitter_misc":{"Yazan:":"Van X Haber","Tahmini okuma s\u00fcresi":"1 dakika"},"schema":{"@context":"https:\/\/schema.org","@graph":[{"@type":"Article","@id":"https:\/\/vanxhaber.com\/index.php\/2024\/07\/09\/abdullah-zeydan-kapali-semt-pazarlarini-incelendi\/#article","isPartOf":{"@id":"https:\/\/vanxhaber.com\/index.php\/2024\/07\/09\/abdullah-zeydan-kapali-semt-pazarlarini-incelendi\/"},"author":{"name":"Van X Haber","@id":"https:\/\/vanxhaber.com\/#\/schema\/person\/a5fd8d89510cb5370e62ad176f7978ee"},"headline":"Abdullah Zeydan kapal\u0131 semt pazarlar\u0131n\u0131 \u0130ncelendi","datePublished":"2024-07-09T13:32:15+00:00","dateModified":"2024-07-09T13:32:17+00:00","mainEntityOfPage":{"@id":"https:\/\/vanxhaber.com\/index.php\/2024\/07\/09\/abdullah-zeydan-kapali-semt-pazarlarini-incelendi\/"},"wordCount":105,"commentCount":0,"image":{"@id":"https:\/\/vanxhaber.com\/index.php\/2024\/07\/09\/abdullah-zeydan-kapali-semt-pazarlarini-incelendi\/#primaryimage"},"thumbnailUrl":"https:\/\/vanxhaber.com\/wp-content\/uploads\/2024\/07\/ZIYARET.jpg","articleSection":["Van Haber","Van Haberleri"],"inLanguage":"tr","potentialAction":[{"@type":"CommentAction","name":"Comment","target":["https:\/\/vanxhaber.com\/index.php\/2024\/07\/09\/abdullah-zeydan-kapali-semt-pazarlarini-incelendi\/#respond"]}],"copyrightYear":"2024","copyrightHolder":{"@id":"https:\/\/vanxhaber.com\/#organization"}},{"@type":"WebPage","@id":"https:\/\/vanxhaber.com\/index.php\/2024\/07\/09\/abdullah-zeydan-kapali-semt-pazarlarini-incelendi\/","url":"https:\/\/vanxhaber.com\/index.php\/2024\/07\/09\/abdullah-zeydan-kapali-semt-pazarlarini-incelendi\/","name":"Abdullah Zeydan kapal\u0131 semt pazarlar\u0131n\u0131 \u0130ncelendi - Van Haber | Van X Haber | Van Haberleri","isPartOf":{"@id":"https:\/\/vanxhaber.com\/#website"},"primaryImageOfPage":{"@id":"https:\/\/vanxhaber.com\/index.php\/2024\/07\/09\/abdullah-zeydan-kapali-semt-pazarlarini-incelendi\/#primaryimage"},"image":{"@id":"https:\/\/vanxhaber.com\/index.php\/2024\/07\/09\/abdullah-zeydan-kapali-semt-pazarlarini-incelendi\/#primaryimage"},"thumbnailUrl":"https:\/\/vanxhaber.com\/wp-content\/uploads\/2024\/07\/ZIYARET.jpg","datePublished":"2024-07-09T13:32:15+00:00","dateModified":"2024-07-09T13:32:17+00:00","author":{"@id":"https:\/\/vanxhaber.com\/#\/schema\/person\/a5fd8d89510cb5370e62ad176f7978ee"},"breadcrumb":{"@id":"https:\/\/vanxhaber.com\/index.php\/2024\/07\/09\/abdullah-zeydan-kapali-semt-pazarlarini-incelendi\/#breadcrumb"},"inLanguage":"tr","potentialAction":[{"@type":"ReadAction","target":["https:\/\/vanxhaber.com\/index.php\/2024\/07\/09\/abdullah-zeydan-kapali-semt-pazarlarini-incelendi\/"]}]},{"@type":"ImageObject","inLanguage":"tr","@id":"https:\/\/vanxhaber.com\/index.php\/2024\/07\/09\/abdullah-zeydan-kapali-semt-pazarlarini-incelendi\/#primaryimage","url":"https:\/\/vanxhaber.com\/wp-content\/uploads\/2024\/07\/ZIYARET.jpg","contentUrl":"https:\/\/vanxhaber.com\/wp-content\/uploads\/2024\/07\/ZIYARET.jpg","width":640,"height":380},{"@type":"BreadcrumbList","@id":"https:\/\/vanxhaber.com\/index.php\/2024\/07\/09\/abdullah-zeydan-kapali-semt-pazarlarini-incelendi\/#breadcrumb","itemListElement":[{"@type":"ListItem","position":1,"name":"Anasayfa","item":"https:\/\/vanxhaber.com\/"},{"@type":"ListItem","position":2,"name":"Abdullah Zeydan kapal\u0131 semt pazarlar\u0131n\u0131 \u0130ncelendi"}]},{"@type":"WebSite","@id":"https:\/\/vanxhaber.com\/#website","url":"https:\/\/vanxhaber.com\/","name":"Van Haber | Van X Haber | Van Haberleri","description":"Van Haber, Van&#039;\u0131n ilk yapay zeka teknolojileri ile yaz\u0131lan Van X Haber ve Van Haberlerini aktif g\u00fcncel sunan tek vanhaber merkezidir.","potentialAction":[{"@type":"SearchAction","target":{"@type":"EntryPoint","urlTemplate":"https:\/\/vanxhaber.com\/?s={search_term_string}"},"query-input":{"@type":"PropertyValueSpecification","valueRequired":true,"valueName":"search_term_string"}}],"inLanguage":"tr"},{"@type":"Person","@id":"https:\/\/vanxhaber.com\/#\/schema\/person\/a5fd8d89510cb5370e62ad176f7978ee","name":"Van X Haber","image":{"@type":"ImageObject","inLanguage":"tr","@id":"https:\/\/vanxhaber.com\/#\/schema\/person\/image\/","url":"https:\/\/secure.gravatar.com\/avatar\/36f2f63826681263103acb5ca1e7bc1a6db11baea9b75dd091d89b74f2704b07?s=96&d=mm&r=g","contentUrl":"https:\/\/secure.gravatar.com\/avatar\/36f2f63826681263103acb5ca1e7bc1a6db11baea9b75dd091d89b74f2704b07?s=96&d=mm&r=g","caption":"Van X Haber"},"description":"Van X Haber Van'\u0131n ilk ve tek yeni nesil Van Haber merkezi. Son Dakika Van Haberleri ve G\u00fcncel Van haber merkezinde s\u0131cak geli\u015fmeleri aktarmaya devam edece\u011fiz.","url":"https:\/\/vanxhaber.com\/index.php\/author\/vangazetesi\/"}]}},"_links":{"self":[{"href":"https:\/\/vanxhaber.com\/index.php\/wp-json\/wp\/v2\/posts\/2072","targetHints":{"allow":["GET"]}}],"collection":[{"href":"https:\/\/vanxhaber.com\/index.php\/wp-json\/wp\/v2\/posts"}],"about":[{"href":"https:\/\/vanxhaber.com\/index.php\/wp-json\/wp\/v2\/types\/post"}],"author":[{"embeddable":true,"href":"https:\/\/vanxhaber.com\/index.php\/wp-json\/wp\/v2\/users\/2"}],"replies":[{"embeddable":true,"href":"https:\/\/vanxhaber.com\/index.php\/wp-json\/wp\/v2\/comments?post=2072"}],"version-history":[{"count":1,"href":"https:\/\/vanxhaber.com\/index.php\/wp-json\/wp\/v2\/posts\/2072\/revisions"}],"predecessor-version":[{"id":2075,"href":"https:\/\/vanxhaber.com\/index.php\/wp-json\/wp\/v2\/posts\/2072\/revisions\/2075"}],"wp:featuredmedia":[{"embeddable":true,"href":"https:\/\/vanxhaber.com\/index.php\/wp-json\/wp\/v2\/media\/2074"}],"wp:attachment":[{"href":"https:\/\/vanxhaber.com\/index.php\/wp-json\/wp\/v2\/media?parent=2072"}],"wp:term":[{"taxonomy":"category","embeddable":true,"href":"https:\/\/vanxhaber.com\/index.php\/wp-json\/wp\/v2\/categories?post=2072"},{"taxonomy":"post_tag","embeddable":true,"href":"https:\/\/vanxhaber.com\/index.php\/wp-json\/wp\/v2\/tags?post=2072"}],"curies":[{"name":"wp","href":"https:\/\/api.w.org\/{rel}","templated":true}]}}