{"id":2081,"date":"2024-07-31T10:43:49","date_gmt":"2024-07-31T10:43:49","guid":{"rendered":"https:\/\/vanxhaber.com\/?p=2081"},"modified":"2024-07-31T10:43:51","modified_gmt":"2024-07-31T10:43:51","slug":"havayolu-tasimaciliginda-talep-artiyor","status":"publish","type":"post","link":"https:\/\/vanxhaber.com\/index.php\/2024\/07\/31\/havayolu-tasimaciliginda-talep-artiyor\/","title":{"rendered":"Havayolu ta\u015f\u0131mac\u0131l\u0131\u011f\u0131nda talep art\u0131yor"},"content":{"rendered":"\n<p>K\u00fcresel ticaretin yeniden canlanmas\u0131, e-ticaret sekt\u00f6r\u00fcndeki h\u0131zl\u0131 b\u00fcy\u00fcme ve K\u0131z\u0131ldeniz\u2019de artan gerilim havayolu ta\u015f\u0131mac\u0131l\u0131\u011f\u0131na olan ilgiyi art\u0131rd\u0131. Bir i\u015fletmenin \u0130cra Kurulu Ba\u015fkan\u0131 Fatih Ba\u015f, havayolu ta\u015f\u0131mac\u0131l\u0131\u011f\u0131nda artan talebe ili\u015fkin g\u00f6r\u00fc\u015flerini aktard\u0131.<\/p>\n\n\n\n<p>E-ticaret sekt\u00f6r\u00fcndeki y\u00fckseli\u015fin artmas\u0131yla canlanan k\u00fcresel ticarette ta\u015f\u0131mac\u0131l\u0131k faaliyetleri \u00f6nemli rol oynuyor. \u00d6zellikle h\u0131zl\u0131 ve g\u00fcvenilir teslimat\u0131n kritik oldu\u011fu sekt\u00f6rler i\u00e7in vazge\u00e7ilmez bir se\u00e7enek haline gelen havayolu ta\u015f\u0131mac\u0131l\u0131\u011f\u0131 ise sundu\u011fu avantajlardan dolay\u0131 b\u00fcy\u00fck talep g\u00f6r\u00fcyor. Havayolu ta\u015f\u0131mac\u0131l\u0131\u011f\u0131 h\u0131zl\u0131 ve g\u00fcvenli bir ta\u015f\u0131ma alternatifi sunarken, \u00fclkeler aras\u0131 ticareti de kolayla\u015ft\u0131r\u0131yor.<\/p>\n\n\n\n<p>K\u0131z\u0131ldeniz gerilimi talebi \u00f6nemli \u00f6l\u00e7\u00fcde etkiledi<\/p>\n\n\n\n<p>E-ticaret sekt\u00f6r\u00fcn\u00fcn yaratt\u0131\u011f\u0131 talebin yan\u0131 s\u0131ra K\u0131z\u0131ldeniz\u2019deki gerilimin de havayolu ta\u015f\u0131mac\u0131l\u0131\u011f\u0131n\u0131 \u00f6n plana \u00e7\u0131kard\u0131\u011f\u0131n\u0131 vurgulayan \u0130cra Kurulu Ba\u015fkan\u0131 Fatih Ba\u015f, \u201cGe\u00e7ti\u011fimiz d\u00f6nemde d\u00fcnya ticaretinin yakla\u015f\u0131k y\u00fczde 13\u2019\u00fc S\u00fcvey\u015f Kanal\u0131 \u00fczerinden ger\u00e7ekle\u015fiyordu. Gerilimin etkisiyle beraber bu g\u00fczergah\u0131 kullanan gemilerin \u00e7ok b\u00fcy\u00fck \u00e7o\u011funlu\u011fu rotas\u0131n\u0131 de\u011fi\u015ftirerek farkl\u0131 ta\u015f\u0131ma alternatiflerine y\u00f6neldi. Havayolu ta\u015f\u0131mac\u0131l\u0131\u011f\u0131, bu t\u00fcr zorluklarla ba\u015fa \u00e7\u0131kmak i\u00e7in olduk\u00e7a etkili bir y\u00f6ntem ancak maliyetlerin y\u00fcksek olmas\u0131 ve y\u00fck ta\u015f\u0131ma kapasitelerinin di\u011fer ta\u015f\u0131ma y\u00f6ntemlerine g\u00f6re k\u0131s\u0131tl\u0131 olmas\u0131 baz\u0131 dezavantajlar\u0131 da beraberinde getiriyor.<\/p>\n\n\n\n<p>\u2018\u2019Havayolu ta\u015f\u0131mac\u0131l\u0131\u011f\u0131nda artan talep, sekt\u00f6rdeki b\u00fcy\u00fcme potansiyelini g\u00f6zler \u00f6n\u00fcne seriyor\u2019\u2019<\/p>\n\n\n\n<p>T\u00fcrkiye\u2019nin \u00f6nde gelen lojistik \u015firketlerinden birisi olan m\u00fc\u015fterilerine sundu\u011fu havayolu ta\u015f\u0131mac\u0131l\u0131\u011f\u0131yla y\u00fcklerinin \u015fehirleraras\u0131 ve uluslararas\u0131 pazarlara ula\u015ft\u0131r\u0131lmas\u0131n\u0131 sa\u011fl\u0131yor. Havayolu ta\u015f\u0131mac\u0131l\u0131\u011f\u0131ndaki artan talebi de\u011ferlendiren Fatih Ba\u015f, \u2018\u2019\u00d6zellikle e-ticaretin h\u0131zla b\u00fcy\u00fcmesi, lojistik sekt\u00f6r\u00fcnde yeni dinamikler olu\u015fturdu. Y\u00fcklerinin h\u0131zl\u0131 ve g\u00fcvenli bir \u015fekilde ula\u015fmas\u0131n\u0131 isteyenler di\u011fer ta\u015f\u0131ma alternatiflerinin yerine havayolu ta\u015f\u0131mac\u0131l\u0131\u011f\u0131na olan talebi artmas\u0131nda etkili oldu. Ayr\u0131ca, son zamanlarda meydana gelen olaylar ve artan maliyetler de bir\u00e7ok \u015firketi daha esnek ve h\u0131zl\u0131 lojistik \u00e7\u00f6z\u00fcmleri aramaya y\u00f6neltti.<\/p>\n\n\n\n<p>Havayolu ta\u015f\u0131mac\u0131l\u0131\u011f\u0131nda artan talep, sekt\u00f6rdeki b\u00fcy\u00fcme potansiyelini g\u00f6zler \u00f6n\u00fcne seriyor. Globelink \u00dcnimar olarak, bu talebi kar\u015f\u0131lamak ve m\u00fc\u015fterilerimize en iyi hizmeti sunmak i\u00e7in \u00e7al\u0131\u015fmaya devam edece\u011fiz\u2019\u2019 dedi.<\/p>\n","protected":false},"excerpt":{"rendered":"<p>K\u00fcresel ticaretin yeniden canlanmas\u0131, e-ticaret sekt\u00f6r\u00fcndeki h\u0131zl\u0131 b\u00fcy\u00fcme ve K\u0131z\u0131ldeniz\u2019de artan gerilim havayolu ta\u015f\u0131mac\u0131l\u0131\u011f\u0131na olan ilgiyi art\u0131rd\u0131. Bir i\u015fletmenin \u0130cra Kurulu Ba\u015fkan\u0131 Fatih Ba\u015f, havayolu ta\u015f\u0131mac\u0131l\u0131\u011f\u0131nda artan talebe ili\u015fkin g\u00f6r\u00fc\u015flerini aktard\u0131. E-ticaret sekt\u00f6r\u00fcndeki y\u00fckseli\u015fin artmas\u0131yla canlanan k\u00fcresel ticarette ta\u015f\u0131mac\u0131l\u0131k faaliyetleri \u00f6nemli rol oynuyor. \u00d6zellikle h\u0131zl\u0131 ve g\u00fcvenilir teslimat\u0131n kritik oldu\u011fu sekt\u00f6rler i\u00e7in vazge\u00e7ilmez bir se\u00e7enek &hellip;<\/p>\n","protected":false},"author":2,"featured_media":2082,"comment_status":"open","ping_status":"closed","sticky":false,"template":"","format":"standard","meta":{"googlesitekit_rrm_CAowot3VCw:productID":"","footnotes":""},"categories":[28,27,1],"tags":[],"class_list":["post-2081","post","type-post","status-publish","format-standard","has-post-thumbnail","hentry","category-van-egitim","category-van-emniyet","category-van-haber"],"yoast_head":"<!-- This site is optimized with the Yoast SEO Premium plugin v21.7 (Yoast SEO v26.7) - https:\/\/yoast.com\/wordpress\/plugins\/seo\/ -->\n<title>Havayolu ta\u015f\u0131mac\u0131l\u0131\u011f\u0131nda talep art\u0131yor - Van Haber | Van X Haber | Van Haberleri<\/title>\n<meta name=\"robots\" content=\"index, follow, max-snippet:-1, max-image-preview:large, max-video-preview:-1\" \/>\n<link rel=\"canonical\" href=\"https:\/\/vanxhaber.com\/index.php\/2024\/07\/31\/havayolu-tasimaciliginda-talep-artiyor\/\" \/>\n<meta property=\"og:locale\" content=\"tr_TR\" \/>\n<meta property=\"og:type\" content=\"article\" \/>\n<meta property=\"og:title\" content=\"Havayolu ta\u015f\u0131mac\u0131l\u0131\u011f\u0131nda talep art\u0131yor\" \/>\n<meta property=\"og:description\" content=\"K\u00fcresel ticaretin yeniden canlanmas\u0131, e-ticaret sekt\u00f6r\u00fcndeki h\u0131zl\u0131 b\u00fcy\u00fcme ve K\u0131z\u0131ldeniz\u2019de artan gerilim havayolu ta\u015f\u0131mac\u0131l\u0131\u011f\u0131na olan ilgiyi art\u0131rd\u0131. Bir i\u015fletmenin \u0130cra Kurulu Ba\u015fkan\u0131 Fatih Ba\u015f, havayolu ta\u015f\u0131mac\u0131l\u0131\u011f\u0131nda artan talebe ili\u015fkin g\u00f6r\u00fc\u015flerini aktard\u0131. E-ticaret sekt\u00f6r\u00fcndeki y\u00fckseli\u015fin artmas\u0131yla canlanan k\u00fcresel ticarette ta\u015f\u0131mac\u0131l\u0131k faaliyetleri \u00f6nemli rol oynuyor. \u00d6zellikle h\u0131zl\u0131 ve g\u00fcvenilir teslimat\u0131n kritik oldu\u011fu sekt\u00f6rler i\u00e7in vazge\u00e7ilmez bir se\u00e7enek &hellip;\" \/>\n<meta property=\"og:url\" content=\"https:\/\/vanxhaber.com\/index.php\/2024\/07\/31\/havayolu-tasimaciliginda-talep-artiyor\/\" \/>\n<meta property=\"og:site_name\" content=\"Van Haber | Van X Haber | Van Haberleri\" \/>\n<meta property=\"article:published_time\" content=\"2024-07-31T10:43:49+00:00\" \/>\n<meta property=\"article:modified_time\" content=\"2024-07-31T10:43:51+00:00\" \/>\n<meta property=\"og:image\" content=\"https:\/\/vanxhaber.com\/wp-content\/uploads\/2024\/07\/Havayolu-tasimaciliginda-talep-artiyor.jpg\" \/>\n\t<meta property=\"og:image:width\" content=\"640\" \/>\n\t<meta property=\"og:image:height\" content=\"395\" \/>\n\t<meta property=\"og:image:type\" content=\"image\/jpeg\" \/>\n<meta name=\"author\" content=\"Van X Haber\" \/>\n<meta name=\"twitter:card\" content=\"summary_large_image\" \/>\n<meta name=\"twitter:label1\" content=\"Yazan:\" \/>\n\t<meta name=\"twitter:data1\" content=\"Van X Haber\" \/>\n\t<meta name=\"twitter:label2\" content=\"Tahmini okuma s\u00fcresi\" \/>\n\t<meta name=\"twitter:data2\" content=\"2 dakika\" \/>\n<script type=\"application\/ld+json\" class=\"yoast-schema-graph\">{\"@context\":\"https:\/\/schema.org\",\"@graph\":[{\"@type\":\"Article\",\"@id\":\"https:\/\/vanxhaber.com\/index.php\/2024\/07\/31\/havayolu-tasimaciliginda-talep-artiyor\/#article\",\"isPartOf\":{\"@id\":\"https:\/\/vanxhaber.com\/index.php\/2024\/07\/31\/havayolu-tasimaciliginda-talep-artiyor\/\"},\"author\":{\"name\":\"Van X Haber\",\"@id\":\"https:\/\/vanxhaber.com\/#\/schema\/person\/a5fd8d89510cb5370e62ad176f7978ee\"},\"headline\":\"Havayolu ta\u015f\u0131mac\u0131l\u0131\u011f\u0131nda talep art\u0131yor\",\"datePublished\":\"2024-07-31T10:43:49+00:00\",\"dateModified\":\"2024-07-31T10:43:51+00:00\",\"mainEntityOfPage\":{\"@id\":\"https:\/\/vanxhaber.com\/index.php\/2024\/07\/31\/havayolu-tasimaciliginda-talep-artiyor\/\"},\"wordCount\":445,\"commentCount\":0,\"image\":{\"@id\":\"https:\/\/vanxhaber.com\/index.php\/2024\/07\/31\/havayolu-tasimaciliginda-talep-artiyor\/#primaryimage\"},\"thumbnailUrl\":\"https:\/\/vanxhaber.com\/wp-content\/uploads\/2024\/07\/Havayolu-tasimaciliginda-talep-artiyor.jpg\",\"articleSection\":[\"Van E\u011fitim\",\"Van Emniyet\",\"Van Haber\"],\"inLanguage\":\"tr\",\"potentialAction\":[{\"@type\":\"CommentAction\",\"name\":\"Comment\",\"target\":[\"https:\/\/vanxhaber.com\/index.php\/2024\/07\/31\/havayolu-tasimaciliginda-talep-artiyor\/#respond\"]}],\"copyrightYear\":\"2024\",\"copyrightHolder\":{\"@id\":\"https:\/\/vanxhaber.com\/#organization\"}},{\"@type\":\"WebPage\",\"@id\":\"https:\/\/vanxhaber.com\/index.php\/2024\/07\/31\/havayolu-tasimaciliginda-talep-artiyor\/\",\"url\":\"https:\/\/vanxhaber.com\/index.php\/2024\/07\/31\/havayolu-tasimaciliginda-talep-artiyor\/\",\"name\":\"Havayolu ta\u015f\u0131mac\u0131l\u0131\u011f\u0131nda talep art\u0131yor - Van Haber | Van X Haber | Van Haberleri\",\"isPartOf\":{\"@id\":\"https:\/\/vanxhaber.com\/#website\"},\"primaryImageOfPage\":{\"@id\":\"https:\/\/vanxhaber.com\/index.php\/2024\/07\/31\/havayolu-tasimaciliginda-talep-artiyor\/#primaryimage\"},\"image\":{\"@id\":\"https:\/\/vanxhaber.com\/index.php\/2024\/07\/31\/havayolu-tasimaciliginda-talep-artiyor\/#primaryimage\"},\"thumbnailUrl\":\"https:\/\/vanxhaber.com\/wp-content\/uploads\/2024\/07\/Havayolu-tasimaciliginda-talep-artiyor.jpg\",\"datePublished\":\"2024-07-31T10:43:49+00:00\",\"dateModified\":\"2024-07-31T10:43:51+00:00\",\"author\":{\"@id\":\"https:\/\/vanxhaber.com\/#\/schema\/person\/a5fd8d89510cb5370e62ad176f7978ee\"},\"breadcrumb\":{\"@id\":\"https:\/\/vanxhaber.com\/index.php\/2024\/07\/31\/havayolu-tasimaciliginda-talep-artiyor\/#breadcrumb\"},\"inLanguage\":\"tr\",\"potentialAction\":[{\"@type\":\"ReadAction\",\"target\":[\"https:\/\/vanxhaber.com\/index.php\/2024\/07\/31\/havayolu-tasimaciliginda-talep-artiyor\/\"]}]},{\"@type\":\"ImageObject\",\"inLanguage\":\"tr\",\"@id\":\"https:\/\/vanxhaber.com\/index.php\/2024\/07\/31\/havayolu-tasimaciliginda-talep-artiyor\/#primaryimage\",\"url\":\"https:\/\/vanxhaber.com\/wp-content\/uploads\/2024\/07\/Havayolu-tasimaciliginda-talep-artiyor.jpg\",\"contentUrl\":\"https:\/\/vanxhaber.com\/wp-content\/uploads\/2024\/07\/Havayolu-tasimaciliginda-talep-artiyor.jpg\",\"width\":640,\"height\":395},{\"@type\":\"BreadcrumbList\",\"@id\":\"https:\/\/vanxhaber.com\/index.php\/2024\/07\/31\/havayolu-tasimaciliginda-talep-artiyor\/#breadcrumb\",\"itemListElement\":[{\"@type\":\"ListItem\",\"position\":1,\"name\":\"Anasayfa\",\"item\":\"https:\/\/vanxhaber.com\/\"},{\"@type\":\"ListItem\",\"position\":2,\"name\":\"Havayolu ta\u015f\u0131mac\u0131l\u0131\u011f\u0131nda talep art\u0131yor\"}]},{\"@type\":\"WebSite\",\"@id\":\"https:\/\/vanxhaber.com\/#website\",\"url\":\"https:\/\/vanxhaber.com\/\",\"name\":\"Van Haber | Van X Haber | Van Haberleri\",\"description\":\"Van Haber, Van&#039;\u0131n ilk yapay zeka teknolojileri ile yaz\u0131lan Van X Haber ve Van Haberlerini aktif g\u00fcncel sunan tek vanhaber merkezidir.\",\"potentialAction\":[{\"@type\":\"SearchAction\",\"target\":{\"@type\":\"EntryPoint\",\"urlTemplate\":\"https:\/\/vanxhaber.com\/?s={search_term_string}\"},\"query-input\":{\"@type\":\"PropertyValueSpecification\",\"valueRequired\":true,\"valueName\":\"search_term_string\"}}],\"inLanguage\":\"tr\"},{\"@type\":\"Person\",\"@id\":\"https:\/\/vanxhaber.com\/#\/schema\/person\/a5fd8d89510cb5370e62ad176f7978ee\",\"name\":\"Van X Haber\",\"image\":{\"@type\":\"ImageObject\",\"inLanguage\":\"tr\",\"@id\":\"https:\/\/vanxhaber.com\/#\/schema\/person\/image\/\",\"url\":\"https:\/\/secure.gravatar.com\/avatar\/36f2f63826681263103acb5ca1e7bc1a6db11baea9b75dd091d89b74f2704b07?s=96&d=mm&r=g\",\"contentUrl\":\"https:\/\/secure.gravatar.com\/avatar\/36f2f63826681263103acb5ca1e7bc1a6db11baea9b75dd091d89b74f2704b07?s=96&d=mm&r=g\",\"caption\":\"Van X Haber\"},\"description\":\"Van X Haber Van'\u0131n ilk ve tek yeni nesil Van Haber merkezi. Son Dakika Van Haberleri ve G\u00fcncel Van haber merkezinde s\u0131cak geli\u015fmeleri aktarmaya devam edece\u011fiz.\",\"url\":\"https:\/\/vanxhaber.com\/index.php\/author\/vangazetesi\/\"}]}<\/script>\n<!-- \/ Yoast SEO Premium plugin. -->","yoast_head_json":{"title":"Havayolu ta\u015f\u0131mac\u0131l\u0131\u011f\u0131nda talep art\u0131yor - Van Haber | Van X Haber | Van Haberleri","robots":{"index":"index","follow":"follow","max-snippet":"max-snippet:-1","max-image-preview":"max-image-preview:large","max-video-preview":"max-video-preview:-1"},"canonical":"https:\/\/vanxhaber.com\/index.php\/2024\/07\/31\/havayolu-tasimaciliginda-talep-artiyor\/","og_locale":"tr_TR","og_type":"article","og_title":"Havayolu ta\u015f\u0131mac\u0131l\u0131\u011f\u0131nda talep art\u0131yor","og_description":"K\u00fcresel ticaretin yeniden canlanmas\u0131, e-ticaret sekt\u00f6r\u00fcndeki h\u0131zl\u0131 b\u00fcy\u00fcme ve K\u0131z\u0131ldeniz\u2019de artan gerilim havayolu ta\u015f\u0131mac\u0131l\u0131\u011f\u0131na olan ilgiyi art\u0131rd\u0131. Bir i\u015fletmenin \u0130cra Kurulu Ba\u015fkan\u0131 Fatih Ba\u015f, havayolu ta\u015f\u0131mac\u0131l\u0131\u011f\u0131nda artan talebe ili\u015fkin g\u00f6r\u00fc\u015flerini aktard\u0131. E-ticaret sekt\u00f6r\u00fcndeki y\u00fckseli\u015fin artmas\u0131yla canlanan k\u00fcresel ticarette ta\u015f\u0131mac\u0131l\u0131k faaliyetleri \u00f6nemli rol oynuyor. \u00d6zellikle h\u0131zl\u0131 ve g\u00fcvenilir teslimat\u0131n kritik oldu\u011fu sekt\u00f6rler i\u00e7in vazge\u00e7ilmez bir se\u00e7enek &hellip;","og_url":"https:\/\/vanxhaber.com\/index.php\/2024\/07\/31\/havayolu-tasimaciliginda-talep-artiyor\/","og_site_name":"Van Haber | Van X Haber | Van Haberleri","article_published_time":"2024-07-31T10:43:49+00:00","article_modified_time":"2024-07-31T10:43:51+00:00","og_image":[{"width":640,"height":395,"url":"https:\/\/vanxhaber.com\/wp-content\/uploads\/2024\/07\/Havayolu-tasimaciliginda-talep-artiyor.jpg","type":"image\/jpeg"}],"author":"Van X Haber","twitter_card":"summary_large_image","twitter_misc":{"Yazan:":"Van X Haber","Tahmini okuma s\u00fcresi":"2 dakika"},"schema":{"@context":"https:\/\/schema.org","@graph":[{"@type":"Article","@id":"https:\/\/vanxhaber.com\/index.php\/2024\/07\/31\/havayolu-tasimaciliginda-talep-artiyor\/#article","isPartOf":{"@id":"https:\/\/vanxhaber.com\/index.php\/2024\/07\/31\/havayolu-tasimaciliginda-talep-artiyor\/"},"author":{"name":"Van X Haber","@id":"https:\/\/vanxhaber.com\/#\/schema\/person\/a5fd8d89510cb5370e62ad176f7978ee"},"headline":"Havayolu ta\u015f\u0131mac\u0131l\u0131\u011f\u0131nda talep art\u0131yor","datePublished":"2024-07-31T10:43:49+00:00","dateModified":"2024-07-31T10:43:51+00:00","mainEntityOfPage":{"@id":"https:\/\/vanxhaber.com\/index.php\/2024\/07\/31\/havayolu-tasimaciliginda-talep-artiyor\/"},"wordCount":445,"commentCount":0,"image":{"@id":"https:\/\/vanxhaber.com\/index.php\/2024\/07\/31\/havayolu-tasimaciliginda-talep-artiyor\/#primaryimage"},"thumbnailUrl":"https:\/\/vanxhaber.com\/wp-content\/uploads\/2024\/07\/Havayolu-tasimaciliginda-talep-artiyor.jpg","articleSection":["Van E\u011fitim","Van Emniyet","Van Haber"],"inLanguage":"tr","potentialAction":[{"@type":"CommentAction","name":"Comment","target":["https:\/\/vanxhaber.com\/index.php\/2024\/07\/31\/havayolu-tasimaciliginda-talep-artiyor\/#respond"]}],"copyrightYear":"2024","copyrightHolder":{"@id":"https:\/\/vanxhaber.com\/#organization"}},{"@type":"WebPage","@id":"https:\/\/vanxhaber.com\/index.php\/2024\/07\/31\/havayolu-tasimaciliginda-talep-artiyor\/","url":"https:\/\/vanxhaber.com\/index.php\/2024\/07\/31\/havayolu-tasimaciliginda-talep-artiyor\/","name":"Havayolu ta\u015f\u0131mac\u0131l\u0131\u011f\u0131nda talep art\u0131yor - Van Haber | Van X Haber | Van Haberleri","isPartOf":{"@id":"https:\/\/vanxhaber.com\/#website"},"primaryImageOfPage":{"@id":"https:\/\/vanxhaber.com\/index.php\/2024\/07\/31\/havayolu-tasimaciliginda-talep-artiyor\/#primaryimage"},"image":{"@id":"https:\/\/vanxhaber.com\/index.php\/2024\/07\/31\/havayolu-tasimaciliginda-talep-artiyor\/#primaryimage"},"thumbnailUrl":"https:\/\/vanxhaber.com\/wp-content\/uploads\/2024\/07\/Havayolu-tasimaciliginda-talep-artiyor.jpg","datePublished":"2024-07-31T10:43:49+00:00","dateModified":"2024-07-31T10:43:51+00:00","author":{"@id":"https:\/\/vanxhaber.com\/#\/schema\/person\/a5fd8d89510cb5370e62ad176f7978ee"},"breadcrumb":{"@id":"https:\/\/vanxhaber.com\/index.php\/2024\/07\/31\/havayolu-tasimaciliginda-talep-artiyor\/#breadcrumb"},"inLanguage":"tr","potentialAction":[{"@type":"ReadAction","target":["https:\/\/vanxhaber.com\/index.php\/2024\/07\/31\/havayolu-tasimaciliginda-talep-artiyor\/"]}]},{"@type":"ImageObject","inLanguage":"tr","@id":"https:\/\/vanxhaber.com\/index.php\/2024\/07\/31\/havayolu-tasimaciliginda-talep-artiyor\/#primaryimage","url":"https:\/\/vanxhaber.com\/wp-content\/uploads\/2024\/07\/Havayolu-tasimaciliginda-talep-artiyor.jpg","contentUrl":"https:\/\/vanxhaber.com\/wp-content\/uploads\/2024\/07\/Havayolu-tasimaciliginda-talep-artiyor.jpg","width":640,"height":395},{"@type":"BreadcrumbList","@id":"https:\/\/vanxhaber.com\/index.php\/2024\/07\/31\/havayolu-tasimaciliginda-talep-artiyor\/#breadcrumb","itemListElement":[{"@type":"ListItem","position":1,"name":"Anasayfa","item":"https:\/\/vanxhaber.com\/"},{"@type":"ListItem","position":2,"name":"Havayolu ta\u015f\u0131mac\u0131l\u0131\u011f\u0131nda talep art\u0131yor"}]},{"@type":"WebSite","@id":"https:\/\/vanxhaber.com\/#website","url":"https:\/\/vanxhaber.com\/","name":"Van Haber | Van X Haber | Van Haberleri","description":"Van Haber, Van&#039;\u0131n ilk yapay zeka teknolojileri ile yaz\u0131lan Van X Haber ve Van Haberlerini aktif g\u00fcncel sunan tek vanhaber merkezidir.","potentialAction":[{"@type":"SearchAction","target":{"@type":"EntryPoint","urlTemplate":"https:\/\/vanxhaber.com\/?s={search_term_string}"},"query-input":{"@type":"PropertyValueSpecification","valueRequired":true,"valueName":"search_term_string"}}],"inLanguage":"tr"},{"@type":"Person","@id":"https:\/\/vanxhaber.com\/#\/schema\/person\/a5fd8d89510cb5370e62ad176f7978ee","name":"Van X Haber","image":{"@type":"ImageObject","inLanguage":"tr","@id":"https:\/\/vanxhaber.com\/#\/schema\/person\/image\/","url":"https:\/\/secure.gravatar.com\/avatar\/36f2f63826681263103acb5ca1e7bc1a6db11baea9b75dd091d89b74f2704b07?s=96&d=mm&r=g","contentUrl":"https:\/\/secure.gravatar.com\/avatar\/36f2f63826681263103acb5ca1e7bc1a6db11baea9b75dd091d89b74f2704b07?s=96&d=mm&r=g","caption":"Van X Haber"},"description":"Van X Haber Van'\u0131n ilk ve tek yeni nesil Van Haber merkezi. Son Dakika Van Haberleri ve G\u00fcncel Van haber merkezinde s\u0131cak geli\u015fmeleri aktarmaya devam edece\u011fiz.","url":"https:\/\/vanxhaber.com\/index.php\/author\/vangazetesi\/"}]}},"_links":{"self":[{"href":"https:\/\/vanxhaber.com\/index.php\/wp-json\/wp\/v2\/posts\/2081","targetHints":{"allow":["GET"]}}],"collection":[{"href":"https:\/\/vanxhaber.com\/index.php\/wp-json\/wp\/v2\/posts"}],"about":[{"href":"https:\/\/vanxhaber.com\/index.php\/wp-json\/wp\/v2\/types\/post"}],"author":[{"embeddable":true,"href":"https:\/\/vanxhaber.com\/index.php\/wp-json\/wp\/v2\/users\/2"}],"replies":[{"embeddable":true,"href":"https:\/\/vanxhaber.com\/index.php\/wp-json\/wp\/v2\/comments?post=2081"}],"version-history":[{"count":1,"href":"https:\/\/vanxhaber.com\/index.php\/wp-json\/wp\/v2\/posts\/2081\/revisions"}],"predecessor-version":[{"id":2083,"href":"https:\/\/vanxhaber.com\/index.php\/wp-json\/wp\/v2\/posts\/2081\/revisions\/2083"}],"wp:featuredmedia":[{"embeddable":true,"href":"https:\/\/vanxhaber.com\/index.php\/wp-json\/wp\/v2\/media\/2082"}],"wp:attachment":[{"href":"https:\/\/vanxhaber.com\/index.php\/wp-json\/wp\/v2\/media?parent=2081"}],"wp:term":[{"taxonomy":"category","embeddable":true,"href":"https:\/\/vanxhaber.com\/index.php\/wp-json\/wp\/v2\/categories?post=2081"},{"taxonomy":"post_tag","embeddable":true,"href":"https:\/\/vanxhaber.com\/index.php\/wp-json\/wp\/v2\/tags?post=2081"}],"curies":[{"name":"wp","href":"https:\/\/api.w.org\/{rel}","templated":true}]}}