{"id":2140,"date":"2025-03-06T13:28:24","date_gmt":"2025-03-06T13:28:24","guid":{"rendered":"https:\/\/vanxhaber.com\/?p=2140"},"modified":"2025-03-06T13:28:25","modified_gmt":"2025-03-06T13:28:25","slug":"van-golunde-son-gelismeler","status":"publish","type":"post","link":"https:\/\/vanxhaber.com\/index.php\/2025\/03\/06\/van-golunde-son-gelismeler\/","title":{"rendered":"Van G\u00f6l\u00fc&#8217;nde Son Geli\u015fmeler"},"content":{"rendered":"\n<p><strong>Van G\u00f6l\u00fc, T\u00fcrkiye&#8217;nin en b\u00fcy\u00fck g\u00f6l\u00fc olmas\u0131n\u0131n yan\u0131 s\u0131ra, do\u011fal g\u00fczellikleri ve ekosistemiyle de dikkat \u00e7ekiyor. Son d\u00f6nemde g\u00f6lde ve \u00e7evresinde \u00f6nemli geli\u015fmeler ya\u015fan\u0131yor.<\/strong><\/p>\n\n\n\n<p><strong>Flamingolar\u0131n K\u0131\u015f\u0131 Van G\u00f6l\u00fc&#8217;nde Ge\u00e7irmesi<\/strong><\/p>\n\n\n\n<p>Her y\u0131l s\u0131cak b\u00f6lgelere g\u00f6\u00e7 eden flamingolar, bu y\u0131l Van G\u00f6l\u00fc k\u0131y\u0131lar\u0131nda k\u0131\u015f\u0131 ge\u00e7irmeyi tercih etti. Normalde g\u00f6\u00e7 eden bu ku\u015flar\u0131n g\u00f6lde kalmas\u0131n\u0131n, besin kaynaklar\u0131n\u0131n yeterlili\u011fi ve iklim ko\u015fullar\u0131ndaki de\u011fi\u015fikliklerle ba\u011flant\u0131l\u0131 oldu\u011fu d\u00fc\u015f\u00fcn\u00fcl\u00fcyor. \u00d6zellikle Geva\u015f ve Er\u00e7ek G\u00f6l\u00fc k\u0131y\u0131lar\u0131nda yo\u011fun olarak g\u00f6r\u00fclen flamingolar, do\u011fa foto\u011fraf\u00e7\u0131lar\u0131n\u0131n ve ku\u015f g\u00f6zlemcilerinin ilgisini \u00e7ekiyor.<\/p>\n\n\n\n<p><strong>Van G\u00f6l\u00fc&#8217;nde Kirlilik Tehlikesi<\/strong><\/p>\n\n\n\n<p>G\u00f6l\u00fcn baz\u0131 b\u00f6lgelerinde artan kirlilik, su kalitesini tehdit ediyor. \u00d6zellikle at\u0131k su ar\u0131tma tesislerinin yetersiz kalmas\u0131, g\u00f6le ula\u015fan kirleticilerin artmas\u0131na neden oluyor. Bu durum, suyun kimyasal yap\u0131s\u0131n\u0131 bozarak bakteri ve alg art\u0131\u015f\u0131na yol a\u00e7\u0131yor. Uzmanlar, g\u00f6l ekosisteminin korunmas\u0131 i\u00e7in daha etkin \u00e7evre politikalar\u0131n\u0131n uygulanmas\u0131 gerekti\u011fini belirtiyor.<\/p>\n\n\n\n<p><strong>\u0130klim De\u011fi\u015fikli\u011finin Etkileri<\/strong><\/p>\n\n\n\n<p>Van G\u00f6l\u00fc Havzas\u0131&#8217;nda iklim de\u011fi\u015fikli\u011fi giderek daha fazla hissediliyor. Ya\u011f\u0131\u015f d\u00fczenindeki de\u011fi\u015fiklikler ve s\u0131cakl\u0131k art\u0131\u015flar\u0131, g\u00f6l\u00fcn su seviyesini ve \u00e7evredeki tar\u0131m alanlar\u0131n\u0131 do\u011frudan etkiliyor. Uzmanlar, uzun vadede su kaynaklar\u0131n\u0131n azalabilece\u011fine dikkat \u00e7ekerek, s\u00fcrd\u00fcr\u00fclebilir su y\u00f6netimi politikalar\u0131n\u0131n \u00f6nemine vurgu yap\u0131yor.<\/p>\n\n\n\n<p><strong>Ke\u015ffedilmeyi Bekleyen Do\u011fal G\u00fczellikler<\/strong><\/p>\n\n\n\n<p>Van G\u00f6l\u00fc \u00e7evresinde ke\u015ffedilmeyi bekleyen bir\u00e7ok do\u011fal g\u00fczellik bulunuyor. \u00d6zellikle G\u00f6velek G\u00f6l\u00fc gibi az bilinen noktalar, e\u015fsiz manzaralar\u0131 ve berrak sular\u0131yla do\u011faseverlerin ilgisini \u00e7ekiyor. B\u00f6lgedeki do\u011fal g\u00fczelliklerin daha fazla tan\u0131t\u0131lmas\u0131 ve korunmas\u0131 gerekti\u011fi belirtiliyor.<\/p>\n\n\n\n<p><strong>Van G\u00f6l\u00fc\u2019nden Kartpostall\u0131k G\u00f6r\u00fcnt\u00fcler<\/strong><\/p>\n\n\n\n<p>Son olarak, Van G\u00f6l\u00fc&#8217;n\u00fcn havadan \u00e7ekilen g\u00f6r\u00fcnt\u00fcleri b\u00fcy\u00fck ilgi g\u00f6rd\u00fc. G\u00f6ky\u00fcz\u00fcnden bak\u0131ld\u0131\u011f\u0131nda masmavi sular\u0131 ve k\u0131y\u0131lar\u0131ndaki do\u011fal olu\u015fumlar\u0131yla b\u00fcy\u00fcleyici bir manzara sunan g\u00f6l, b\u00f6lgenin turizm potansiyelini bir kez daha g\u00f6zler \u00f6n\u00fcne serdi.<\/p>\n\n\n\n<p>Van G\u00f6l\u00fc ve \u00e7evresindeki geli\u015fmeler, b\u00f6lgenin do\u011fal de\u011ferlerinin korunmas\u0131n\u0131n ne kadar \u00f6nemli oldu\u011funu bir kez daha ortaya koyuyor.<\/p>\n","protected":false},"excerpt":{"rendered":"<p>Van G\u00f6l\u00fc, T\u00fcrkiye&#8217;nin en b\u00fcy\u00fck g\u00f6l\u00fc olmas\u0131n\u0131n yan\u0131 s\u0131ra, do\u011fal g\u00fczellikleri ve ekosistemiyle de dikkat \u00e7ekiyor. Son d\u00f6nemde g\u00f6lde ve \u00e7evresinde \u00f6nemli geli\u015fmeler ya\u015fan\u0131yor. Flamingolar\u0131n K\u0131\u015f\u0131 Van G\u00f6l\u00fc&#8217;nde Ge\u00e7irmesi Her y\u0131l s\u0131cak b\u00f6lgelere g\u00f6\u00e7 eden flamingolar, bu y\u0131l Van G\u00f6l\u00fc k\u0131y\u0131lar\u0131nda k\u0131\u015f\u0131 ge\u00e7irmeyi tercih etti. Normalde g\u00f6\u00e7 eden bu ku\u015flar\u0131n g\u00f6lde kalmas\u0131n\u0131n, besin kaynaklar\u0131n\u0131n yeterlili\u011fi &hellip;<\/p>\n","protected":false},"author":2,"featured_media":2141,"comment_status":"open","ping_status":"closed","sticky":false,"template":"","format":"standard","meta":{"googlesitekit_rrm_CAowot3VCw:productID":"","footnotes":""},"categories":[28,27,32,1,24,29,25,26,30,31],"tags":[38,34,36],"class_list":["post-2140","post","type-post","status-publish","format-standard","has-post-thumbnail","hentry","category-van-egitim","category-van-emniyet","category-van-genclik","category-van-haber","category-van-haberleri","category-van-kaza","category-van-magazin","category-van-siyaset","category-van-x-haber","category-van-yapay-zeka","tag-son-dakika","tag-van","tag-van-haberleri"],"yoast_head":"<!-- This site is optimized with the Yoast SEO Premium plugin v21.7 (Yoast SEO v26.7) - https:\/\/yoast.com\/wordpress\/plugins\/seo\/ -->\n<title>Van G\u00f6l\u00fc&#039;nde Son Geli\u015fmeler - Van Haber | Van X Haber | Van Haberleri<\/title>\n<meta name=\"robots\" content=\"index, follow, max-snippet:-1, max-image-preview:large, max-video-preview:-1\" \/>\n<link rel=\"canonical\" href=\"https:\/\/vanxhaber.com\/index.php\/2025\/03\/06\/van-golunde-son-gelismeler\/\" \/>\n<meta property=\"og:locale\" content=\"tr_TR\" \/>\n<meta property=\"og:type\" content=\"article\" \/>\n<meta property=\"og:title\" content=\"Van G\u00f6l\u00fc&#039;nde Son Geli\u015fmeler\" \/>\n<meta property=\"og:description\" content=\"Van G\u00f6l\u00fc, T\u00fcrkiye&#8217;nin en b\u00fcy\u00fck g\u00f6l\u00fc olmas\u0131n\u0131n yan\u0131 s\u0131ra, do\u011fal g\u00fczellikleri ve ekosistemiyle de dikkat \u00e7ekiyor. Son d\u00f6nemde g\u00f6lde ve \u00e7evresinde \u00f6nemli geli\u015fmeler ya\u015fan\u0131yor. Flamingolar\u0131n K\u0131\u015f\u0131 Van G\u00f6l\u00fc&#8217;nde Ge\u00e7irmesi Her y\u0131l s\u0131cak b\u00f6lgelere g\u00f6\u00e7 eden flamingolar, bu y\u0131l Van G\u00f6l\u00fc k\u0131y\u0131lar\u0131nda k\u0131\u015f\u0131 ge\u00e7irmeyi tercih etti. Normalde g\u00f6\u00e7 eden bu ku\u015flar\u0131n g\u00f6lde kalmas\u0131n\u0131n, besin kaynaklar\u0131n\u0131n yeterlili\u011fi &hellip;\" \/>\n<meta property=\"og:url\" content=\"https:\/\/vanxhaber.com\/index.php\/2025\/03\/06\/van-golunde-son-gelismeler\/\" \/>\n<meta property=\"og:site_name\" content=\"Van Haber | Van X Haber | Van Haberleri\" \/>\n<meta property=\"article:published_time\" content=\"2025-03-06T13:28:24+00:00\" \/>\n<meta property=\"article:modified_time\" content=\"2025-03-06T13:28:25+00:00\" \/>\n<meta property=\"og:image\" content=\"https:\/\/vanxhaber.com\/wp-content\/uploads\/2025\/03\/van-golu.jpg\" \/>\n\t<meta property=\"og:image:width\" content=\"641\" \/>\n\t<meta property=\"og:image:height\" content=\"380\" \/>\n\t<meta property=\"og:image:type\" content=\"image\/jpeg\" \/>\n<meta name=\"author\" content=\"Van X Haber\" \/>\n<meta name=\"twitter:card\" content=\"summary_large_image\" \/>\n<meta name=\"twitter:label1\" content=\"Yazan:\" \/>\n\t<meta name=\"twitter:data1\" content=\"Van X Haber\" \/>\n\t<meta name=\"twitter:label2\" content=\"Tahmini okuma s\u00fcresi\" \/>\n\t<meta name=\"twitter:data2\" content=\"2 dakika\" \/>\n<script type=\"application\/ld+json\" class=\"yoast-schema-graph\">{\"@context\":\"https:\/\/schema.org\",\"@graph\":[{\"@type\":\"Article\",\"@id\":\"https:\/\/vanxhaber.com\/index.php\/2025\/03\/06\/van-golunde-son-gelismeler\/#article\",\"isPartOf\":{\"@id\":\"https:\/\/vanxhaber.com\/index.php\/2025\/03\/06\/van-golunde-son-gelismeler\/\"},\"author\":{\"name\":\"Van X Haber\",\"@id\":\"https:\/\/vanxhaber.com\/#\/schema\/person\/a5fd8d89510cb5370e62ad176f7978ee\"},\"headline\":\"Van G\u00f6l\u00fc&#8217;nde Son Geli\u015fmeler\",\"datePublished\":\"2025-03-06T13:28:24+00:00\",\"dateModified\":\"2025-03-06T13:28:25+00:00\",\"mainEntityOfPage\":{\"@id\":\"https:\/\/vanxhaber.com\/index.php\/2025\/03\/06\/van-golunde-son-gelismeler\/\"},\"wordCount\":438,\"commentCount\":0,\"image\":{\"@id\":\"https:\/\/vanxhaber.com\/index.php\/2025\/03\/06\/van-golunde-son-gelismeler\/#primaryimage\"},\"thumbnailUrl\":\"https:\/\/vanxhaber.com\/wp-content\/uploads\/2025\/03\/van-golu.jpg\",\"keywords\":[\"son dakika\",\"van\",\"van haberleri\"],\"articleSection\":[\"Van E\u011fitim\",\"Van Emniyet\",\"Van\u00a0Gen\u00e7lik\",\"Van Haber\",\"Van Haberleri\",\"Van Kaza\",\"Van Magazin\",\"Van Siyaset\",\"Van X Haber\",\"Van Yapay Zeka\"],\"inLanguage\":\"tr\",\"potentialAction\":[{\"@type\":\"CommentAction\",\"name\":\"Comment\",\"target\":[\"https:\/\/vanxhaber.com\/index.php\/2025\/03\/06\/van-golunde-son-gelismeler\/#respond\"]}],\"copyrightYear\":\"2025\",\"copyrightHolder\":{\"@id\":\"https:\/\/vanxhaber.com\/#organization\"}},{\"@type\":\"WebPage\",\"@id\":\"https:\/\/vanxhaber.com\/index.php\/2025\/03\/06\/van-golunde-son-gelismeler\/\",\"url\":\"https:\/\/vanxhaber.com\/index.php\/2025\/03\/06\/van-golunde-son-gelismeler\/\",\"name\":\"Van G\u00f6l\u00fc'nde Son Geli\u015fmeler - Van Haber | Van X Haber | Van Haberleri\",\"isPartOf\":{\"@id\":\"https:\/\/vanxhaber.com\/#website\"},\"primaryImageOfPage\":{\"@id\":\"https:\/\/vanxhaber.com\/index.php\/2025\/03\/06\/van-golunde-son-gelismeler\/#primaryimage\"},\"image\":{\"@id\":\"https:\/\/vanxhaber.com\/index.php\/2025\/03\/06\/van-golunde-son-gelismeler\/#primaryimage\"},\"thumbnailUrl\":\"https:\/\/vanxhaber.com\/wp-content\/uploads\/2025\/03\/van-golu.jpg\",\"datePublished\":\"2025-03-06T13:28:24+00:00\",\"dateModified\":\"2025-03-06T13:28:25+00:00\",\"author\":{\"@id\":\"https:\/\/vanxhaber.com\/#\/schema\/person\/a5fd8d89510cb5370e62ad176f7978ee\"},\"breadcrumb\":{\"@id\":\"https:\/\/vanxhaber.com\/index.php\/2025\/03\/06\/van-golunde-son-gelismeler\/#breadcrumb\"},\"inLanguage\":\"tr\",\"potentialAction\":[{\"@type\":\"ReadAction\",\"target\":[\"https:\/\/vanxhaber.com\/index.php\/2025\/03\/06\/van-golunde-son-gelismeler\/\"]}]},{\"@type\":\"ImageObject\",\"inLanguage\":\"tr\",\"@id\":\"https:\/\/vanxhaber.com\/index.php\/2025\/03\/06\/van-golunde-son-gelismeler\/#primaryimage\",\"url\":\"https:\/\/vanxhaber.com\/wp-content\/uploads\/2025\/03\/van-golu.jpg\",\"contentUrl\":\"https:\/\/vanxhaber.com\/wp-content\/uploads\/2025\/03\/van-golu.jpg\",\"width\":641,\"height\":380},{\"@type\":\"BreadcrumbList\",\"@id\":\"https:\/\/vanxhaber.com\/index.php\/2025\/03\/06\/van-golunde-son-gelismeler\/#breadcrumb\",\"itemListElement\":[{\"@type\":\"ListItem\",\"position\":1,\"name\":\"Anasayfa\",\"item\":\"https:\/\/vanxhaber.com\/\"},{\"@type\":\"ListItem\",\"position\":2,\"name\":\"Van G\u00f6l\u00fc&#8217;nde Son Geli\u015fmeler\"}]},{\"@type\":\"WebSite\",\"@id\":\"https:\/\/vanxhaber.com\/#website\",\"url\":\"https:\/\/vanxhaber.com\/\",\"name\":\"Van Haber | Van X Haber | Van Haberleri\",\"description\":\"Van Haber, Van&#039;\u0131n ilk yapay zeka teknolojileri ile yaz\u0131lan Van X Haber ve Van Haberlerini aktif g\u00fcncel sunan tek vanhaber merkezidir.\",\"potentialAction\":[{\"@type\":\"SearchAction\",\"target\":{\"@type\":\"EntryPoint\",\"urlTemplate\":\"https:\/\/vanxhaber.com\/?s={search_term_string}\"},\"query-input\":{\"@type\":\"PropertyValueSpecification\",\"valueRequired\":true,\"valueName\":\"search_term_string\"}}],\"inLanguage\":\"tr\"},{\"@type\":\"Person\",\"@id\":\"https:\/\/vanxhaber.com\/#\/schema\/person\/a5fd8d89510cb5370e62ad176f7978ee\",\"name\":\"Van X Haber\",\"image\":{\"@type\":\"ImageObject\",\"inLanguage\":\"tr\",\"@id\":\"https:\/\/vanxhaber.com\/#\/schema\/person\/image\/\",\"url\":\"https:\/\/secure.gravatar.com\/avatar\/36f2f63826681263103acb5ca1e7bc1a6db11baea9b75dd091d89b74f2704b07?s=96&d=mm&r=g\",\"contentUrl\":\"https:\/\/secure.gravatar.com\/avatar\/36f2f63826681263103acb5ca1e7bc1a6db11baea9b75dd091d89b74f2704b07?s=96&d=mm&r=g\",\"caption\":\"Van X Haber\"},\"description\":\"Van X Haber Van'\u0131n ilk ve tek yeni nesil Van Haber merkezi. Son Dakika Van Haberleri ve G\u00fcncel Van haber merkezinde s\u0131cak geli\u015fmeleri aktarmaya devam edece\u011fiz.\",\"url\":\"https:\/\/vanxhaber.com\/index.php\/author\/vangazetesi\/\"}]}<\/script>\n<!-- \/ Yoast SEO Premium plugin. -->","yoast_head_json":{"title":"Van G\u00f6l\u00fc'nde Son Geli\u015fmeler - Van Haber | Van X Haber | Van Haberleri","robots":{"index":"index","follow":"follow","max-snippet":"max-snippet:-1","max-image-preview":"max-image-preview:large","max-video-preview":"max-video-preview:-1"},"canonical":"https:\/\/vanxhaber.com\/index.php\/2025\/03\/06\/van-golunde-son-gelismeler\/","og_locale":"tr_TR","og_type":"article","og_title":"Van G\u00f6l\u00fc'nde Son Geli\u015fmeler","og_description":"Van G\u00f6l\u00fc, T\u00fcrkiye&#8217;nin en b\u00fcy\u00fck g\u00f6l\u00fc olmas\u0131n\u0131n yan\u0131 s\u0131ra, do\u011fal g\u00fczellikleri ve ekosistemiyle de dikkat \u00e7ekiyor. Son d\u00f6nemde g\u00f6lde ve \u00e7evresinde \u00f6nemli geli\u015fmeler ya\u015fan\u0131yor. Flamingolar\u0131n K\u0131\u015f\u0131 Van G\u00f6l\u00fc&#8217;nde Ge\u00e7irmesi Her y\u0131l s\u0131cak b\u00f6lgelere g\u00f6\u00e7 eden flamingolar, bu y\u0131l Van G\u00f6l\u00fc k\u0131y\u0131lar\u0131nda k\u0131\u015f\u0131 ge\u00e7irmeyi tercih etti. Normalde g\u00f6\u00e7 eden bu ku\u015flar\u0131n g\u00f6lde kalmas\u0131n\u0131n, besin kaynaklar\u0131n\u0131n yeterlili\u011fi &hellip;","og_url":"https:\/\/vanxhaber.com\/index.php\/2025\/03\/06\/van-golunde-son-gelismeler\/","og_site_name":"Van Haber | Van X Haber | Van Haberleri","article_published_time":"2025-03-06T13:28:24+00:00","article_modified_time":"2025-03-06T13:28:25+00:00","og_image":[{"width":641,"height":380,"url":"https:\/\/vanxhaber.com\/wp-content\/uploads\/2025\/03\/van-golu.jpg","type":"image\/jpeg"}],"author":"Van X Haber","twitter_card":"summary_large_image","twitter_misc":{"Yazan:":"Van X Haber","Tahmini okuma s\u00fcresi":"2 dakika"},"schema":{"@context":"https:\/\/schema.org","@graph":[{"@type":"Article","@id":"https:\/\/vanxhaber.com\/index.php\/2025\/03\/06\/van-golunde-son-gelismeler\/#article","isPartOf":{"@id":"https:\/\/vanxhaber.com\/index.php\/2025\/03\/06\/van-golunde-son-gelismeler\/"},"author":{"name":"Van X Haber","@id":"https:\/\/vanxhaber.com\/#\/schema\/person\/a5fd8d89510cb5370e62ad176f7978ee"},"headline":"Van G\u00f6l\u00fc&#8217;nde Son Geli\u015fmeler","datePublished":"2025-03-06T13:28:24+00:00","dateModified":"2025-03-06T13:28:25+00:00","mainEntityOfPage":{"@id":"https:\/\/vanxhaber.com\/index.php\/2025\/03\/06\/van-golunde-son-gelismeler\/"},"wordCount":438,"commentCount":0,"image":{"@id":"https:\/\/vanxhaber.com\/index.php\/2025\/03\/06\/van-golunde-son-gelismeler\/#primaryimage"},"thumbnailUrl":"https:\/\/vanxhaber.com\/wp-content\/uploads\/2025\/03\/van-golu.jpg","keywords":["son dakika","van","van haberleri"],"articleSection":["Van E\u011fitim","Van Emniyet","Van\u00a0Gen\u00e7lik","Van Haber","Van Haberleri","Van Kaza","Van Magazin","Van Siyaset","Van X Haber","Van Yapay Zeka"],"inLanguage":"tr","potentialAction":[{"@type":"CommentAction","name":"Comment","target":["https:\/\/vanxhaber.com\/index.php\/2025\/03\/06\/van-golunde-son-gelismeler\/#respond"]}],"copyrightYear":"2025","copyrightHolder":{"@id":"https:\/\/vanxhaber.com\/#organization"}},{"@type":"WebPage","@id":"https:\/\/vanxhaber.com\/index.php\/2025\/03\/06\/van-golunde-son-gelismeler\/","url":"https:\/\/vanxhaber.com\/index.php\/2025\/03\/06\/van-golunde-son-gelismeler\/","name":"Van G\u00f6l\u00fc'nde Son Geli\u015fmeler - Van Haber | Van X Haber | Van Haberleri","isPartOf":{"@id":"https:\/\/vanxhaber.com\/#website"},"primaryImageOfPage":{"@id":"https:\/\/vanxhaber.com\/index.php\/2025\/03\/06\/van-golunde-son-gelismeler\/#primaryimage"},"image":{"@id":"https:\/\/vanxhaber.com\/index.php\/2025\/03\/06\/van-golunde-son-gelismeler\/#primaryimage"},"thumbnailUrl":"https:\/\/vanxhaber.com\/wp-content\/uploads\/2025\/03\/van-golu.jpg","datePublished":"2025-03-06T13:28:24+00:00","dateModified":"2025-03-06T13:28:25+00:00","author":{"@id":"https:\/\/vanxhaber.com\/#\/schema\/person\/a5fd8d89510cb5370e62ad176f7978ee"},"breadcrumb":{"@id":"https:\/\/vanxhaber.com\/index.php\/2025\/03\/06\/van-golunde-son-gelismeler\/#breadcrumb"},"inLanguage":"tr","potentialAction":[{"@type":"ReadAction","target":["https:\/\/vanxhaber.com\/index.php\/2025\/03\/06\/van-golunde-son-gelismeler\/"]}]},{"@type":"ImageObject","inLanguage":"tr","@id":"https:\/\/vanxhaber.com\/index.php\/2025\/03\/06\/van-golunde-son-gelismeler\/#primaryimage","url":"https:\/\/vanxhaber.com\/wp-content\/uploads\/2025\/03\/van-golu.jpg","contentUrl":"https:\/\/vanxhaber.com\/wp-content\/uploads\/2025\/03\/van-golu.jpg","width":641,"height":380},{"@type":"BreadcrumbList","@id":"https:\/\/vanxhaber.com\/index.php\/2025\/03\/06\/van-golunde-son-gelismeler\/#breadcrumb","itemListElement":[{"@type":"ListItem","position":1,"name":"Anasayfa","item":"https:\/\/vanxhaber.com\/"},{"@type":"ListItem","position":2,"name":"Van G\u00f6l\u00fc&#8217;nde Son Geli\u015fmeler"}]},{"@type":"WebSite","@id":"https:\/\/vanxhaber.com\/#website","url":"https:\/\/vanxhaber.com\/","name":"Van Haber | Van X Haber | Van Haberleri","description":"Van Haber, Van&#039;\u0131n ilk yapay zeka teknolojileri ile yaz\u0131lan Van X Haber ve Van Haberlerini aktif g\u00fcncel sunan tek vanhaber merkezidir.","potentialAction":[{"@type":"SearchAction","target":{"@type":"EntryPoint","urlTemplate":"https:\/\/vanxhaber.com\/?s={search_term_string}"},"query-input":{"@type":"PropertyValueSpecification","valueRequired":true,"valueName":"search_term_string"}}],"inLanguage":"tr"},{"@type":"Person","@id":"https:\/\/vanxhaber.com\/#\/schema\/person\/a5fd8d89510cb5370e62ad176f7978ee","name":"Van X Haber","image":{"@type":"ImageObject","inLanguage":"tr","@id":"https:\/\/vanxhaber.com\/#\/schema\/person\/image\/","url":"https:\/\/secure.gravatar.com\/avatar\/36f2f63826681263103acb5ca1e7bc1a6db11baea9b75dd091d89b74f2704b07?s=96&d=mm&r=g","contentUrl":"https:\/\/secure.gravatar.com\/avatar\/36f2f63826681263103acb5ca1e7bc1a6db11baea9b75dd091d89b74f2704b07?s=96&d=mm&r=g","caption":"Van X Haber"},"description":"Van X Haber Van'\u0131n ilk ve tek yeni nesil Van Haber merkezi. Son Dakika Van Haberleri ve G\u00fcncel Van haber merkezinde s\u0131cak geli\u015fmeleri aktarmaya devam edece\u011fiz.","url":"https:\/\/vanxhaber.com\/index.php\/author\/vangazetesi\/"}]}},"_links":{"self":[{"href":"https:\/\/vanxhaber.com\/index.php\/wp-json\/wp\/v2\/posts\/2140","targetHints":{"allow":["GET"]}}],"collection":[{"href":"https:\/\/vanxhaber.com\/index.php\/wp-json\/wp\/v2\/posts"}],"about":[{"href":"https:\/\/vanxhaber.com\/index.php\/wp-json\/wp\/v2\/types\/post"}],"author":[{"embeddable":true,"href":"https:\/\/vanxhaber.com\/index.php\/wp-json\/wp\/v2\/users\/2"}],"replies":[{"embeddable":true,"href":"https:\/\/vanxhaber.com\/index.php\/wp-json\/wp\/v2\/comments?post=2140"}],"version-history":[{"count":1,"href":"https:\/\/vanxhaber.com\/index.php\/wp-json\/wp\/v2\/posts\/2140\/revisions"}],"predecessor-version":[{"id":2142,"href":"https:\/\/vanxhaber.com\/index.php\/wp-json\/wp\/v2\/posts\/2140\/revisions\/2142"}],"wp:featuredmedia":[{"embeddable":true,"href":"https:\/\/vanxhaber.com\/index.php\/wp-json\/wp\/v2\/media\/2141"}],"wp:attachment":[{"href":"https:\/\/vanxhaber.com\/index.php\/wp-json\/wp\/v2\/media?parent=2140"}],"wp:term":[{"taxonomy":"category","embeddable":true,"href":"https:\/\/vanxhaber.com\/index.php\/wp-json\/wp\/v2\/categories?post=2140"},{"taxonomy":"post_tag","embeddable":true,"href":"https:\/\/vanxhaber.com\/index.php\/wp-json\/wp\/v2\/tags?post=2140"}],"curies":[{"name":"wp","href":"https:\/\/api.w.org\/{rel}","templated":true}]}}