{"id":2183,"date":"2025-07-22T10:54:56","date_gmt":"2025-07-22T10:54:56","guid":{"rendered":"https:\/\/vanxhaber.com\/?p=2183"},"modified":"2025-07-22T10:54:58","modified_gmt":"2025-07-22T10:54:58","slug":"van-2025-yazinda-yerli-ve-yabanci-turistlerin-gozdesi-oldu","status":"publish","type":"post","link":"https:\/\/vanxhaber.com\/index.php\/2025\/07\/22\/van-2025-yazinda-yerli-ve-yabanci-turistlerin-gozdesi-oldu\/","title":{"rendered":"Van, 2025 Yaz\u0131nda Yerli ve Yabanc\u0131 Turistlerin G\u00f6zdesi Oldu"},"content":{"rendered":"\n<p><strong>Do\u011fu Anadolu\u2019nun incisi Van, 2025 yaz sezonuna h\u0131zl\u0131 giri\u015f yapt\u0131. Do\u011fal g\u00fczellikleri, tarihi yap\u0131lar\u0131 ve k\u00fclt\u00fcrel zenginlikleriyle dikkat \u00e7eken \u015fehir, yerli ve yabanc\u0131 turistlerin ilgisini \u00e7ekmeye devam ediyor. Van G\u00f6l\u00fc k\u0131y\u0131lar\u0131, Akdamar Adas\u0131, Ho\u015fap Kalesi ve daha bir\u00e7ok do\u011fal ve k\u00fclt\u00fcrel miras noktas\u0131, bu yaz ziyaret\u00e7i ak\u0131n\u0131na u\u011fruyor.<\/strong><\/p>\n\n\n\n<hr class=\"wp-block-separator has-alpha-channel-opacity\"\/>\n\n\n\n<p><strong>AKDAMAR ADASI TUR\u0130STLER\u0130N U\u011eRAK NOKTASI OLDU<\/strong><\/p>\n\n\n\n<p>Van G\u00f6l\u00fc \u00fczerinde yer alan ve Ermeni kilisesiyle \u00fcnl\u00fc Akdamar Adas\u0131, 2025 yaz sezonunda da ziyaret\u00e7ilerini b\u00fcy\u00fcl\u00fcyor. G\u00f6l\u00fcn serin sular\u0131nda tekne turlar\u0131yla ula\u015f\u0131lan ada, hem do\u011fa hem tarih tutkunlar\u0131n\u0131n g\u00f6zdesi. \u00d6zellikle hafta sonlar\u0131 dolup ta\u015fan ada, sosyal medya payla\u015f\u0131mlar\u0131 sayesinde geni\u015f kitlelere ula\u015f\u0131yor.<\/p>\n\n\n\n<hr class=\"wp-block-separator has-alpha-channel-opacity\"\/>\n\n\n\n<p><strong>DA\u011eLAR, YAYLALAR, \u015eELALELER: VAN DO\u011eA TUR\u0130ZM\u0130N\u0130N YEN\u0130 MERKEZ\u0130<\/strong><\/p>\n\n\n\n<p>Van yaln\u0131zca tarihiyle de\u011fil, e\u015fsiz do\u011fas\u0131yla da ziyaret\u00e7ilerini cezbediyor. Ba\u015fkale\u2019deki travertenler, Muradiye \u015eelalesi, Er\u00e7ek G\u00f6l\u00fc, G\u00fczelsu Yaylas\u0131 gibi do\u011fal destinasyonlar do\u011fa y\u00fcr\u00fcy\u00fc\u015f\u00fc, kamp ve foto\u011fraf\u00e7\u0131l\u0131k tutkunlar\u0131n\u0131n u\u011frak noktas\u0131 h\u00e2line geldi. \u00d6zellikle gen\u00e7 turistler i\u00e7in alternatif turizm rotalar\u0131 sunan Van, do\u011fa sporlar\u0131 alan\u0131nda da \u00f6nc\u00fc \u015fehirlerden biri olma yolunda ilerliyor.<\/p>\n\n\n\n<hr class=\"wp-block-separator has-alpha-channel-opacity\"\/>\n\n\n\n<p><strong>K\u00dcLT\u00dcREL VE GASTRONOM\u0130 TUR\u0130ZM\u0130NDE DE ATAKTA<\/strong><\/p>\n\n\n\n<p>Van kahvalt\u0131s\u0131, d\u00fcnya \u00e7ap\u0131nda \u00fcn kazanmaya devam ederken, bu lezzetli k\u00fclt\u00fcr turistlerin ilgisini \u00e7ekiyor. Y\u00f6resel peynirler, otlu peynir, murtu\u011fa, kavut ve tand\u0131r ekme\u011fiyle zenginle\u015fen kahvalt\u0131 salonlar\u0131, sabah saatlerinde adeta dolup ta\u015f\u0131yor. Bunun yan\u0131 s\u0131ra, Urartulardan Osmanl\u0131&#8217;ya uzanan geni\u015f tarihi miras, m\u00fczeler ve arkeolojik alanlarla Van, k\u00fclt\u00fcrel turizm a\u00e7\u0131s\u0131ndan da g\u00fc\u00e7l\u00fc bir altyap\u0131ya sahip.<\/p>\n\n\n\n<hr class=\"wp-block-separator has-alpha-channel-opacity\"\/>\n\n\n\n<p><strong>KONAKLAMA VE ULA\u015eIMDA B\u00dcY\u00dcK GEL\u0130\u015eME<\/strong><\/p>\n\n\n\n<p>Son y\u0131llarda Van\u2019da turizm altyap\u0131s\u0131na y\u00f6nelik \u00f6nemli yat\u0131r\u0131mlar yap\u0131ld\u0131. \u015eehir merkezinde ve Edremit k\u0131y\u0131s\u0131nda yeni oteller, butik pansiyonlar ve kamp alanlar\u0131 hizmete girdi. Van Ferit Melen Havaliman\u0131\u2019ndan g\u00fcnl\u00fck \u0130stanbul, Ankara, \u0130zmir gibi b\u00fcy\u00fck\u015fehirlere seferler d\u00fczenlenirken, \u0130ran \u00fczerinden gelen turist say\u0131s\u0131 da giderek art\u0131yor.<\/p>\n\n\n\n<hr class=\"wp-block-separator has-alpha-channel-opacity\"\/>\n\n\n\n<p><strong>\u0130RANLI TUR\u0130STLER\u0130N VAZGE\u00c7\u0130LMEZ ROTALARINDAN B\u0130R\u0130: VAN<\/strong><\/p>\n\n\n\n<p>Van, s\u0131n\u0131r kap\u0131s\u0131na olan yak\u0131nl\u0131\u011f\u0131 nedeniyle \u0130ranl\u0131 turistlerin en \u00e7ok tercih etti\u011fi \u015fehirlerden biri. \u00d6zellikle al\u0131\u015fveri\u015f, sa\u011fl\u0131k turizmi ve gastronomi alanlar\u0131nda \u0130ranl\u0131 ziyaret\u00e7ilerin ilgisi her y\u0131l art\u0131yor. Bu durum esnafa da do\u011frudan yans\u0131yor.<\/p>\n\n\n\n<hr class=\"wp-block-separator has-alpha-channel-opacity\"\/>\n\n\n\n<p><strong>YEREL ESNAF: \u201cTUR\u0130ZM B\u0130Z\u0130M GELECE\u011e\u0130M\u0130Z\u201d<\/strong><\/p>\n\n\n\n<p>Van esnaf\u0131, artan turist say\u0131s\u0131ndan memnun. Van Haber\u2019e konu\u015fan yerel bir i\u015fletmeci, \u201cYaz sezonu bizim i\u00e7in alt\u0131n d\u00f6nem. Hem k\u00fclt\u00fcrel tan\u0131t\u0131m sa\u011flan\u0131yor hem ekonomik olarak \u015fehir canlan\u0131yor. Van\u2019\u0131n de\u011feri her ge\u00e7en y\u0131l daha \u00e7ok anla\u015f\u0131l\u0131yor,\u201d diyerek s\u00fcreci de\u011ferlendirdi.<\/p>\n\n\n\n<hr class=\"wp-block-separator has-alpha-channel-opacity\"\/>\n\n\n\n<p><strong>YETK\u0130L\u0130LERDEN UYARI: K\u00dcLT\u00dcREL DE\u011eERLERE SAYGI VE DO\u011eAYI KORUMA<\/strong><\/p>\n\n\n\n<p>Van Valili\u011fi ve Van \u0130l K\u00fclt\u00fcr ve Turizm M\u00fcd\u00fcrl\u00fc\u011f\u00fc, t\u00fcm ziyaret\u00e7ilere k\u00fclt\u00fcrel de\u011ferlere ve \u00e7evreye duyarl\u0131 davranmalar\u0131 \u00e7a\u011fr\u0131s\u0131nda bulundu. Akdamar Adas\u0131\u2019nda \u00e7\u00f6p b\u0131rak\u0131lmamas\u0131, \u015felalelerde do\u011fal dengeye zarar verilmemesi, tarihi yap\u0131lara zarar verilmemesi konusunda bro\u015f\u00fcrler ve y\u00f6nlendirme tabelalar\u0131yla bilin\u00e7lendirme \u00e7al\u0131\u015fmalar\u0131 y\u00fcr\u00fct\u00fcl\u00fcyor.<\/p>\n\n\n\n<hr class=\"wp-block-separator has-alpha-channel-opacity\"\/>\n\n\n\n<p><strong>BU HABER SADECE B\u0130LG\u0130 AMA\u00c7LIDIR<\/strong><\/p>\n\n\n\n<p>Turizm faaliyetlerine kat\u0131lmadan \u00f6nce Van \u0130l K\u00fclt\u00fcr ve Turizm M\u00fcd\u00fcrl\u00fc\u011f\u00fc\u2019nden veya resmi kaynaklardan bilgi al\u0131nmas\u0131 tavsiye edilir. Rehbersiz ya da izinsiz tarihi b\u00f6lgelere girilmemelidir.<\/p>\n","protected":false},"excerpt":{"rendered":"<p>Do\u011fu Anadolu\u2019nun incisi Van, 2025 yaz sezonuna h\u0131zl\u0131 giri\u015f yapt\u0131. Do\u011fal g\u00fczellikleri, tarihi yap\u0131lar\u0131 ve k\u00fclt\u00fcrel zenginlikleriyle dikkat \u00e7eken \u015fehir, yerli ve yabanc\u0131 turistlerin ilgisini \u00e7ekmeye devam ediyor. Van G\u00f6l\u00fc k\u0131y\u0131lar\u0131, Akdamar Adas\u0131, Ho\u015fap Kalesi ve daha bir\u00e7ok do\u011fal ve k\u00fclt\u00fcrel miras noktas\u0131, bu yaz ziyaret\u00e7i ak\u0131n\u0131na u\u011fruyor. AKDAMAR ADASI TUR\u0130STLER\u0130N U\u011eRAK NOKTASI OLDU Van &hellip;<\/p>\n","protected":false},"author":2,"featured_media":2184,"comment_status":"open","ping_status":"closed","sticky":false,"template":"","format":"standard","meta":{"googlesitekit_rrm_CAowot3VCw:productID":"","footnotes":""},"categories":[1,30],"tags":[128,34,35,36,129],"class_list":["post-2183","post","type-post","status-publish","format-standard","has-post-thumbnail","hentry","category-van-haber","category-van-x-haber","tag-turist","tag-van","tag-van-haber","tag-van-haberleri","tag-van-x-haber"],"yoast_head":"<!-- This site is optimized with the Yoast SEO Premium plugin v21.7 (Yoast SEO v26.7) - https:\/\/yoast.com\/wordpress\/plugins\/seo\/ -->\n<title>Van, 2025 Yaz\u0131nda Yerli ve Yabanc\u0131 Turistlerin G\u00f6zdesi Oldu - Van Haber | Van X Haber | Van Haberleri<\/title>\n<meta name=\"robots\" content=\"index, follow, max-snippet:-1, max-image-preview:large, max-video-preview:-1\" \/>\n<link rel=\"canonical\" href=\"https:\/\/vanxhaber.com\/index.php\/2025\/07\/22\/van-2025-yazinda-yerli-ve-yabanci-turistlerin-gozdesi-oldu\/\" \/>\n<meta property=\"og:locale\" content=\"tr_TR\" \/>\n<meta property=\"og:type\" content=\"article\" \/>\n<meta property=\"og:title\" content=\"Van, 2025 Yaz\u0131nda Yerli ve Yabanc\u0131 Turistlerin G\u00f6zdesi Oldu\" \/>\n<meta property=\"og:description\" content=\"Do\u011fu Anadolu\u2019nun incisi Van, 2025 yaz sezonuna h\u0131zl\u0131 giri\u015f yapt\u0131. Do\u011fal g\u00fczellikleri, tarihi yap\u0131lar\u0131 ve k\u00fclt\u00fcrel zenginlikleriyle dikkat \u00e7eken \u015fehir, yerli ve yabanc\u0131 turistlerin ilgisini \u00e7ekmeye devam ediyor. Van G\u00f6l\u00fc k\u0131y\u0131lar\u0131, Akdamar Adas\u0131, Ho\u015fap Kalesi ve daha bir\u00e7ok do\u011fal ve k\u00fclt\u00fcrel miras noktas\u0131, bu yaz ziyaret\u00e7i ak\u0131n\u0131na u\u011fruyor. AKDAMAR ADASI TUR\u0130STLER\u0130N U\u011eRAK NOKTASI OLDU Van &hellip;\" \/>\n<meta property=\"og:url\" content=\"https:\/\/vanxhaber.com\/index.php\/2025\/07\/22\/van-2025-yazinda-yerli-ve-yabanci-turistlerin-gozdesi-oldu\/\" \/>\n<meta property=\"og:site_name\" content=\"Van Haber | Van X Haber | Van Haberleri\" \/>\n<meta property=\"article:published_time\" content=\"2025-07-22T10:54:56+00:00\" \/>\n<meta property=\"article:modified_time\" content=\"2025-07-22T10:54:58+00:00\" \/>\n<meta property=\"og:image\" content=\"https:\/\/vanxhaber.com\/wp-content\/uploads\/2025\/07\/van-haber-van-haberleri.jpg\" \/>\n\t<meta property=\"og:image:width\" content=\"641\" \/>\n\t<meta property=\"og:image:height\" content=\"380\" \/>\n\t<meta property=\"og:image:type\" content=\"image\/jpeg\" \/>\n<meta name=\"author\" content=\"Van X Haber\" \/>\n<meta name=\"twitter:card\" content=\"summary_large_image\" \/>\n<meta name=\"twitter:label1\" content=\"Yazan:\" \/>\n\t<meta name=\"twitter:data1\" content=\"Van X Haber\" \/>\n\t<meta name=\"twitter:label2\" content=\"Tahmini okuma s\u00fcresi\" \/>\n\t<meta name=\"twitter:data2\" content=\"3 dakika\" \/>\n<script type=\"application\/ld+json\" class=\"yoast-schema-graph\">{\"@context\":\"https:\/\/schema.org\",\"@graph\":[{\"@type\":\"Article\",\"@id\":\"https:\/\/vanxhaber.com\/index.php\/2025\/07\/22\/van-2025-yazinda-yerli-ve-yabanci-turistlerin-gozdesi-oldu\/#article\",\"isPartOf\":{\"@id\":\"https:\/\/vanxhaber.com\/index.php\/2025\/07\/22\/van-2025-yazinda-yerli-ve-yabanci-turistlerin-gozdesi-oldu\/\"},\"author\":{\"name\":\"Van X Haber\",\"@id\":\"https:\/\/vanxhaber.com\/#\/schema\/person\/a5fd8d89510cb5370e62ad176f7978ee\"},\"headline\":\"Van, 2025 Yaz\u0131nda Yerli ve Yabanc\u0131 Turistlerin G\u00f6zdesi Oldu\",\"datePublished\":\"2025-07-22T10:54:56+00:00\",\"dateModified\":\"2025-07-22T10:54:58+00:00\",\"mainEntityOfPage\":{\"@id\":\"https:\/\/vanxhaber.com\/index.php\/2025\/07\/22\/van-2025-yazinda-yerli-ve-yabanci-turistlerin-gozdesi-oldu\/\"},\"wordCount\":636,\"commentCount\":0,\"image\":{\"@id\":\"https:\/\/vanxhaber.com\/index.php\/2025\/07\/22\/van-2025-yazinda-yerli-ve-yabanci-turistlerin-gozdesi-oldu\/#primaryimage\"},\"thumbnailUrl\":\"https:\/\/vanxhaber.com\/wp-content\/uploads\/2025\/07\/van-haber-van-haberleri.jpg\",\"keywords\":[\"turist\",\"van\",\"van haber\",\"van haberleri\",\"van x haber\"],\"articleSection\":[\"Van Haber\",\"Van X Haber\"],\"inLanguage\":\"tr\",\"potentialAction\":[{\"@type\":\"CommentAction\",\"name\":\"Comment\",\"target\":[\"https:\/\/vanxhaber.com\/index.php\/2025\/07\/22\/van-2025-yazinda-yerli-ve-yabanci-turistlerin-gozdesi-oldu\/#respond\"]}],\"copyrightYear\":\"2025\",\"copyrightHolder\":{\"@id\":\"https:\/\/vanxhaber.com\/#organization\"}},{\"@type\":\"WebPage\",\"@id\":\"https:\/\/vanxhaber.com\/index.php\/2025\/07\/22\/van-2025-yazinda-yerli-ve-yabanci-turistlerin-gozdesi-oldu\/\",\"url\":\"https:\/\/vanxhaber.com\/index.php\/2025\/07\/22\/van-2025-yazinda-yerli-ve-yabanci-turistlerin-gozdesi-oldu\/\",\"name\":\"Van, 2025 Yaz\u0131nda Yerli ve Yabanc\u0131 Turistlerin G\u00f6zdesi Oldu - Van Haber | Van X Haber | Van Haberleri\",\"isPartOf\":{\"@id\":\"https:\/\/vanxhaber.com\/#website\"},\"primaryImageOfPage\":{\"@id\":\"https:\/\/vanxhaber.com\/index.php\/2025\/07\/22\/van-2025-yazinda-yerli-ve-yabanci-turistlerin-gozdesi-oldu\/#primaryimage\"},\"image\":{\"@id\":\"https:\/\/vanxhaber.com\/index.php\/2025\/07\/22\/van-2025-yazinda-yerli-ve-yabanci-turistlerin-gozdesi-oldu\/#primaryimage\"},\"thumbnailUrl\":\"https:\/\/vanxhaber.com\/wp-content\/uploads\/2025\/07\/van-haber-van-haberleri.jpg\",\"datePublished\":\"2025-07-22T10:54:56+00:00\",\"dateModified\":\"2025-07-22T10:54:58+00:00\",\"author\":{\"@id\":\"https:\/\/vanxhaber.com\/#\/schema\/person\/a5fd8d89510cb5370e62ad176f7978ee\"},\"breadcrumb\":{\"@id\":\"https:\/\/vanxhaber.com\/index.php\/2025\/07\/22\/van-2025-yazinda-yerli-ve-yabanci-turistlerin-gozdesi-oldu\/#breadcrumb\"},\"inLanguage\":\"tr\",\"potentialAction\":[{\"@type\":\"ReadAction\",\"target\":[\"https:\/\/vanxhaber.com\/index.php\/2025\/07\/22\/van-2025-yazinda-yerli-ve-yabanci-turistlerin-gozdesi-oldu\/\"]}]},{\"@type\":\"ImageObject\",\"inLanguage\":\"tr\",\"@id\":\"https:\/\/vanxhaber.com\/index.php\/2025\/07\/22\/van-2025-yazinda-yerli-ve-yabanci-turistlerin-gozdesi-oldu\/#primaryimage\",\"url\":\"https:\/\/vanxhaber.com\/wp-content\/uploads\/2025\/07\/van-haber-van-haberleri.jpg\",\"contentUrl\":\"https:\/\/vanxhaber.com\/wp-content\/uploads\/2025\/07\/van-haber-van-haberleri.jpg\",\"width\":641,\"height\":380},{\"@type\":\"BreadcrumbList\",\"@id\":\"https:\/\/vanxhaber.com\/index.php\/2025\/07\/22\/van-2025-yazinda-yerli-ve-yabanci-turistlerin-gozdesi-oldu\/#breadcrumb\",\"itemListElement\":[{\"@type\":\"ListItem\",\"position\":1,\"name\":\"Anasayfa\",\"item\":\"https:\/\/vanxhaber.com\/\"},{\"@type\":\"ListItem\",\"position\":2,\"name\":\"Van, 2025 Yaz\u0131nda Yerli ve Yabanc\u0131 Turistlerin G\u00f6zdesi Oldu\"}]},{\"@type\":\"WebSite\",\"@id\":\"https:\/\/vanxhaber.com\/#website\",\"url\":\"https:\/\/vanxhaber.com\/\",\"name\":\"Van Haber | Van X Haber | Van Haberleri\",\"description\":\"Van Haber, Van&#039;\u0131n ilk yapay zeka teknolojileri ile yaz\u0131lan Van X Haber ve Van Haberlerini aktif g\u00fcncel sunan tek vanhaber merkezidir.\",\"potentialAction\":[{\"@type\":\"SearchAction\",\"target\":{\"@type\":\"EntryPoint\",\"urlTemplate\":\"https:\/\/vanxhaber.com\/?s={search_term_string}\"},\"query-input\":{\"@type\":\"PropertyValueSpecification\",\"valueRequired\":true,\"valueName\":\"search_term_string\"}}],\"inLanguage\":\"tr\"},{\"@type\":\"Person\",\"@id\":\"https:\/\/vanxhaber.com\/#\/schema\/person\/a5fd8d89510cb5370e62ad176f7978ee\",\"name\":\"Van X Haber\",\"image\":{\"@type\":\"ImageObject\",\"inLanguage\":\"tr\",\"@id\":\"https:\/\/vanxhaber.com\/#\/schema\/person\/image\/\",\"url\":\"https:\/\/secure.gravatar.com\/avatar\/36f2f63826681263103acb5ca1e7bc1a6db11baea9b75dd091d89b74f2704b07?s=96&d=mm&r=g\",\"contentUrl\":\"https:\/\/secure.gravatar.com\/avatar\/36f2f63826681263103acb5ca1e7bc1a6db11baea9b75dd091d89b74f2704b07?s=96&d=mm&r=g\",\"caption\":\"Van X Haber\"},\"description\":\"Van X Haber Van'\u0131n ilk ve tek yeni nesil Van Haber merkezi. Son Dakika Van Haberleri ve G\u00fcncel Van haber merkezinde s\u0131cak geli\u015fmeleri aktarmaya devam edece\u011fiz.\",\"url\":\"https:\/\/vanxhaber.com\/index.php\/author\/vangazetesi\/\"}]}<\/script>\n<!-- \/ Yoast SEO Premium plugin. -->","yoast_head_json":{"title":"Van, 2025 Yaz\u0131nda Yerli ve Yabanc\u0131 Turistlerin G\u00f6zdesi Oldu - Van Haber | Van X Haber | Van Haberleri","robots":{"index":"index","follow":"follow","max-snippet":"max-snippet:-1","max-image-preview":"max-image-preview:large","max-video-preview":"max-video-preview:-1"},"canonical":"https:\/\/vanxhaber.com\/index.php\/2025\/07\/22\/van-2025-yazinda-yerli-ve-yabanci-turistlerin-gozdesi-oldu\/","og_locale":"tr_TR","og_type":"article","og_title":"Van, 2025 Yaz\u0131nda Yerli ve Yabanc\u0131 Turistlerin G\u00f6zdesi Oldu","og_description":"Do\u011fu Anadolu\u2019nun incisi Van, 2025 yaz sezonuna h\u0131zl\u0131 giri\u015f yapt\u0131. Do\u011fal g\u00fczellikleri, tarihi yap\u0131lar\u0131 ve k\u00fclt\u00fcrel zenginlikleriyle dikkat \u00e7eken \u015fehir, yerli ve yabanc\u0131 turistlerin ilgisini \u00e7ekmeye devam ediyor. Van G\u00f6l\u00fc k\u0131y\u0131lar\u0131, Akdamar Adas\u0131, Ho\u015fap Kalesi ve daha bir\u00e7ok do\u011fal ve k\u00fclt\u00fcrel miras noktas\u0131, bu yaz ziyaret\u00e7i ak\u0131n\u0131na u\u011fruyor. AKDAMAR ADASI TUR\u0130STLER\u0130N U\u011eRAK NOKTASI OLDU Van &hellip;","og_url":"https:\/\/vanxhaber.com\/index.php\/2025\/07\/22\/van-2025-yazinda-yerli-ve-yabanci-turistlerin-gozdesi-oldu\/","og_site_name":"Van Haber | Van X Haber | Van Haberleri","article_published_time":"2025-07-22T10:54:56+00:00","article_modified_time":"2025-07-22T10:54:58+00:00","og_image":[{"width":641,"height":380,"url":"https:\/\/vanxhaber.com\/wp-content\/uploads\/2025\/07\/van-haber-van-haberleri.jpg","type":"image\/jpeg"}],"author":"Van X Haber","twitter_card":"summary_large_image","twitter_misc":{"Yazan:":"Van X Haber","Tahmini okuma s\u00fcresi":"3 dakika"},"schema":{"@context":"https:\/\/schema.org","@graph":[{"@type":"Article","@id":"https:\/\/vanxhaber.com\/index.php\/2025\/07\/22\/van-2025-yazinda-yerli-ve-yabanci-turistlerin-gozdesi-oldu\/#article","isPartOf":{"@id":"https:\/\/vanxhaber.com\/index.php\/2025\/07\/22\/van-2025-yazinda-yerli-ve-yabanci-turistlerin-gozdesi-oldu\/"},"author":{"name":"Van X Haber","@id":"https:\/\/vanxhaber.com\/#\/schema\/person\/a5fd8d89510cb5370e62ad176f7978ee"},"headline":"Van, 2025 Yaz\u0131nda Yerli ve Yabanc\u0131 Turistlerin G\u00f6zdesi Oldu","datePublished":"2025-07-22T10:54:56+00:00","dateModified":"2025-07-22T10:54:58+00:00","mainEntityOfPage":{"@id":"https:\/\/vanxhaber.com\/index.php\/2025\/07\/22\/van-2025-yazinda-yerli-ve-yabanci-turistlerin-gozdesi-oldu\/"},"wordCount":636,"commentCount":0,"image":{"@id":"https:\/\/vanxhaber.com\/index.php\/2025\/07\/22\/van-2025-yazinda-yerli-ve-yabanci-turistlerin-gozdesi-oldu\/#primaryimage"},"thumbnailUrl":"https:\/\/vanxhaber.com\/wp-content\/uploads\/2025\/07\/van-haber-van-haberleri.jpg","keywords":["turist","van","van haber","van haberleri","van x haber"],"articleSection":["Van Haber","Van X Haber"],"inLanguage":"tr","potentialAction":[{"@type":"CommentAction","name":"Comment","target":["https:\/\/vanxhaber.com\/index.php\/2025\/07\/22\/van-2025-yazinda-yerli-ve-yabanci-turistlerin-gozdesi-oldu\/#respond"]}],"copyrightYear":"2025","copyrightHolder":{"@id":"https:\/\/vanxhaber.com\/#organization"}},{"@type":"WebPage","@id":"https:\/\/vanxhaber.com\/index.php\/2025\/07\/22\/van-2025-yazinda-yerli-ve-yabanci-turistlerin-gozdesi-oldu\/","url":"https:\/\/vanxhaber.com\/index.php\/2025\/07\/22\/van-2025-yazinda-yerli-ve-yabanci-turistlerin-gozdesi-oldu\/","name":"Van, 2025 Yaz\u0131nda Yerli ve Yabanc\u0131 Turistlerin G\u00f6zdesi Oldu - Van Haber | Van X Haber | Van Haberleri","isPartOf":{"@id":"https:\/\/vanxhaber.com\/#website"},"primaryImageOfPage":{"@id":"https:\/\/vanxhaber.com\/index.php\/2025\/07\/22\/van-2025-yazinda-yerli-ve-yabanci-turistlerin-gozdesi-oldu\/#primaryimage"},"image":{"@id":"https:\/\/vanxhaber.com\/index.php\/2025\/07\/22\/van-2025-yazinda-yerli-ve-yabanci-turistlerin-gozdesi-oldu\/#primaryimage"},"thumbnailUrl":"https:\/\/vanxhaber.com\/wp-content\/uploads\/2025\/07\/van-haber-van-haberleri.jpg","datePublished":"2025-07-22T10:54:56+00:00","dateModified":"2025-07-22T10:54:58+00:00","author":{"@id":"https:\/\/vanxhaber.com\/#\/schema\/person\/a5fd8d89510cb5370e62ad176f7978ee"},"breadcrumb":{"@id":"https:\/\/vanxhaber.com\/index.php\/2025\/07\/22\/van-2025-yazinda-yerli-ve-yabanci-turistlerin-gozdesi-oldu\/#breadcrumb"},"inLanguage":"tr","potentialAction":[{"@type":"ReadAction","target":["https:\/\/vanxhaber.com\/index.php\/2025\/07\/22\/van-2025-yazinda-yerli-ve-yabanci-turistlerin-gozdesi-oldu\/"]}]},{"@type":"ImageObject","inLanguage":"tr","@id":"https:\/\/vanxhaber.com\/index.php\/2025\/07\/22\/van-2025-yazinda-yerli-ve-yabanci-turistlerin-gozdesi-oldu\/#primaryimage","url":"https:\/\/vanxhaber.com\/wp-content\/uploads\/2025\/07\/van-haber-van-haberleri.jpg","contentUrl":"https:\/\/vanxhaber.com\/wp-content\/uploads\/2025\/07\/van-haber-van-haberleri.jpg","width":641,"height":380},{"@type":"BreadcrumbList","@id":"https:\/\/vanxhaber.com\/index.php\/2025\/07\/22\/van-2025-yazinda-yerli-ve-yabanci-turistlerin-gozdesi-oldu\/#breadcrumb","itemListElement":[{"@type":"ListItem","position":1,"name":"Anasayfa","item":"https:\/\/vanxhaber.com\/"},{"@type":"ListItem","position":2,"name":"Van, 2025 Yaz\u0131nda Yerli ve Yabanc\u0131 Turistlerin G\u00f6zdesi Oldu"}]},{"@type":"WebSite","@id":"https:\/\/vanxhaber.com\/#website","url":"https:\/\/vanxhaber.com\/","name":"Van Haber | Van X Haber | Van Haberleri","description":"Van Haber, Van&#039;\u0131n ilk yapay zeka teknolojileri ile yaz\u0131lan Van X Haber ve Van Haberlerini aktif g\u00fcncel sunan tek vanhaber merkezidir.","potentialAction":[{"@type":"SearchAction","target":{"@type":"EntryPoint","urlTemplate":"https:\/\/vanxhaber.com\/?s={search_term_string}"},"query-input":{"@type":"PropertyValueSpecification","valueRequired":true,"valueName":"search_term_string"}}],"inLanguage":"tr"},{"@type":"Person","@id":"https:\/\/vanxhaber.com\/#\/schema\/person\/a5fd8d89510cb5370e62ad176f7978ee","name":"Van X Haber","image":{"@type":"ImageObject","inLanguage":"tr","@id":"https:\/\/vanxhaber.com\/#\/schema\/person\/image\/","url":"https:\/\/secure.gravatar.com\/avatar\/36f2f63826681263103acb5ca1e7bc1a6db11baea9b75dd091d89b74f2704b07?s=96&d=mm&r=g","contentUrl":"https:\/\/secure.gravatar.com\/avatar\/36f2f63826681263103acb5ca1e7bc1a6db11baea9b75dd091d89b74f2704b07?s=96&d=mm&r=g","caption":"Van X Haber"},"description":"Van X Haber Van'\u0131n ilk ve tek yeni nesil Van Haber merkezi. Son Dakika Van Haberleri ve G\u00fcncel Van haber merkezinde s\u0131cak geli\u015fmeleri aktarmaya devam edece\u011fiz.","url":"https:\/\/vanxhaber.com\/index.php\/author\/vangazetesi\/"}]}},"_links":{"self":[{"href":"https:\/\/vanxhaber.com\/index.php\/wp-json\/wp\/v2\/posts\/2183","targetHints":{"allow":["GET"]}}],"collection":[{"href":"https:\/\/vanxhaber.com\/index.php\/wp-json\/wp\/v2\/posts"}],"about":[{"href":"https:\/\/vanxhaber.com\/index.php\/wp-json\/wp\/v2\/types\/post"}],"author":[{"embeddable":true,"href":"https:\/\/vanxhaber.com\/index.php\/wp-json\/wp\/v2\/users\/2"}],"replies":[{"embeddable":true,"href":"https:\/\/vanxhaber.com\/index.php\/wp-json\/wp\/v2\/comments?post=2183"}],"version-history":[{"count":1,"href":"https:\/\/vanxhaber.com\/index.php\/wp-json\/wp\/v2\/posts\/2183\/revisions"}],"predecessor-version":[{"id":2185,"href":"https:\/\/vanxhaber.com\/index.php\/wp-json\/wp\/v2\/posts\/2183\/revisions\/2185"}],"wp:featuredmedia":[{"embeddable":true,"href":"https:\/\/vanxhaber.com\/index.php\/wp-json\/wp\/v2\/media\/2184"}],"wp:attachment":[{"href":"https:\/\/vanxhaber.com\/index.php\/wp-json\/wp\/v2\/media?parent=2183"}],"wp:term":[{"taxonomy":"category","embeddable":true,"href":"https:\/\/vanxhaber.com\/index.php\/wp-json\/wp\/v2\/categories?post=2183"},{"taxonomy":"post_tag","embeddable":true,"href":"https:\/\/vanxhaber.com\/index.php\/wp-json\/wp\/v2\/tags?post=2183"}],"curies":[{"name":"wp","href":"https:\/\/api.w.org\/{rel}","templated":true}]}}