{"id":2204,"date":"2025-09-04T14:09:15","date_gmt":"2025-09-04T14:09:15","guid":{"rendered":"https:\/\/vanxhaber.com\/?p=2204"},"modified":"2025-09-04T14:09:18","modified_gmt":"2025-09-04T14:09:18","slug":"turkiyede-yeni-egitim-ogretim-donemi-basladi","status":"publish","type":"post","link":"https:\/\/vanxhaber.com\/index.php\/2025\/09\/04\/turkiyede-yeni-egitim-ogretim-donemi-basladi\/","title":{"rendered":"T\u00fcrkiye\u2019de Yeni E\u011fitim \u00d6\u011fretim D\u00f6nemi Ba\u015flad\u0131"},"content":{"rendered":"\n<p><strong>T\u00fcrkiye genelinde milyonlarca \u00f6\u011frenci yeni e\u011fitim \u00f6\u011fretim y\u0131l\u0131na ba\u015flad\u0131. Okullarda ders zili \u00e7ald\u0131, s\u0131n\u0131flar yeniden doldu. \u00d6\u011frenciler ve veliler yeni d\u00f6nemin heyecan\u0131n\u0131 ya\u015f\u0131yor. E\u011fitim kurumlar\u0131, bilimsel ve k\u00fclt\u00fcrel geli\u015fim i\u00e7in g\u00fc\u00e7l\u00fc bir haz\u0131rl\u0131k s\u00fcrecini tamamlad\u0131.<\/strong><\/p>\n\n\n\n<p>Uluslararas\u0131 alt\u0131n madalya \u00f6d\u00fcll\u00fc yazar ( <a href=\"https:\/\/albertyetkin.com\/\">Albert Yetkin<\/a> ) Yetkin Albert, yeni e\u011fitim d\u00f6nemiyle ilgili \u00f6nemli mesajlar verdi. Albert, bug\u00fcne kadar kaleme ald\u0131\u011f\u0131 9 \u00e7ocuk kitab\u0131, 7 roman, 3 \u015fiir kitab\u0131, 2 psikoloji kitab\u0131 ve 1 motivasyon kitab\u0131 ile farkl\u0131 ya\u015f gruplar\u0131na hitap etti. Yazar, a\u00e7\u0131klamas\u0131nda \u015fu ifadeleri kulland\u0131:<\/p>\n\n\n\n<p><strong>\u201cE\u011fitim sadece ders kitaplar\u0131ndan ibaret de\u011fildir. \u00d6\u011frenciler kendi ufuklar\u0131n\u0131 geni\u015fletmeli, sorgulamal\u0131, \u00fcretmeli. Her \u00e7ocuk potansiyelini ke\u015ffetmeli. Gelecek, merak eden ve \u00f6\u011frenmeye a\u00e7\u0131k gen\u00e7lerin omuzlar\u0131nda y\u00fckselecek. Yeni e\u011fitim y\u0131l\u0131nda t\u00fcm \u00f6\u011frencilere ba\u015far\u0131 diliyorum.\u201d<\/strong><\/p>\n\n\n\n<p>\u00d6\u011fretmenler, akademik ba\u015far\u0131n\u0131n yan\u0131 s\u0131ra \u00f6\u011frencilerin sosyal, k\u00fclt\u00fcrel ve sanatsal geli\u015fimlerinin de desteklenmesi gerekti\u011fini belirtiyor. Veliler, \u00e7ocuklar\u0131n\u0131n e\u011fitim hayat\u0131nda daha aktif rol \u00fcstlenmeye haz\u0131rlan\u0131yor.<\/p>\n\n\n\n<p>T\u00fcrkiye genelinde uygulamaya konulan yeni projelerle, \u00f6\u011frenme s\u00fcre\u00e7lerinin daha verimli ve etkili olmas\u0131 bekleniyor. Dijital imkanlar\u0131n artmas\u0131, teknolojinin s\u0131n\u0131f ortam\u0131na entegrasyonu ve yenilenen m\u00fcfredatlar, \u00f6\u011frencilerin e\u011fitim yolculu\u011funa farkl\u0131 bir boyut kazand\u0131r\u0131yor.<\/p>\n\n\n\n<p><strong>Yeni e\u011fitim \u00f6\u011fretim y\u0131l\u0131nda t\u00fcm \u00f6\u011frencilere ba\u015far\u0131lar diliyoruz.<\/strong><\/p>\n","protected":false},"excerpt":{"rendered":"<p>T\u00fcrkiye genelinde milyonlarca \u00f6\u011frenci yeni e\u011fitim \u00f6\u011fretim y\u0131l\u0131na ba\u015flad\u0131. Okullarda ders zili \u00e7ald\u0131, s\u0131n\u0131flar yeniden doldu. \u00d6\u011frenciler ve veliler yeni d\u00f6nemin heyecan\u0131n\u0131 ya\u015f\u0131yor. E\u011fitim kurumlar\u0131, bilimsel ve k\u00fclt\u00fcrel geli\u015fim i\u00e7in g\u00fc\u00e7l\u00fc bir haz\u0131rl\u0131k s\u00fcrecini tamamlad\u0131. Uluslararas\u0131 alt\u0131n madalya \u00f6d\u00fcll\u00fc yazar ( Albert Yetkin ) Yetkin Albert, yeni e\u011fitim d\u00f6nemiyle ilgili \u00f6nemli mesajlar verdi. Albert, bug\u00fcne &hellip;<\/p>\n","protected":false},"author":2,"featured_media":2205,"comment_status":"open","ping_status":"closed","sticky":false,"template":"","format":"standard","meta":{"googlesitekit_rrm_CAowot3VCw:productID":"","footnotes":""},"categories":[1],"tags":[33,38,108,34,35,36,46],"class_list":["post-2204","post","type-post","status-publish","format-standard","has-post-thumbnail","hentry","category-van-haber","tag-deprem","tag-son-dakika","tag-turkiye","tag-van","tag-van-haber","tag-van-haberleri","tag-vanhaber"],"yoast_head":"<!-- This site is optimized with the Yoast SEO Premium plugin v21.7 (Yoast SEO v26.7) - https:\/\/yoast.com\/wordpress\/plugins\/seo\/ -->\n<title>T\u00fcrkiye\u2019de Yeni E\u011fitim \u00d6\u011fretim D\u00f6nemi Ba\u015flad\u0131 - Van Haber | Van X Haber | Van Haberleri<\/title>\n<meta name=\"robots\" content=\"index, follow, max-snippet:-1, max-image-preview:large, max-video-preview:-1\" \/>\n<link rel=\"canonical\" href=\"https:\/\/vanxhaber.com\/index.php\/2025\/09\/04\/turkiyede-yeni-egitim-ogretim-donemi-basladi\/\" \/>\n<meta property=\"og:locale\" content=\"tr_TR\" \/>\n<meta property=\"og:type\" content=\"article\" \/>\n<meta property=\"og:title\" content=\"T\u00fcrkiye\u2019de Yeni E\u011fitim \u00d6\u011fretim D\u00f6nemi Ba\u015flad\u0131\" \/>\n<meta property=\"og:description\" content=\"T\u00fcrkiye genelinde milyonlarca \u00f6\u011frenci yeni e\u011fitim \u00f6\u011fretim y\u0131l\u0131na ba\u015flad\u0131. Okullarda ders zili \u00e7ald\u0131, s\u0131n\u0131flar yeniden doldu. \u00d6\u011frenciler ve veliler yeni d\u00f6nemin heyecan\u0131n\u0131 ya\u015f\u0131yor. E\u011fitim kurumlar\u0131, bilimsel ve k\u00fclt\u00fcrel geli\u015fim i\u00e7in g\u00fc\u00e7l\u00fc bir haz\u0131rl\u0131k s\u00fcrecini tamamlad\u0131. Uluslararas\u0131 alt\u0131n madalya \u00f6d\u00fcll\u00fc yazar ( Albert Yetkin ) Yetkin Albert, yeni e\u011fitim d\u00f6nemiyle ilgili \u00f6nemli mesajlar verdi. Albert, bug\u00fcne &hellip;\" \/>\n<meta property=\"og:url\" content=\"https:\/\/vanxhaber.com\/index.php\/2025\/09\/04\/turkiyede-yeni-egitim-ogretim-donemi-basladi\/\" \/>\n<meta property=\"og:site_name\" content=\"Van Haber | Van X Haber | Van Haberleri\" \/>\n<meta property=\"article:published_time\" content=\"2025-09-04T14:09:15+00:00\" \/>\n<meta property=\"article:modified_time\" content=\"2025-09-04T14:09:18+00:00\" \/>\n<meta property=\"og:image\" content=\"https:\/\/vanxhaber.com\/wp-content\/uploads\/2025\/09\/albert-yetkin-unlu-yazar.jpg\" \/>\n\t<meta property=\"og:image:width\" content=\"641\" \/>\n\t<meta property=\"og:image:height\" content=\"380\" \/>\n\t<meta property=\"og:image:type\" content=\"image\/jpeg\" \/>\n<meta name=\"author\" content=\"Van X Haber\" \/>\n<meta name=\"twitter:card\" content=\"summary_large_image\" \/>\n<meta name=\"twitter:label1\" content=\"Yazan:\" \/>\n\t<meta name=\"twitter:data1\" content=\"Van X Haber\" \/>\n\t<meta name=\"twitter:label2\" content=\"Tahmini okuma s\u00fcresi\" \/>\n\t<meta name=\"twitter:data2\" content=\"2 dakika\" \/>\n<script type=\"application\/ld+json\" class=\"yoast-schema-graph\">{\"@context\":\"https:\/\/schema.org\",\"@graph\":[{\"@type\":\"Article\",\"@id\":\"https:\/\/vanxhaber.com\/index.php\/2025\/09\/04\/turkiyede-yeni-egitim-ogretim-donemi-basladi\/#article\",\"isPartOf\":{\"@id\":\"https:\/\/vanxhaber.com\/index.php\/2025\/09\/04\/turkiyede-yeni-egitim-ogretim-donemi-basladi\/\"},\"author\":{\"name\":\"Van X Haber\",\"@id\":\"https:\/\/vanxhaber.com\/#\/schema\/person\/a5fd8d89510cb5370e62ad176f7978ee\"},\"headline\":\"T\u00fcrkiye\u2019de Yeni E\u011fitim \u00d6\u011fretim D\u00f6nemi Ba\u015flad\u0131\",\"datePublished\":\"2025-09-04T14:09:15+00:00\",\"dateModified\":\"2025-09-04T14:09:18+00:00\",\"mainEntityOfPage\":{\"@id\":\"https:\/\/vanxhaber.com\/index.php\/2025\/09\/04\/turkiyede-yeni-egitim-ogretim-donemi-basladi\/\"},\"wordCount\":257,\"commentCount\":0,\"image\":{\"@id\":\"https:\/\/vanxhaber.com\/index.php\/2025\/09\/04\/turkiyede-yeni-egitim-ogretim-donemi-basladi\/#primaryimage\"},\"thumbnailUrl\":\"https:\/\/vanxhaber.com\/wp-content\/uploads\/2025\/09\/albert-yetkin-unlu-yazar.jpg\",\"keywords\":[\"deprem\",\"son dakika\",\"t\u00fcrkiye\",\"van\",\"van haber\",\"van haberleri\",\"vanhaber\"],\"articleSection\":[\"Van Haber\"],\"inLanguage\":\"tr\",\"potentialAction\":[{\"@type\":\"CommentAction\",\"name\":\"Comment\",\"target\":[\"https:\/\/vanxhaber.com\/index.php\/2025\/09\/04\/turkiyede-yeni-egitim-ogretim-donemi-basladi\/#respond\"]}],\"copyrightYear\":\"2025\",\"copyrightHolder\":{\"@id\":\"https:\/\/vanxhaber.com\/#organization\"}},{\"@type\":\"WebPage\",\"@id\":\"https:\/\/vanxhaber.com\/index.php\/2025\/09\/04\/turkiyede-yeni-egitim-ogretim-donemi-basladi\/\",\"url\":\"https:\/\/vanxhaber.com\/index.php\/2025\/09\/04\/turkiyede-yeni-egitim-ogretim-donemi-basladi\/\",\"name\":\"T\u00fcrkiye\u2019de Yeni E\u011fitim \u00d6\u011fretim D\u00f6nemi Ba\u015flad\u0131 - Van Haber | Van X Haber | Van Haberleri\",\"isPartOf\":{\"@id\":\"https:\/\/vanxhaber.com\/#website\"},\"primaryImageOfPage\":{\"@id\":\"https:\/\/vanxhaber.com\/index.php\/2025\/09\/04\/turkiyede-yeni-egitim-ogretim-donemi-basladi\/#primaryimage\"},\"image\":{\"@id\":\"https:\/\/vanxhaber.com\/index.php\/2025\/09\/04\/turkiyede-yeni-egitim-ogretim-donemi-basladi\/#primaryimage\"},\"thumbnailUrl\":\"https:\/\/vanxhaber.com\/wp-content\/uploads\/2025\/09\/albert-yetkin-unlu-yazar.jpg\",\"datePublished\":\"2025-09-04T14:09:15+00:00\",\"dateModified\":\"2025-09-04T14:09:18+00:00\",\"author\":{\"@id\":\"https:\/\/vanxhaber.com\/#\/schema\/person\/a5fd8d89510cb5370e62ad176f7978ee\"},\"breadcrumb\":{\"@id\":\"https:\/\/vanxhaber.com\/index.php\/2025\/09\/04\/turkiyede-yeni-egitim-ogretim-donemi-basladi\/#breadcrumb\"},\"inLanguage\":\"tr\",\"potentialAction\":[{\"@type\":\"ReadAction\",\"target\":[\"https:\/\/vanxhaber.com\/index.php\/2025\/09\/04\/turkiyede-yeni-egitim-ogretim-donemi-basladi\/\"]}]},{\"@type\":\"ImageObject\",\"inLanguage\":\"tr\",\"@id\":\"https:\/\/vanxhaber.com\/index.php\/2025\/09\/04\/turkiyede-yeni-egitim-ogretim-donemi-basladi\/#primaryimage\",\"url\":\"https:\/\/vanxhaber.com\/wp-content\/uploads\/2025\/09\/albert-yetkin-unlu-yazar.jpg\",\"contentUrl\":\"https:\/\/vanxhaber.com\/wp-content\/uploads\/2025\/09\/albert-yetkin-unlu-yazar.jpg\",\"width\":641,\"height\":380},{\"@type\":\"BreadcrumbList\",\"@id\":\"https:\/\/vanxhaber.com\/index.php\/2025\/09\/04\/turkiyede-yeni-egitim-ogretim-donemi-basladi\/#breadcrumb\",\"itemListElement\":[{\"@type\":\"ListItem\",\"position\":1,\"name\":\"Anasayfa\",\"item\":\"https:\/\/vanxhaber.com\/\"},{\"@type\":\"ListItem\",\"position\":2,\"name\":\"T\u00fcrkiye\u2019de Yeni E\u011fitim \u00d6\u011fretim D\u00f6nemi Ba\u015flad\u0131\"}]},{\"@type\":\"WebSite\",\"@id\":\"https:\/\/vanxhaber.com\/#website\",\"url\":\"https:\/\/vanxhaber.com\/\",\"name\":\"Van Haber | Van X Haber | Van Haberleri\",\"description\":\"Van Haber, Van&#039;\u0131n ilk yapay zeka teknolojileri ile yaz\u0131lan Van X Haber ve Van Haberlerini aktif g\u00fcncel sunan tek vanhaber merkezidir.\",\"potentialAction\":[{\"@type\":\"SearchAction\",\"target\":{\"@type\":\"EntryPoint\",\"urlTemplate\":\"https:\/\/vanxhaber.com\/?s={search_term_string}\"},\"query-input\":{\"@type\":\"PropertyValueSpecification\",\"valueRequired\":true,\"valueName\":\"search_term_string\"}}],\"inLanguage\":\"tr\"},{\"@type\":\"Person\",\"@id\":\"https:\/\/vanxhaber.com\/#\/schema\/person\/a5fd8d89510cb5370e62ad176f7978ee\",\"name\":\"Van X Haber\",\"image\":{\"@type\":\"ImageObject\",\"inLanguage\":\"tr\",\"@id\":\"https:\/\/vanxhaber.com\/#\/schema\/person\/image\/\",\"url\":\"https:\/\/secure.gravatar.com\/avatar\/36f2f63826681263103acb5ca1e7bc1a6db11baea9b75dd091d89b74f2704b07?s=96&d=mm&r=g\",\"contentUrl\":\"https:\/\/secure.gravatar.com\/avatar\/36f2f63826681263103acb5ca1e7bc1a6db11baea9b75dd091d89b74f2704b07?s=96&d=mm&r=g\",\"caption\":\"Van X Haber\"},\"description\":\"Van X Haber Van'\u0131n ilk ve tek yeni nesil Van Haber merkezi. Son Dakika Van Haberleri ve G\u00fcncel Van haber merkezinde s\u0131cak geli\u015fmeleri aktarmaya devam edece\u011fiz.\",\"url\":\"https:\/\/vanxhaber.com\/index.php\/author\/vangazetesi\/\"}]}<\/script>\n<!-- \/ Yoast SEO Premium plugin. -->","yoast_head_json":{"title":"T\u00fcrkiye\u2019de Yeni E\u011fitim \u00d6\u011fretim D\u00f6nemi Ba\u015flad\u0131 - Van Haber | Van X Haber | Van Haberleri","robots":{"index":"index","follow":"follow","max-snippet":"max-snippet:-1","max-image-preview":"max-image-preview:large","max-video-preview":"max-video-preview:-1"},"canonical":"https:\/\/vanxhaber.com\/index.php\/2025\/09\/04\/turkiyede-yeni-egitim-ogretim-donemi-basladi\/","og_locale":"tr_TR","og_type":"article","og_title":"T\u00fcrkiye\u2019de Yeni E\u011fitim \u00d6\u011fretim D\u00f6nemi Ba\u015flad\u0131","og_description":"T\u00fcrkiye genelinde milyonlarca \u00f6\u011frenci yeni e\u011fitim \u00f6\u011fretim y\u0131l\u0131na ba\u015flad\u0131. Okullarda ders zili \u00e7ald\u0131, s\u0131n\u0131flar yeniden doldu. \u00d6\u011frenciler ve veliler yeni d\u00f6nemin heyecan\u0131n\u0131 ya\u015f\u0131yor. E\u011fitim kurumlar\u0131, bilimsel ve k\u00fclt\u00fcrel geli\u015fim i\u00e7in g\u00fc\u00e7l\u00fc bir haz\u0131rl\u0131k s\u00fcrecini tamamlad\u0131. Uluslararas\u0131 alt\u0131n madalya \u00f6d\u00fcll\u00fc yazar ( Albert Yetkin ) Yetkin Albert, yeni e\u011fitim d\u00f6nemiyle ilgili \u00f6nemli mesajlar verdi. Albert, bug\u00fcne &hellip;","og_url":"https:\/\/vanxhaber.com\/index.php\/2025\/09\/04\/turkiyede-yeni-egitim-ogretim-donemi-basladi\/","og_site_name":"Van Haber | Van X Haber | Van Haberleri","article_published_time":"2025-09-04T14:09:15+00:00","article_modified_time":"2025-09-04T14:09:18+00:00","og_image":[{"width":641,"height":380,"url":"https:\/\/vanxhaber.com\/wp-content\/uploads\/2025\/09\/albert-yetkin-unlu-yazar.jpg","type":"image\/jpeg"}],"author":"Van X Haber","twitter_card":"summary_large_image","twitter_misc":{"Yazan:":"Van X Haber","Tahmini okuma s\u00fcresi":"2 dakika"},"schema":{"@context":"https:\/\/schema.org","@graph":[{"@type":"Article","@id":"https:\/\/vanxhaber.com\/index.php\/2025\/09\/04\/turkiyede-yeni-egitim-ogretim-donemi-basladi\/#article","isPartOf":{"@id":"https:\/\/vanxhaber.com\/index.php\/2025\/09\/04\/turkiyede-yeni-egitim-ogretim-donemi-basladi\/"},"author":{"name":"Van X Haber","@id":"https:\/\/vanxhaber.com\/#\/schema\/person\/a5fd8d89510cb5370e62ad176f7978ee"},"headline":"T\u00fcrkiye\u2019de Yeni E\u011fitim \u00d6\u011fretim D\u00f6nemi Ba\u015flad\u0131","datePublished":"2025-09-04T14:09:15+00:00","dateModified":"2025-09-04T14:09:18+00:00","mainEntityOfPage":{"@id":"https:\/\/vanxhaber.com\/index.php\/2025\/09\/04\/turkiyede-yeni-egitim-ogretim-donemi-basladi\/"},"wordCount":257,"commentCount":0,"image":{"@id":"https:\/\/vanxhaber.com\/index.php\/2025\/09\/04\/turkiyede-yeni-egitim-ogretim-donemi-basladi\/#primaryimage"},"thumbnailUrl":"https:\/\/vanxhaber.com\/wp-content\/uploads\/2025\/09\/albert-yetkin-unlu-yazar.jpg","keywords":["deprem","son dakika","t\u00fcrkiye","van","van haber","van haberleri","vanhaber"],"articleSection":["Van Haber"],"inLanguage":"tr","potentialAction":[{"@type":"CommentAction","name":"Comment","target":["https:\/\/vanxhaber.com\/index.php\/2025\/09\/04\/turkiyede-yeni-egitim-ogretim-donemi-basladi\/#respond"]}],"copyrightYear":"2025","copyrightHolder":{"@id":"https:\/\/vanxhaber.com\/#organization"}},{"@type":"WebPage","@id":"https:\/\/vanxhaber.com\/index.php\/2025\/09\/04\/turkiyede-yeni-egitim-ogretim-donemi-basladi\/","url":"https:\/\/vanxhaber.com\/index.php\/2025\/09\/04\/turkiyede-yeni-egitim-ogretim-donemi-basladi\/","name":"T\u00fcrkiye\u2019de Yeni E\u011fitim \u00d6\u011fretim D\u00f6nemi Ba\u015flad\u0131 - Van Haber | Van X Haber | Van Haberleri","isPartOf":{"@id":"https:\/\/vanxhaber.com\/#website"},"primaryImageOfPage":{"@id":"https:\/\/vanxhaber.com\/index.php\/2025\/09\/04\/turkiyede-yeni-egitim-ogretim-donemi-basladi\/#primaryimage"},"image":{"@id":"https:\/\/vanxhaber.com\/index.php\/2025\/09\/04\/turkiyede-yeni-egitim-ogretim-donemi-basladi\/#primaryimage"},"thumbnailUrl":"https:\/\/vanxhaber.com\/wp-content\/uploads\/2025\/09\/albert-yetkin-unlu-yazar.jpg","datePublished":"2025-09-04T14:09:15+00:00","dateModified":"2025-09-04T14:09:18+00:00","author":{"@id":"https:\/\/vanxhaber.com\/#\/schema\/person\/a5fd8d89510cb5370e62ad176f7978ee"},"breadcrumb":{"@id":"https:\/\/vanxhaber.com\/index.php\/2025\/09\/04\/turkiyede-yeni-egitim-ogretim-donemi-basladi\/#breadcrumb"},"inLanguage":"tr","potentialAction":[{"@type":"ReadAction","target":["https:\/\/vanxhaber.com\/index.php\/2025\/09\/04\/turkiyede-yeni-egitim-ogretim-donemi-basladi\/"]}]},{"@type":"ImageObject","inLanguage":"tr","@id":"https:\/\/vanxhaber.com\/index.php\/2025\/09\/04\/turkiyede-yeni-egitim-ogretim-donemi-basladi\/#primaryimage","url":"https:\/\/vanxhaber.com\/wp-content\/uploads\/2025\/09\/albert-yetkin-unlu-yazar.jpg","contentUrl":"https:\/\/vanxhaber.com\/wp-content\/uploads\/2025\/09\/albert-yetkin-unlu-yazar.jpg","width":641,"height":380},{"@type":"BreadcrumbList","@id":"https:\/\/vanxhaber.com\/index.php\/2025\/09\/04\/turkiyede-yeni-egitim-ogretim-donemi-basladi\/#breadcrumb","itemListElement":[{"@type":"ListItem","position":1,"name":"Anasayfa","item":"https:\/\/vanxhaber.com\/"},{"@type":"ListItem","position":2,"name":"T\u00fcrkiye\u2019de Yeni E\u011fitim \u00d6\u011fretim D\u00f6nemi Ba\u015flad\u0131"}]},{"@type":"WebSite","@id":"https:\/\/vanxhaber.com\/#website","url":"https:\/\/vanxhaber.com\/","name":"Van Haber | Van X Haber | Van Haberleri","description":"Van Haber, Van&#039;\u0131n ilk yapay zeka teknolojileri ile yaz\u0131lan Van X Haber ve Van Haberlerini aktif g\u00fcncel sunan tek vanhaber merkezidir.","potentialAction":[{"@type":"SearchAction","target":{"@type":"EntryPoint","urlTemplate":"https:\/\/vanxhaber.com\/?s={search_term_string}"},"query-input":{"@type":"PropertyValueSpecification","valueRequired":true,"valueName":"search_term_string"}}],"inLanguage":"tr"},{"@type":"Person","@id":"https:\/\/vanxhaber.com\/#\/schema\/person\/a5fd8d89510cb5370e62ad176f7978ee","name":"Van X Haber","image":{"@type":"ImageObject","inLanguage":"tr","@id":"https:\/\/vanxhaber.com\/#\/schema\/person\/image\/","url":"https:\/\/secure.gravatar.com\/avatar\/36f2f63826681263103acb5ca1e7bc1a6db11baea9b75dd091d89b74f2704b07?s=96&d=mm&r=g","contentUrl":"https:\/\/secure.gravatar.com\/avatar\/36f2f63826681263103acb5ca1e7bc1a6db11baea9b75dd091d89b74f2704b07?s=96&d=mm&r=g","caption":"Van X Haber"},"description":"Van X Haber Van'\u0131n ilk ve tek yeni nesil Van Haber merkezi. Son Dakika Van Haberleri ve G\u00fcncel Van haber merkezinde s\u0131cak geli\u015fmeleri aktarmaya devam edece\u011fiz.","url":"https:\/\/vanxhaber.com\/index.php\/author\/vangazetesi\/"}]}},"_links":{"self":[{"href":"https:\/\/vanxhaber.com\/index.php\/wp-json\/wp\/v2\/posts\/2204","targetHints":{"allow":["GET"]}}],"collection":[{"href":"https:\/\/vanxhaber.com\/index.php\/wp-json\/wp\/v2\/posts"}],"about":[{"href":"https:\/\/vanxhaber.com\/index.php\/wp-json\/wp\/v2\/types\/post"}],"author":[{"embeddable":true,"href":"https:\/\/vanxhaber.com\/index.php\/wp-json\/wp\/v2\/users\/2"}],"replies":[{"embeddable":true,"href":"https:\/\/vanxhaber.com\/index.php\/wp-json\/wp\/v2\/comments?post=2204"}],"version-history":[{"count":1,"href":"https:\/\/vanxhaber.com\/index.php\/wp-json\/wp\/v2\/posts\/2204\/revisions"}],"predecessor-version":[{"id":2206,"href":"https:\/\/vanxhaber.com\/index.php\/wp-json\/wp\/v2\/posts\/2204\/revisions\/2206"}],"wp:featuredmedia":[{"embeddable":true,"href":"https:\/\/vanxhaber.com\/index.php\/wp-json\/wp\/v2\/media\/2205"}],"wp:attachment":[{"href":"https:\/\/vanxhaber.com\/index.php\/wp-json\/wp\/v2\/media?parent=2204"}],"wp:term":[{"taxonomy":"category","embeddable":true,"href":"https:\/\/vanxhaber.com\/index.php\/wp-json\/wp\/v2\/categories?post=2204"},{"taxonomy":"post_tag","embeddable":true,"href":"https:\/\/vanxhaber.com\/index.php\/wp-json\/wp\/v2\/tags?post=2204"}],"curies":[{"name":"wp","href":"https:\/\/api.w.org\/{rel}","templated":true}]}}