{"id":2292,"date":"2025-10-18T18:46:24","date_gmt":"2025-10-18T18:46:24","guid":{"rendered":"https:\/\/vanxhaber.com\/?p=2292"},"modified":"2025-10-18T18:46:33","modified_gmt":"2025-10-18T18:46:33","slug":"baskan-adayi-akdeniz-bu-secim-hepimizin-secimi","status":"publish","type":"post","link":"https:\/\/vanxhaber.com\/index.php\/2025\/10\/18\/baskan-adayi-akdeniz-bu-secim-hepimizin-secimi\/","title":{"rendered":"Ba\u015fkan Aday\u0131 Akdeniz, &#8220;Bu se\u00e7im, hepimizin se\u00e7imi&#8221;"},"content":{"rendered":"\n<p>Van Demirciler ve Tornac\u0131lar Odas\u0131 Ba\u015fkan Aday\u0131 Berat Akdeniz, y\u00f6netimin tamam\u0131yla bir araya gelerek yakla\u015fan oda se\u00e7imleri \u00f6ncesinde genel bir de\u011ferlendirme toplant\u0131s\u0131 yapt\u0131.<\/p>\n\n\n\n<p>Toplant\u0131da oda \u00fcyelerinin beklentileri, esnaf\u0131n ya\u015fad\u0131\u011f\u0131 g\u00fcncel sorunlar ve se\u00e7im s\u00fcrecinde izlenecek yol haritas\u0131 ele al\u0131nd\u0131.<\/p>\n\n\n\n<p>Berat Akdeniz, toplant\u0131 sonras\u0131nda yapt\u0131\u011f\u0131 a\u00e7\u0131klamada birlik ve dayan\u0131\u015fma mesaj\u0131 vererek, \u201cBu se\u00e7im, hepimizin se\u00e7imi. Biz birlikte kazanaca\u011f\u0131z, birlikte y\u00f6netece\u011fiz. Amac\u0131m\u0131z esnaf\u0131m\u0131za ger\u00e7ek anlamda hizmet etmektir. Bu yola g\u00f6n\u00fcl birli\u011fiyle \u00e7\u0131kt\u0131k,\u201d dedi.<\/p>\n\n\n\n<figure class=\"wp-block-gallery has-nested-images columns-default is-cropped wp-block-gallery-1 is-layout-flex wp-block-gallery-is-layout-flex\">\n<figure class=\"wp-block-image size-large\"><img loading=\"lazy\" decoding=\"async\" width=\"1024\" height=\"768\" data-id=\"2298\" src=\"https:\/\/vanxhaber.com\/wp-content\/uploads\/2025\/10\/WhatsApp-Image-2025-10-18-at-13.29.45-1024x768.jpeg\" alt=\"\" class=\"wp-image-2298\" srcset=\"https:\/\/vanxhaber.com\/wp-content\/uploads\/2025\/10\/WhatsApp-Image-2025-10-18-at-13.29.45-1024x768.jpeg 1024w, https:\/\/vanxhaber.com\/wp-content\/uploads\/2025\/10\/WhatsApp-Image-2025-10-18-at-13.29.45-300x225.jpeg 300w, https:\/\/vanxhaber.com\/wp-content\/uploads\/2025\/10\/WhatsApp-Image-2025-10-18-at-13.29.45-768x576.jpeg 768w, https:\/\/vanxhaber.com\/wp-content\/uploads\/2025\/10\/WhatsApp-Image-2025-10-18-at-13.29.45-1536x1152.jpeg 1536w, https:\/\/vanxhaber.com\/wp-content\/uploads\/2025\/10\/WhatsApp-Image-2025-10-18-at-13.29.45.jpeg 1600w\" sizes=\"auto, (max-width: 1024px) 100vw, 1024px\" \/><\/figure>\n\n\n\n<figure class=\"wp-block-image size-large\"><img loading=\"lazy\" decoding=\"async\" width=\"1024\" height=\"768\" data-id=\"2297\" src=\"https:\/\/vanxhaber.com\/wp-content\/uploads\/2025\/10\/WhatsApp-Image-2025-10-18-at-13.29.45-1-1024x768.jpeg\" alt=\"\" class=\"wp-image-2297\" srcset=\"https:\/\/vanxhaber.com\/wp-content\/uploads\/2025\/10\/WhatsApp-Image-2025-10-18-at-13.29.45-1-1024x768.jpeg 1024w, https:\/\/vanxhaber.com\/wp-content\/uploads\/2025\/10\/WhatsApp-Image-2025-10-18-at-13.29.45-1-300x225.jpeg 300w, https:\/\/vanxhaber.com\/wp-content\/uploads\/2025\/10\/WhatsApp-Image-2025-10-18-at-13.29.45-1-768x576.jpeg 768w, https:\/\/vanxhaber.com\/wp-content\/uploads\/2025\/10\/WhatsApp-Image-2025-10-18-at-13.29.45-1-1536x1152.jpeg 1536w, https:\/\/vanxhaber.com\/wp-content\/uploads\/2025\/10\/WhatsApp-Image-2025-10-18-at-13.29.45-1.jpeg 1600w\" sizes=\"auto, (max-width: 1024px) 100vw, 1024px\" \/><\/figure>\n\n\n\n<figure class=\"wp-block-image size-large\"><img loading=\"lazy\" decoding=\"async\" width=\"1024\" height=\"768\" data-id=\"2296\" src=\"https:\/\/vanxhaber.com\/wp-content\/uploads\/2025\/10\/WhatsApp-Image-2025-10-18-at-13.29.46-1024x768.jpeg\" alt=\"\" class=\"wp-image-2296\" srcset=\"https:\/\/vanxhaber.com\/wp-content\/uploads\/2025\/10\/WhatsApp-Image-2025-10-18-at-13.29.46-1024x768.jpeg 1024w, https:\/\/vanxhaber.com\/wp-content\/uploads\/2025\/10\/WhatsApp-Image-2025-10-18-at-13.29.46-300x225.jpeg 300w, https:\/\/vanxhaber.com\/wp-content\/uploads\/2025\/10\/WhatsApp-Image-2025-10-18-at-13.29.46-768x576.jpeg 768w, https:\/\/vanxhaber.com\/wp-content\/uploads\/2025\/10\/WhatsApp-Image-2025-10-18-at-13.29.46-1536x1152.jpeg 1536w, https:\/\/vanxhaber.com\/wp-content\/uploads\/2025\/10\/WhatsApp-Image-2025-10-18-at-13.29.46.jpeg 1600w\" sizes=\"auto, (max-width: 1024px) 100vw, 1024px\" \/><\/figure>\n\n\n\n<figure class=\"wp-block-image size-large\"><img loading=\"lazy\" decoding=\"async\" width=\"1024\" height=\"768\" data-id=\"2295\" src=\"https:\/\/vanxhaber.com\/wp-content\/uploads\/2025\/10\/WhatsApp-Image-2025-10-18-at-13.29.46-1-1024x768.jpeg\" alt=\"\" class=\"wp-image-2295\" srcset=\"https:\/\/vanxhaber.com\/wp-content\/uploads\/2025\/10\/WhatsApp-Image-2025-10-18-at-13.29.46-1-1024x768.jpeg 1024w, https:\/\/vanxhaber.com\/wp-content\/uploads\/2025\/10\/WhatsApp-Image-2025-10-18-at-13.29.46-1-300x225.jpeg 300w, https:\/\/vanxhaber.com\/wp-content\/uploads\/2025\/10\/WhatsApp-Image-2025-10-18-at-13.29.46-1-768x576.jpeg 768w, https:\/\/vanxhaber.com\/wp-content\/uploads\/2025\/10\/WhatsApp-Image-2025-10-18-at-13.29.46-1-1536x1152.jpeg 1536w, https:\/\/vanxhaber.com\/wp-content\/uploads\/2025\/10\/WhatsApp-Image-2025-10-18-at-13.29.46-1.jpeg 1600w\" sizes=\"auto, (max-width: 1024px) 100vw, 1024px\" \/><\/figure>\n\n\n\n<figure class=\"wp-block-image size-large\"><img loading=\"lazy\" decoding=\"async\" width=\"1024\" height=\"768\" data-id=\"2294\" src=\"https:\/\/vanxhaber.com\/wp-content\/uploads\/2025\/10\/WhatsApp-Image-2025-10-18-at-13.29.47-1024x768.jpeg\" alt=\"\" class=\"wp-image-2294\" srcset=\"https:\/\/vanxhaber.com\/wp-content\/uploads\/2025\/10\/WhatsApp-Image-2025-10-18-at-13.29.47-1024x768.jpeg 1024w, https:\/\/vanxhaber.com\/wp-content\/uploads\/2025\/10\/WhatsApp-Image-2025-10-18-at-13.29.47-300x225.jpeg 300w, https:\/\/vanxhaber.com\/wp-content\/uploads\/2025\/10\/WhatsApp-Image-2025-10-18-at-13.29.47-768x576.jpeg 768w, https:\/\/vanxhaber.com\/wp-content\/uploads\/2025\/10\/WhatsApp-Image-2025-10-18-at-13.29.47-1536x1152.jpeg 1536w, https:\/\/vanxhaber.com\/wp-content\/uploads\/2025\/10\/WhatsApp-Image-2025-10-18-at-13.29.47.jpeg 1600w\" sizes=\"auto, (max-width: 1024px) 100vw, 1024px\" \/><\/figure>\n\n\n\n<figure class=\"wp-block-image size-large\"><img loading=\"lazy\" decoding=\"async\" width=\"1024\" height=\"768\" data-id=\"2293\" src=\"https:\/\/vanxhaber.com\/wp-content\/uploads\/2025\/10\/WhatsApp-Image-2025-10-18-at-13.33.51-1024x768.jpeg\" alt=\"\" class=\"wp-image-2293\" srcset=\"https:\/\/vanxhaber.com\/wp-content\/uploads\/2025\/10\/WhatsApp-Image-2025-10-18-at-13.33.51-1024x768.jpeg 1024w, https:\/\/vanxhaber.com\/wp-content\/uploads\/2025\/10\/WhatsApp-Image-2025-10-18-at-13.33.51-300x225.jpeg 300w, https:\/\/vanxhaber.com\/wp-content\/uploads\/2025\/10\/WhatsApp-Image-2025-10-18-at-13.33.51-768x576.jpeg 768w, https:\/\/vanxhaber.com\/wp-content\/uploads\/2025\/10\/WhatsApp-Image-2025-10-18-at-13.33.51-1536x1152.jpeg 1536w, https:\/\/vanxhaber.com\/wp-content\/uploads\/2025\/10\/WhatsApp-Image-2025-10-18-at-13.33.51.jpeg 1600w\" sizes=\"auto, (max-width: 1024px) 100vw, 1024px\" \/><\/figure>\n<\/figure>\n\n\n\n<p>Akdeniz, y\u00f6netim listesinin yak\u0131nda kamuoyuyla payla\u015f\u0131laca\u011f\u0131n\u0131 belirterek, \u201cY\u00f6netim kadromuzu g\u00fc\u00e7l\u00fc, d\u00fcr\u00fcst ve \u00e7al\u0131\u015fkan isimlerden olu\u015fturuyoruz. Ekibimizin tamam\u0131n\u0131 \u00f6n\u00fcm\u00fczdeki g\u00fcnlerde a\u00e7\u0131klayaca\u011f\u0131z. Her biri alan\u0131nda tecr\u00fcbeli ve esnaf\u0131m\u0131za hizmet etme gayretinde olan arkada\u015flar\u0131m\u0131zla sahaday\u0131z,\u201d ifadelerini kulland\u0131.<\/p>\n\n\n\n<p>Berat Akdeniz ayr\u0131ca, g\u00f6reve gelmeleri halinde esnaflar i\u00e7in \u00f6nemli projeleri hayata ge\u00e7ireceklerini s\u00f6yledi. \u201cYak\u0131nda esnaf\u0131m\u0131za y\u00f6nelik g\u00fczel m\u00fcjdeleri payla\u015faca\u011f\u0131z. E\u011fitim, finansman deste\u011fi ve dayan\u0131\u015fma temelli projelerimizle esnaf\u0131m\u0131z\u0131n her zaman yan\u0131nda olaca\u011f\u0131z,\u201d \u015feklinde konu\u015ftu.<\/p>\n\n\n\n<p>Akdeniz, se\u00e7imin centilmence bir rekabet i\u00e7inde ge\u00e7mesini temenni ettiklerini belirterek, \u201cBizim i\u00e7in kazanan esnaf\u0131m\u0131z olacakt\u0131r. Birlikte \u00e7al\u0131\u015farak, birlikte kazanarak odam\u0131z\u0131 hak etti\u011fi noktaya ta\u015f\u0131yaca\u011f\u0131m\u0131za s\u00f6z veriyoruz,\u201d dedi.<\/p>\n\n\n\n<p>Toplant\u0131, kar\u015f\u0131l\u0131kl\u0131 g\u00f6r\u00fc\u015f al\u0131\u015fveri\u015fi ve foto\u011fraf \u00e7ekiminin ard\u0131ndan sona erdi. Berat Akdeniz ve beraberindeki heyet, se\u00e7im s\u00fcreci boyunca sahada esnaflarla bir araya gelmeye devam edecek.<\/p>\n","protected":false},"excerpt":{"rendered":"<p>Van Demirciler ve Tornac\u0131lar Odas\u0131 Ba\u015fkan Aday\u0131 Berat Akdeniz, y\u00f6netimin tamam\u0131yla bir araya gelerek yakla\u015fan oda se\u00e7imleri \u00f6ncesinde genel bir de\u011ferlendirme toplant\u0131s\u0131 yapt\u0131. Toplant\u0131da oda \u00fcyelerinin beklentileri, esnaf\u0131n ya\u015fad\u0131\u011f\u0131 g\u00fcncel sorunlar ve se\u00e7im s\u00fcrecinde izlenecek yol haritas\u0131 ele al\u0131nd\u0131. Berat Akdeniz, toplant\u0131 sonras\u0131nda yapt\u0131\u011f\u0131 a\u00e7\u0131klamada birlik ve dayan\u0131\u015fma mesaj\u0131 vererek, \u201cBu se\u00e7im, hepimizin se\u00e7imi. Biz &hellip;<\/p>\n","protected":false},"author":2,"featured_media":2293,"comment_status":"open","ping_status":"closed","sticky":false,"template":"","format":"standard","meta":{"googlesitekit_rrm_CAowot3VCw:productID":"","footnotes":""},"categories":[1],"tags":[112,108,34,35,36,46],"class_list":["post-2292","post","type-post","status-publish","format-standard","has-post-thumbnail","hentry","category-van-haber","tag-haber","tag-turkiye","tag-van","tag-van-haber","tag-van-haberleri","tag-vanhaber"],"yoast_head":"<!-- This site is optimized with the Yoast SEO Premium plugin v21.7 (Yoast SEO v26.7) - https:\/\/yoast.com\/wordpress\/plugins\/seo\/ -->\n<title>Ba\u015fkan Aday\u0131 Akdeniz, &quot;Bu se\u00e7im, hepimizin se\u00e7imi&quot; - Van Haber | Van X Haber | Van Haberleri<\/title>\n<meta name=\"robots\" content=\"index, follow, max-snippet:-1, max-image-preview:large, max-video-preview:-1\" \/>\n<link rel=\"canonical\" href=\"https:\/\/vanxhaber.com\/index.php\/2025\/10\/18\/baskan-adayi-akdeniz-bu-secim-hepimizin-secimi\/\" \/>\n<meta property=\"og:locale\" content=\"tr_TR\" \/>\n<meta property=\"og:type\" content=\"article\" \/>\n<meta property=\"og:title\" content=\"Ba\u015fkan Aday\u0131 Akdeniz, &quot;Bu se\u00e7im, hepimizin se\u00e7imi&quot;\" \/>\n<meta property=\"og:description\" content=\"Van Demirciler ve Tornac\u0131lar Odas\u0131 Ba\u015fkan Aday\u0131 Berat Akdeniz, y\u00f6netimin tamam\u0131yla bir araya gelerek yakla\u015fan oda se\u00e7imleri \u00f6ncesinde genel bir de\u011ferlendirme toplant\u0131s\u0131 yapt\u0131. Toplant\u0131da oda \u00fcyelerinin beklentileri, esnaf\u0131n ya\u015fad\u0131\u011f\u0131 g\u00fcncel sorunlar ve se\u00e7im s\u00fcrecinde izlenecek yol haritas\u0131 ele al\u0131nd\u0131. Berat Akdeniz, toplant\u0131 sonras\u0131nda yapt\u0131\u011f\u0131 a\u00e7\u0131klamada birlik ve dayan\u0131\u015fma mesaj\u0131 vererek, \u201cBu se\u00e7im, hepimizin se\u00e7imi. Biz &hellip;\" \/>\n<meta property=\"og:url\" content=\"https:\/\/vanxhaber.com\/index.php\/2025\/10\/18\/baskan-adayi-akdeniz-bu-secim-hepimizin-secimi\/\" \/>\n<meta property=\"og:site_name\" content=\"Van Haber | Van X Haber | Van Haberleri\" \/>\n<meta property=\"article:published_time\" content=\"2025-10-18T18:46:24+00:00\" \/>\n<meta property=\"article:modified_time\" content=\"2025-10-18T18:46:33+00:00\" \/>\n<meta property=\"og:image\" content=\"https:\/\/vanxhaber.com\/wp-content\/uploads\/2025\/10\/WhatsApp-Image-2025-10-18-at-13.33.51.jpeg\" \/>\n\t<meta property=\"og:image:width\" content=\"1600\" \/>\n\t<meta property=\"og:image:height\" content=\"1200\" \/>\n\t<meta property=\"og:image:type\" content=\"image\/jpeg\" \/>\n<meta name=\"author\" content=\"Van X Haber\" \/>\n<meta name=\"twitter:card\" content=\"summary_large_image\" \/>\n<meta name=\"twitter:label1\" content=\"Yazan:\" \/>\n\t<meta name=\"twitter:data1\" content=\"Van X Haber\" \/>\n\t<meta name=\"twitter:label2\" content=\"Tahmini okuma s\u00fcresi\" \/>\n\t<meta name=\"twitter:data2\" content=\"3 dakika\" \/>\n<script type=\"application\/ld+json\" class=\"yoast-schema-graph\">{\"@context\":\"https:\/\/schema.org\",\"@graph\":[{\"@type\":\"Article\",\"@id\":\"https:\/\/vanxhaber.com\/index.php\/2025\/10\/18\/baskan-adayi-akdeniz-bu-secim-hepimizin-secimi\/#article\",\"isPartOf\":{\"@id\":\"https:\/\/vanxhaber.com\/index.php\/2025\/10\/18\/baskan-adayi-akdeniz-bu-secim-hepimizin-secimi\/\"},\"author\":{\"name\":\"Van X Haber\",\"@id\":\"https:\/\/vanxhaber.com\/#\/schema\/person\/a5fd8d89510cb5370e62ad176f7978ee\"},\"headline\":\"Ba\u015fkan Aday\u0131 Akdeniz, &#8220;Bu se\u00e7im, hepimizin se\u00e7imi&#8221;\",\"datePublished\":\"2025-10-18T18:46:24+00:00\",\"dateModified\":\"2025-10-18T18:46:33+00:00\",\"mainEntityOfPage\":{\"@id\":\"https:\/\/vanxhaber.com\/index.php\/2025\/10\/18\/baskan-adayi-akdeniz-bu-secim-hepimizin-secimi\/\"},\"wordCount\":301,\"commentCount\":0,\"image\":{\"@id\":\"https:\/\/vanxhaber.com\/index.php\/2025\/10\/18\/baskan-adayi-akdeniz-bu-secim-hepimizin-secimi\/#primaryimage\"},\"thumbnailUrl\":\"https:\/\/vanxhaber.com\/wp-content\/uploads\/2025\/10\/WhatsApp-Image-2025-10-18-at-13.33.51.jpeg\",\"keywords\":[\"haber\",\"t\u00fcrkiye\",\"van\",\"van haber\",\"van haberleri\",\"vanhaber\"],\"articleSection\":[\"Van Haber\"],\"inLanguage\":\"tr\",\"potentialAction\":[{\"@type\":\"CommentAction\",\"name\":\"Comment\",\"target\":[\"https:\/\/vanxhaber.com\/index.php\/2025\/10\/18\/baskan-adayi-akdeniz-bu-secim-hepimizin-secimi\/#respond\"]}],\"copyrightYear\":\"2025\",\"copyrightHolder\":{\"@id\":\"https:\/\/vanxhaber.com\/#organization\"}},{\"@type\":\"WebPage\",\"@id\":\"https:\/\/vanxhaber.com\/index.php\/2025\/10\/18\/baskan-adayi-akdeniz-bu-secim-hepimizin-secimi\/\",\"url\":\"https:\/\/vanxhaber.com\/index.php\/2025\/10\/18\/baskan-adayi-akdeniz-bu-secim-hepimizin-secimi\/\",\"name\":\"Ba\u015fkan Aday\u0131 Akdeniz, \\\"Bu se\u00e7im, hepimizin se\u00e7imi\\\" - Van Haber | Van X Haber | Van Haberleri\",\"isPartOf\":{\"@id\":\"https:\/\/vanxhaber.com\/#website\"},\"primaryImageOfPage\":{\"@id\":\"https:\/\/vanxhaber.com\/index.php\/2025\/10\/18\/baskan-adayi-akdeniz-bu-secim-hepimizin-secimi\/#primaryimage\"},\"image\":{\"@id\":\"https:\/\/vanxhaber.com\/index.php\/2025\/10\/18\/baskan-adayi-akdeniz-bu-secim-hepimizin-secimi\/#primaryimage\"},\"thumbnailUrl\":\"https:\/\/vanxhaber.com\/wp-content\/uploads\/2025\/10\/WhatsApp-Image-2025-10-18-at-13.33.51.jpeg\",\"datePublished\":\"2025-10-18T18:46:24+00:00\",\"dateModified\":\"2025-10-18T18:46:33+00:00\",\"author\":{\"@id\":\"https:\/\/vanxhaber.com\/#\/schema\/person\/a5fd8d89510cb5370e62ad176f7978ee\"},\"breadcrumb\":{\"@id\":\"https:\/\/vanxhaber.com\/index.php\/2025\/10\/18\/baskan-adayi-akdeniz-bu-secim-hepimizin-secimi\/#breadcrumb\"},\"inLanguage\":\"tr\",\"potentialAction\":[{\"@type\":\"ReadAction\",\"target\":[\"https:\/\/vanxhaber.com\/index.php\/2025\/10\/18\/baskan-adayi-akdeniz-bu-secim-hepimizin-secimi\/\"]}]},{\"@type\":\"ImageObject\",\"inLanguage\":\"tr\",\"@id\":\"https:\/\/vanxhaber.com\/index.php\/2025\/10\/18\/baskan-adayi-akdeniz-bu-secim-hepimizin-secimi\/#primaryimage\",\"url\":\"https:\/\/vanxhaber.com\/wp-content\/uploads\/2025\/10\/WhatsApp-Image-2025-10-18-at-13.33.51.jpeg\",\"contentUrl\":\"https:\/\/vanxhaber.com\/wp-content\/uploads\/2025\/10\/WhatsApp-Image-2025-10-18-at-13.33.51.jpeg\",\"width\":1600,\"height\":1200},{\"@type\":\"BreadcrumbList\",\"@id\":\"https:\/\/vanxhaber.com\/index.php\/2025\/10\/18\/baskan-adayi-akdeniz-bu-secim-hepimizin-secimi\/#breadcrumb\",\"itemListElement\":[{\"@type\":\"ListItem\",\"position\":1,\"name\":\"Anasayfa\",\"item\":\"https:\/\/vanxhaber.com\/\"},{\"@type\":\"ListItem\",\"position\":2,\"name\":\"Ba\u015fkan Aday\u0131 Akdeniz, &#8220;Bu se\u00e7im, hepimizin se\u00e7imi&#8221;\"}]},{\"@type\":\"WebSite\",\"@id\":\"https:\/\/vanxhaber.com\/#website\",\"url\":\"https:\/\/vanxhaber.com\/\",\"name\":\"Van Haber | Van X Haber | Van Haberleri\",\"description\":\"Van Haber, Van&#039;\u0131n ilk yapay zeka teknolojileri ile yaz\u0131lan Van X Haber ve Van Haberlerini aktif g\u00fcncel sunan tek vanhaber merkezidir.\",\"potentialAction\":[{\"@type\":\"SearchAction\",\"target\":{\"@type\":\"EntryPoint\",\"urlTemplate\":\"https:\/\/vanxhaber.com\/?s={search_term_string}\"},\"query-input\":{\"@type\":\"PropertyValueSpecification\",\"valueRequired\":true,\"valueName\":\"search_term_string\"}}],\"inLanguage\":\"tr\"},{\"@type\":\"Person\",\"@id\":\"https:\/\/vanxhaber.com\/#\/schema\/person\/a5fd8d89510cb5370e62ad176f7978ee\",\"name\":\"Van X Haber\",\"image\":{\"@type\":\"ImageObject\",\"inLanguage\":\"tr\",\"@id\":\"https:\/\/vanxhaber.com\/#\/schema\/person\/image\/\",\"url\":\"https:\/\/secure.gravatar.com\/avatar\/36f2f63826681263103acb5ca1e7bc1a6db11baea9b75dd091d89b74f2704b07?s=96&d=mm&r=g\",\"contentUrl\":\"https:\/\/secure.gravatar.com\/avatar\/36f2f63826681263103acb5ca1e7bc1a6db11baea9b75dd091d89b74f2704b07?s=96&d=mm&r=g\",\"caption\":\"Van X Haber\"},\"description\":\"Van X Haber Van'\u0131n ilk ve tek yeni nesil Van Haber merkezi. Son Dakika Van Haberleri ve G\u00fcncel Van haber merkezinde s\u0131cak geli\u015fmeleri aktarmaya devam edece\u011fiz.\",\"url\":\"https:\/\/vanxhaber.com\/index.php\/author\/vangazetesi\/\"}]}<\/script>\n<!-- \/ Yoast SEO Premium plugin. -->","yoast_head_json":{"title":"Ba\u015fkan Aday\u0131 Akdeniz, \"Bu se\u00e7im, hepimizin se\u00e7imi\" - Van Haber | Van X Haber | Van Haberleri","robots":{"index":"index","follow":"follow","max-snippet":"max-snippet:-1","max-image-preview":"max-image-preview:large","max-video-preview":"max-video-preview:-1"},"canonical":"https:\/\/vanxhaber.com\/index.php\/2025\/10\/18\/baskan-adayi-akdeniz-bu-secim-hepimizin-secimi\/","og_locale":"tr_TR","og_type":"article","og_title":"Ba\u015fkan Aday\u0131 Akdeniz, \"Bu se\u00e7im, hepimizin se\u00e7imi\"","og_description":"Van Demirciler ve Tornac\u0131lar Odas\u0131 Ba\u015fkan Aday\u0131 Berat Akdeniz, y\u00f6netimin tamam\u0131yla bir araya gelerek yakla\u015fan oda se\u00e7imleri \u00f6ncesinde genel bir de\u011ferlendirme toplant\u0131s\u0131 yapt\u0131. Toplant\u0131da oda \u00fcyelerinin beklentileri, esnaf\u0131n ya\u015fad\u0131\u011f\u0131 g\u00fcncel sorunlar ve se\u00e7im s\u00fcrecinde izlenecek yol haritas\u0131 ele al\u0131nd\u0131. Berat Akdeniz, toplant\u0131 sonras\u0131nda yapt\u0131\u011f\u0131 a\u00e7\u0131klamada birlik ve dayan\u0131\u015fma mesaj\u0131 vererek, \u201cBu se\u00e7im, hepimizin se\u00e7imi. Biz &hellip;","og_url":"https:\/\/vanxhaber.com\/index.php\/2025\/10\/18\/baskan-adayi-akdeniz-bu-secim-hepimizin-secimi\/","og_site_name":"Van Haber | Van X Haber | Van Haberleri","article_published_time":"2025-10-18T18:46:24+00:00","article_modified_time":"2025-10-18T18:46:33+00:00","og_image":[{"width":1600,"height":1200,"url":"https:\/\/vanxhaber.com\/wp-content\/uploads\/2025\/10\/WhatsApp-Image-2025-10-18-at-13.33.51.jpeg","type":"image\/jpeg"}],"author":"Van X Haber","twitter_card":"summary_large_image","twitter_misc":{"Yazan:":"Van X Haber","Tahmini okuma s\u00fcresi":"3 dakika"},"schema":{"@context":"https:\/\/schema.org","@graph":[{"@type":"Article","@id":"https:\/\/vanxhaber.com\/index.php\/2025\/10\/18\/baskan-adayi-akdeniz-bu-secim-hepimizin-secimi\/#article","isPartOf":{"@id":"https:\/\/vanxhaber.com\/index.php\/2025\/10\/18\/baskan-adayi-akdeniz-bu-secim-hepimizin-secimi\/"},"author":{"name":"Van X Haber","@id":"https:\/\/vanxhaber.com\/#\/schema\/person\/a5fd8d89510cb5370e62ad176f7978ee"},"headline":"Ba\u015fkan Aday\u0131 Akdeniz, &#8220;Bu se\u00e7im, hepimizin se\u00e7imi&#8221;","datePublished":"2025-10-18T18:46:24+00:00","dateModified":"2025-10-18T18:46:33+00:00","mainEntityOfPage":{"@id":"https:\/\/vanxhaber.com\/index.php\/2025\/10\/18\/baskan-adayi-akdeniz-bu-secim-hepimizin-secimi\/"},"wordCount":301,"commentCount":0,"image":{"@id":"https:\/\/vanxhaber.com\/index.php\/2025\/10\/18\/baskan-adayi-akdeniz-bu-secim-hepimizin-secimi\/#primaryimage"},"thumbnailUrl":"https:\/\/vanxhaber.com\/wp-content\/uploads\/2025\/10\/WhatsApp-Image-2025-10-18-at-13.33.51.jpeg","keywords":["haber","t\u00fcrkiye","van","van haber","van haberleri","vanhaber"],"articleSection":["Van Haber"],"inLanguage":"tr","potentialAction":[{"@type":"CommentAction","name":"Comment","target":["https:\/\/vanxhaber.com\/index.php\/2025\/10\/18\/baskan-adayi-akdeniz-bu-secim-hepimizin-secimi\/#respond"]}],"copyrightYear":"2025","copyrightHolder":{"@id":"https:\/\/vanxhaber.com\/#organization"}},{"@type":"WebPage","@id":"https:\/\/vanxhaber.com\/index.php\/2025\/10\/18\/baskan-adayi-akdeniz-bu-secim-hepimizin-secimi\/","url":"https:\/\/vanxhaber.com\/index.php\/2025\/10\/18\/baskan-adayi-akdeniz-bu-secim-hepimizin-secimi\/","name":"Ba\u015fkan Aday\u0131 Akdeniz, \"Bu se\u00e7im, hepimizin se\u00e7imi\" - Van Haber | Van X Haber | Van Haberleri","isPartOf":{"@id":"https:\/\/vanxhaber.com\/#website"},"primaryImageOfPage":{"@id":"https:\/\/vanxhaber.com\/index.php\/2025\/10\/18\/baskan-adayi-akdeniz-bu-secim-hepimizin-secimi\/#primaryimage"},"image":{"@id":"https:\/\/vanxhaber.com\/index.php\/2025\/10\/18\/baskan-adayi-akdeniz-bu-secim-hepimizin-secimi\/#primaryimage"},"thumbnailUrl":"https:\/\/vanxhaber.com\/wp-content\/uploads\/2025\/10\/WhatsApp-Image-2025-10-18-at-13.33.51.jpeg","datePublished":"2025-10-18T18:46:24+00:00","dateModified":"2025-10-18T18:46:33+00:00","author":{"@id":"https:\/\/vanxhaber.com\/#\/schema\/person\/a5fd8d89510cb5370e62ad176f7978ee"},"breadcrumb":{"@id":"https:\/\/vanxhaber.com\/index.php\/2025\/10\/18\/baskan-adayi-akdeniz-bu-secim-hepimizin-secimi\/#breadcrumb"},"inLanguage":"tr","potentialAction":[{"@type":"ReadAction","target":["https:\/\/vanxhaber.com\/index.php\/2025\/10\/18\/baskan-adayi-akdeniz-bu-secim-hepimizin-secimi\/"]}]},{"@type":"ImageObject","inLanguage":"tr","@id":"https:\/\/vanxhaber.com\/index.php\/2025\/10\/18\/baskan-adayi-akdeniz-bu-secim-hepimizin-secimi\/#primaryimage","url":"https:\/\/vanxhaber.com\/wp-content\/uploads\/2025\/10\/WhatsApp-Image-2025-10-18-at-13.33.51.jpeg","contentUrl":"https:\/\/vanxhaber.com\/wp-content\/uploads\/2025\/10\/WhatsApp-Image-2025-10-18-at-13.33.51.jpeg","width":1600,"height":1200},{"@type":"BreadcrumbList","@id":"https:\/\/vanxhaber.com\/index.php\/2025\/10\/18\/baskan-adayi-akdeniz-bu-secim-hepimizin-secimi\/#breadcrumb","itemListElement":[{"@type":"ListItem","position":1,"name":"Anasayfa","item":"https:\/\/vanxhaber.com\/"},{"@type":"ListItem","position":2,"name":"Ba\u015fkan Aday\u0131 Akdeniz, &#8220;Bu se\u00e7im, hepimizin se\u00e7imi&#8221;"}]},{"@type":"WebSite","@id":"https:\/\/vanxhaber.com\/#website","url":"https:\/\/vanxhaber.com\/","name":"Van Haber | Van X Haber | Van Haberleri","description":"Van Haber, Van&#039;\u0131n ilk yapay zeka teknolojileri ile yaz\u0131lan Van X Haber ve Van Haberlerini aktif g\u00fcncel sunan tek vanhaber merkezidir.","potentialAction":[{"@type":"SearchAction","target":{"@type":"EntryPoint","urlTemplate":"https:\/\/vanxhaber.com\/?s={search_term_string}"},"query-input":{"@type":"PropertyValueSpecification","valueRequired":true,"valueName":"search_term_string"}}],"inLanguage":"tr"},{"@type":"Person","@id":"https:\/\/vanxhaber.com\/#\/schema\/person\/a5fd8d89510cb5370e62ad176f7978ee","name":"Van X Haber","image":{"@type":"ImageObject","inLanguage":"tr","@id":"https:\/\/vanxhaber.com\/#\/schema\/person\/image\/","url":"https:\/\/secure.gravatar.com\/avatar\/36f2f63826681263103acb5ca1e7bc1a6db11baea9b75dd091d89b74f2704b07?s=96&d=mm&r=g","contentUrl":"https:\/\/secure.gravatar.com\/avatar\/36f2f63826681263103acb5ca1e7bc1a6db11baea9b75dd091d89b74f2704b07?s=96&d=mm&r=g","caption":"Van X Haber"},"description":"Van X Haber Van'\u0131n ilk ve tek yeni nesil Van Haber merkezi. Son Dakika Van Haberleri ve G\u00fcncel Van haber merkezinde s\u0131cak geli\u015fmeleri aktarmaya devam edece\u011fiz.","url":"https:\/\/vanxhaber.com\/index.php\/author\/vangazetesi\/"}]}},"_links":{"self":[{"href":"https:\/\/vanxhaber.com\/index.php\/wp-json\/wp\/v2\/posts\/2292","targetHints":{"allow":["GET"]}}],"collection":[{"href":"https:\/\/vanxhaber.com\/index.php\/wp-json\/wp\/v2\/posts"}],"about":[{"href":"https:\/\/vanxhaber.com\/index.php\/wp-json\/wp\/v2\/types\/post"}],"author":[{"embeddable":true,"href":"https:\/\/vanxhaber.com\/index.php\/wp-json\/wp\/v2\/users\/2"}],"replies":[{"embeddable":true,"href":"https:\/\/vanxhaber.com\/index.php\/wp-json\/wp\/v2\/comments?post=2292"}],"version-history":[{"count":1,"href":"https:\/\/vanxhaber.com\/index.php\/wp-json\/wp\/v2\/posts\/2292\/revisions"}],"predecessor-version":[{"id":2299,"href":"https:\/\/vanxhaber.com\/index.php\/wp-json\/wp\/v2\/posts\/2292\/revisions\/2299"}],"wp:featuredmedia":[{"embeddable":true,"href":"https:\/\/vanxhaber.com\/index.php\/wp-json\/wp\/v2\/media\/2293"}],"wp:attachment":[{"href":"https:\/\/vanxhaber.com\/index.php\/wp-json\/wp\/v2\/media?parent=2292"}],"wp:term":[{"taxonomy":"category","embeddable":true,"href":"https:\/\/vanxhaber.com\/index.php\/wp-json\/wp\/v2\/categories?post=2292"},{"taxonomy":"post_tag","embeddable":true,"href":"https:\/\/vanxhaber.com\/index.php\/wp-json\/wp\/v2\/tags?post=2292"}],"curies":[{"name":"wp","href":"https:\/\/api.w.org\/{rel}","templated":true}]}}