{"id":2305,"date":"2025-10-24T18:07:34","date_gmt":"2025-10-24T18:07:34","guid":{"rendered":"https:\/\/vanxhaber.com\/?p=2305"},"modified":"2025-10-24T18:07:35","modified_gmt":"2025-10-24T18:07:35","slug":"baskan-nevzat-baran-adaylarin-hepsi-bizim-esnaf-kardesimizdir","status":"publish","type":"post","link":"https:\/\/vanxhaber.com\/index.php\/2025\/10\/24\/baskan-nevzat-baran-adaylarin-hepsi-bizim-esnaf-kardesimizdir\/","title":{"rendered":"Ba\u015fkan Nevzat Baran: \u201cAdaylar\u0131n hepsi bizim esnaf karde\u015fimizdir\u201d"},"content":{"rendered":"\n<p>Van ili Tu\u015fba il\u00e7esi oto sanayide 30 y\u0131ll\u0131k kaporta, boya ve boyas\u0131z g\u00f6\u00e7\u00fck dal\u0131nda faaliyet g\u00f6steren Van Kaporta ve Boyas\u0131z G\u00f6\u00e7\u00fck\u00e7\u00fcler Derne\u011fi Ba\u015fkan\u0131 Nevzat Baran, dernek faaliyetleri ve yak\u0131nda ger\u00e7ekle\u015fecek olan Van Demirciler Tornac\u0131lar Tamirciler Esnaf ve Sanatkarlar\u0131 Odas\u0131 hakk\u0131nda Van Haberleri Gazetesi\u2019ne a\u00e7\u0131klamada bulundu.<\/p>\n\n\n\n<p><strong>BARAN: \u201cVAN OTO SANAY\u0130DE \u00d6RNEK OLDUK\u201d<\/strong><\/p>\n\n\n\n<p>Van Kaporta ve Boyas\u0131z G\u00f6\u00e7\u00fck\u00e7\u00fcler Derne\u011fi Ba\u015fkan\u0131 Nevzat Baran, \u201cVan Oto Sanayi Sitesi&#8217;nde 30 y\u0131ll\u0131k kaporta, boya ve boyas\u0131z g\u00f6\u00e7\u00fck dal\u0131nda faaliyet g\u00f6steriyorum. \u015eu an halihaz\u0131rda, 2025 y\u0131l\u0131 itibar\u0131yla kurmu\u015f oldu\u011fumuz Van Kaporta Boya ve Boyas\u0131z G\u00f6\u00e7\u00fck\u00e7\u00fcler Derne\u011fi olarak faaliyetlerimiz oluyor. Bir dernek kurduk. 1970&#8217;ten bu yana kaportac\u0131l\u0131k mesle\u011fi Van Oto Sanayi Sitesi&#8217;nde devam ediyor. Tabii k\u00fc\u00e7\u00fck i\u015fletmeler vard\u0131. G\u00fcn\u00fcm\u00fcz, tabii internet d\u00f6nemi, h\u0131zl\u0131 yay\u0131ld\u0131. Meslekler de ciddi bir, bazen d\u00fc\u015f\u00fc\u015f bazen y\u00fckseli\u015fler ya\u015fad\u0131. Biz de baz\u0131 arkada\u015flar\u0131m\u0131zla bir araya topland\u0131k. Ciddi s\u0131k\u0131nt\u0131lar olu\u015fmaya ba\u015flad\u0131; hem ekonomik hem de sanatsal faaliyetlerden dolay\u0131. Sa\u011f olsun arkada\u015flar\u0131m\u0131z bize \u00f6nc\u00fcl\u00fck yapt\u0131lar, bizle beraber yol gittiler. &#8220;Ne yapal\u0131m? Bir dernek kural\u0131m&#8221; dedik. Derne\u011fimizi de b\u00f6yle, kendi aram\u0131zda de\u011fil, resm\u00ee bir \u015fekilde kural\u0131m istedik. Ondan sonra bize yol g\u00f6sterildi. Biz, sa\u011f olsun, gittik valilikten derne\u011fimizle ilgili onaylar\u0131m\u0131z\u0131 ald\u0131k. Resm\u00ee bir \u015fekilde faaliyetlerimize ba\u015flad\u0131k. Yedi art\u0131, yani asil ve yedek \u00fcyelerimizle ba\u015flad\u0131k. Sonra tek tek b\u00fct\u00fcn kaportac\u0131larla bulu\u015fmaya ba\u015flad\u0131k.\u201d<\/p>\n\n\n\n<p><strong>BARAN: \u201cIRAN \u0130RAN B\u00d6LGES\u0130NE H\u0130TAP EDEN \u0130L\u0130M\u0130Z VAN\u2019DIR\u201d<\/strong><\/p>\n\n\n\n<p>\u201cVan Oto Sanayi Sitesi&#8217;nde 160 i\u015f yeri var kaportac\u0131 olarak. Bunun ortalamas\u0131n\u0131 s\u00f6yl\u00fcyorum: 160 kaportac\u0131da \u015fu an faaliyet g\u00f6steren 600 insan var, evine ekmek g\u00f6t\u00fcren. Bunu da ortalamaya b\u00f6ld\u00fc\u011f\u00fcn\u00fcz zaman yine 3.000 insan faydalan\u0131r. Oto Sanayi Sitesi&#8217;nde 2.000&#8217;in \u00fczerinde i\u015f yeri var. Ciddi bir potansiyeli olan bir yer Van Oto Sanayi Sitesi. \u00c7evre illerimize, ondan sonra iki tane de b\u00f6lgede olan yurt d\u0131\u015f\u0131, mesela Irak, \u0130ran gibi \u00fclkelerimiz var; b\u00f6lgeye hitap eden bir sanayimiz var. Sanayimizi, esnaf\u0131m\u0131z\u0131 daha kaliteli bir \u015fekilde hizmet edecek bir potansiyele getirmek i\u00e7in b\u00f6yle bir faaliyete ba\u015flad\u0131k. Yani \u00f6nce kendi meslek dal\u0131m\u0131zda. Mesle\u011fimiz kaportac\u0131l\u0131k oldu\u011fu i\u00e7in&#8230; Meslek gruplar\u0131 farkl\u0131 tabii, \u00e7ok var. Sa\u011f olsun, ba\u015flad\u0131k. Gruplar h\u00e2linde, yani birka\u00e7 blok birka\u00e7 blok gezdik. 2024 Kas\u0131m&#8217;dan ba\u015flad\u0131k, 2025 Mart&#8217;a kadar tek tek herkesin aya\u011f\u0131na gittik.\u201d<\/p>\n\n\n\n<p><strong>\u201cB\u0130Z\u0130M REKABET\u0130M\u0130Z B\u0130TM\u0130\u015e, KARDE\u015eL\u0130KT\u0130R\u201d<\/strong><\/p>\n\n\n\n<p>Van Kaporta ve Boyas\u0131z G\u00f6\u00e7\u00fck\u00e7\u00fcler Derne\u011fi, 2025 y\u0131l\u0131 itibar\u0131yla resmi olarak faaliyetlerine ba\u015flad\u0131. 160 kaportac\u0131 ve 600 \u00e7al\u0131\u015fan\u0131 temsil eden dernek, k\u0131sa s\u00fcrede Van Oto Sanayi Sitesi\u2019nin en organize topluluklar\u0131ndan biri h\u00e2line geldi.<\/p>\n\n\n\n<p>Baran: \u201cSonra derne\u011fimiz resm\u00ee \u00fcye kay\u0131tlar\u0131na ba\u015flad\u0131k. Dernek logosu bast\u0131rd\u0131k. Dernek logomuzda faaliyetlerimiz oldu. Sonra her i\u015f yerine i\u015f emirleri verdik, yap\u0131lan i\u015fler kay\u0131t alt\u0131na al\u0131nacak \u015fekilde. Kay\u0131p ka\u00e7a\u011f\u0131n \u00f6n\u00fcne ge\u00e7mek i\u00e7in odalarla g\u00f6r\u00fc\u015fmelerimiz oldu. Oda kayd\u0131 yap\u0131lan, yap\u0131lmayan arkada\u015flar\u0131m\u0131z\u0131n oda kay\u0131tlar\u0131n\u0131 yapt\u0131rd\u0131k. Fiyat listemizi g\u00fcncelledik. M\u00fc\u015fterinin de ula\u015fabilece\u011fi bir merci olduk. Yani bazen \u015fik\u00e2yetler oluyor, bazen s\u0131k\u0131nt\u0131lar oluyor esnafla alakal\u0131. Bunlar\u0131n da giderilmesi a\u00e7\u0131s\u0131ndan derne\u011fimizi kurduk. Sa\u011f olsun, bize t\u00fcm arkada\u015flar\u0131m\u0131z destek verdiler. Bizi dinlediler. Bizim \u00f6n\u00fcm\u00fcze, sa\u011f olsun, b\u00fcy\u00fck abilerimiz olsun, k\u00fc\u00e7\u00fck karde\u015flerimiz olsun, hepsi de uyumlu bir \u015fekilde kat\u0131ld\u0131. Derne\u011fimizin faaliyetleri, yani yard\u0131mla\u015fma derne\u011fi, birle\u015fme, kayna\u015fma ama as\u0131l olan karde\u015flik derne\u011fidir bu.<\/p>\n\n\n\n<p>Hani bu sanatk\u00e2rl\u0131k, Ahilik sisteminden gelen bir \u015fey var ya, &#8220;karde\u015flik&#8221; dedi\u011fi, o Ahilik sistemini in\u015fallah yapmaya \u00e7al\u0131\u015f\u0131yoruz. Yani Rabbim bizi utand\u0131rmas\u0131n. Bizim, di\u011fer esnaflara da \u00e7ok ciddi bir \u00f6rnek olduk. Esnaflar\u0131m\u0131z sa\u011f olsunlar, bizi desteklediler. &#8220;Yahu b\u00f6yle bir \u015fey nas\u0131l olur? Bu kadar insan\u0131 nas\u0131l araya toplad\u0131n\u0131z?&#8221;. \u00c7\u00fcnk\u00fc mesleklerde \u015f\u00f6yle bir \u015fey var: Rekabet var. Rekabet asl\u0131nda olmaz. Art\u0131k bizim rekabetimiz bitmi\u015f, karde\u015fliktir. Rekabet dedi\u011fin, &#8220;Sanat\u0131m\u0131 daha iyi yapay\u0131m, daha iyi icra edeyim&#8221; meselesine d\u00f6n\u00fc\u015ft\u00fcrece\u011fiz.\u201d<\/p>\n\n\n\n<p>Faaliyetlerimiz oldu. Esnaf\u0131 toplad\u0131k bir araya. Birka\u00e7 faaliyetimiz oldu. Mesela iftar yemeklerimiz oldu, bir araya toplanmam\u0131z oldu. Maddi s\u0131k\u0131nt\u0131s\u0131 olana destek olduk. Sonra kaporta \u00fczerinden e\u011fitimlerimiz oldu. Boyac\u0131, oto boya sat\u0131c\u0131lar\u0131yla esnaf\u0131n aras\u0131nda olan s\u0131k\u0131nt\u0131lar vard\u0131, bunlar giderildi. \u015e\u00f6yle s\u00f6yleyeyim; mesela bug\u00fcn en basitinden, bir kaportac\u0131 karde\u015fimizin annesi vefat etmi\u015f. Saat 1.30&#8217;tan sonra mesela gidece\u011fiz. \u0130nan\u0131n, 40-50 adam en az toplanacak. Bu gidildi\u011fi zaman Van&#8217;\u0131n kaportac\u0131lar\u0131n\u0131n, esnaf\u0131n\u0131n birlik, beraberlik, dayan\u0131\u015fmas\u0131 g\u00f6r\u00fcnecek ortada.<\/p>\n\n\n\n<p><strong>\u201cVAN\u2019DA KAHVE S\u0130YASET\u0130 DED\u0130\u011e\u0130M\u0130Z OLAY \u00c7OKTUR\u201d<\/strong><\/p>\n\n\n\n<p>\u201c\u00c7\u00fcnk\u00fc bizim memleketimiz, daha \u00f6nce de konu\u015fmu\u015ftuk sizlerle. Sizin de sa\u011f olsun kaliteniz var bu gazetecilik hayat\u0131n\u0131zda sizlerle daha \u00f6nce g\u00f6r\u00fc\u015fm\u00fc\u015ft\u00fck. Bizim memleketimiz k\u00fc\u00e7\u00fck memleket. &#8220;Kahve siyaseti&#8221; dedi\u011fimiz olay \u00e7oktur. Hemen iyi olursan k\u00f6t\u00fc olursun. Bizde de bu olaylar var. Yani bir yerde bir s\u0131k\u0131nt\u0131 oldu\u011fu zaman ula\u015fabilece\u011fi bir nokta var. Bunu esnaf\u0131m\u0131z\u0131n da vatanda\u015f\u0131m\u0131z\u0131n da bilmesi i\u00e7in g\u00fczel oldu.\u201d<\/p>\n\n\n\n<p><strong>\u201cK\u0130M ESNAFIN YANINDA OLACAKSA, B\u0130Z DE ONUN YANINDAYIZ\u201d<\/strong><\/p>\n\n\n\n<p>Ba\u015fkan Nevzat Baran, se\u00e7im s\u00fcreciyle ilgili yapt\u0131\u011f\u0131 de\u011ferlendirmede \u015fu ifadeleri kulland\u0131: \u201cDemirciler Tornac\u0131lar Odas\u0131&#8217;na daha \u00f6nce u\u011frad\u0131k esnaf\u0131m\u0131zla ilgili. Sanayi Kooperatif Ba\u015fkanl\u0131\u011f\u0131na u\u011frad\u0131k, vatanda\u015f\u0131n s\u0131k\u0131nt\u0131lar\u0131n\u0131 dile getirdik. Sonra Esnaf Kefalete gittik. Oradan da esnafa krediyle alakal\u0131 s\u00f6zler ald\u0131k. Yani bizim ad\u0131m\u0131za kim gitse, bizim onay\u0131m\u0131z olduktan sonra Allah&#8217;\u0131n izniyle i\u015fini g\u00f6recekler. Bizim b\u00f6yle bir faaliyetimiz var. \u00d6n\u00fcm\u00fczde de Demirciler Tornac\u0131lar se\u00e7imi var. Bu se\u00e7imde de sa\u011f olsunlar adaylar, hepsi bizim esnaf karde\u015fimizdir. Bir s\u0131k\u0131nt\u0131 yok bizim onlarla. Biz isteriz ki kim ger\u00e7ek manada esnafa sahip \u00e7\u0131kacak, ger\u00e7ek manada esnaf\u0131n yan\u0131nda duracak, \u015feffaf bir \u015fekilde faaliyetlerini&#8230; Ondan sonra derler ya hani vaatlerini kim bize akla uygun bir \u015fekilde s\u00f6ylediyse biz onun yan\u0131nday\u0131z. Bizim say\u0131m\u0131z az de\u011fil, biz 160 ki\u015fiyiz. 160 ki\u015fi de ciddi bir oy potansiyeli. Bu 160 ki\u015fi, di\u011fer esnaf\u0131 da etkileyebilecek bir potansiyele sahip. \u00c7\u00fcnk\u00fc \u015fu an sanayide hi\u00e7bir grupta, hi\u00e7bir meslek dal\u0131nda b\u00f6yle bir birlik, beraberlik ve dernek olu\u015fumu yok. Bizim de burada sanayide kaportac\u0131lar\u0131 destekleyecek adaylar\u0131m\u0131za da hakikaten can\u0131 g\u00f6n\u00fclden ba\u015far\u0131lar diler ve bizim yan\u0131m\u0131zda olmalar\u0131n\u0131 biz de isteriz, biz de onlar\u0131n yan\u0131nda oluruz. Yani bize bir ad\u0131m gelene biz on ad\u0131m geliriz.\u201d<\/p>\n\n\n\n<p><strong>BARAN: \u201cB\u0130Z\u0130M BATIDAN B\u0130R FARKIMIZ YOK. SANATKAR BU B\u00d6LGEDE YET\u0130\u015e\u0130YOR\u201d<\/strong><\/p>\n\n\n\n<p>\u201cBiz, biz kesinlikle&#8230; Bizim hi\u00e7bir \u015feyimiz bo\u015fa gitmez ki, biz bir grup h\u00e2lindeyiz. Hani biz kimseye zorla &#8220;\u015euna ver, \u015funu yap&#8221; demeyiz ama yap\u0131lacak icraat da ortada olur. Vatanda\u015fa ger\u00e7ekten can\u0131 g\u00f6n\u00fclden i\u015f yapan&#8230; Mesela s\u0131k\u0131nt\u0131s\u0131 olana gelip de soracak adam olsun. Yani biz makam koltu\u011funda oturup da de\u011fil de, esnaf\u0131n i\u00e7inde olacak insanlar istiyoruz. S\u00f6yleyeceklerim bu kadar. \u0130n\u015fallah bizim sanatkar\u0131m\u0131z iyi bir yere gelecek. \u00c7\u00fcnk\u00fc bizden sonra gelecek nesiller, bizden sonra bu i\u015fi iyi y\u00fcr\u00fctebilsinler. Daha iyi bir seviyeye getirsinler. Bizim Bat\u0131&#8217;dan fark\u0131m\u0131z yok.<\/p>\n\n\n\n<p><strong>BARAN: \u201cSANATK\u00c2RIN K\u0130RL\u0130 ELLER\u0130 MEDEN\u0130YET\u0130N AYNASIDIR\u201d<\/strong><\/p>\n\n\n\n<p>Ba\u015fkan Baran, a\u00e7\u0131klamas\u0131n\u0131n sonunda gen\u00e7 nesillere seslenerek \u015fu anlaml\u0131 mesaj\u0131 verdi: \u201cBizim sanatk\u00e2rl\u0131k bu b\u00f6lgede yeti\u015fiyor. Gidin \u0130stanbul\u2019a, Ankara\u2019ya, Maslak\u2019a, \u015ea\u015fmaz\u2019a hep do\u011fulu insanlar bu i\u015fi yap\u0131yor. \u2018Sanatk\u00e2r\u0131n ger\u00e7ekten kirli elleri medeniyetin aynas\u0131d\u0131r\u2019 derler ya, \u00f6yledir. Biz birbirimizin k\u0131ymetini bilsek, sahip \u00e7\u0131ksak, bu emek bo\u015fa gitmez. Herkes bizim k\u0131ymetimizi bilir.\u201d.<\/p>\n","protected":false},"excerpt":{"rendered":"<p>Van ili Tu\u015fba il\u00e7esi oto sanayide 30 y\u0131ll\u0131k kaporta, boya ve boyas\u0131z g\u00f6\u00e7\u00fck dal\u0131nda faaliyet g\u00f6steren Van Kaporta ve Boyas\u0131z G\u00f6\u00e7\u00fck\u00e7\u00fcler Derne\u011fi Ba\u015fkan\u0131 Nevzat Baran, dernek faaliyetleri ve yak\u0131nda ger\u00e7ekle\u015fecek olan Van Demirciler Tornac\u0131lar Tamirciler Esnaf ve Sanatkarlar\u0131 Odas\u0131 hakk\u0131nda Van Haberleri Gazetesi\u2019ne a\u00e7\u0131klamada bulundu. BARAN: \u201cVAN OTO SANAY\u0130DE \u00d6RNEK OLDUK\u201d Van Kaporta ve Boyas\u0131z &hellip;<\/p>\n","protected":false},"author":2,"featured_media":2306,"comment_status":"open","ping_status":"closed","sticky":false,"template":"","format":"standard","meta":{"googlesitekit_rrm_CAowot3VCw:productID":"","footnotes":""},"categories":[1],"tags":[158,157,34,35,36],"class_list":["post-2305","post","type-post","status-publish","format-standard","has-post-thumbnail","hentry","category-van-haber","tag-kaporta","tag-nevzat-baran","tag-van","tag-van-haber","tag-van-haberleri"],"yoast_head":"<!-- This site is optimized with the Yoast SEO Premium plugin v21.7 (Yoast SEO v26.7) - https:\/\/yoast.com\/wordpress\/plugins\/seo\/ -->\n<title>Ba\u015fkan Nevzat Baran: \u201cAdaylar\u0131n hepsi bizim esnaf karde\u015fimizdir\u201d - Van Haber | Van X Haber | Van Haberleri<\/title>\n<meta name=\"robots\" content=\"index, follow, max-snippet:-1, max-image-preview:large, max-video-preview:-1\" \/>\n<link rel=\"canonical\" href=\"https:\/\/vanxhaber.com\/index.php\/2025\/10\/24\/baskan-nevzat-baran-adaylarin-hepsi-bizim-esnaf-kardesimizdir\/\" \/>\n<meta property=\"og:locale\" content=\"tr_TR\" \/>\n<meta property=\"og:type\" content=\"article\" \/>\n<meta property=\"og:title\" content=\"Ba\u015fkan Nevzat Baran: \u201cAdaylar\u0131n hepsi bizim esnaf karde\u015fimizdir\u201d\" \/>\n<meta property=\"og:description\" content=\"Van ili Tu\u015fba il\u00e7esi oto sanayide 30 y\u0131ll\u0131k kaporta, boya ve boyas\u0131z g\u00f6\u00e7\u00fck dal\u0131nda faaliyet g\u00f6steren Van Kaporta ve Boyas\u0131z G\u00f6\u00e7\u00fck\u00e7\u00fcler Derne\u011fi Ba\u015fkan\u0131 Nevzat Baran, dernek faaliyetleri ve yak\u0131nda ger\u00e7ekle\u015fecek olan Van Demirciler Tornac\u0131lar Tamirciler Esnaf ve Sanatkarlar\u0131 Odas\u0131 hakk\u0131nda Van Haberleri Gazetesi\u2019ne a\u00e7\u0131klamada bulundu. BARAN: \u201cVAN OTO SANAY\u0130DE \u00d6RNEK OLDUK\u201d Van Kaporta ve Boyas\u0131z &hellip;\" \/>\n<meta property=\"og:url\" content=\"https:\/\/vanxhaber.com\/index.php\/2025\/10\/24\/baskan-nevzat-baran-adaylarin-hepsi-bizim-esnaf-kardesimizdir\/\" \/>\n<meta property=\"og:site_name\" content=\"Van Haber | Van X Haber | Van Haberleri\" \/>\n<meta property=\"article:published_time\" content=\"2025-10-24T18:07:34+00:00\" \/>\n<meta property=\"article:modified_time\" content=\"2025-10-24T18:07:35+00:00\" \/>\n<meta property=\"og:image\" content=\"https:\/\/vanxhaber.com\/wp-content\/uploads\/2025\/10\/van-kaporta-vn-haber.jpg\" \/>\n\t<meta property=\"og:image:width\" content=\"641\" \/>\n\t<meta property=\"og:image:height\" content=\"380\" \/>\n\t<meta property=\"og:image:type\" content=\"image\/jpeg\" \/>\n<meta name=\"author\" content=\"Van X Haber\" \/>\n<meta name=\"twitter:card\" content=\"summary_large_image\" \/>\n<meta name=\"twitter:label1\" content=\"Yazan:\" \/>\n\t<meta name=\"twitter:data1\" content=\"Van X Haber\" \/>\n\t<meta name=\"twitter:label2\" content=\"Tahmini okuma s\u00fcresi\" \/>\n\t<meta name=\"twitter:data2\" content=\"7 dakika\" \/>\n<script type=\"application\/ld+json\" class=\"yoast-schema-graph\">{\"@context\":\"https:\/\/schema.org\",\"@graph\":[{\"@type\":\"Article\",\"@id\":\"https:\/\/vanxhaber.com\/index.php\/2025\/10\/24\/baskan-nevzat-baran-adaylarin-hepsi-bizim-esnaf-kardesimizdir\/#article\",\"isPartOf\":{\"@id\":\"https:\/\/vanxhaber.com\/index.php\/2025\/10\/24\/baskan-nevzat-baran-adaylarin-hepsi-bizim-esnaf-kardesimizdir\/\"},\"author\":{\"name\":\"Van X Haber\",\"@id\":\"https:\/\/vanxhaber.com\/#\/schema\/person\/a5fd8d89510cb5370e62ad176f7978ee\"},\"headline\":\"Ba\u015fkan Nevzat Baran: \u201cAdaylar\u0131n hepsi bizim esnaf karde\u015fimizdir\u201d\",\"datePublished\":\"2025-10-24T18:07:34+00:00\",\"dateModified\":\"2025-10-24T18:07:35+00:00\",\"mainEntityOfPage\":{\"@id\":\"https:\/\/vanxhaber.com\/index.php\/2025\/10\/24\/baskan-nevzat-baran-adaylarin-hepsi-bizim-esnaf-kardesimizdir\/\"},\"wordCount\":1469,\"commentCount\":0,\"image\":{\"@id\":\"https:\/\/vanxhaber.com\/index.php\/2025\/10\/24\/baskan-nevzat-baran-adaylarin-hepsi-bizim-esnaf-kardesimizdir\/#primaryimage\"},\"thumbnailUrl\":\"https:\/\/vanxhaber.com\/wp-content\/uploads\/2025\/10\/van-kaporta-vn-haber.jpg\",\"keywords\":[\"KAPORTA\",\"NEVZAT BARAN\",\"van\",\"van haber\",\"van haberleri\"],\"articleSection\":[\"Van Haber\"],\"inLanguage\":\"tr\",\"potentialAction\":[{\"@type\":\"CommentAction\",\"name\":\"Comment\",\"target\":[\"https:\/\/vanxhaber.com\/index.php\/2025\/10\/24\/baskan-nevzat-baran-adaylarin-hepsi-bizim-esnaf-kardesimizdir\/#respond\"]}],\"copyrightYear\":\"2025\",\"copyrightHolder\":{\"@id\":\"https:\/\/vanxhaber.com\/#organization\"}},{\"@type\":\"WebPage\",\"@id\":\"https:\/\/vanxhaber.com\/index.php\/2025\/10\/24\/baskan-nevzat-baran-adaylarin-hepsi-bizim-esnaf-kardesimizdir\/\",\"url\":\"https:\/\/vanxhaber.com\/index.php\/2025\/10\/24\/baskan-nevzat-baran-adaylarin-hepsi-bizim-esnaf-kardesimizdir\/\",\"name\":\"Ba\u015fkan Nevzat Baran: \u201cAdaylar\u0131n hepsi bizim esnaf karde\u015fimizdir\u201d - Van Haber | Van X Haber | Van Haberleri\",\"isPartOf\":{\"@id\":\"https:\/\/vanxhaber.com\/#website\"},\"primaryImageOfPage\":{\"@id\":\"https:\/\/vanxhaber.com\/index.php\/2025\/10\/24\/baskan-nevzat-baran-adaylarin-hepsi-bizim-esnaf-kardesimizdir\/#primaryimage\"},\"image\":{\"@id\":\"https:\/\/vanxhaber.com\/index.php\/2025\/10\/24\/baskan-nevzat-baran-adaylarin-hepsi-bizim-esnaf-kardesimizdir\/#primaryimage\"},\"thumbnailUrl\":\"https:\/\/vanxhaber.com\/wp-content\/uploads\/2025\/10\/van-kaporta-vn-haber.jpg\",\"datePublished\":\"2025-10-24T18:07:34+00:00\",\"dateModified\":\"2025-10-24T18:07:35+00:00\",\"author\":{\"@id\":\"https:\/\/vanxhaber.com\/#\/schema\/person\/a5fd8d89510cb5370e62ad176f7978ee\"},\"breadcrumb\":{\"@id\":\"https:\/\/vanxhaber.com\/index.php\/2025\/10\/24\/baskan-nevzat-baran-adaylarin-hepsi-bizim-esnaf-kardesimizdir\/#breadcrumb\"},\"inLanguage\":\"tr\",\"potentialAction\":[{\"@type\":\"ReadAction\",\"target\":[\"https:\/\/vanxhaber.com\/index.php\/2025\/10\/24\/baskan-nevzat-baran-adaylarin-hepsi-bizim-esnaf-kardesimizdir\/\"]}]},{\"@type\":\"ImageObject\",\"inLanguage\":\"tr\",\"@id\":\"https:\/\/vanxhaber.com\/index.php\/2025\/10\/24\/baskan-nevzat-baran-adaylarin-hepsi-bizim-esnaf-kardesimizdir\/#primaryimage\",\"url\":\"https:\/\/vanxhaber.com\/wp-content\/uploads\/2025\/10\/van-kaporta-vn-haber.jpg\",\"contentUrl\":\"https:\/\/vanxhaber.com\/wp-content\/uploads\/2025\/10\/van-kaporta-vn-haber.jpg\",\"width\":641,\"height\":380},{\"@type\":\"BreadcrumbList\",\"@id\":\"https:\/\/vanxhaber.com\/index.php\/2025\/10\/24\/baskan-nevzat-baran-adaylarin-hepsi-bizim-esnaf-kardesimizdir\/#breadcrumb\",\"itemListElement\":[{\"@type\":\"ListItem\",\"position\":1,\"name\":\"Anasayfa\",\"item\":\"https:\/\/vanxhaber.com\/\"},{\"@type\":\"ListItem\",\"position\":2,\"name\":\"Ba\u015fkan Nevzat Baran: \u201cAdaylar\u0131n hepsi bizim esnaf karde\u015fimizdir\u201d\"}]},{\"@type\":\"WebSite\",\"@id\":\"https:\/\/vanxhaber.com\/#website\",\"url\":\"https:\/\/vanxhaber.com\/\",\"name\":\"Van Haber | Van X Haber | Van Haberleri\",\"description\":\"Van Haber, Van&#039;\u0131n ilk yapay zeka teknolojileri ile yaz\u0131lan Van X Haber ve Van Haberlerini aktif g\u00fcncel sunan tek vanhaber merkezidir.\",\"potentialAction\":[{\"@type\":\"SearchAction\",\"target\":{\"@type\":\"EntryPoint\",\"urlTemplate\":\"https:\/\/vanxhaber.com\/?s={search_term_string}\"},\"query-input\":{\"@type\":\"PropertyValueSpecification\",\"valueRequired\":true,\"valueName\":\"search_term_string\"}}],\"inLanguage\":\"tr\"},{\"@type\":\"Person\",\"@id\":\"https:\/\/vanxhaber.com\/#\/schema\/person\/a5fd8d89510cb5370e62ad176f7978ee\",\"name\":\"Van X Haber\",\"image\":{\"@type\":\"ImageObject\",\"inLanguage\":\"tr\",\"@id\":\"https:\/\/vanxhaber.com\/#\/schema\/person\/image\/\",\"url\":\"https:\/\/secure.gravatar.com\/avatar\/36f2f63826681263103acb5ca1e7bc1a6db11baea9b75dd091d89b74f2704b07?s=96&d=mm&r=g\",\"contentUrl\":\"https:\/\/secure.gravatar.com\/avatar\/36f2f63826681263103acb5ca1e7bc1a6db11baea9b75dd091d89b74f2704b07?s=96&d=mm&r=g\",\"caption\":\"Van X Haber\"},\"description\":\"Van X Haber Van'\u0131n ilk ve tek yeni nesil Van Haber merkezi. Son Dakika Van Haberleri ve G\u00fcncel Van haber merkezinde s\u0131cak geli\u015fmeleri aktarmaya devam edece\u011fiz.\",\"url\":\"https:\/\/vanxhaber.com\/index.php\/author\/vangazetesi\/\"}]}<\/script>\n<!-- \/ Yoast SEO Premium plugin. -->","yoast_head_json":{"title":"Ba\u015fkan Nevzat Baran: \u201cAdaylar\u0131n hepsi bizim esnaf karde\u015fimizdir\u201d - Van Haber | Van X Haber | Van Haberleri","robots":{"index":"index","follow":"follow","max-snippet":"max-snippet:-1","max-image-preview":"max-image-preview:large","max-video-preview":"max-video-preview:-1"},"canonical":"https:\/\/vanxhaber.com\/index.php\/2025\/10\/24\/baskan-nevzat-baran-adaylarin-hepsi-bizim-esnaf-kardesimizdir\/","og_locale":"tr_TR","og_type":"article","og_title":"Ba\u015fkan Nevzat Baran: \u201cAdaylar\u0131n hepsi bizim esnaf karde\u015fimizdir\u201d","og_description":"Van ili Tu\u015fba il\u00e7esi oto sanayide 30 y\u0131ll\u0131k kaporta, boya ve boyas\u0131z g\u00f6\u00e7\u00fck dal\u0131nda faaliyet g\u00f6steren Van Kaporta ve Boyas\u0131z G\u00f6\u00e7\u00fck\u00e7\u00fcler Derne\u011fi Ba\u015fkan\u0131 Nevzat Baran, dernek faaliyetleri ve yak\u0131nda ger\u00e7ekle\u015fecek olan Van Demirciler Tornac\u0131lar Tamirciler Esnaf ve Sanatkarlar\u0131 Odas\u0131 hakk\u0131nda Van Haberleri Gazetesi\u2019ne a\u00e7\u0131klamada bulundu. BARAN: \u201cVAN OTO SANAY\u0130DE \u00d6RNEK OLDUK\u201d Van Kaporta ve Boyas\u0131z &hellip;","og_url":"https:\/\/vanxhaber.com\/index.php\/2025\/10\/24\/baskan-nevzat-baran-adaylarin-hepsi-bizim-esnaf-kardesimizdir\/","og_site_name":"Van Haber | Van X Haber | Van Haberleri","article_published_time":"2025-10-24T18:07:34+00:00","article_modified_time":"2025-10-24T18:07:35+00:00","og_image":[{"width":641,"height":380,"url":"https:\/\/vanxhaber.com\/wp-content\/uploads\/2025\/10\/van-kaporta-vn-haber.jpg","type":"image\/jpeg"}],"author":"Van X Haber","twitter_card":"summary_large_image","twitter_misc":{"Yazan:":"Van X Haber","Tahmini okuma s\u00fcresi":"7 dakika"},"schema":{"@context":"https:\/\/schema.org","@graph":[{"@type":"Article","@id":"https:\/\/vanxhaber.com\/index.php\/2025\/10\/24\/baskan-nevzat-baran-adaylarin-hepsi-bizim-esnaf-kardesimizdir\/#article","isPartOf":{"@id":"https:\/\/vanxhaber.com\/index.php\/2025\/10\/24\/baskan-nevzat-baran-adaylarin-hepsi-bizim-esnaf-kardesimizdir\/"},"author":{"name":"Van X Haber","@id":"https:\/\/vanxhaber.com\/#\/schema\/person\/a5fd8d89510cb5370e62ad176f7978ee"},"headline":"Ba\u015fkan Nevzat Baran: \u201cAdaylar\u0131n hepsi bizim esnaf karde\u015fimizdir\u201d","datePublished":"2025-10-24T18:07:34+00:00","dateModified":"2025-10-24T18:07:35+00:00","mainEntityOfPage":{"@id":"https:\/\/vanxhaber.com\/index.php\/2025\/10\/24\/baskan-nevzat-baran-adaylarin-hepsi-bizim-esnaf-kardesimizdir\/"},"wordCount":1469,"commentCount":0,"image":{"@id":"https:\/\/vanxhaber.com\/index.php\/2025\/10\/24\/baskan-nevzat-baran-adaylarin-hepsi-bizim-esnaf-kardesimizdir\/#primaryimage"},"thumbnailUrl":"https:\/\/vanxhaber.com\/wp-content\/uploads\/2025\/10\/van-kaporta-vn-haber.jpg","keywords":["KAPORTA","NEVZAT BARAN","van","van haber","van haberleri"],"articleSection":["Van Haber"],"inLanguage":"tr","potentialAction":[{"@type":"CommentAction","name":"Comment","target":["https:\/\/vanxhaber.com\/index.php\/2025\/10\/24\/baskan-nevzat-baran-adaylarin-hepsi-bizim-esnaf-kardesimizdir\/#respond"]}],"copyrightYear":"2025","copyrightHolder":{"@id":"https:\/\/vanxhaber.com\/#organization"}},{"@type":"WebPage","@id":"https:\/\/vanxhaber.com\/index.php\/2025\/10\/24\/baskan-nevzat-baran-adaylarin-hepsi-bizim-esnaf-kardesimizdir\/","url":"https:\/\/vanxhaber.com\/index.php\/2025\/10\/24\/baskan-nevzat-baran-adaylarin-hepsi-bizim-esnaf-kardesimizdir\/","name":"Ba\u015fkan Nevzat Baran: \u201cAdaylar\u0131n hepsi bizim esnaf karde\u015fimizdir\u201d - Van Haber | Van X Haber | Van Haberleri","isPartOf":{"@id":"https:\/\/vanxhaber.com\/#website"},"primaryImageOfPage":{"@id":"https:\/\/vanxhaber.com\/index.php\/2025\/10\/24\/baskan-nevzat-baran-adaylarin-hepsi-bizim-esnaf-kardesimizdir\/#primaryimage"},"image":{"@id":"https:\/\/vanxhaber.com\/index.php\/2025\/10\/24\/baskan-nevzat-baran-adaylarin-hepsi-bizim-esnaf-kardesimizdir\/#primaryimage"},"thumbnailUrl":"https:\/\/vanxhaber.com\/wp-content\/uploads\/2025\/10\/van-kaporta-vn-haber.jpg","datePublished":"2025-10-24T18:07:34+00:00","dateModified":"2025-10-24T18:07:35+00:00","author":{"@id":"https:\/\/vanxhaber.com\/#\/schema\/person\/a5fd8d89510cb5370e62ad176f7978ee"},"breadcrumb":{"@id":"https:\/\/vanxhaber.com\/index.php\/2025\/10\/24\/baskan-nevzat-baran-adaylarin-hepsi-bizim-esnaf-kardesimizdir\/#breadcrumb"},"inLanguage":"tr","potentialAction":[{"@type":"ReadAction","target":["https:\/\/vanxhaber.com\/index.php\/2025\/10\/24\/baskan-nevzat-baran-adaylarin-hepsi-bizim-esnaf-kardesimizdir\/"]}]},{"@type":"ImageObject","inLanguage":"tr","@id":"https:\/\/vanxhaber.com\/index.php\/2025\/10\/24\/baskan-nevzat-baran-adaylarin-hepsi-bizim-esnaf-kardesimizdir\/#primaryimage","url":"https:\/\/vanxhaber.com\/wp-content\/uploads\/2025\/10\/van-kaporta-vn-haber.jpg","contentUrl":"https:\/\/vanxhaber.com\/wp-content\/uploads\/2025\/10\/van-kaporta-vn-haber.jpg","width":641,"height":380},{"@type":"BreadcrumbList","@id":"https:\/\/vanxhaber.com\/index.php\/2025\/10\/24\/baskan-nevzat-baran-adaylarin-hepsi-bizim-esnaf-kardesimizdir\/#breadcrumb","itemListElement":[{"@type":"ListItem","position":1,"name":"Anasayfa","item":"https:\/\/vanxhaber.com\/"},{"@type":"ListItem","position":2,"name":"Ba\u015fkan Nevzat Baran: \u201cAdaylar\u0131n hepsi bizim esnaf karde\u015fimizdir\u201d"}]},{"@type":"WebSite","@id":"https:\/\/vanxhaber.com\/#website","url":"https:\/\/vanxhaber.com\/","name":"Van Haber | Van X Haber | Van Haberleri","description":"Van Haber, Van&#039;\u0131n ilk yapay zeka teknolojileri ile yaz\u0131lan Van X Haber ve Van Haberlerini aktif g\u00fcncel sunan tek vanhaber merkezidir.","potentialAction":[{"@type":"SearchAction","target":{"@type":"EntryPoint","urlTemplate":"https:\/\/vanxhaber.com\/?s={search_term_string}"},"query-input":{"@type":"PropertyValueSpecification","valueRequired":true,"valueName":"search_term_string"}}],"inLanguage":"tr"},{"@type":"Person","@id":"https:\/\/vanxhaber.com\/#\/schema\/person\/a5fd8d89510cb5370e62ad176f7978ee","name":"Van X Haber","image":{"@type":"ImageObject","inLanguage":"tr","@id":"https:\/\/vanxhaber.com\/#\/schema\/person\/image\/","url":"https:\/\/secure.gravatar.com\/avatar\/36f2f63826681263103acb5ca1e7bc1a6db11baea9b75dd091d89b74f2704b07?s=96&d=mm&r=g","contentUrl":"https:\/\/secure.gravatar.com\/avatar\/36f2f63826681263103acb5ca1e7bc1a6db11baea9b75dd091d89b74f2704b07?s=96&d=mm&r=g","caption":"Van X Haber"},"description":"Van X Haber Van'\u0131n ilk ve tek yeni nesil Van Haber merkezi. Son Dakika Van Haberleri ve G\u00fcncel Van haber merkezinde s\u0131cak geli\u015fmeleri aktarmaya devam edece\u011fiz.","url":"https:\/\/vanxhaber.com\/index.php\/author\/vangazetesi\/"}]}},"_links":{"self":[{"href":"https:\/\/vanxhaber.com\/index.php\/wp-json\/wp\/v2\/posts\/2305","targetHints":{"allow":["GET"]}}],"collection":[{"href":"https:\/\/vanxhaber.com\/index.php\/wp-json\/wp\/v2\/posts"}],"about":[{"href":"https:\/\/vanxhaber.com\/index.php\/wp-json\/wp\/v2\/types\/post"}],"author":[{"embeddable":true,"href":"https:\/\/vanxhaber.com\/index.php\/wp-json\/wp\/v2\/users\/2"}],"replies":[{"embeddable":true,"href":"https:\/\/vanxhaber.com\/index.php\/wp-json\/wp\/v2\/comments?post=2305"}],"version-history":[{"count":1,"href":"https:\/\/vanxhaber.com\/index.php\/wp-json\/wp\/v2\/posts\/2305\/revisions"}],"predecessor-version":[{"id":2307,"href":"https:\/\/vanxhaber.com\/index.php\/wp-json\/wp\/v2\/posts\/2305\/revisions\/2307"}],"wp:featuredmedia":[{"embeddable":true,"href":"https:\/\/vanxhaber.com\/index.php\/wp-json\/wp\/v2\/media\/2306"}],"wp:attachment":[{"href":"https:\/\/vanxhaber.com\/index.php\/wp-json\/wp\/v2\/media?parent=2305"}],"wp:term":[{"taxonomy":"category","embeddable":true,"href":"https:\/\/vanxhaber.com\/index.php\/wp-json\/wp\/v2\/categories?post=2305"},{"taxonomy":"post_tag","embeddable":true,"href":"https:\/\/vanxhaber.com\/index.php\/wp-json\/wp\/v2\/tags?post=2305"}],"curies":[{"name":"wp","href":"https:\/\/api.w.org\/{rel}","templated":true}]}}