{"id":2308,"date":"2025-10-28T10:17:15","date_gmt":"2025-10-28T10:17:15","guid":{"rendered":"https:\/\/vanxhaber.com\/?p=2308"},"modified":"2025-10-28T10:17:16","modified_gmt":"2025-10-28T10:17:16","slug":"van-merkezli-2-ilde-146-milyonluk-operasyon","status":"publish","type":"post","link":"https:\/\/vanxhaber.com\/index.php\/2025\/10\/28\/van-merkezli-2-ilde-146-milyonluk-operasyon\/","title":{"rendered":"Van merkezli 2 ilde 146 milyonluk operasyon"},"content":{"rendered":"\n<p><strong>Van \u0130l Jandarma Komutanl\u0131\u011f\u0131 Siber Su\u00e7larla M\u00fccadele \u015eube M\u00fcd\u00fcrl\u00fc\u011f\u00fcnce; \u00c7ald\u0131ran<br>Cumhuriyet Ba\u015fsavc\u0131l\u0131\u011f\u0131 koordinesinde Van merkezli 2 ilde \u201cBili\u015fim Sistemlerinin<br>Kullan\u0131lmas\u0131 Suretiyle Nitelikli Doland\u0131r\u0131c\u0131l\u0131k\u201d su\u00e7una y\u00f6nelik d\u00fczenlenen operasyonda; 3<br>ay s\u00fcren teknik ve fiziki takip sonucu banka hesaplar\u0131nda 146 Milyon TL i\u015flem hacmi<br>tespit edilen 3 \u015f\u00fcpheli yakaland\u0131.<\/strong><\/p>\n\n\n\n<p>\u015e\u00fcphelilerden; 1\u2019i TUTUKLANDI.<br>2\u2019si hakk\u0131nda adli kontrol karar\u0131 verildi.<br>Van \u0130l Jandarma Komutanl\u0131\u011f\u0131 Siber Su\u00e7larla M\u00fccadele \u015eube M\u00fcd\u00fcrl\u00fc\u011f\u00fcnce yakalanan<br>\u015f\u00fcphelilerin; \u0130landa bulunan ara\u00e7 ilanlar\u0131n\u0131n kopyalanmas\u0131 sonucu al\u0131c\u0131 ve sat\u0131c\u0131 konumunda bulunan<br>vatanda\u015flar\u0131 doland\u0131rd\u0131klar\u0131 belirlenen \u015f\u00fcpheliler hakk\u0131nda soru\u015fturma ba\u015flat\u0131ld\u0131.<br>MASAK taraf\u0131ndan haz\u0131rlanan raporlar do\u011frultusunda y\u00fcr\u00fct\u00fclen incelemelerde,<br>\u015f\u00fcphelilerin banka hesaplar\u0131nda su\u00e7tan elde ettikleri 146 milyon TL tutar\u0131nda para<br>hareketlili\u011fi tespit edildi.<\/p>\n\n\n\n<p>Operasyonlar sonucu; \u00e7ok say\u0131da cep telefonu, SIM kart, bilgisayar, HDD Harddisk ve<br>dijital materyaller ele ge\u00e7irildi.<\/p>\n\n\n\n<p>Bili\u015fim sistemlerini kullanarak nitelikli doland\u0131r\u0131c\u0131l\u0131k yapanlar\u0131n Siber Vatan\u2019da sanal<br>devriyelerimizle pe\u015findeyiz.<\/p>\n","protected":false},"excerpt":{"rendered":"<p>Van \u0130l Jandarma Komutanl\u0131\u011f\u0131 Siber Su\u00e7larla M\u00fccadele \u015eube M\u00fcd\u00fcrl\u00fc\u011f\u00fcnce; \u00c7ald\u0131ranCumhuriyet Ba\u015fsavc\u0131l\u0131\u011f\u0131 koordinesinde Van merkezli 2 ilde \u201cBili\u015fim SistemlerininKullan\u0131lmas\u0131 Suretiyle Nitelikli Doland\u0131r\u0131c\u0131l\u0131k\u201d su\u00e7una y\u00f6nelik d\u00fczenlenen operasyonda; 3ay s\u00fcren teknik ve fiziki takip sonucu banka hesaplar\u0131nda 146 Milyon TL i\u015flem hacmitespit edilen 3 \u015f\u00fcpheli yakaland\u0131. \u015e\u00fcphelilerden; 1\u2019i TUTUKLANDI.2\u2019si hakk\u0131nda adli kontrol karar\u0131 verildi.Van \u0130l Jandarma Komutanl\u0131\u011f\u0131 Siber &hellip;<\/p>\n","protected":false},"author":2,"featured_media":2309,"comment_status":"open","ping_status":"closed","sticky":false,"template":"","format":"standard","meta":{"googlesitekit_rrm_CAowot3VCw:productID":"","footnotes":""},"categories":[1,24],"tags":[112,34,35,36,46],"class_list":["post-2308","post","type-post","status-publish","format-standard","has-post-thumbnail","hentry","category-van-haber","category-van-haberleri","tag-haber","tag-van","tag-van-haber","tag-van-haberleri","tag-vanhaber"],"yoast_head":"<!-- This site is optimized with the Yoast SEO Premium plugin v21.7 (Yoast SEO v26.7) - https:\/\/yoast.com\/wordpress\/plugins\/seo\/ -->\n<title>Van merkezli 2 ilde 146 milyonluk operasyon - Van Haber | Van X Haber | Van Haberleri<\/title>\n<meta name=\"robots\" content=\"index, follow, max-snippet:-1, max-image-preview:large, max-video-preview:-1\" \/>\n<link rel=\"canonical\" href=\"https:\/\/vanxhaber.com\/index.php\/2025\/10\/28\/van-merkezli-2-ilde-146-milyonluk-operasyon\/\" \/>\n<meta property=\"og:locale\" content=\"tr_TR\" \/>\n<meta property=\"og:type\" content=\"article\" \/>\n<meta property=\"og:title\" content=\"Van merkezli 2 ilde 146 milyonluk operasyon\" \/>\n<meta property=\"og:description\" content=\"Van \u0130l Jandarma Komutanl\u0131\u011f\u0131 Siber Su\u00e7larla M\u00fccadele \u015eube M\u00fcd\u00fcrl\u00fc\u011f\u00fcnce; \u00c7ald\u0131ranCumhuriyet Ba\u015fsavc\u0131l\u0131\u011f\u0131 koordinesinde Van merkezli 2 ilde \u201cBili\u015fim SistemlerininKullan\u0131lmas\u0131 Suretiyle Nitelikli Doland\u0131r\u0131c\u0131l\u0131k\u201d su\u00e7una y\u00f6nelik d\u00fczenlenen operasyonda; 3ay s\u00fcren teknik ve fiziki takip sonucu banka hesaplar\u0131nda 146 Milyon TL i\u015flem hacmitespit edilen 3 \u015f\u00fcpheli yakaland\u0131. \u015e\u00fcphelilerden; 1\u2019i TUTUKLANDI.2\u2019si hakk\u0131nda adli kontrol karar\u0131 verildi.Van \u0130l Jandarma Komutanl\u0131\u011f\u0131 Siber &hellip;\" \/>\n<meta property=\"og:url\" content=\"https:\/\/vanxhaber.com\/index.php\/2025\/10\/28\/van-merkezli-2-ilde-146-milyonluk-operasyon\/\" \/>\n<meta property=\"og:site_name\" content=\"Van Haber | Van X Haber | Van Haberleri\" \/>\n<meta property=\"article:published_time\" content=\"2025-10-28T10:17:15+00:00\" \/>\n<meta property=\"article:modified_time\" content=\"2025-10-28T10:17:16+00:00\" \/>\n<meta property=\"og:image\" content=\"https:\/\/vanxhaber.com\/wp-content\/uploads\/2025\/10\/van-operasyon-haberleriniz.jpg\" \/>\n\t<meta property=\"og:image:width\" content=\"641\" \/>\n\t<meta property=\"og:image:height\" content=\"380\" \/>\n\t<meta property=\"og:image:type\" content=\"image\/jpeg\" \/>\n<meta name=\"author\" content=\"Van X Haber\" \/>\n<meta name=\"twitter:card\" content=\"summary_large_image\" \/>\n<meta name=\"twitter:label1\" content=\"Yazan:\" \/>\n\t<meta name=\"twitter:data1\" content=\"Van X Haber\" \/>\n\t<meta name=\"twitter:label2\" content=\"Tahmini okuma s\u00fcresi\" \/>\n\t<meta name=\"twitter:data2\" content=\"2 dakika\" \/>\n<script type=\"application\/ld+json\" class=\"yoast-schema-graph\">{\"@context\":\"https:\/\/schema.org\",\"@graph\":[{\"@type\":\"Article\",\"@id\":\"https:\/\/vanxhaber.com\/index.php\/2025\/10\/28\/van-merkezli-2-ilde-146-milyonluk-operasyon\/#article\",\"isPartOf\":{\"@id\":\"https:\/\/vanxhaber.com\/index.php\/2025\/10\/28\/van-merkezli-2-ilde-146-milyonluk-operasyon\/\"},\"author\":{\"name\":\"Van X Haber\",\"@id\":\"https:\/\/vanxhaber.com\/#\/schema\/person\/a5fd8d89510cb5370e62ad176f7978ee\"},\"headline\":\"Van merkezli 2 ilde 146 milyonluk operasyon\",\"datePublished\":\"2025-10-28T10:17:15+00:00\",\"dateModified\":\"2025-10-28T10:17:16+00:00\",\"mainEntityOfPage\":{\"@id\":\"https:\/\/vanxhaber.com\/index.php\/2025\/10\/28\/van-merkezli-2-ilde-146-milyonluk-operasyon\/\"},\"wordCount\":183,\"commentCount\":0,\"image\":{\"@id\":\"https:\/\/vanxhaber.com\/index.php\/2025\/10\/28\/van-merkezli-2-ilde-146-milyonluk-operasyon\/#primaryimage\"},\"thumbnailUrl\":\"https:\/\/vanxhaber.com\/wp-content\/uploads\/2025\/10\/van-operasyon-haberleriniz.jpg\",\"keywords\":[\"haber\",\"van\",\"van haber\",\"van haberleri\",\"vanhaber\"],\"articleSection\":[\"Van Haber\",\"Van Haberleri\"],\"inLanguage\":\"tr\",\"potentialAction\":[{\"@type\":\"CommentAction\",\"name\":\"Comment\",\"target\":[\"https:\/\/vanxhaber.com\/index.php\/2025\/10\/28\/van-merkezli-2-ilde-146-milyonluk-operasyon\/#respond\"]}],\"copyrightYear\":\"2025\",\"copyrightHolder\":{\"@id\":\"https:\/\/vanxhaber.com\/#organization\"}},{\"@type\":\"WebPage\",\"@id\":\"https:\/\/vanxhaber.com\/index.php\/2025\/10\/28\/van-merkezli-2-ilde-146-milyonluk-operasyon\/\",\"url\":\"https:\/\/vanxhaber.com\/index.php\/2025\/10\/28\/van-merkezli-2-ilde-146-milyonluk-operasyon\/\",\"name\":\"Van merkezli 2 ilde 146 milyonluk operasyon - Van Haber | Van X Haber | Van Haberleri\",\"isPartOf\":{\"@id\":\"https:\/\/vanxhaber.com\/#website\"},\"primaryImageOfPage\":{\"@id\":\"https:\/\/vanxhaber.com\/index.php\/2025\/10\/28\/van-merkezli-2-ilde-146-milyonluk-operasyon\/#primaryimage\"},\"image\":{\"@id\":\"https:\/\/vanxhaber.com\/index.php\/2025\/10\/28\/van-merkezli-2-ilde-146-milyonluk-operasyon\/#primaryimage\"},\"thumbnailUrl\":\"https:\/\/vanxhaber.com\/wp-content\/uploads\/2025\/10\/van-operasyon-haberleriniz.jpg\",\"datePublished\":\"2025-10-28T10:17:15+00:00\",\"dateModified\":\"2025-10-28T10:17:16+00:00\",\"author\":{\"@id\":\"https:\/\/vanxhaber.com\/#\/schema\/person\/a5fd8d89510cb5370e62ad176f7978ee\"},\"breadcrumb\":{\"@id\":\"https:\/\/vanxhaber.com\/index.php\/2025\/10\/28\/van-merkezli-2-ilde-146-milyonluk-operasyon\/#breadcrumb\"},\"inLanguage\":\"tr\",\"potentialAction\":[{\"@type\":\"ReadAction\",\"target\":[\"https:\/\/vanxhaber.com\/index.php\/2025\/10\/28\/van-merkezli-2-ilde-146-milyonluk-operasyon\/\"]}]},{\"@type\":\"ImageObject\",\"inLanguage\":\"tr\",\"@id\":\"https:\/\/vanxhaber.com\/index.php\/2025\/10\/28\/van-merkezli-2-ilde-146-milyonluk-operasyon\/#primaryimage\",\"url\":\"https:\/\/vanxhaber.com\/wp-content\/uploads\/2025\/10\/van-operasyon-haberleriniz.jpg\",\"contentUrl\":\"https:\/\/vanxhaber.com\/wp-content\/uploads\/2025\/10\/van-operasyon-haberleriniz.jpg\",\"width\":641,\"height\":380},{\"@type\":\"BreadcrumbList\",\"@id\":\"https:\/\/vanxhaber.com\/index.php\/2025\/10\/28\/van-merkezli-2-ilde-146-milyonluk-operasyon\/#breadcrumb\",\"itemListElement\":[{\"@type\":\"ListItem\",\"position\":1,\"name\":\"Anasayfa\",\"item\":\"https:\/\/vanxhaber.com\/\"},{\"@type\":\"ListItem\",\"position\":2,\"name\":\"Van merkezli 2 ilde 146 milyonluk operasyon\"}]},{\"@type\":\"WebSite\",\"@id\":\"https:\/\/vanxhaber.com\/#website\",\"url\":\"https:\/\/vanxhaber.com\/\",\"name\":\"Van Haber | Van X Haber | Van Haberleri\",\"description\":\"Van Haber, Van&#039;\u0131n ilk yapay zeka teknolojileri ile yaz\u0131lan Van X Haber ve Van Haberlerini aktif g\u00fcncel sunan tek vanhaber merkezidir.\",\"potentialAction\":[{\"@type\":\"SearchAction\",\"target\":{\"@type\":\"EntryPoint\",\"urlTemplate\":\"https:\/\/vanxhaber.com\/?s={search_term_string}\"},\"query-input\":{\"@type\":\"PropertyValueSpecification\",\"valueRequired\":true,\"valueName\":\"search_term_string\"}}],\"inLanguage\":\"tr\"},{\"@type\":\"Person\",\"@id\":\"https:\/\/vanxhaber.com\/#\/schema\/person\/a5fd8d89510cb5370e62ad176f7978ee\",\"name\":\"Van X Haber\",\"image\":{\"@type\":\"ImageObject\",\"inLanguage\":\"tr\",\"@id\":\"https:\/\/vanxhaber.com\/#\/schema\/person\/image\/\",\"url\":\"https:\/\/secure.gravatar.com\/avatar\/36f2f63826681263103acb5ca1e7bc1a6db11baea9b75dd091d89b74f2704b07?s=96&d=mm&r=g\",\"contentUrl\":\"https:\/\/secure.gravatar.com\/avatar\/36f2f63826681263103acb5ca1e7bc1a6db11baea9b75dd091d89b74f2704b07?s=96&d=mm&r=g\",\"caption\":\"Van X Haber\"},\"description\":\"Van X Haber Van'\u0131n ilk ve tek yeni nesil Van Haber merkezi. Son Dakika Van Haberleri ve G\u00fcncel Van haber merkezinde s\u0131cak geli\u015fmeleri aktarmaya devam edece\u011fiz.\",\"url\":\"https:\/\/vanxhaber.com\/index.php\/author\/vangazetesi\/\"}]}<\/script>\n<!-- \/ Yoast SEO Premium plugin. -->","yoast_head_json":{"title":"Van merkezli 2 ilde 146 milyonluk operasyon - Van Haber | Van X Haber | Van Haberleri","robots":{"index":"index","follow":"follow","max-snippet":"max-snippet:-1","max-image-preview":"max-image-preview:large","max-video-preview":"max-video-preview:-1"},"canonical":"https:\/\/vanxhaber.com\/index.php\/2025\/10\/28\/van-merkezli-2-ilde-146-milyonluk-operasyon\/","og_locale":"tr_TR","og_type":"article","og_title":"Van merkezli 2 ilde 146 milyonluk operasyon","og_description":"Van \u0130l Jandarma Komutanl\u0131\u011f\u0131 Siber Su\u00e7larla M\u00fccadele \u015eube M\u00fcd\u00fcrl\u00fc\u011f\u00fcnce; \u00c7ald\u0131ranCumhuriyet Ba\u015fsavc\u0131l\u0131\u011f\u0131 koordinesinde Van merkezli 2 ilde \u201cBili\u015fim SistemlerininKullan\u0131lmas\u0131 Suretiyle Nitelikli Doland\u0131r\u0131c\u0131l\u0131k\u201d su\u00e7una y\u00f6nelik d\u00fczenlenen operasyonda; 3ay s\u00fcren teknik ve fiziki takip sonucu banka hesaplar\u0131nda 146 Milyon TL i\u015flem hacmitespit edilen 3 \u015f\u00fcpheli yakaland\u0131. \u015e\u00fcphelilerden; 1\u2019i TUTUKLANDI.2\u2019si hakk\u0131nda adli kontrol karar\u0131 verildi.Van \u0130l Jandarma Komutanl\u0131\u011f\u0131 Siber &hellip;","og_url":"https:\/\/vanxhaber.com\/index.php\/2025\/10\/28\/van-merkezli-2-ilde-146-milyonluk-operasyon\/","og_site_name":"Van Haber | Van X Haber | Van Haberleri","article_published_time":"2025-10-28T10:17:15+00:00","article_modified_time":"2025-10-28T10:17:16+00:00","og_image":[{"width":641,"height":380,"url":"https:\/\/vanxhaber.com\/wp-content\/uploads\/2025\/10\/van-operasyon-haberleriniz.jpg","type":"image\/jpeg"}],"author":"Van X Haber","twitter_card":"summary_large_image","twitter_misc":{"Yazan:":"Van X Haber","Tahmini okuma s\u00fcresi":"2 dakika"},"schema":{"@context":"https:\/\/schema.org","@graph":[{"@type":"Article","@id":"https:\/\/vanxhaber.com\/index.php\/2025\/10\/28\/van-merkezli-2-ilde-146-milyonluk-operasyon\/#article","isPartOf":{"@id":"https:\/\/vanxhaber.com\/index.php\/2025\/10\/28\/van-merkezli-2-ilde-146-milyonluk-operasyon\/"},"author":{"name":"Van X Haber","@id":"https:\/\/vanxhaber.com\/#\/schema\/person\/a5fd8d89510cb5370e62ad176f7978ee"},"headline":"Van merkezli 2 ilde 146 milyonluk operasyon","datePublished":"2025-10-28T10:17:15+00:00","dateModified":"2025-10-28T10:17:16+00:00","mainEntityOfPage":{"@id":"https:\/\/vanxhaber.com\/index.php\/2025\/10\/28\/van-merkezli-2-ilde-146-milyonluk-operasyon\/"},"wordCount":183,"commentCount":0,"image":{"@id":"https:\/\/vanxhaber.com\/index.php\/2025\/10\/28\/van-merkezli-2-ilde-146-milyonluk-operasyon\/#primaryimage"},"thumbnailUrl":"https:\/\/vanxhaber.com\/wp-content\/uploads\/2025\/10\/van-operasyon-haberleriniz.jpg","keywords":["haber","van","van haber","van haberleri","vanhaber"],"articleSection":["Van Haber","Van Haberleri"],"inLanguage":"tr","potentialAction":[{"@type":"CommentAction","name":"Comment","target":["https:\/\/vanxhaber.com\/index.php\/2025\/10\/28\/van-merkezli-2-ilde-146-milyonluk-operasyon\/#respond"]}],"copyrightYear":"2025","copyrightHolder":{"@id":"https:\/\/vanxhaber.com\/#organization"}},{"@type":"WebPage","@id":"https:\/\/vanxhaber.com\/index.php\/2025\/10\/28\/van-merkezli-2-ilde-146-milyonluk-operasyon\/","url":"https:\/\/vanxhaber.com\/index.php\/2025\/10\/28\/van-merkezli-2-ilde-146-milyonluk-operasyon\/","name":"Van merkezli 2 ilde 146 milyonluk operasyon - Van Haber | Van X Haber | Van Haberleri","isPartOf":{"@id":"https:\/\/vanxhaber.com\/#website"},"primaryImageOfPage":{"@id":"https:\/\/vanxhaber.com\/index.php\/2025\/10\/28\/van-merkezli-2-ilde-146-milyonluk-operasyon\/#primaryimage"},"image":{"@id":"https:\/\/vanxhaber.com\/index.php\/2025\/10\/28\/van-merkezli-2-ilde-146-milyonluk-operasyon\/#primaryimage"},"thumbnailUrl":"https:\/\/vanxhaber.com\/wp-content\/uploads\/2025\/10\/van-operasyon-haberleriniz.jpg","datePublished":"2025-10-28T10:17:15+00:00","dateModified":"2025-10-28T10:17:16+00:00","author":{"@id":"https:\/\/vanxhaber.com\/#\/schema\/person\/a5fd8d89510cb5370e62ad176f7978ee"},"breadcrumb":{"@id":"https:\/\/vanxhaber.com\/index.php\/2025\/10\/28\/van-merkezli-2-ilde-146-milyonluk-operasyon\/#breadcrumb"},"inLanguage":"tr","potentialAction":[{"@type":"ReadAction","target":["https:\/\/vanxhaber.com\/index.php\/2025\/10\/28\/van-merkezli-2-ilde-146-milyonluk-operasyon\/"]}]},{"@type":"ImageObject","inLanguage":"tr","@id":"https:\/\/vanxhaber.com\/index.php\/2025\/10\/28\/van-merkezli-2-ilde-146-milyonluk-operasyon\/#primaryimage","url":"https:\/\/vanxhaber.com\/wp-content\/uploads\/2025\/10\/van-operasyon-haberleriniz.jpg","contentUrl":"https:\/\/vanxhaber.com\/wp-content\/uploads\/2025\/10\/van-operasyon-haberleriniz.jpg","width":641,"height":380},{"@type":"BreadcrumbList","@id":"https:\/\/vanxhaber.com\/index.php\/2025\/10\/28\/van-merkezli-2-ilde-146-milyonluk-operasyon\/#breadcrumb","itemListElement":[{"@type":"ListItem","position":1,"name":"Anasayfa","item":"https:\/\/vanxhaber.com\/"},{"@type":"ListItem","position":2,"name":"Van merkezli 2 ilde 146 milyonluk operasyon"}]},{"@type":"WebSite","@id":"https:\/\/vanxhaber.com\/#website","url":"https:\/\/vanxhaber.com\/","name":"Van Haber | Van X Haber | Van Haberleri","description":"Van Haber, Van&#039;\u0131n ilk yapay zeka teknolojileri ile yaz\u0131lan Van X Haber ve Van Haberlerini aktif g\u00fcncel sunan tek vanhaber merkezidir.","potentialAction":[{"@type":"SearchAction","target":{"@type":"EntryPoint","urlTemplate":"https:\/\/vanxhaber.com\/?s={search_term_string}"},"query-input":{"@type":"PropertyValueSpecification","valueRequired":true,"valueName":"search_term_string"}}],"inLanguage":"tr"},{"@type":"Person","@id":"https:\/\/vanxhaber.com\/#\/schema\/person\/a5fd8d89510cb5370e62ad176f7978ee","name":"Van X Haber","image":{"@type":"ImageObject","inLanguage":"tr","@id":"https:\/\/vanxhaber.com\/#\/schema\/person\/image\/","url":"https:\/\/secure.gravatar.com\/avatar\/36f2f63826681263103acb5ca1e7bc1a6db11baea9b75dd091d89b74f2704b07?s=96&d=mm&r=g","contentUrl":"https:\/\/secure.gravatar.com\/avatar\/36f2f63826681263103acb5ca1e7bc1a6db11baea9b75dd091d89b74f2704b07?s=96&d=mm&r=g","caption":"Van X Haber"},"description":"Van X Haber Van'\u0131n ilk ve tek yeni nesil Van Haber merkezi. Son Dakika Van Haberleri ve G\u00fcncel Van haber merkezinde s\u0131cak geli\u015fmeleri aktarmaya devam edece\u011fiz.","url":"https:\/\/vanxhaber.com\/index.php\/author\/vangazetesi\/"}]}},"_links":{"self":[{"href":"https:\/\/vanxhaber.com\/index.php\/wp-json\/wp\/v2\/posts\/2308","targetHints":{"allow":["GET"]}}],"collection":[{"href":"https:\/\/vanxhaber.com\/index.php\/wp-json\/wp\/v2\/posts"}],"about":[{"href":"https:\/\/vanxhaber.com\/index.php\/wp-json\/wp\/v2\/types\/post"}],"author":[{"embeddable":true,"href":"https:\/\/vanxhaber.com\/index.php\/wp-json\/wp\/v2\/users\/2"}],"replies":[{"embeddable":true,"href":"https:\/\/vanxhaber.com\/index.php\/wp-json\/wp\/v2\/comments?post=2308"}],"version-history":[{"count":1,"href":"https:\/\/vanxhaber.com\/index.php\/wp-json\/wp\/v2\/posts\/2308\/revisions"}],"predecessor-version":[{"id":2310,"href":"https:\/\/vanxhaber.com\/index.php\/wp-json\/wp\/v2\/posts\/2308\/revisions\/2310"}],"wp:featuredmedia":[{"embeddable":true,"href":"https:\/\/vanxhaber.com\/index.php\/wp-json\/wp\/v2\/media\/2309"}],"wp:attachment":[{"href":"https:\/\/vanxhaber.com\/index.php\/wp-json\/wp\/v2\/media?parent=2308"}],"wp:term":[{"taxonomy":"category","embeddable":true,"href":"https:\/\/vanxhaber.com\/index.php\/wp-json\/wp\/v2\/categories?post=2308"},{"taxonomy":"post_tag","embeddable":true,"href":"https:\/\/vanxhaber.com\/index.php\/wp-json\/wp\/v2\/tags?post=2308"}],"curies":[{"name":"wp","href":"https:\/\/api.w.org\/{rel}","templated":true}]}}