{"id":2318,"date":"2025-11-11T18:14:43","date_gmt":"2025-11-11T18:14:43","guid":{"rendered":"https:\/\/vanxhaber.com\/?p=2318"},"modified":"2025-11-11T18:22:55","modified_gmt":"2025-11-11T18:22:55","slug":"tanritanir-van-geri-degil-ihmal-edilmis-bir-sehir","status":"publish","type":"post","link":"https:\/\/vanxhaber.com\/index.php\/2025\/11\/11\/tanritanir-van-geri-degil-ihmal-edilmis-bir-sehir\/","title":{"rendered":"Tanr\u0131tan\u0131r, \u201cVan Geri De\u011fil, \u0130hmal Edilmi\u015f Bir \u015eehir\u201d"},"content":{"rendered":"\n<p>Anahtar Parti Van \u0130l Ba\u015fkan\u0131 Osman Tanr\u0131tan\u0131r, SEGE 2017 ve SEGE 2025 verilerini de\u011ferlendirerek Marmara-Ege-Akdeniz hatt\u0131n\u0131n sosyo-ekonomik \u00fcst\u00fcnl\u00fc\u011f\u00fcn\u00fc korudu\u011funu, Do\u011fu ve G\u00fcneydo\u011fu illerinin ise d\u00fc\u015f\u00fck kademelerde yer almaya devam etti\u011fini belirtti. Tanr\u0131tan\u0131r, Van\u2019\u0131n TRB2 b\u00f6lgesinde en k\u0131r\u0131lgan illerden biri oldu\u011funu ifade ederek, yap\u0131sal sorunlara y\u00f6nelik kapsaml\u0131 b\u00f6lgesel kalk\u0131nma politikalar\u0131na ihtiya\u00e7 oldu\u011funu s\u00f6yledi.<\/p>\n\n\n\n<p><strong>\u201cMerkez B\u00fcy\u00fcyor, \u00c7evre Geride Kal\u0131yor\u201d De\u011ferlendirmesi<\/strong><\/p>\n\n\n\n<p>Anahtar Parti Van \u0130l Ba\u015fkan\u0131 <strong>Osman Tanr\u0131tan\u0131r<\/strong>, T\u00fcrkiye\u2019nin sosyo-ekonomik geli\u015fmi\u015flik d\u00fczeyini ortaya koyan <strong>SEGE 2017<\/strong> ve <strong>SEGE 2025<\/strong> sonu\u00e7lar\u0131na ili\u015fkin yaz\u0131l\u0131 bir de\u011ferlendirme yapt\u0131.<\/p>\n\n\n\n<p>Tanr\u0131tan\u0131r, verilerin incelendi\u011finde <strong>Marmara-Ege-Akdeniz hatt\u0131n\u0131n sosyo-ekonomik olarak \u00f6ne \u00e7\u0131kmaya devam etti\u011fini<\/strong>, buna kar\u015f\u0131n <strong>Do\u011fu ve G\u00fcneydo\u011fu Anadolu\u2019daki bir\u00e7ok ilin h\u00e2l\u00e2 d\u00fc\u015f\u00fck kademelerde yer ald\u0131\u011f\u0131n\u0131<\/strong> ifade etti.<\/p>\n\n\n\n<p>Pandemi s\u00fcreci ve 6 \u015eubat depremlerinin b\u00f6lgesel kalk\u0131nma yap\u0131s\u0131n\u0131 olumsuz etkiledi\u011fini belirten Tanr\u0131tan\u0131r, \u00f6zellikle <strong>sanayi politikalar\u0131ndaki sorunlar ve g\u00f6\u00e7 hareketleri nedeniyle bat\u0131 \u015fehirlerinde n\u00fcfusun yo\u011funla\u015ft\u0131\u011f\u0131n\u0131<\/strong>, bunun da ba\u015fta Marmara B\u00f6lgesi olmak \u00fczere fiziki kapasite \u00fczerinde bask\u0131 olu\u015fturdu\u011funu s\u00f6yledi.<\/p>\n\n\n\n<p><strong>\u201cSanayi Anadolu\u2019da Yeniden Konumland\u0131r\u0131lmal\u0131\u201d<\/strong><\/p>\n\n\n\n<p>Tanr\u0131tan\u0131r, a\u00e7\u0131klamas\u0131nda sanayi ve \u00fcretim yap\u0131s\u0131na ili\u015fkin \u015fu de\u011ferlendirmelere yer verdi:<\/p>\n\n\n\n<p>T\u00fcrkiye\u2019de <strong>\u00fcretim, yat\u0131r\u0131m ve istihdam\u0131n belirli b\u00f6lgelerde yo\u011funla\u015ft\u0131\u011f\u0131n\u0131<\/strong>, di\u011fer b\u00f6lgelerde ise kaynaklar\u0131n yeterince de\u011ferlendirilemedi\u011fini dile getiren Tanr\u0131tan\u0131r, bunun gelir farklar\u0131n\u0131 art\u0131rd\u0131\u011f\u0131n\u0131 ve kalk\u0131nman\u0131n s\u00fcrd\u00fcr\u00fclebilirli\u011fini zorla\u015ft\u0131rd\u0131\u011f\u0131n\u0131 belirtti.<\/p>\n\n\n\n<p>Sanayinin <strong>Anadolu\u2019da yeniden konumland\u0131r\u0131lmas\u0131<\/strong> gerekti\u011fini vurgulayan Tanr\u0131tan\u0131r, liman ba\u011flant\u0131l\u0131, ye\u015fil ve dijital d\u00f6n\u00fc\u015f\u00fcm\u00fc destekleyen, i\u015f g\u00fcc\u00fc ve sosyal ya\u015fam altyap\u0131s\u0131yla b\u00fct\u00fcnle\u015fmi\u015f <strong>yeni bir \u00fcretim ekosisteminin<\/strong> \u00f6nemine dikkat \u00e7ekti.<\/p>\n\n\n\n<p><strong>\u201cVan Geri De\u011fil, \u0130hmal Edilmi\u015f Bir \u015eehir\u201d<\/strong><\/p>\n\n\n\n<p>\u0130lin durumuna ayr\u0131 bir parantez a\u00e7an Tanr\u0131tan\u0131r, <strong>Van\u2019\u0131n SEGE 2025\u2019te TRB2 b\u00f6lgesinin en k\u0131r\u0131lgan yap\u0131s\u0131nda yer ald\u0131\u011f\u0131n\u0131<\/strong> belirterek \u015fu ifadeleri kulland\u0131:<\/p>\n\n\n\n<p>E\u011fitim, istihdam, mali kapasite ve eri\u015filebilirlik g\u00f6stergelerinde Van\u2019\u0131n alt s\u0131ralarda yer ald\u0131\u011f\u0131n\u0131 s\u00f6yleyen Tanr\u0131tan\u0131r, <strong>gen\u00e7 n\u00fcfus oran\u0131n\u0131n y\u00fcksek olmas\u0131na ra\u011fmen i\u015fsizlik oranlar\u0131n\u0131n da y\u00fcksek seviyede seyretti\u011fini<\/strong> ifade etti.<\/p>\n\n\n\n<p>Yat\u0131r\u0131m \u00e7ekme kapasitesinin zay\u0131f oldu\u011funu belirten Tanr\u0131tan\u0131r, SEGE verilerinin <strong>Van\u2019\u0131n sorunlar\u0131n\u0131n d\u00f6nemsel de\u011fil yap\u0131sal oldu\u011funu g\u00f6sterdi\u011fini<\/strong>, bug\u00fcne kadar uygulanan b\u00f6lgesel destek politikalar\u0131n\u0131n istenen etkiyi olu\u015fturmad\u0131\u011f\u0131n\u0131 savundu. Tanr\u0131tan\u0131r, Van\u2019\u0131n \u201cgeri kalm\u0131\u015f de\u011fil, ihmal edilmi\u015f bir \u015fehir oldu\u011funu\u201d dile getirdi.<\/p>\n\n\n\n<p><strong>OSB\u2019ler, Tar\u0131ma Dayal\u0131 B\u00f6lgeler ve Turizm Koridorlar\u0131<\/strong><\/p>\n\n\n\n<p>Tanr\u0131tan\u0131r, \u00e7\u00f6z\u00fcm \u00f6nerileri kapsam\u0131nda <strong>yat\u0131r\u0131mlar\u0131n ekonomik potansiyelin yan\u0131 s\u0131ra sosyal fayday\u0131 da g\u00f6zetmesi gerekti\u011fini<\/strong> belirterek, Organize Sanayi B\u00f6lgeleri (OSB), <strong>tar\u0131ma dayal\u0131 ihtisas b\u00f6lgeleri, turizm koridorlar\u0131, mesleki e\u011fitim programlar\u0131, kad\u0131n ve gen\u00e7 istihdam\u0131, dijital eri\u015fim ve ula\u015f\u0131m a\u011flar\u0131<\/strong> gibi alanlara \u00f6ncelik verilmesi gerekti\u011fini s\u00f6yledi.<\/p>\n\n\n\n<p>Bu ad\u0131mlar\u0131n, <strong>b\u00f6lgesel geli\u015fmi\u015flik farklar\u0131n\u0131n azalt\u0131lmas\u0131nda temel rol oynayaca\u011f\u0131n\u0131<\/strong> ifade eden Tanr\u0131tan\u0131r, yerel y\u00f6netimlerin g\u00fc\u00e7lendirilmesi ve <strong>sa\u011fl\u0131k, e\u011fitim, k\u00fclt\u00fcr yat\u0131r\u0131mlar\u0131n\u0131n b\u00f6lgeye daha g\u00fc\u00e7l\u00fc \u015fekilde y\u00f6nlendirilmesinin<\/strong> \u00f6nemine dikkat \u00e7ekti.<\/p>\n\n\n\n<p><strong>\u201cB\u00f6lgesel E\u015fitsizlik Kader De\u011fil\u201d<\/strong><\/p>\n\n\n\n<p>A\u00e7\u0131klamas\u0131n\u0131, t\u00fcm iller i\u00e7in ortak bir \u00e7a\u011fr\u0131yla sonland\u0131ran Tanr\u0131tan\u0131r, <strong>her b\u00f6lgenin kendi kimli\u011fi ve \u00fcretim yap\u0131s\u0131yla katma de\u011fer yaratabilecek g\u00fc\u00e7te oldu\u011funu<\/strong> vurgulad\u0131.<\/p>\n\n\n\n<p>Tanr\u0131tan\u0131r, <strong>b\u00f6lgesel e\u015fitsizliklerin de\u011fi\u015ftirilebilir oldu\u011funu, T\u00fcrkiye\u2019nin t\u00fcm illerinin g\u00fc\u00e7l\u00fc bir gelece\u011fi hak etti\u011fini<\/strong> belirterek, veriye dayal\u0131 ve kapsay\u0131c\u0131 kalk\u0131nma politikalar\u0131n\u0131n \u00f6nemine i\u015faret etti.<\/p>\n","protected":false},"excerpt":{"rendered":"<p>Anahtar Parti Van \u0130l Ba\u015fkan\u0131 Osman Tanr\u0131tan\u0131r, SEGE 2017 ve SEGE 2025 verilerini de\u011ferlendirerek Marmara-Ege-Akdeniz hatt\u0131n\u0131n sosyo-ekonomik \u00fcst\u00fcnl\u00fc\u011f\u00fcn\u00fc korudu\u011funu, Do\u011fu ve G\u00fcneydo\u011fu illerinin ise d\u00fc\u015f\u00fck kademelerde yer almaya devam etti\u011fini belirtti. Tanr\u0131tan\u0131r, Van\u2019\u0131n TRB2 b\u00f6lgesinde en k\u0131r\u0131lgan illerden biri oldu\u011funu ifade ederek, yap\u0131sal sorunlara y\u00f6nelik kapsaml\u0131 b\u00f6lgesel kalk\u0131nma politikalar\u0131na ihtiya\u00e7 oldu\u011funu s\u00f6yledi. \u201cMerkez B\u00fcy\u00fcyor, \u00c7evre &hellip;<\/p>\n","protected":false},"author":2,"featured_media":2319,"comment_status":"open","ping_status":"closed","sticky":false,"template":"","format":"standard","meta":{"googlesitekit_rrm_CAowot3VCw:productID":"","footnotes":""},"categories":[1],"tags":[34,35,36],"class_list":["post-2318","post","type-post","status-publish","format-standard","has-post-thumbnail","hentry","category-van-haber","tag-van","tag-van-haber","tag-van-haberleri"],"yoast_head":"<!-- This site is optimized with the Yoast SEO Premium plugin v21.7 (Yoast SEO v26.7) - https:\/\/yoast.com\/wordpress\/plugins\/seo\/ -->\n<title>Tanr\u0131tan\u0131r, \u201cVan Geri De\u011fil, \u0130hmal Edilmi\u015f Bir \u015eehir\u201d - Van Haber | Van X Haber | Van Haberleri<\/title>\n<meta name=\"robots\" content=\"index, follow, max-snippet:-1, max-image-preview:large, max-video-preview:-1\" \/>\n<link rel=\"canonical\" href=\"https:\/\/vanxhaber.com\/index.php\/2025\/11\/11\/tanritanir-van-geri-degil-ihmal-edilmis-bir-sehir\/\" \/>\n<meta property=\"og:locale\" content=\"tr_TR\" \/>\n<meta property=\"og:type\" content=\"article\" \/>\n<meta property=\"og:title\" content=\"Tanr\u0131tan\u0131r, \u201cVan Geri De\u011fil, \u0130hmal Edilmi\u015f Bir \u015eehir\u201d\" \/>\n<meta property=\"og:description\" content=\"Anahtar Parti Van \u0130l Ba\u015fkan\u0131 Osman Tanr\u0131tan\u0131r, SEGE 2017 ve SEGE 2025 verilerini de\u011ferlendirerek Marmara-Ege-Akdeniz hatt\u0131n\u0131n sosyo-ekonomik \u00fcst\u00fcnl\u00fc\u011f\u00fcn\u00fc korudu\u011funu, Do\u011fu ve G\u00fcneydo\u011fu illerinin ise d\u00fc\u015f\u00fck kademelerde yer almaya devam etti\u011fini belirtti. Tanr\u0131tan\u0131r, Van\u2019\u0131n TRB2 b\u00f6lgesinde en k\u0131r\u0131lgan illerden biri oldu\u011funu ifade ederek, yap\u0131sal sorunlara y\u00f6nelik kapsaml\u0131 b\u00f6lgesel kalk\u0131nma politikalar\u0131na ihtiya\u00e7 oldu\u011funu s\u00f6yledi. \u201cMerkez B\u00fcy\u00fcyor, \u00c7evre &hellip;\" \/>\n<meta property=\"og:url\" content=\"https:\/\/vanxhaber.com\/index.php\/2025\/11\/11\/tanritanir-van-geri-degil-ihmal-edilmis-bir-sehir\/\" \/>\n<meta property=\"og:site_name\" content=\"Van Haber | Van X Haber | Van Haberleri\" \/>\n<meta property=\"article:published_time\" content=\"2025-11-11T18:14:43+00:00\" \/>\n<meta property=\"article:modified_time\" content=\"2025-11-11T18:22:55+00:00\" \/>\n<meta property=\"og:image\" content=\"https:\/\/vanxhaber.com\/wp-content\/uploads\/2025\/11\/Tanritanir-Sanayi-Anadoluda-Yeniden-Konumlandirilmali-scaled.jpeg\" \/>\n\t<meta property=\"og:image:width\" content=\"1920\" \/>\n\t<meta property=\"og:image:height\" content=\"2560\" \/>\n\t<meta property=\"og:image:type\" content=\"image\/jpeg\" \/>\n<meta name=\"author\" content=\"Van X Haber\" \/>\n<meta name=\"twitter:card\" content=\"summary_large_image\" \/>\n<meta name=\"twitter:label1\" content=\"Yazan:\" \/>\n\t<meta name=\"twitter:data1\" content=\"Van X Haber\" \/>\n\t<meta name=\"twitter:label2\" content=\"Tahmini okuma s\u00fcresi\" \/>\n\t<meta name=\"twitter:data2\" content=\"3 dakika\" \/>\n<script type=\"application\/ld+json\" class=\"yoast-schema-graph\">{\"@context\":\"https:\/\/schema.org\",\"@graph\":[{\"@type\":\"Article\",\"@id\":\"https:\/\/vanxhaber.com\/index.php\/2025\/11\/11\/tanritanir-van-geri-degil-ihmal-edilmis-bir-sehir\/#article\",\"isPartOf\":{\"@id\":\"https:\/\/vanxhaber.com\/index.php\/2025\/11\/11\/tanritanir-van-geri-degil-ihmal-edilmis-bir-sehir\/\"},\"author\":{\"name\":\"Van X Haber\",\"@id\":\"https:\/\/vanxhaber.com\/#\/schema\/person\/a5fd8d89510cb5370e62ad176f7978ee\"},\"headline\":\"Tanr\u0131tan\u0131r, \u201cVan Geri De\u011fil, \u0130hmal Edilmi\u015f Bir \u015eehir\u201d\",\"datePublished\":\"2025-11-11T18:14:43+00:00\",\"dateModified\":\"2025-11-11T18:22:55+00:00\",\"mainEntityOfPage\":{\"@id\":\"https:\/\/vanxhaber.com\/index.php\/2025\/11\/11\/tanritanir-van-geri-degil-ihmal-edilmis-bir-sehir\/\"},\"wordCount\":720,\"commentCount\":0,\"image\":{\"@id\":\"https:\/\/vanxhaber.com\/index.php\/2025\/11\/11\/tanritanir-van-geri-degil-ihmal-edilmis-bir-sehir\/#primaryimage\"},\"thumbnailUrl\":\"https:\/\/vanxhaber.com\/wp-content\/uploads\/2025\/11\/Tanritanir-Sanayi-Anadoluda-Yeniden-Konumlandirilmali-scaled.jpeg\",\"keywords\":[\"van\",\"van haber\",\"van haberleri\"],\"articleSection\":[\"Van Haber\"],\"inLanguage\":\"tr\",\"potentialAction\":[{\"@type\":\"CommentAction\",\"name\":\"Comment\",\"target\":[\"https:\/\/vanxhaber.com\/index.php\/2025\/11\/11\/tanritanir-van-geri-degil-ihmal-edilmis-bir-sehir\/#respond\"]}],\"copyrightYear\":\"2025\",\"copyrightHolder\":{\"@id\":\"https:\/\/vanxhaber.com\/#organization\"}},{\"@type\":\"WebPage\",\"@id\":\"https:\/\/vanxhaber.com\/index.php\/2025\/11\/11\/tanritanir-van-geri-degil-ihmal-edilmis-bir-sehir\/\",\"url\":\"https:\/\/vanxhaber.com\/index.php\/2025\/11\/11\/tanritanir-van-geri-degil-ihmal-edilmis-bir-sehir\/\",\"name\":\"Tanr\u0131tan\u0131r, \u201cVan Geri De\u011fil, \u0130hmal Edilmi\u015f Bir \u015eehir\u201d - Van Haber | Van X Haber | Van Haberleri\",\"isPartOf\":{\"@id\":\"https:\/\/vanxhaber.com\/#website\"},\"primaryImageOfPage\":{\"@id\":\"https:\/\/vanxhaber.com\/index.php\/2025\/11\/11\/tanritanir-van-geri-degil-ihmal-edilmis-bir-sehir\/#primaryimage\"},\"image\":{\"@id\":\"https:\/\/vanxhaber.com\/index.php\/2025\/11\/11\/tanritanir-van-geri-degil-ihmal-edilmis-bir-sehir\/#primaryimage\"},\"thumbnailUrl\":\"https:\/\/vanxhaber.com\/wp-content\/uploads\/2025\/11\/Tanritanir-Sanayi-Anadoluda-Yeniden-Konumlandirilmali-scaled.jpeg\",\"datePublished\":\"2025-11-11T18:14:43+00:00\",\"dateModified\":\"2025-11-11T18:22:55+00:00\",\"author\":{\"@id\":\"https:\/\/vanxhaber.com\/#\/schema\/person\/a5fd8d89510cb5370e62ad176f7978ee\"},\"breadcrumb\":{\"@id\":\"https:\/\/vanxhaber.com\/index.php\/2025\/11\/11\/tanritanir-van-geri-degil-ihmal-edilmis-bir-sehir\/#breadcrumb\"},\"inLanguage\":\"tr\",\"potentialAction\":[{\"@type\":\"ReadAction\",\"target\":[\"https:\/\/vanxhaber.com\/index.php\/2025\/11\/11\/tanritanir-van-geri-degil-ihmal-edilmis-bir-sehir\/\"]}]},{\"@type\":\"ImageObject\",\"inLanguage\":\"tr\",\"@id\":\"https:\/\/vanxhaber.com\/index.php\/2025\/11\/11\/tanritanir-van-geri-degil-ihmal-edilmis-bir-sehir\/#primaryimage\",\"url\":\"https:\/\/vanxhaber.com\/wp-content\/uploads\/2025\/11\/Tanritanir-Sanayi-Anadoluda-Yeniden-Konumlandirilmali-scaled.jpeg\",\"contentUrl\":\"https:\/\/vanxhaber.com\/wp-content\/uploads\/2025\/11\/Tanritanir-Sanayi-Anadoluda-Yeniden-Konumlandirilmali-scaled.jpeg\",\"width\":1920,\"height\":2560},{\"@type\":\"BreadcrumbList\",\"@id\":\"https:\/\/vanxhaber.com\/index.php\/2025\/11\/11\/tanritanir-van-geri-degil-ihmal-edilmis-bir-sehir\/#breadcrumb\",\"itemListElement\":[{\"@type\":\"ListItem\",\"position\":1,\"name\":\"Anasayfa\",\"item\":\"https:\/\/vanxhaber.com\/\"},{\"@type\":\"ListItem\",\"position\":2,\"name\":\"Tanr\u0131tan\u0131r, \u201cVan Geri De\u011fil, \u0130hmal Edilmi\u015f Bir \u015eehir\u201d\"}]},{\"@type\":\"WebSite\",\"@id\":\"https:\/\/vanxhaber.com\/#website\",\"url\":\"https:\/\/vanxhaber.com\/\",\"name\":\"Van Haber | Van X Haber | Van Haberleri\",\"description\":\"Van Haber, Van&#039;\u0131n ilk yapay zeka teknolojileri ile yaz\u0131lan Van X Haber ve Van Haberlerini aktif g\u00fcncel sunan tek vanhaber merkezidir.\",\"potentialAction\":[{\"@type\":\"SearchAction\",\"target\":{\"@type\":\"EntryPoint\",\"urlTemplate\":\"https:\/\/vanxhaber.com\/?s={search_term_string}\"},\"query-input\":{\"@type\":\"PropertyValueSpecification\",\"valueRequired\":true,\"valueName\":\"search_term_string\"}}],\"inLanguage\":\"tr\"},{\"@type\":\"Person\",\"@id\":\"https:\/\/vanxhaber.com\/#\/schema\/person\/a5fd8d89510cb5370e62ad176f7978ee\",\"name\":\"Van X Haber\",\"image\":{\"@type\":\"ImageObject\",\"inLanguage\":\"tr\",\"@id\":\"https:\/\/vanxhaber.com\/#\/schema\/person\/image\/\",\"url\":\"https:\/\/secure.gravatar.com\/avatar\/36f2f63826681263103acb5ca1e7bc1a6db11baea9b75dd091d89b74f2704b07?s=96&d=mm&r=g\",\"contentUrl\":\"https:\/\/secure.gravatar.com\/avatar\/36f2f63826681263103acb5ca1e7bc1a6db11baea9b75dd091d89b74f2704b07?s=96&d=mm&r=g\",\"caption\":\"Van X Haber\"},\"description\":\"Van X Haber Van'\u0131n ilk ve tek yeni nesil Van Haber merkezi. Son Dakika Van Haberleri ve G\u00fcncel Van haber merkezinde s\u0131cak geli\u015fmeleri aktarmaya devam edece\u011fiz.\",\"url\":\"https:\/\/vanxhaber.com\/index.php\/author\/vangazetesi\/\"}]}<\/script>\n<!-- \/ Yoast SEO Premium plugin. -->","yoast_head_json":{"title":"Tanr\u0131tan\u0131r, \u201cVan Geri De\u011fil, \u0130hmal Edilmi\u015f Bir \u015eehir\u201d - Van Haber | Van X Haber | Van Haberleri","robots":{"index":"index","follow":"follow","max-snippet":"max-snippet:-1","max-image-preview":"max-image-preview:large","max-video-preview":"max-video-preview:-1"},"canonical":"https:\/\/vanxhaber.com\/index.php\/2025\/11\/11\/tanritanir-van-geri-degil-ihmal-edilmis-bir-sehir\/","og_locale":"tr_TR","og_type":"article","og_title":"Tanr\u0131tan\u0131r, \u201cVan Geri De\u011fil, \u0130hmal Edilmi\u015f Bir \u015eehir\u201d","og_description":"Anahtar Parti Van \u0130l Ba\u015fkan\u0131 Osman Tanr\u0131tan\u0131r, SEGE 2017 ve SEGE 2025 verilerini de\u011ferlendirerek Marmara-Ege-Akdeniz hatt\u0131n\u0131n sosyo-ekonomik \u00fcst\u00fcnl\u00fc\u011f\u00fcn\u00fc korudu\u011funu, Do\u011fu ve G\u00fcneydo\u011fu illerinin ise d\u00fc\u015f\u00fck kademelerde yer almaya devam etti\u011fini belirtti. Tanr\u0131tan\u0131r, Van\u2019\u0131n TRB2 b\u00f6lgesinde en k\u0131r\u0131lgan illerden biri oldu\u011funu ifade ederek, yap\u0131sal sorunlara y\u00f6nelik kapsaml\u0131 b\u00f6lgesel kalk\u0131nma politikalar\u0131na ihtiya\u00e7 oldu\u011funu s\u00f6yledi. \u201cMerkez B\u00fcy\u00fcyor, \u00c7evre &hellip;","og_url":"https:\/\/vanxhaber.com\/index.php\/2025\/11\/11\/tanritanir-van-geri-degil-ihmal-edilmis-bir-sehir\/","og_site_name":"Van Haber | Van X Haber | Van Haberleri","article_published_time":"2025-11-11T18:14:43+00:00","article_modified_time":"2025-11-11T18:22:55+00:00","og_image":[{"width":1920,"height":2560,"url":"https:\/\/vanxhaber.com\/wp-content\/uploads\/2025\/11\/Tanritanir-Sanayi-Anadoluda-Yeniden-Konumlandirilmali-scaled.jpeg","type":"image\/jpeg"}],"author":"Van X Haber","twitter_card":"summary_large_image","twitter_misc":{"Yazan:":"Van X Haber","Tahmini okuma s\u00fcresi":"3 dakika"},"schema":{"@context":"https:\/\/schema.org","@graph":[{"@type":"Article","@id":"https:\/\/vanxhaber.com\/index.php\/2025\/11\/11\/tanritanir-van-geri-degil-ihmal-edilmis-bir-sehir\/#article","isPartOf":{"@id":"https:\/\/vanxhaber.com\/index.php\/2025\/11\/11\/tanritanir-van-geri-degil-ihmal-edilmis-bir-sehir\/"},"author":{"name":"Van X Haber","@id":"https:\/\/vanxhaber.com\/#\/schema\/person\/a5fd8d89510cb5370e62ad176f7978ee"},"headline":"Tanr\u0131tan\u0131r, \u201cVan Geri De\u011fil, \u0130hmal Edilmi\u015f Bir \u015eehir\u201d","datePublished":"2025-11-11T18:14:43+00:00","dateModified":"2025-11-11T18:22:55+00:00","mainEntityOfPage":{"@id":"https:\/\/vanxhaber.com\/index.php\/2025\/11\/11\/tanritanir-van-geri-degil-ihmal-edilmis-bir-sehir\/"},"wordCount":720,"commentCount":0,"image":{"@id":"https:\/\/vanxhaber.com\/index.php\/2025\/11\/11\/tanritanir-van-geri-degil-ihmal-edilmis-bir-sehir\/#primaryimage"},"thumbnailUrl":"https:\/\/vanxhaber.com\/wp-content\/uploads\/2025\/11\/Tanritanir-Sanayi-Anadoluda-Yeniden-Konumlandirilmali-scaled.jpeg","keywords":["van","van haber","van haberleri"],"articleSection":["Van Haber"],"inLanguage":"tr","potentialAction":[{"@type":"CommentAction","name":"Comment","target":["https:\/\/vanxhaber.com\/index.php\/2025\/11\/11\/tanritanir-van-geri-degil-ihmal-edilmis-bir-sehir\/#respond"]}],"copyrightYear":"2025","copyrightHolder":{"@id":"https:\/\/vanxhaber.com\/#organization"}},{"@type":"WebPage","@id":"https:\/\/vanxhaber.com\/index.php\/2025\/11\/11\/tanritanir-van-geri-degil-ihmal-edilmis-bir-sehir\/","url":"https:\/\/vanxhaber.com\/index.php\/2025\/11\/11\/tanritanir-van-geri-degil-ihmal-edilmis-bir-sehir\/","name":"Tanr\u0131tan\u0131r, \u201cVan Geri De\u011fil, \u0130hmal Edilmi\u015f Bir \u015eehir\u201d - Van Haber | Van X Haber | Van Haberleri","isPartOf":{"@id":"https:\/\/vanxhaber.com\/#website"},"primaryImageOfPage":{"@id":"https:\/\/vanxhaber.com\/index.php\/2025\/11\/11\/tanritanir-van-geri-degil-ihmal-edilmis-bir-sehir\/#primaryimage"},"image":{"@id":"https:\/\/vanxhaber.com\/index.php\/2025\/11\/11\/tanritanir-van-geri-degil-ihmal-edilmis-bir-sehir\/#primaryimage"},"thumbnailUrl":"https:\/\/vanxhaber.com\/wp-content\/uploads\/2025\/11\/Tanritanir-Sanayi-Anadoluda-Yeniden-Konumlandirilmali-scaled.jpeg","datePublished":"2025-11-11T18:14:43+00:00","dateModified":"2025-11-11T18:22:55+00:00","author":{"@id":"https:\/\/vanxhaber.com\/#\/schema\/person\/a5fd8d89510cb5370e62ad176f7978ee"},"breadcrumb":{"@id":"https:\/\/vanxhaber.com\/index.php\/2025\/11\/11\/tanritanir-van-geri-degil-ihmal-edilmis-bir-sehir\/#breadcrumb"},"inLanguage":"tr","potentialAction":[{"@type":"ReadAction","target":["https:\/\/vanxhaber.com\/index.php\/2025\/11\/11\/tanritanir-van-geri-degil-ihmal-edilmis-bir-sehir\/"]}]},{"@type":"ImageObject","inLanguage":"tr","@id":"https:\/\/vanxhaber.com\/index.php\/2025\/11\/11\/tanritanir-van-geri-degil-ihmal-edilmis-bir-sehir\/#primaryimage","url":"https:\/\/vanxhaber.com\/wp-content\/uploads\/2025\/11\/Tanritanir-Sanayi-Anadoluda-Yeniden-Konumlandirilmali-scaled.jpeg","contentUrl":"https:\/\/vanxhaber.com\/wp-content\/uploads\/2025\/11\/Tanritanir-Sanayi-Anadoluda-Yeniden-Konumlandirilmali-scaled.jpeg","width":1920,"height":2560},{"@type":"BreadcrumbList","@id":"https:\/\/vanxhaber.com\/index.php\/2025\/11\/11\/tanritanir-van-geri-degil-ihmal-edilmis-bir-sehir\/#breadcrumb","itemListElement":[{"@type":"ListItem","position":1,"name":"Anasayfa","item":"https:\/\/vanxhaber.com\/"},{"@type":"ListItem","position":2,"name":"Tanr\u0131tan\u0131r, \u201cVan Geri De\u011fil, \u0130hmal Edilmi\u015f Bir \u015eehir\u201d"}]},{"@type":"WebSite","@id":"https:\/\/vanxhaber.com\/#website","url":"https:\/\/vanxhaber.com\/","name":"Van Haber | Van X Haber | Van Haberleri","description":"Van Haber, Van&#039;\u0131n ilk yapay zeka teknolojileri ile yaz\u0131lan Van X Haber ve Van Haberlerini aktif g\u00fcncel sunan tek vanhaber merkezidir.","potentialAction":[{"@type":"SearchAction","target":{"@type":"EntryPoint","urlTemplate":"https:\/\/vanxhaber.com\/?s={search_term_string}"},"query-input":{"@type":"PropertyValueSpecification","valueRequired":true,"valueName":"search_term_string"}}],"inLanguage":"tr"},{"@type":"Person","@id":"https:\/\/vanxhaber.com\/#\/schema\/person\/a5fd8d89510cb5370e62ad176f7978ee","name":"Van X Haber","image":{"@type":"ImageObject","inLanguage":"tr","@id":"https:\/\/vanxhaber.com\/#\/schema\/person\/image\/","url":"https:\/\/secure.gravatar.com\/avatar\/36f2f63826681263103acb5ca1e7bc1a6db11baea9b75dd091d89b74f2704b07?s=96&d=mm&r=g","contentUrl":"https:\/\/secure.gravatar.com\/avatar\/36f2f63826681263103acb5ca1e7bc1a6db11baea9b75dd091d89b74f2704b07?s=96&d=mm&r=g","caption":"Van X Haber"},"description":"Van X Haber Van'\u0131n ilk ve tek yeni nesil Van Haber merkezi. Son Dakika Van Haberleri ve G\u00fcncel Van haber merkezinde s\u0131cak geli\u015fmeleri aktarmaya devam edece\u011fiz.","url":"https:\/\/vanxhaber.com\/index.php\/author\/vangazetesi\/"}]}},"_links":{"self":[{"href":"https:\/\/vanxhaber.com\/index.php\/wp-json\/wp\/v2\/posts\/2318","targetHints":{"allow":["GET"]}}],"collection":[{"href":"https:\/\/vanxhaber.com\/index.php\/wp-json\/wp\/v2\/posts"}],"about":[{"href":"https:\/\/vanxhaber.com\/index.php\/wp-json\/wp\/v2\/types\/post"}],"author":[{"embeddable":true,"href":"https:\/\/vanxhaber.com\/index.php\/wp-json\/wp\/v2\/users\/2"}],"replies":[{"embeddable":true,"href":"https:\/\/vanxhaber.com\/index.php\/wp-json\/wp\/v2\/comments?post=2318"}],"version-history":[{"count":1,"href":"https:\/\/vanxhaber.com\/index.php\/wp-json\/wp\/v2\/posts\/2318\/revisions"}],"predecessor-version":[{"id":2320,"href":"https:\/\/vanxhaber.com\/index.php\/wp-json\/wp\/v2\/posts\/2318\/revisions\/2320"}],"wp:featuredmedia":[{"embeddable":true,"href":"https:\/\/vanxhaber.com\/index.php\/wp-json\/wp\/v2\/media\/2319"}],"wp:attachment":[{"href":"https:\/\/vanxhaber.com\/index.php\/wp-json\/wp\/v2\/media?parent=2318"}],"wp:term":[{"taxonomy":"category","embeddable":true,"href":"https:\/\/vanxhaber.com\/index.php\/wp-json\/wp\/v2\/categories?post=2318"},{"taxonomy":"post_tag","embeddable":true,"href":"https:\/\/vanxhaber.com\/index.php\/wp-json\/wp\/v2\/tags?post=2318"}],"curies":[{"name":"wp","href":"https:\/\/api.w.org\/{rel}","templated":true}]}}