{"id":2321,"date":"2025-11-11T20:50:35","date_gmt":"2025-11-11T20:50:35","guid":{"rendered":"https:\/\/vanxhaber.com\/?p=2321"},"modified":"2025-11-11T20:50:36","modified_gmt":"2025-11-11T20:50:36","slug":"kiziltas-koltuk-hevesi-degil-abilik-yapacak","status":"publish","type":"post","link":"https:\/\/vanxhaber.com\/index.php\/2025\/11\/11\/kiziltas-koltuk-hevesi-degil-abilik-yapacak\/","title":{"rendered":"KIZILTA\u015e, &#8220;KOLTUK HEVES\u0130 DE\u011e\u0130L, AB\u0130L\u0130K YAPACAK&#8221;"},"content":{"rendered":"\n<p><strong>Van&#8217;\u0131n tan\u0131nan esnaflar\u0131ndan Oscar Reklam i\u015fletme sahibi Erhan K\u0131z\u0131lta\u015f, yakla\u015fan oda se\u00e7imlerinde Van Demirciler Tornac\u0131lar ve Tamirciler Esnaf ve Sanatk\u00e2rlar\u0131 Odas\u0131 Ba\u015fkan Aday\u0131 Berat Akdeniz&#8217;e g\u00fcvenini dile getirdi.<\/strong><\/p>\n\n\n\n<p>VAN \u2013 Van&#8217;da reklamc\u0131l\u0131k sekt\u00f6r\u00fcn\u00fcn \u00f6nde gelen firmalar\u0131ndan Oscar Reklam&#8217;\u0131n sahibi ve tan\u0131nan esnaf Erhan K\u0131z\u0131lta\u015f, yakla\u015fan Van Demirciler Tornac\u0131lar ve Tamirciler Esnaf ve Sanatk\u00e2rlar\u0131 Odas\u0131 se\u00e7imleri \u00f6ncesinde \u00f6nemli a\u00e7\u0131klamalarda bulundu. K\u0131z\u0131lta\u015f, odan\u0131n Ba\u015fkan Aday\u0131 Berat Akdeniz&#8217;e tam destek verdiklerini ve esnaf camias\u0131n\u0131n sorunlar\u0131n\u0131n \u00e7\u00f6z\u00fcm\u00fc i\u00e7in Akdeniz&#8217;e g\u00fcvendiklerini net bir dille ifade etti.<\/p>\n\n\n\n<p><strong>SEKT\u00d6RDE 7 YILLIK TECR\u00dcBE VE ULUSLARARASI FAAL\u0130YET<\/strong><\/p>\n\n\n\n<p>Kendi ticari faaliyetleri hakk\u0131nda bilgi veren Erhan K\u0131z\u0131lta\u015f, yakla\u015f\u0131k 7 y\u0131ld\u0131r Do\u011fu ve G\u00fcneydo\u011fu&#8217;da kutu harf imalat\u0131 yapt\u0131\u011f\u0131n\u0131 belirtti. \u0130\u015fletmesinin uluslararas\u0131 alana da yay\u0131ld\u0131\u011f\u0131n\u0131 vurgulayan K\u0131z\u0131lta\u015f, &#8220;T\u00fcrkiye\u2019nin d\u0131\u015f\u0131nda Avrupa\u2019ya da ithalat ihracat yap\u0131yoruz&#8221; dedi. Ayr\u0131ca, b\u00f6lgedeki reklamc\u0131 arkada\u015flara yurt d\u0131\u015f\u0131ndan getirilen makine ve kutu harf makineleri sat\u0131\u015f\u0131 da yapt\u0131klar\u0131n\u0131 s\u00f6zlerine ekledi.<\/p>\n\n\n\n<p><strong>&#8220;HER SIKINTIMIZA KO\u015eACA\u011eINA G\u00d6N\u00dcLDEN \u0130NANIYORUZ&#8221;<\/strong><\/p>\n\n\n\n<p>Oda se\u00e7imleri hakk\u0131ndaki g\u00f6r\u00fc\u015flerini a\u00e7\u0131klayan K\u0131z\u0131lta\u015f, Berat Akdeniz&#8217;in \u015fahs\u0131na olan g\u00fcvenlerinin uzun y\u0131llara dayand\u0131\u011f\u0131n\u0131 s\u00f6yledi. &#8220;Berat Bey\u2019i biz yeni tan\u0131m\u0131yoruz, y\u0131llard\u0131r biliyoruz. Verdi\u011fi s\u00f6z\u00fc, esnafl\u0131\u011f\u0131, ki\u015fili\u011fi, karakteri tart\u0131\u015f\u0131lamaz&#8221; ifadelerini kullanan K\u0131z\u0131lta\u015f, Akdeniz&#8217;in se\u00e7ilmesi durumunda esnaf\u0131n zorland\u0131\u011f\u0131 bir\u00e7ok konuda yol a\u00e7aca\u011f\u0131na inand\u0131klar\u0131n\u0131 belirtti.<\/p>\n\n\n\n<p>K\u0131z\u0131lta\u015f, &#8220;Van Demirciler Tornac\u0131lar ve Tamirciler Esnaf ve Sanatk\u00e2rlar\u0131 Odas\u0131 Ba\u015fkan Aday\u0131 Berat Akdeniz, ba\u015fa gelirse bizim burada zorland\u0131\u011f\u0131m\u0131z bir\u00e7ok noktada \u00f6n\u00fcm\u00fcze ger\u00e7ekten yol olaca\u011f\u0131na da inan\u0131yoruz. Yani kalbimiz Berat Bey&#8217;le. \u00c7\u00fcnk\u00fc her s\u0131k\u0131nt\u0131m\u0131za ko\u015faca\u011f\u0131na can\u0131 g\u00f6n\u00fclden inan\u0131yorum&#8221; dedi.<\/p>\n\n\n\n<p><strong>&#8220;KOLTUK HEVES\u0130 DE\u011e\u0130L, AB\u0130L\u0130K YAPACAK&#8221;<\/strong><\/p>\n\n\n\n<p>Berat Akdeniz&#8217;in sadece bir koltuk i\u00e7in ba\u015fkanl\u0131k yapmayaca\u011f\u0131na inand\u0131klar\u0131n\u0131 belirten Erhan K\u0131z\u0131lta\u015f, Akdeniz\u2019in samimi ve emek\u00e7i kimli\u011fini \u00f6n plana \u00e7\u0131kard\u0131. K\u0131z\u0131lta\u015f, &#8220;Berat Bey ger\u00e7ekten verdi\u011fi s\u00f6z\u00fcn eridir. Bir koltuk hevesiyle ba\u015fkanl\u0131k gibi bir d\u00fc\u015f\u00fcncesi olmad\u0131\u011f\u0131na da inan\u0131yoruz&#8221; \u015feklinde konu\u015ftu.<\/p>\n\n\n\n<p>Akdeniz&#8217;in se\u00e7ilmesi halinde esnaf i\u00e7in b\u00fcy\u00fck bir destek olaca\u011f\u0131n\u0131 dile getiren K\u0131z\u0131lta\u015f, &#8220;\u0130thalat ihracat i\u015flerimizde veya firmam\u0131z\u0131 daha b\u00fcy\u00fck bir yere getirmede zorland\u0131\u011f\u0131m\u0131z noktalarda elbette bize abilik, yeri gelir ba\u015fkanl\u0131k yapaca\u011f\u0131na da inan\u0131yoruz&#8221; dedi. Ayr\u0131ca Akdeniz\u2019in hizmetlerinde menfaat g\u00fctmedi\u011fini bildiklerini, se\u00e7imden sonra maa\u015f veya keyfi d\u00fc\u015f\u00fcncelere girmeyece\u011fini de s\u00f6zlerine ekledi.<\/p>\n\n\n\n<p><strong>ESNAFA \u00c7A\u011eRI: D\u00dcR\u00dcST H\u0130ZMET \u0130\u00c7\u0130N AKDEN\u0130Z<\/strong><\/p>\n\n\n\n<p>Erhan K\u0131z\u0131lta\u015f, Berat Akdeniz&#8217;e olan g\u00fcvenini \u015fu s\u00f6zlerle peki\u015ftirdi: &#8220;Berat Bey de bizim gibi emek\u00e7i bir insand\u0131r. Bizden gelen bir insand\u0131r. Bir sorunumuz olduysa Van Demirciler Tornac\u0131lar ve Tamirciler Esnaf ve Sanatk\u00e2rlar\u0131 Odas\u0131 Ba\u015fkan Aday\u0131 Berat Akdeniz ile konu\u015ftu\u011fumuz zaman o sorunumuzun bizzat \u00e7\u00f6z\u00fclece\u011fine \u00e7ok iyi inan\u0131yorum ve g\u00fcveniyorum.&#8221;<\/p>\n\n\n\n<p>T\u00fcm esnaflara \u00e7a\u011fr\u0131da bulunan K\u0131z\u0131lta\u015f, &#8220;Kaliteli, d\u00fcr\u00fcst bir hizmet istiyorlarsa bence Van Demirciler Tornac\u0131lar ve Tamirciler Esnaf ve Sanatk\u00e2rlar\u0131 Odas\u0131 Ba\u015fkan Aday\u0131 Berat Akdeniz\u2019i se\u00e7melerini isterim&#8221; diyerek s\u00f6zlerini tamamlad\u0131.<\/p>\n","protected":false},"excerpt":{"rendered":"<p>Van&#8217;\u0131n tan\u0131nan esnaflar\u0131ndan Oscar Reklam i\u015fletme sahibi Erhan K\u0131z\u0131lta\u015f, yakla\u015fan oda se\u00e7imlerinde Van Demirciler Tornac\u0131lar ve Tamirciler Esnaf ve Sanatk\u00e2rlar\u0131 Odas\u0131 Ba\u015fkan Aday\u0131 Berat Akdeniz&#8217;e g\u00fcvenini dile getirdi. VAN \u2013 Van&#8217;da reklamc\u0131l\u0131k sekt\u00f6r\u00fcn\u00fcn \u00f6nde gelen firmalar\u0131ndan Oscar Reklam&#8217;\u0131n sahibi ve tan\u0131nan esnaf Erhan K\u0131z\u0131lta\u015f, yakla\u015fan Van Demirciler Tornac\u0131lar ve Tamirciler Esnaf ve Sanatk\u00e2rlar\u0131 Odas\u0131 se\u00e7imleri &hellip;<\/p>\n","protected":false},"author":2,"featured_media":2322,"comment_status":"open","ping_status":"closed","sticky":false,"template":"","format":"standard","meta":{"googlesitekit_rrm_CAowot3VCw:productID":"","footnotes":""},"categories":[1],"tags":[148,161,38,34,35,36,46],"class_list":["post-2321","post","type-post","status-publish","format-standard","has-post-thumbnail","hentry","category-van-haber","tag-berat-akdeniz","tag-erhan-kiziltas","tag-son-dakika","tag-van","tag-van-haber","tag-van-haberleri","tag-vanhaber"],"yoast_head":"<!-- This site is optimized with the Yoast SEO Premium plugin v21.7 (Yoast SEO v26.7) - https:\/\/yoast.com\/wordpress\/plugins\/seo\/ -->\n<title>KIZILTA\u015e, &quot;KOLTUK HEVES\u0130 DE\u011e\u0130L, AB\u0130L\u0130K YAPACAK&quot; - Van Haber | Van X Haber | Van Haberleri<\/title>\n<meta name=\"robots\" content=\"index, follow, max-snippet:-1, max-image-preview:large, max-video-preview:-1\" \/>\n<link rel=\"canonical\" href=\"https:\/\/vanxhaber.com\/index.php\/2025\/11\/11\/kiziltas-koltuk-hevesi-degil-abilik-yapacak\/\" \/>\n<meta property=\"og:locale\" content=\"tr_TR\" \/>\n<meta property=\"og:type\" content=\"article\" \/>\n<meta property=\"og:title\" content=\"KIZILTA\u015e, &quot;KOLTUK HEVES\u0130 DE\u011e\u0130L, AB\u0130L\u0130K YAPACAK&quot;\" \/>\n<meta property=\"og:description\" content=\"Van&#8217;\u0131n tan\u0131nan esnaflar\u0131ndan Oscar Reklam i\u015fletme sahibi Erhan K\u0131z\u0131lta\u015f, yakla\u015fan oda se\u00e7imlerinde Van Demirciler Tornac\u0131lar ve Tamirciler Esnaf ve Sanatk\u00e2rlar\u0131 Odas\u0131 Ba\u015fkan Aday\u0131 Berat Akdeniz&#8217;e g\u00fcvenini dile getirdi. VAN \u2013 Van&#8217;da reklamc\u0131l\u0131k sekt\u00f6r\u00fcn\u00fcn \u00f6nde gelen firmalar\u0131ndan Oscar Reklam&#8217;\u0131n sahibi ve tan\u0131nan esnaf Erhan K\u0131z\u0131lta\u015f, yakla\u015fan Van Demirciler Tornac\u0131lar ve Tamirciler Esnaf ve Sanatk\u00e2rlar\u0131 Odas\u0131 se\u00e7imleri &hellip;\" \/>\n<meta property=\"og:url\" content=\"https:\/\/vanxhaber.com\/index.php\/2025\/11\/11\/kiziltas-koltuk-hevesi-degil-abilik-yapacak\/\" \/>\n<meta property=\"og:site_name\" content=\"Van Haber | Van X Haber | Van Haberleri\" \/>\n<meta property=\"article:published_time\" content=\"2025-11-11T20:50:35+00:00\" \/>\n<meta property=\"article:modified_time\" content=\"2025-11-11T20:50:36+00:00\" \/>\n<meta property=\"og:image\" content=\"https:\/\/vanxhaber.com\/wp-content\/uploads\/2025\/11\/WhatsApp-Image-2025-11-11-at-21.55.22-e1762894200926.jpeg\" \/>\n\t<meta property=\"og:image:width\" content=\"1066\" \/>\n\t<meta property=\"og:image:height\" content=\"720\" \/>\n\t<meta property=\"og:image:type\" content=\"image\/jpeg\" \/>\n<meta name=\"author\" content=\"Van X Haber\" \/>\n<meta name=\"twitter:card\" content=\"summary_large_image\" \/>\n<meta name=\"twitter:label1\" content=\"Yazan:\" \/>\n\t<meta name=\"twitter:data1\" content=\"Van X Haber\" \/>\n\t<meta name=\"twitter:label2\" content=\"Tahmini okuma s\u00fcresi\" \/>\n\t<meta name=\"twitter:data2\" content=\"3 dakika\" \/>\n<script type=\"application\/ld+json\" class=\"yoast-schema-graph\">{\"@context\":\"https:\/\/schema.org\",\"@graph\":[{\"@type\":\"Article\",\"@id\":\"https:\/\/vanxhaber.com\/index.php\/2025\/11\/11\/kiziltas-koltuk-hevesi-degil-abilik-yapacak\/#article\",\"isPartOf\":{\"@id\":\"https:\/\/vanxhaber.com\/index.php\/2025\/11\/11\/kiziltas-koltuk-hevesi-degil-abilik-yapacak\/\"},\"author\":{\"name\":\"Van X Haber\",\"@id\":\"https:\/\/vanxhaber.com\/#\/schema\/person\/a5fd8d89510cb5370e62ad176f7978ee\"},\"headline\":\"KIZILTA\u015e, &#8220;KOLTUK HEVES\u0130 DE\u011e\u0130L, AB\u0130L\u0130K YAPACAK&#8221;\",\"datePublished\":\"2025-11-11T20:50:35+00:00\",\"dateModified\":\"2025-11-11T20:50:36+00:00\",\"mainEntityOfPage\":{\"@id\":\"https:\/\/vanxhaber.com\/index.php\/2025\/11\/11\/kiziltas-koltuk-hevesi-degil-abilik-yapacak\/\"},\"wordCount\":631,\"commentCount\":0,\"image\":{\"@id\":\"https:\/\/vanxhaber.com\/index.php\/2025\/11\/11\/kiziltas-koltuk-hevesi-degil-abilik-yapacak\/#primaryimage\"},\"thumbnailUrl\":\"https:\/\/vanxhaber.com\/wp-content\/uploads\/2025\/11\/WhatsApp-Image-2025-11-11-at-21.55.22-e1762894200926.jpeg\",\"keywords\":[\"berat akdeniz\",\"erhan k\u0131z\u0131lta\u015f\",\"son dakika\",\"van\",\"van haber\",\"van haberleri\",\"vanhaber\"],\"articleSection\":[\"Van Haber\"],\"inLanguage\":\"tr\",\"potentialAction\":[{\"@type\":\"CommentAction\",\"name\":\"Comment\",\"target\":[\"https:\/\/vanxhaber.com\/index.php\/2025\/11\/11\/kiziltas-koltuk-hevesi-degil-abilik-yapacak\/#respond\"]}],\"copyrightYear\":\"2025\",\"copyrightHolder\":{\"@id\":\"https:\/\/vanxhaber.com\/#organization\"}},{\"@type\":\"WebPage\",\"@id\":\"https:\/\/vanxhaber.com\/index.php\/2025\/11\/11\/kiziltas-koltuk-hevesi-degil-abilik-yapacak\/\",\"url\":\"https:\/\/vanxhaber.com\/index.php\/2025\/11\/11\/kiziltas-koltuk-hevesi-degil-abilik-yapacak\/\",\"name\":\"KIZILTA\u015e, \\\"KOLTUK HEVES\u0130 DE\u011e\u0130L, AB\u0130L\u0130K YAPACAK\\\" - Van Haber | Van X Haber | Van Haberleri\",\"isPartOf\":{\"@id\":\"https:\/\/vanxhaber.com\/#website\"},\"primaryImageOfPage\":{\"@id\":\"https:\/\/vanxhaber.com\/index.php\/2025\/11\/11\/kiziltas-koltuk-hevesi-degil-abilik-yapacak\/#primaryimage\"},\"image\":{\"@id\":\"https:\/\/vanxhaber.com\/index.php\/2025\/11\/11\/kiziltas-koltuk-hevesi-degil-abilik-yapacak\/#primaryimage\"},\"thumbnailUrl\":\"https:\/\/vanxhaber.com\/wp-content\/uploads\/2025\/11\/WhatsApp-Image-2025-11-11-at-21.55.22-e1762894200926.jpeg\",\"datePublished\":\"2025-11-11T20:50:35+00:00\",\"dateModified\":\"2025-11-11T20:50:36+00:00\",\"author\":{\"@id\":\"https:\/\/vanxhaber.com\/#\/schema\/person\/a5fd8d89510cb5370e62ad176f7978ee\"},\"breadcrumb\":{\"@id\":\"https:\/\/vanxhaber.com\/index.php\/2025\/11\/11\/kiziltas-koltuk-hevesi-degil-abilik-yapacak\/#breadcrumb\"},\"inLanguage\":\"tr\",\"potentialAction\":[{\"@type\":\"ReadAction\",\"target\":[\"https:\/\/vanxhaber.com\/index.php\/2025\/11\/11\/kiziltas-koltuk-hevesi-degil-abilik-yapacak\/\"]}]},{\"@type\":\"ImageObject\",\"inLanguage\":\"tr\",\"@id\":\"https:\/\/vanxhaber.com\/index.php\/2025\/11\/11\/kiziltas-koltuk-hevesi-degil-abilik-yapacak\/#primaryimage\",\"url\":\"https:\/\/vanxhaber.com\/wp-content\/uploads\/2025\/11\/WhatsApp-Image-2025-11-11-at-21.55.22-e1762894200926.jpeg\",\"contentUrl\":\"https:\/\/vanxhaber.com\/wp-content\/uploads\/2025\/11\/WhatsApp-Image-2025-11-11-at-21.55.22-e1762894200926.jpeg\",\"width\":1066,\"height\":720},{\"@type\":\"BreadcrumbList\",\"@id\":\"https:\/\/vanxhaber.com\/index.php\/2025\/11\/11\/kiziltas-koltuk-hevesi-degil-abilik-yapacak\/#breadcrumb\",\"itemListElement\":[{\"@type\":\"ListItem\",\"position\":1,\"name\":\"Anasayfa\",\"item\":\"https:\/\/vanxhaber.com\/\"},{\"@type\":\"ListItem\",\"position\":2,\"name\":\"KIZILTA\u015e, &#8220;KOLTUK HEVES\u0130 DE\u011e\u0130L, AB\u0130L\u0130K YAPACAK&#8221;\"}]},{\"@type\":\"WebSite\",\"@id\":\"https:\/\/vanxhaber.com\/#website\",\"url\":\"https:\/\/vanxhaber.com\/\",\"name\":\"Van Haber | Van X Haber | Van Haberleri\",\"description\":\"Van Haber, Van&#039;\u0131n ilk yapay zeka teknolojileri ile yaz\u0131lan Van X Haber ve Van Haberlerini aktif g\u00fcncel sunan tek vanhaber merkezidir.\",\"potentialAction\":[{\"@type\":\"SearchAction\",\"target\":{\"@type\":\"EntryPoint\",\"urlTemplate\":\"https:\/\/vanxhaber.com\/?s={search_term_string}\"},\"query-input\":{\"@type\":\"PropertyValueSpecification\",\"valueRequired\":true,\"valueName\":\"search_term_string\"}}],\"inLanguage\":\"tr\"},{\"@type\":\"Person\",\"@id\":\"https:\/\/vanxhaber.com\/#\/schema\/person\/a5fd8d89510cb5370e62ad176f7978ee\",\"name\":\"Van X Haber\",\"image\":{\"@type\":\"ImageObject\",\"inLanguage\":\"tr\",\"@id\":\"https:\/\/vanxhaber.com\/#\/schema\/person\/image\/\",\"url\":\"https:\/\/secure.gravatar.com\/avatar\/36f2f63826681263103acb5ca1e7bc1a6db11baea9b75dd091d89b74f2704b07?s=96&d=mm&r=g\",\"contentUrl\":\"https:\/\/secure.gravatar.com\/avatar\/36f2f63826681263103acb5ca1e7bc1a6db11baea9b75dd091d89b74f2704b07?s=96&d=mm&r=g\",\"caption\":\"Van X Haber\"},\"description\":\"Van X Haber Van'\u0131n ilk ve tek yeni nesil Van Haber merkezi. Son Dakika Van Haberleri ve G\u00fcncel Van haber merkezinde s\u0131cak geli\u015fmeleri aktarmaya devam edece\u011fiz.\",\"url\":\"https:\/\/vanxhaber.com\/index.php\/author\/vangazetesi\/\"}]}<\/script>\n<!-- \/ Yoast SEO Premium plugin. -->","yoast_head_json":{"title":"KIZILTA\u015e, \"KOLTUK HEVES\u0130 DE\u011e\u0130L, AB\u0130L\u0130K YAPACAK\" - Van Haber | Van X Haber | Van Haberleri","robots":{"index":"index","follow":"follow","max-snippet":"max-snippet:-1","max-image-preview":"max-image-preview:large","max-video-preview":"max-video-preview:-1"},"canonical":"https:\/\/vanxhaber.com\/index.php\/2025\/11\/11\/kiziltas-koltuk-hevesi-degil-abilik-yapacak\/","og_locale":"tr_TR","og_type":"article","og_title":"KIZILTA\u015e, \"KOLTUK HEVES\u0130 DE\u011e\u0130L, AB\u0130L\u0130K YAPACAK\"","og_description":"Van&#8217;\u0131n tan\u0131nan esnaflar\u0131ndan Oscar Reklam i\u015fletme sahibi Erhan K\u0131z\u0131lta\u015f, yakla\u015fan oda se\u00e7imlerinde Van Demirciler Tornac\u0131lar ve Tamirciler Esnaf ve Sanatk\u00e2rlar\u0131 Odas\u0131 Ba\u015fkan Aday\u0131 Berat Akdeniz&#8217;e g\u00fcvenini dile getirdi. VAN \u2013 Van&#8217;da reklamc\u0131l\u0131k sekt\u00f6r\u00fcn\u00fcn \u00f6nde gelen firmalar\u0131ndan Oscar Reklam&#8217;\u0131n sahibi ve tan\u0131nan esnaf Erhan K\u0131z\u0131lta\u015f, yakla\u015fan Van Demirciler Tornac\u0131lar ve Tamirciler Esnaf ve Sanatk\u00e2rlar\u0131 Odas\u0131 se\u00e7imleri &hellip;","og_url":"https:\/\/vanxhaber.com\/index.php\/2025\/11\/11\/kiziltas-koltuk-hevesi-degil-abilik-yapacak\/","og_site_name":"Van Haber | Van X Haber | Van Haberleri","article_published_time":"2025-11-11T20:50:35+00:00","article_modified_time":"2025-11-11T20:50:36+00:00","og_image":[{"width":1066,"height":720,"url":"https:\/\/vanxhaber.com\/wp-content\/uploads\/2025\/11\/WhatsApp-Image-2025-11-11-at-21.55.22-e1762894200926.jpeg","type":"image\/jpeg"}],"author":"Van X Haber","twitter_card":"summary_large_image","twitter_misc":{"Yazan:":"Van X Haber","Tahmini okuma s\u00fcresi":"3 dakika"},"schema":{"@context":"https:\/\/schema.org","@graph":[{"@type":"Article","@id":"https:\/\/vanxhaber.com\/index.php\/2025\/11\/11\/kiziltas-koltuk-hevesi-degil-abilik-yapacak\/#article","isPartOf":{"@id":"https:\/\/vanxhaber.com\/index.php\/2025\/11\/11\/kiziltas-koltuk-hevesi-degil-abilik-yapacak\/"},"author":{"name":"Van X Haber","@id":"https:\/\/vanxhaber.com\/#\/schema\/person\/a5fd8d89510cb5370e62ad176f7978ee"},"headline":"KIZILTA\u015e, &#8220;KOLTUK HEVES\u0130 DE\u011e\u0130L, AB\u0130L\u0130K YAPACAK&#8221;","datePublished":"2025-11-11T20:50:35+00:00","dateModified":"2025-11-11T20:50:36+00:00","mainEntityOfPage":{"@id":"https:\/\/vanxhaber.com\/index.php\/2025\/11\/11\/kiziltas-koltuk-hevesi-degil-abilik-yapacak\/"},"wordCount":631,"commentCount":0,"image":{"@id":"https:\/\/vanxhaber.com\/index.php\/2025\/11\/11\/kiziltas-koltuk-hevesi-degil-abilik-yapacak\/#primaryimage"},"thumbnailUrl":"https:\/\/vanxhaber.com\/wp-content\/uploads\/2025\/11\/WhatsApp-Image-2025-11-11-at-21.55.22-e1762894200926.jpeg","keywords":["berat akdeniz","erhan k\u0131z\u0131lta\u015f","son dakika","van","van haber","van haberleri","vanhaber"],"articleSection":["Van Haber"],"inLanguage":"tr","potentialAction":[{"@type":"CommentAction","name":"Comment","target":["https:\/\/vanxhaber.com\/index.php\/2025\/11\/11\/kiziltas-koltuk-hevesi-degil-abilik-yapacak\/#respond"]}],"copyrightYear":"2025","copyrightHolder":{"@id":"https:\/\/vanxhaber.com\/#organization"}},{"@type":"WebPage","@id":"https:\/\/vanxhaber.com\/index.php\/2025\/11\/11\/kiziltas-koltuk-hevesi-degil-abilik-yapacak\/","url":"https:\/\/vanxhaber.com\/index.php\/2025\/11\/11\/kiziltas-koltuk-hevesi-degil-abilik-yapacak\/","name":"KIZILTA\u015e, \"KOLTUK HEVES\u0130 DE\u011e\u0130L, AB\u0130L\u0130K YAPACAK\" - Van Haber | Van X Haber | Van Haberleri","isPartOf":{"@id":"https:\/\/vanxhaber.com\/#website"},"primaryImageOfPage":{"@id":"https:\/\/vanxhaber.com\/index.php\/2025\/11\/11\/kiziltas-koltuk-hevesi-degil-abilik-yapacak\/#primaryimage"},"image":{"@id":"https:\/\/vanxhaber.com\/index.php\/2025\/11\/11\/kiziltas-koltuk-hevesi-degil-abilik-yapacak\/#primaryimage"},"thumbnailUrl":"https:\/\/vanxhaber.com\/wp-content\/uploads\/2025\/11\/WhatsApp-Image-2025-11-11-at-21.55.22-e1762894200926.jpeg","datePublished":"2025-11-11T20:50:35+00:00","dateModified":"2025-11-11T20:50:36+00:00","author":{"@id":"https:\/\/vanxhaber.com\/#\/schema\/person\/a5fd8d89510cb5370e62ad176f7978ee"},"breadcrumb":{"@id":"https:\/\/vanxhaber.com\/index.php\/2025\/11\/11\/kiziltas-koltuk-hevesi-degil-abilik-yapacak\/#breadcrumb"},"inLanguage":"tr","potentialAction":[{"@type":"ReadAction","target":["https:\/\/vanxhaber.com\/index.php\/2025\/11\/11\/kiziltas-koltuk-hevesi-degil-abilik-yapacak\/"]}]},{"@type":"ImageObject","inLanguage":"tr","@id":"https:\/\/vanxhaber.com\/index.php\/2025\/11\/11\/kiziltas-koltuk-hevesi-degil-abilik-yapacak\/#primaryimage","url":"https:\/\/vanxhaber.com\/wp-content\/uploads\/2025\/11\/WhatsApp-Image-2025-11-11-at-21.55.22-e1762894200926.jpeg","contentUrl":"https:\/\/vanxhaber.com\/wp-content\/uploads\/2025\/11\/WhatsApp-Image-2025-11-11-at-21.55.22-e1762894200926.jpeg","width":1066,"height":720},{"@type":"BreadcrumbList","@id":"https:\/\/vanxhaber.com\/index.php\/2025\/11\/11\/kiziltas-koltuk-hevesi-degil-abilik-yapacak\/#breadcrumb","itemListElement":[{"@type":"ListItem","position":1,"name":"Anasayfa","item":"https:\/\/vanxhaber.com\/"},{"@type":"ListItem","position":2,"name":"KIZILTA\u015e, &#8220;KOLTUK HEVES\u0130 DE\u011e\u0130L, AB\u0130L\u0130K YAPACAK&#8221;"}]},{"@type":"WebSite","@id":"https:\/\/vanxhaber.com\/#website","url":"https:\/\/vanxhaber.com\/","name":"Van Haber | Van X Haber | Van Haberleri","description":"Van Haber, Van&#039;\u0131n ilk yapay zeka teknolojileri ile yaz\u0131lan Van X Haber ve Van Haberlerini aktif g\u00fcncel sunan tek vanhaber merkezidir.","potentialAction":[{"@type":"SearchAction","target":{"@type":"EntryPoint","urlTemplate":"https:\/\/vanxhaber.com\/?s={search_term_string}"},"query-input":{"@type":"PropertyValueSpecification","valueRequired":true,"valueName":"search_term_string"}}],"inLanguage":"tr"},{"@type":"Person","@id":"https:\/\/vanxhaber.com\/#\/schema\/person\/a5fd8d89510cb5370e62ad176f7978ee","name":"Van X Haber","image":{"@type":"ImageObject","inLanguage":"tr","@id":"https:\/\/vanxhaber.com\/#\/schema\/person\/image\/","url":"https:\/\/secure.gravatar.com\/avatar\/36f2f63826681263103acb5ca1e7bc1a6db11baea9b75dd091d89b74f2704b07?s=96&d=mm&r=g","contentUrl":"https:\/\/secure.gravatar.com\/avatar\/36f2f63826681263103acb5ca1e7bc1a6db11baea9b75dd091d89b74f2704b07?s=96&d=mm&r=g","caption":"Van X Haber"},"description":"Van X Haber Van'\u0131n ilk ve tek yeni nesil Van Haber merkezi. Son Dakika Van Haberleri ve G\u00fcncel Van haber merkezinde s\u0131cak geli\u015fmeleri aktarmaya devam edece\u011fiz.","url":"https:\/\/vanxhaber.com\/index.php\/author\/vangazetesi\/"}]}},"_links":{"self":[{"href":"https:\/\/vanxhaber.com\/index.php\/wp-json\/wp\/v2\/posts\/2321","targetHints":{"allow":["GET"]}}],"collection":[{"href":"https:\/\/vanxhaber.com\/index.php\/wp-json\/wp\/v2\/posts"}],"about":[{"href":"https:\/\/vanxhaber.com\/index.php\/wp-json\/wp\/v2\/types\/post"}],"author":[{"embeddable":true,"href":"https:\/\/vanxhaber.com\/index.php\/wp-json\/wp\/v2\/users\/2"}],"replies":[{"embeddable":true,"href":"https:\/\/vanxhaber.com\/index.php\/wp-json\/wp\/v2\/comments?post=2321"}],"version-history":[{"count":1,"href":"https:\/\/vanxhaber.com\/index.php\/wp-json\/wp\/v2\/posts\/2321\/revisions"}],"predecessor-version":[{"id":2323,"href":"https:\/\/vanxhaber.com\/index.php\/wp-json\/wp\/v2\/posts\/2321\/revisions\/2323"}],"wp:featuredmedia":[{"embeddable":true,"href":"https:\/\/vanxhaber.com\/index.php\/wp-json\/wp\/v2\/media\/2322"}],"wp:attachment":[{"href":"https:\/\/vanxhaber.com\/index.php\/wp-json\/wp\/v2\/media?parent=2321"}],"wp:term":[{"taxonomy":"category","embeddable":true,"href":"https:\/\/vanxhaber.com\/index.php\/wp-json\/wp\/v2\/categories?post=2321"},{"taxonomy":"post_tag","embeddable":true,"href":"https:\/\/vanxhaber.com\/index.php\/wp-json\/wp\/v2\/tags?post=2321"}],"curies":[{"name":"wp","href":"https:\/\/api.w.org\/{rel}","templated":true}]}}