{"id":2364,"date":"2025-12-02T07:08:28","date_gmt":"2025-12-02T07:08:28","guid":{"rendered":"https:\/\/vanxhaber.com\/?p=2364"},"modified":"2025-12-02T07:08:30","modified_gmt":"2025-12-02T07:08:30","slug":"veysi-celik-berat-akdenizle-birlikte-yuruyoruz","status":"publish","type":"post","link":"https:\/\/vanxhaber.com\/index.php\/2025\/12\/02\/veysi-celik-berat-akdenizle-birlikte-yuruyoruz\/","title":{"rendered":"VEYS\u0130 \u00c7EL\u0130K, \u201cBERAT AKDEN\u0130Z\u2019LE B\u0130RL\u0130KTE Y\u00dcR\u00dcYORUZ\u201d"},"content":{"rendered":"\n<p><strong>Van sanayisinin deneyimli esnaf\u0131 Veysi \u00c7elik, oda se\u00e7imleri \u00f6ncesi Berat Akdeniz\u2019e destek a\u00e7\u0131klamas\u0131 yapt\u0131: \u201cEsnaf\u0131n gelece\u011fi i\u00e7in do\u011fru karar verme zaman\u0131 geldi.\u201ddedi.<\/strong><\/p>\n\n\n\n<p>Van sanayisinde 30 y\u0131l\u0131 a\u015fan tecr\u00fcbesiyle tan\u0131nan esnaf Veysi \u00c7elik, yakla\u015fan oda se\u00e7imlerinde Berat Akdeniz\u2019e destek vererek esnafa birlik ve do\u011fru tercih \u00e7a\u011fr\u0131s\u0131nda bulundu.<\/p>\n\n\n\n<p><strong>VAN SANAY\u0130S\u0130N\u0130N TECR\u00dcBEL\u0130 \u0130SM\u0130 VEYS\u0130 \u00c7EL\u0130K\u2019TEN \u00d6NEML\u0130 A\u00c7IKLAMALAR<\/strong><\/p>\n\n\n\n<p>Van sanayisinin uzun y\u0131llard\u0131r tan\u0131nan esnaflar\u0131ndan Veysi \u00c7elik, yakla\u015fan Van Demirciler Tornac\u0131lar Tamirciler Esnaf ve Sanatkarlar Odas\u0131 se\u00e7imleri \u00f6ncesi de\u011ferlendirmelerde bulundu. \u00c7elik, 30\u201335 y\u0131ll\u0131k \u00e7al\u0131\u015fma hayat\u0131n\u0131n son 10 y\u0131l\u0131n\u0131 \u00f6zellikle oto fren ve dorse sistemleri \u00fczerine yo\u011funla\u015ft\u0131rd\u0131\u011f\u0131n\u0131 belirterek esnafa en iyi hizmeti vermek i\u00e7in \u00e7al\u0131\u015ft\u0131klar\u0131n\u0131 ifade etti.<\/p>\n\n\n\n<p><strong>\u201cHALKIMIZA EN KAL\u0130TEL\u0130 H\u0130ZMET\u0130 SUNMAK \u0130\u00c7\u0130N \u00c7ALI\u015eIYORUZ\u201d<\/strong><\/p>\n\n\n\n<p>\u00c7elik a\u00e7\u0131klamas\u0131nda \u015fu ifadeleri kulland\u0131: \u201cVan sanayisinde uzun y\u0131llard\u0131r g\u00f6rev yap\u0131yorum. Son 10 y\u0131ld\u0131r oto fren ve dorse alan\u0131nda hizmet veriyoruz. Amac\u0131m\u0131z her zaman halk\u0131m\u0131za kaliteli ve g\u00fcvenilir hizmet sunmak. Sanayideki tecr\u00fcbemizle esnaf\u0131m\u0131za katk\u0131 sa\u011flamay\u0131 s\u00fcrd\u00fcr\u00fcyoruz.\u201d<\/p>\n\n\n\n<p><strong>\u201cSE\u00c7\u0130M S\u00dcREC\u0130 OLUMLU \u0130LERL\u0130YOR, BERAT AKDEN\u0130Z\u2019LE B\u0130RL\u0130KTE Y\u00dcR\u00dcYORUZ\u201d<\/strong><\/p>\n\n\n\n<p>Yakla\u015fan se\u00e7imlere ili\u015fkin de\u011ferlendirmelerde bulunan Veysi \u00c7elik, s\u00fcrecin olumlu ilerledi\u011fini belirterek \u015f\u00f6yle konu\u015ftu: \u201c\u00d6n\u00fcm\u00fczde \u00f6nemli bir se\u00e7im s\u00fcreci var. Van Demirciler Tornac\u0131lar Tamirciler Esnaf ve Sanatkarlar Odas\u0131 Ba\u015fkan Aday\u0131 Berat Akdeniz ile birlikte yol y\u00fcr\u00fcmeye devam ediyoruz. \u0130n\u015fallah bu s\u00fcrecin sonunda esnaf\u0131m\u0131z i\u00e7in g\u00fczel sonu\u00e7lar elde edece\u011fiz.\u201d<\/p>\n\n\n\n<p><strong>\u201cESNAFIMIZIN TALEPLER\u0130N\u0130 D\u0130KKATLE \u0130LET\u0130YORUZ\u201d<\/strong><\/p>\n\n\n\n<p>Esnaf\u0131n sorunlar\u0131na ve ihtiya\u00e7lar\u0131na her zaman duyarl\u0131 olduklar\u0131n\u0131 vurgulayan \u00c7elik, \u015fu ifadeleri kulland\u0131: \u201cEsnaf arkada\u015flar\u0131m\u0131z\u0131n taleplerini bize ilettikleri gibi biz de bu talepleri Berat Ba\u015fkan\u2019a aktar\u0131yoruz. Kendisi de her geri bildirimle ilgileniyor. Esnaf\u0131m\u0131z\u0131n daha iyi \u015fartlara kavu\u015fmas\u0131 i\u00e7in ortak bir \u00e7aba i\u00e7erisindeyiz.\u201d<\/p>\n\n\n\n<p><strong>\u201cESNAFIMIZIN GELECE\u011e\u0130 \u0130\u00c7\u0130N DO\u011eRU KARAR VER\u0130LMEL\u0130\u201d<\/strong><\/p>\n\n\n\n<p>\u00c7elik, oy kullanacak esnafa y\u00f6nelik \u00f6nemli bir \u00e7a\u011fr\u0131da bulundu: \u201cEsnaf\u0131m\u0131z\u0131n gelece\u011fi i\u00e7in art\u0131k daha dikkatli ve bilin\u00e7li bir tercih yap\u0131lmas\u0131 gerekiyor. Oylamada destek verecek t\u00fcm esnaflar\u0131n bu s\u00fcrece duyarl\u0131l\u0131kla yakla\u015fmas\u0131n\u0131 istiyoruz. Biz de Berat Ba\u015fkan\u2019\u0131n yan\u0131nda durmaya devam edece\u011fiz.\u201d<\/p>\n\n\n\n<p><strong>\u201c\u0130N\u015eALLAH SE\u00c7\u0130MDEN G\u00dcZEL SONU\u00c7LARLA \u00c7IKACA\u011eIZ\u201d<\/strong><\/p>\n\n\n\n<p>Veysi \u00c7elik son olarak birlik ve dayan\u0131\u015fma mesaj\u0131 verdi: \u201c\u0130n\u015fallah se\u00e7im s\u00fcreci t\u00fcm esnaf\u0131m\u0131z i\u00e7in hay\u0131rl\u0131 olur. G\u00fczel sonu\u00e7lar almay\u0131 temenni ediyoruz. Destek veren t\u00fcm esnaf arkada\u015flar\u0131m\u0131za te\u015fekk\u00fcr ederim.\u201ddedi.<\/p>\n\n\n\n<figure class=\"wp-block-image size-large\"><img loading=\"lazy\" decoding=\"async\" width=\"682\" height=\"1024\" src=\"https:\/\/vanxhaber.com\/wp-content\/uploads\/2025\/12\/van-haber-veysi-celik-682x1024.jpeg\" alt=\"\" class=\"wp-image-2365\" srcset=\"https:\/\/vanxhaber.com\/wp-content\/uploads\/2025\/12\/van-haber-veysi-celik-682x1024.jpeg 682w, https:\/\/vanxhaber.com\/wp-content\/uploads\/2025\/12\/van-haber-veysi-celik-200x300.jpeg 200w, https:\/\/vanxhaber.com\/wp-content\/uploads\/2025\/12\/van-haber-veysi-celik-768x1153.jpeg 768w, https:\/\/vanxhaber.com\/wp-content\/uploads\/2025\/12\/van-haber-veysi-celik-1023x1536.jpeg 1023w, https:\/\/vanxhaber.com\/wp-content\/uploads\/2025\/12\/van-haber-veysi-celik.jpeg 1066w\" sizes=\"auto, (max-width: 682px) 100vw, 682px\" \/><\/figure>\n","protected":false},"excerpt":{"rendered":"<p>Van sanayisinin deneyimli esnaf\u0131 Veysi \u00c7elik, oda se\u00e7imleri \u00f6ncesi Berat Akdeniz\u2019e destek a\u00e7\u0131klamas\u0131 yapt\u0131: \u201cEsnaf\u0131n gelece\u011fi i\u00e7in do\u011fru karar verme zaman\u0131 geldi.\u201ddedi. Van sanayisinde 30 y\u0131l\u0131 a\u015fan tecr\u00fcbesiyle tan\u0131nan esnaf Veysi \u00c7elik, yakla\u015fan oda se\u00e7imlerinde Berat Akdeniz\u2019e destek vererek esnafa birlik ve do\u011fru tercih \u00e7a\u011fr\u0131s\u0131nda bulundu. VAN SANAY\u0130S\u0130N\u0130N TECR\u00dcBEL\u0130 \u0130SM\u0130 VEYS\u0130 \u00c7EL\u0130K\u2019TEN \u00d6NEML\u0130 A\u00c7IKLAMALAR Van &hellip;<\/p>\n","protected":false},"author":2,"featured_media":2366,"comment_status":"open","ping_status":"closed","sticky":false,"template":"","format":"standard","meta":{"googlesitekit_rrm_CAowot3VCw:productID":"","footnotes":""},"categories":[1],"tags":[38,176,34,35,36,175],"class_list":["post-2364","post","type-post","status-publish","format-standard","has-post-thumbnail","hentry","category-van-haber","tag-son-dakika","tag-son-dakika-haber","tag-van","tag-van-haber","tag-van-haberleri","tag-veysi-celik"],"yoast_head":"<!-- This site is optimized with the Yoast SEO Premium plugin v21.7 (Yoast SEO v26.7) - https:\/\/yoast.com\/wordpress\/plugins\/seo\/ -->\n<title>VEYS\u0130 \u00c7EL\u0130K, \u201cBERAT AKDEN\u0130Z\u2019LE B\u0130RL\u0130KTE Y\u00dcR\u00dcYORUZ\u201d - Van Haber | Van X Haber | Van Haberleri<\/title>\n<meta name=\"robots\" content=\"index, follow, max-snippet:-1, max-image-preview:large, max-video-preview:-1\" \/>\n<link rel=\"canonical\" href=\"https:\/\/vanxhaber.com\/index.php\/2025\/12\/02\/veysi-celik-berat-akdenizle-birlikte-yuruyoruz\/\" \/>\n<meta property=\"og:locale\" content=\"tr_TR\" \/>\n<meta property=\"og:type\" content=\"article\" \/>\n<meta property=\"og:title\" content=\"VEYS\u0130 \u00c7EL\u0130K, \u201cBERAT AKDEN\u0130Z\u2019LE B\u0130RL\u0130KTE Y\u00dcR\u00dcYORUZ\u201d\" \/>\n<meta property=\"og:description\" content=\"Van sanayisinin deneyimli esnaf\u0131 Veysi \u00c7elik, oda se\u00e7imleri \u00f6ncesi Berat Akdeniz\u2019e destek a\u00e7\u0131klamas\u0131 yapt\u0131: \u201cEsnaf\u0131n gelece\u011fi i\u00e7in do\u011fru karar verme zaman\u0131 geldi.\u201ddedi. Van sanayisinde 30 y\u0131l\u0131 a\u015fan tecr\u00fcbesiyle tan\u0131nan esnaf Veysi \u00c7elik, yakla\u015fan oda se\u00e7imlerinde Berat Akdeniz\u2019e destek vererek esnafa birlik ve do\u011fru tercih \u00e7a\u011fr\u0131s\u0131nda bulundu. VAN SANAY\u0130S\u0130N\u0130N TECR\u00dcBEL\u0130 \u0130SM\u0130 VEYS\u0130 \u00c7EL\u0130K\u2019TEN \u00d6NEML\u0130 A\u00c7IKLAMALAR Van &hellip;\" \/>\n<meta property=\"og:url\" content=\"https:\/\/vanxhaber.com\/index.php\/2025\/12\/02\/veysi-celik-berat-akdenizle-birlikte-yuruyoruz\/\" \/>\n<meta property=\"og:site_name\" content=\"Van Haber | Van X Haber | Van Haberleri\" \/>\n<meta property=\"article:published_time\" content=\"2025-12-02T07:08:28+00:00\" \/>\n<meta property=\"article:modified_time\" content=\"2025-12-02T07:08:30+00:00\" \/>\n<meta property=\"og:image\" content=\"https:\/\/vanxhaber.com\/wp-content\/uploads\/2025\/12\/veysi-celik.jpeg\" \/>\n\t<meta property=\"og:image:width\" content=\"1600\" \/>\n\t<meta property=\"og:image:height\" content=\"1066\" \/>\n\t<meta property=\"og:image:type\" content=\"image\/jpeg\" \/>\n<meta name=\"author\" content=\"Van X Haber\" \/>\n<meta name=\"twitter:card\" content=\"summary_large_image\" \/>\n<meta name=\"twitter:label1\" content=\"Yazan:\" \/>\n\t<meta name=\"twitter:data1\" content=\"Van X Haber\" \/>\n\t<meta name=\"twitter:label2\" content=\"Tahmini okuma s\u00fcresi\" \/>\n\t<meta name=\"twitter:data2\" content=\"3 dakika\" \/>\n<script type=\"application\/ld+json\" class=\"yoast-schema-graph\">{\"@context\":\"https:\/\/schema.org\",\"@graph\":[{\"@type\":\"Article\",\"@id\":\"https:\/\/vanxhaber.com\/index.php\/2025\/12\/02\/veysi-celik-berat-akdenizle-birlikte-yuruyoruz\/#article\",\"isPartOf\":{\"@id\":\"https:\/\/vanxhaber.com\/index.php\/2025\/12\/02\/veysi-celik-berat-akdenizle-birlikte-yuruyoruz\/\"},\"author\":{\"name\":\"Van X Haber\",\"@id\":\"https:\/\/vanxhaber.com\/#\/schema\/person\/a5fd8d89510cb5370e62ad176f7978ee\"},\"headline\":\"VEYS\u0130 \u00c7EL\u0130K, \u201cBERAT AKDEN\u0130Z\u2019LE B\u0130RL\u0130KTE Y\u00dcR\u00dcYORUZ\u201d\",\"datePublished\":\"2025-12-02T07:08:28+00:00\",\"dateModified\":\"2025-12-02T07:08:30+00:00\",\"mainEntityOfPage\":{\"@id\":\"https:\/\/vanxhaber.com\/index.php\/2025\/12\/02\/veysi-celik-berat-akdenizle-birlikte-yuruyoruz\/\"},\"wordCount\":506,\"commentCount\":0,\"image\":{\"@id\":\"https:\/\/vanxhaber.com\/index.php\/2025\/12\/02\/veysi-celik-berat-akdenizle-birlikte-yuruyoruz\/#primaryimage\"},\"thumbnailUrl\":\"https:\/\/vanxhaber.com\/wp-content\/uploads\/2025\/12\/veysi-celik.jpeg\",\"keywords\":[\"son dakika\",\"son dakika haber\",\"van\",\"van haber\",\"van haberleri\",\"veysi \u00e7elik\"],\"articleSection\":[\"Van Haber\"],\"inLanguage\":\"tr\",\"potentialAction\":[{\"@type\":\"CommentAction\",\"name\":\"Comment\",\"target\":[\"https:\/\/vanxhaber.com\/index.php\/2025\/12\/02\/veysi-celik-berat-akdenizle-birlikte-yuruyoruz\/#respond\"]}],\"copyrightYear\":\"2025\",\"copyrightHolder\":{\"@id\":\"https:\/\/vanxhaber.com\/#organization\"}},{\"@type\":\"WebPage\",\"@id\":\"https:\/\/vanxhaber.com\/index.php\/2025\/12\/02\/veysi-celik-berat-akdenizle-birlikte-yuruyoruz\/\",\"url\":\"https:\/\/vanxhaber.com\/index.php\/2025\/12\/02\/veysi-celik-berat-akdenizle-birlikte-yuruyoruz\/\",\"name\":\"VEYS\u0130 \u00c7EL\u0130K, \u201cBERAT AKDEN\u0130Z\u2019LE B\u0130RL\u0130KTE Y\u00dcR\u00dcYORUZ\u201d - Van Haber | Van X Haber | Van Haberleri\",\"isPartOf\":{\"@id\":\"https:\/\/vanxhaber.com\/#website\"},\"primaryImageOfPage\":{\"@id\":\"https:\/\/vanxhaber.com\/index.php\/2025\/12\/02\/veysi-celik-berat-akdenizle-birlikte-yuruyoruz\/#primaryimage\"},\"image\":{\"@id\":\"https:\/\/vanxhaber.com\/index.php\/2025\/12\/02\/veysi-celik-berat-akdenizle-birlikte-yuruyoruz\/#primaryimage\"},\"thumbnailUrl\":\"https:\/\/vanxhaber.com\/wp-content\/uploads\/2025\/12\/veysi-celik.jpeg\",\"datePublished\":\"2025-12-02T07:08:28+00:00\",\"dateModified\":\"2025-12-02T07:08:30+00:00\",\"author\":{\"@id\":\"https:\/\/vanxhaber.com\/#\/schema\/person\/a5fd8d89510cb5370e62ad176f7978ee\"},\"breadcrumb\":{\"@id\":\"https:\/\/vanxhaber.com\/index.php\/2025\/12\/02\/veysi-celik-berat-akdenizle-birlikte-yuruyoruz\/#breadcrumb\"},\"inLanguage\":\"tr\",\"potentialAction\":[{\"@type\":\"ReadAction\",\"target\":[\"https:\/\/vanxhaber.com\/index.php\/2025\/12\/02\/veysi-celik-berat-akdenizle-birlikte-yuruyoruz\/\"]}]},{\"@type\":\"ImageObject\",\"inLanguage\":\"tr\",\"@id\":\"https:\/\/vanxhaber.com\/index.php\/2025\/12\/02\/veysi-celik-berat-akdenizle-birlikte-yuruyoruz\/#primaryimage\",\"url\":\"https:\/\/vanxhaber.com\/wp-content\/uploads\/2025\/12\/veysi-celik.jpeg\",\"contentUrl\":\"https:\/\/vanxhaber.com\/wp-content\/uploads\/2025\/12\/veysi-celik.jpeg\",\"width\":1600,\"height\":1066},{\"@type\":\"BreadcrumbList\",\"@id\":\"https:\/\/vanxhaber.com\/index.php\/2025\/12\/02\/veysi-celik-berat-akdenizle-birlikte-yuruyoruz\/#breadcrumb\",\"itemListElement\":[{\"@type\":\"ListItem\",\"position\":1,\"name\":\"Anasayfa\",\"item\":\"https:\/\/vanxhaber.com\/\"},{\"@type\":\"ListItem\",\"position\":2,\"name\":\"VEYS\u0130 \u00c7EL\u0130K, \u201cBERAT AKDEN\u0130Z\u2019LE B\u0130RL\u0130KTE Y\u00dcR\u00dcYORUZ\u201d\"}]},{\"@type\":\"WebSite\",\"@id\":\"https:\/\/vanxhaber.com\/#website\",\"url\":\"https:\/\/vanxhaber.com\/\",\"name\":\"Van Haber | Van X Haber | Van Haberleri\",\"description\":\"Van Haber, Van&#039;\u0131n ilk yapay zeka teknolojileri ile yaz\u0131lan Van X Haber ve Van Haberlerini aktif g\u00fcncel sunan tek vanhaber merkezidir.\",\"potentialAction\":[{\"@type\":\"SearchAction\",\"target\":{\"@type\":\"EntryPoint\",\"urlTemplate\":\"https:\/\/vanxhaber.com\/?s={search_term_string}\"},\"query-input\":{\"@type\":\"PropertyValueSpecification\",\"valueRequired\":true,\"valueName\":\"search_term_string\"}}],\"inLanguage\":\"tr\"},{\"@type\":\"Person\",\"@id\":\"https:\/\/vanxhaber.com\/#\/schema\/person\/a5fd8d89510cb5370e62ad176f7978ee\",\"name\":\"Van X Haber\",\"image\":{\"@type\":\"ImageObject\",\"inLanguage\":\"tr\",\"@id\":\"https:\/\/vanxhaber.com\/#\/schema\/person\/image\/\",\"url\":\"https:\/\/secure.gravatar.com\/avatar\/36f2f63826681263103acb5ca1e7bc1a6db11baea9b75dd091d89b74f2704b07?s=96&d=mm&r=g\",\"contentUrl\":\"https:\/\/secure.gravatar.com\/avatar\/36f2f63826681263103acb5ca1e7bc1a6db11baea9b75dd091d89b74f2704b07?s=96&d=mm&r=g\",\"caption\":\"Van X Haber\"},\"description\":\"Van X Haber Van'\u0131n ilk ve tek yeni nesil Van Haber merkezi. Son Dakika Van Haberleri ve G\u00fcncel Van haber merkezinde s\u0131cak geli\u015fmeleri aktarmaya devam edece\u011fiz.\",\"url\":\"https:\/\/vanxhaber.com\/index.php\/author\/vangazetesi\/\"}]}<\/script>\n<!-- \/ Yoast SEO Premium plugin. -->","yoast_head_json":{"title":"VEYS\u0130 \u00c7EL\u0130K, \u201cBERAT AKDEN\u0130Z\u2019LE B\u0130RL\u0130KTE Y\u00dcR\u00dcYORUZ\u201d - Van Haber | Van X Haber | Van Haberleri","robots":{"index":"index","follow":"follow","max-snippet":"max-snippet:-1","max-image-preview":"max-image-preview:large","max-video-preview":"max-video-preview:-1"},"canonical":"https:\/\/vanxhaber.com\/index.php\/2025\/12\/02\/veysi-celik-berat-akdenizle-birlikte-yuruyoruz\/","og_locale":"tr_TR","og_type":"article","og_title":"VEYS\u0130 \u00c7EL\u0130K, \u201cBERAT AKDEN\u0130Z\u2019LE B\u0130RL\u0130KTE Y\u00dcR\u00dcYORUZ\u201d","og_description":"Van sanayisinin deneyimli esnaf\u0131 Veysi \u00c7elik, oda se\u00e7imleri \u00f6ncesi Berat Akdeniz\u2019e destek a\u00e7\u0131klamas\u0131 yapt\u0131: \u201cEsnaf\u0131n gelece\u011fi i\u00e7in do\u011fru karar verme zaman\u0131 geldi.\u201ddedi. Van sanayisinde 30 y\u0131l\u0131 a\u015fan tecr\u00fcbesiyle tan\u0131nan esnaf Veysi \u00c7elik, yakla\u015fan oda se\u00e7imlerinde Berat Akdeniz\u2019e destek vererek esnafa birlik ve do\u011fru tercih \u00e7a\u011fr\u0131s\u0131nda bulundu. VAN SANAY\u0130S\u0130N\u0130N TECR\u00dcBEL\u0130 \u0130SM\u0130 VEYS\u0130 \u00c7EL\u0130K\u2019TEN \u00d6NEML\u0130 A\u00c7IKLAMALAR Van &hellip;","og_url":"https:\/\/vanxhaber.com\/index.php\/2025\/12\/02\/veysi-celik-berat-akdenizle-birlikte-yuruyoruz\/","og_site_name":"Van Haber | Van X Haber | Van Haberleri","article_published_time":"2025-12-02T07:08:28+00:00","article_modified_time":"2025-12-02T07:08:30+00:00","og_image":[{"width":1600,"height":1066,"url":"https:\/\/vanxhaber.com\/wp-content\/uploads\/2025\/12\/veysi-celik.jpeg","type":"image\/jpeg"}],"author":"Van X Haber","twitter_card":"summary_large_image","twitter_misc":{"Yazan:":"Van X Haber","Tahmini okuma s\u00fcresi":"3 dakika"},"schema":{"@context":"https:\/\/schema.org","@graph":[{"@type":"Article","@id":"https:\/\/vanxhaber.com\/index.php\/2025\/12\/02\/veysi-celik-berat-akdenizle-birlikte-yuruyoruz\/#article","isPartOf":{"@id":"https:\/\/vanxhaber.com\/index.php\/2025\/12\/02\/veysi-celik-berat-akdenizle-birlikte-yuruyoruz\/"},"author":{"name":"Van X Haber","@id":"https:\/\/vanxhaber.com\/#\/schema\/person\/a5fd8d89510cb5370e62ad176f7978ee"},"headline":"VEYS\u0130 \u00c7EL\u0130K, \u201cBERAT AKDEN\u0130Z\u2019LE B\u0130RL\u0130KTE Y\u00dcR\u00dcYORUZ\u201d","datePublished":"2025-12-02T07:08:28+00:00","dateModified":"2025-12-02T07:08:30+00:00","mainEntityOfPage":{"@id":"https:\/\/vanxhaber.com\/index.php\/2025\/12\/02\/veysi-celik-berat-akdenizle-birlikte-yuruyoruz\/"},"wordCount":506,"commentCount":0,"image":{"@id":"https:\/\/vanxhaber.com\/index.php\/2025\/12\/02\/veysi-celik-berat-akdenizle-birlikte-yuruyoruz\/#primaryimage"},"thumbnailUrl":"https:\/\/vanxhaber.com\/wp-content\/uploads\/2025\/12\/veysi-celik.jpeg","keywords":["son dakika","son dakika haber","van","van haber","van haberleri","veysi \u00e7elik"],"articleSection":["Van Haber"],"inLanguage":"tr","potentialAction":[{"@type":"CommentAction","name":"Comment","target":["https:\/\/vanxhaber.com\/index.php\/2025\/12\/02\/veysi-celik-berat-akdenizle-birlikte-yuruyoruz\/#respond"]}],"copyrightYear":"2025","copyrightHolder":{"@id":"https:\/\/vanxhaber.com\/#organization"}},{"@type":"WebPage","@id":"https:\/\/vanxhaber.com\/index.php\/2025\/12\/02\/veysi-celik-berat-akdenizle-birlikte-yuruyoruz\/","url":"https:\/\/vanxhaber.com\/index.php\/2025\/12\/02\/veysi-celik-berat-akdenizle-birlikte-yuruyoruz\/","name":"VEYS\u0130 \u00c7EL\u0130K, \u201cBERAT AKDEN\u0130Z\u2019LE B\u0130RL\u0130KTE Y\u00dcR\u00dcYORUZ\u201d - Van Haber | Van X Haber | Van Haberleri","isPartOf":{"@id":"https:\/\/vanxhaber.com\/#website"},"primaryImageOfPage":{"@id":"https:\/\/vanxhaber.com\/index.php\/2025\/12\/02\/veysi-celik-berat-akdenizle-birlikte-yuruyoruz\/#primaryimage"},"image":{"@id":"https:\/\/vanxhaber.com\/index.php\/2025\/12\/02\/veysi-celik-berat-akdenizle-birlikte-yuruyoruz\/#primaryimage"},"thumbnailUrl":"https:\/\/vanxhaber.com\/wp-content\/uploads\/2025\/12\/veysi-celik.jpeg","datePublished":"2025-12-02T07:08:28+00:00","dateModified":"2025-12-02T07:08:30+00:00","author":{"@id":"https:\/\/vanxhaber.com\/#\/schema\/person\/a5fd8d89510cb5370e62ad176f7978ee"},"breadcrumb":{"@id":"https:\/\/vanxhaber.com\/index.php\/2025\/12\/02\/veysi-celik-berat-akdenizle-birlikte-yuruyoruz\/#breadcrumb"},"inLanguage":"tr","potentialAction":[{"@type":"ReadAction","target":["https:\/\/vanxhaber.com\/index.php\/2025\/12\/02\/veysi-celik-berat-akdenizle-birlikte-yuruyoruz\/"]}]},{"@type":"ImageObject","inLanguage":"tr","@id":"https:\/\/vanxhaber.com\/index.php\/2025\/12\/02\/veysi-celik-berat-akdenizle-birlikte-yuruyoruz\/#primaryimage","url":"https:\/\/vanxhaber.com\/wp-content\/uploads\/2025\/12\/veysi-celik.jpeg","contentUrl":"https:\/\/vanxhaber.com\/wp-content\/uploads\/2025\/12\/veysi-celik.jpeg","width":1600,"height":1066},{"@type":"BreadcrumbList","@id":"https:\/\/vanxhaber.com\/index.php\/2025\/12\/02\/veysi-celik-berat-akdenizle-birlikte-yuruyoruz\/#breadcrumb","itemListElement":[{"@type":"ListItem","position":1,"name":"Anasayfa","item":"https:\/\/vanxhaber.com\/"},{"@type":"ListItem","position":2,"name":"VEYS\u0130 \u00c7EL\u0130K, \u201cBERAT AKDEN\u0130Z\u2019LE B\u0130RL\u0130KTE Y\u00dcR\u00dcYORUZ\u201d"}]},{"@type":"WebSite","@id":"https:\/\/vanxhaber.com\/#website","url":"https:\/\/vanxhaber.com\/","name":"Van Haber | Van X Haber | Van Haberleri","description":"Van Haber, Van&#039;\u0131n ilk yapay zeka teknolojileri ile yaz\u0131lan Van X Haber ve Van Haberlerini aktif g\u00fcncel sunan tek vanhaber merkezidir.","potentialAction":[{"@type":"SearchAction","target":{"@type":"EntryPoint","urlTemplate":"https:\/\/vanxhaber.com\/?s={search_term_string}"},"query-input":{"@type":"PropertyValueSpecification","valueRequired":true,"valueName":"search_term_string"}}],"inLanguage":"tr"},{"@type":"Person","@id":"https:\/\/vanxhaber.com\/#\/schema\/person\/a5fd8d89510cb5370e62ad176f7978ee","name":"Van X Haber","image":{"@type":"ImageObject","inLanguage":"tr","@id":"https:\/\/vanxhaber.com\/#\/schema\/person\/image\/","url":"https:\/\/secure.gravatar.com\/avatar\/36f2f63826681263103acb5ca1e7bc1a6db11baea9b75dd091d89b74f2704b07?s=96&d=mm&r=g","contentUrl":"https:\/\/secure.gravatar.com\/avatar\/36f2f63826681263103acb5ca1e7bc1a6db11baea9b75dd091d89b74f2704b07?s=96&d=mm&r=g","caption":"Van X Haber"},"description":"Van X Haber Van'\u0131n ilk ve tek yeni nesil Van Haber merkezi. Son Dakika Van Haberleri ve G\u00fcncel Van haber merkezinde s\u0131cak geli\u015fmeleri aktarmaya devam edece\u011fiz.","url":"https:\/\/vanxhaber.com\/index.php\/author\/vangazetesi\/"}]}},"_links":{"self":[{"href":"https:\/\/vanxhaber.com\/index.php\/wp-json\/wp\/v2\/posts\/2364","targetHints":{"allow":["GET"]}}],"collection":[{"href":"https:\/\/vanxhaber.com\/index.php\/wp-json\/wp\/v2\/posts"}],"about":[{"href":"https:\/\/vanxhaber.com\/index.php\/wp-json\/wp\/v2\/types\/post"}],"author":[{"embeddable":true,"href":"https:\/\/vanxhaber.com\/index.php\/wp-json\/wp\/v2\/users\/2"}],"replies":[{"embeddable":true,"href":"https:\/\/vanxhaber.com\/index.php\/wp-json\/wp\/v2\/comments?post=2364"}],"version-history":[{"count":1,"href":"https:\/\/vanxhaber.com\/index.php\/wp-json\/wp\/v2\/posts\/2364\/revisions"}],"predecessor-version":[{"id":2367,"href":"https:\/\/vanxhaber.com\/index.php\/wp-json\/wp\/v2\/posts\/2364\/revisions\/2367"}],"wp:featuredmedia":[{"embeddable":true,"href":"https:\/\/vanxhaber.com\/index.php\/wp-json\/wp\/v2\/media\/2366"}],"wp:attachment":[{"href":"https:\/\/vanxhaber.com\/index.php\/wp-json\/wp\/v2\/media?parent=2364"}],"wp:term":[{"taxonomy":"category","embeddable":true,"href":"https:\/\/vanxhaber.com\/index.php\/wp-json\/wp\/v2\/categories?post=2364"},{"taxonomy":"post_tag","embeddable":true,"href":"https:\/\/vanxhaber.com\/index.php\/wp-json\/wp\/v2\/tags?post=2364"}],"curies":[{"name":"wp","href":"https:\/\/api.w.org\/{rel}","templated":true}]}}