{"id":2369,"date":"2025-12-02T20:40:18","date_gmt":"2025-12-02T20:40:18","guid":{"rendered":"https:\/\/vanxhaber.com\/?p=2369"},"modified":"2025-12-02T20:41:21","modified_gmt":"2025-12-02T20:41:21","slug":"ebru-cikar-vana-kaliteli-ve-hizli-dijital-baski-hizmeti-getirdik","status":"publish","type":"post","link":"https:\/\/vanxhaber.com\/index.php\/2025\/12\/02\/ebru-cikar-vana-kaliteli-ve-hizli-dijital-baski-hizmeti-getirdik\/","title":{"rendered":"Ebru \u00c7\u0131kar, &#8220;Van\u2019a Kaliteli ve H\u0131zl\u0131 Dijital Bask\u0131 Hizmeti Getirdik\u201d"},"content":{"rendered":"\n<p><strong>Van\u2019da kad\u0131n giri\u015fimcili\u011fine \u00f6rnek bir ad\u0131m atan Ebru \u00c7\u0131kar, b\u00f6lgenin dijital bask\u0131 ihtiyac\u0131na profesyonel \u00e7\u00f6z\u00fcmler sunmak amac\u0131yla Wanda Dijital Bask\u0131 Merkezini kurdu. Geni\u015f makine parkuru ve y\u00fcksek bask\u0131 kapasitesiyle dikkat \u00e7eken i\u015fletme, tabela, branda, vinil, folyo, ara\u00e7 giydirme, afi\u015f, poster ve kurumsal bask\u0131 \u00fcr\u00fcnleri gibi bir\u00e7ok alanda hizmet veriyor.<\/strong><\/p>\n\n\n\n<p>Merkezin \u00fcretim alan\u0131nda bulunan modern dijital bask\u0131 makineleri, y\u00fcksek \u00e7\u00f6z\u00fcn\u00fcrl\u00fckl\u00fc ve h\u0131zl\u0131 \u00e7\u0131kt\u0131 sistemiyle b\u00f6lgedeki i\u015fletmelere zaman kayb\u0131 ya\u015famadan hizmet verebilecek kapasiteye sahip.<\/p>\n\n\n\n<p>\u0130\u015fletmeye ait g\u00f6rsellerde, geni\u015f formatl\u0131 end\u00fcstriyel bask\u0131 makinesinin ba\u015f\u0131nda \u00e7al\u0131\u015fan ekip ve m\u00fc\u015fteri dan\u0131\u015fma alan\u0131 g\u00f6r\u00fcl\u00fcyor. Ferah ve modern bir tasar\u0131ma sahip merkez, kurumsal hizmet anlay\u0131\u015f\u0131yla \u00f6ne \u00e7\u0131k\u0131yor.<\/p>\n\n\n\n<p><strong>\u201cMemleketimize de\u011fer katmak i\u00e7in yola \u00e7\u0131kt\u0131m\u201d<\/strong><\/p>\n\n\n\n<p><strong>Wanda Dijital Bask\u0131 Merkezi\u2019nin sahibi Ebru \u00c7\u0131kar, i\u015fletmenin kurulu\u015f s\u00fcreci ve hedefleriyle ilgili yapt\u0131\u011f\u0131 a\u00e7\u0131klamada \u015funlar\u0131 s\u00f6yledi:<\/strong><\/p>\n\n\n\n<p>\u201cBir kad\u0131n giri\u015fimci olarak memleketimin, \u00fclkemin daha iyi bir noktaya ta\u015f\u0131nmas\u0131n\u0131 gaye edinerek Wanda Dijital Bask\u0131 Merkezi\u2019ni kurdum. \u0130\u015fletmemde kaliteli bask\u0131 ve h\u0131zl\u0131 teslimat\u0131 sa\u011flamak ad\u0131na olu\u015fturdu\u011fum makine parkuru ile b\u00f6lgemizi en iyi \u015fekilde temsil etmeyi hedefliyorum. M\u00fc\u015fterilerimize hem kaliteli hem h\u0131zl\u0131 hizmet sunmak i\u00e7in \u00e7al\u0131\u015f\u0131yoruz. Sizleri de mutlaka bekliyorum.\u201d<\/p>\n\n\n\n<p>Kad\u0131n giri\u015fimcili\u011finin b\u00f6lgedeki ekonomik hareketlili\u011fe \u00f6nemli katk\u0131 sa\u011flad\u0131\u011f\u0131n\u0131 belirten \u00c7\u0131kar, \u00f6zellikle Van\u2019da bask\u0131 sekt\u00f6r\u00fcne yeni bir standart getirmeyi hedeflediklerini ifade etti.<\/p>\n\n\n\n<figure class=\"wp-block-gallery has-nested-images columns-default is-cropped wp-block-gallery-1 is-layout-flex wp-block-gallery-is-layout-flex\">\n<figure class=\"wp-block-image size-large\"><img loading=\"lazy\" decoding=\"async\" width=\"768\" height=\"1024\" data-id=\"2370\" src=\"https:\/\/vanxhaber.com\/wp-content\/uploads\/2025\/12\/vanda-baski-768x1024.jpeg\" alt=\"\" class=\"wp-image-2370\" srcset=\"https:\/\/vanxhaber.com\/wp-content\/uploads\/2025\/12\/vanda-baski-768x1024.jpeg 768w, https:\/\/vanxhaber.com\/wp-content\/uploads\/2025\/12\/vanda-baski-225x300.jpeg 225w, https:\/\/vanxhaber.com\/wp-content\/uploads\/2025\/12\/vanda-baski-1152x1536.jpeg 1152w, https:\/\/vanxhaber.com\/wp-content\/uploads\/2025\/12\/vanda-baski.jpeg 1200w\" sizes=\"auto, (max-width: 768px) 100vw, 768px\" \/><\/figure>\n\n\n\n<figure class=\"wp-block-image size-large\"><img loading=\"lazy\" decoding=\"async\" width=\"768\" height=\"1024\" data-id=\"2372\" src=\"https:\/\/vanxhaber.com\/wp-content\/uploads\/2025\/12\/baski-768x1024.jpeg\" alt=\"\" class=\"wp-image-2372\" srcset=\"https:\/\/vanxhaber.com\/wp-content\/uploads\/2025\/12\/baski-768x1024.jpeg 768w, https:\/\/vanxhaber.com\/wp-content\/uploads\/2025\/12\/baski-225x300.jpeg 225w, https:\/\/vanxhaber.com\/wp-content\/uploads\/2025\/12\/baski-1152x1536.jpeg 1152w, https:\/\/vanxhaber.com\/wp-content\/uploads\/2025\/12\/baski.jpeg 1200w\" sizes=\"auto, (max-width: 768px) 100vw, 768px\" \/><\/figure>\n\n\n\n<figure class=\"wp-block-image size-large\"><img loading=\"lazy\" decoding=\"async\" width=\"768\" height=\"1024\" data-id=\"2371\" src=\"https:\/\/vanxhaber.com\/wp-content\/uploads\/2025\/12\/WhatsApp-Image-2025-11-29-at-15.01.55-768x1024.jpeg\" alt=\"\" class=\"wp-image-2371\" srcset=\"https:\/\/vanxhaber.com\/wp-content\/uploads\/2025\/12\/WhatsApp-Image-2025-11-29-at-15.01.55-768x1024.jpeg 768w, https:\/\/vanxhaber.com\/wp-content\/uploads\/2025\/12\/WhatsApp-Image-2025-11-29-at-15.01.55-225x300.jpeg 225w, https:\/\/vanxhaber.com\/wp-content\/uploads\/2025\/12\/WhatsApp-Image-2025-11-29-at-15.01.55-1152x1536.jpeg 1152w, https:\/\/vanxhaber.com\/wp-content\/uploads\/2025\/12\/WhatsApp-Image-2025-11-29-at-15.01.55.jpeg 1200w\" sizes=\"auto, (max-width: 768px) 100vw, 768px\" \/><\/figure>\n\n\n\n<figure class=\"wp-block-image size-large\"><img loading=\"lazy\" decoding=\"async\" width=\"768\" height=\"1024\" data-id=\"2373\" src=\"https:\/\/vanxhaber.com\/wp-content\/uploads\/2025\/12\/ebri-cikar-768x1024.jpeg\" alt=\"\" class=\"wp-image-2373\" srcset=\"https:\/\/vanxhaber.com\/wp-content\/uploads\/2025\/12\/ebri-cikar-768x1024.jpeg 768w, https:\/\/vanxhaber.com\/wp-content\/uploads\/2025\/12\/ebri-cikar-225x300.jpeg 225w, https:\/\/vanxhaber.com\/wp-content\/uploads\/2025\/12\/ebri-cikar-1152x1536.jpeg 1152w, https:\/\/vanxhaber.com\/wp-content\/uploads\/2025\/12\/ebri-cikar.jpeg 1200w\" sizes=\"auto, (max-width: 768px) 100vw, 768px\" \/><\/figure>\n<\/figure>\n\n\n\n<p><strong>B\u00f6lgeye yeni istihdam ve yeni bir hizmet anlay\u0131\u015f\u0131<\/strong><\/p>\n\n\n\n<p>Wanda Dijital Bask\u0131 Merkezi, yaln\u0131zca hizmet sunmakla kalmay\u0131p, bask\u0131 sekt\u00f6r\u00fcnde gen\u00e7lere i\u015f imk\u00e2n\u0131 sa\u011flamay\u0131 da ama\u00e7l\u0131yor. \u0130\u015fletmenin kurumsal yap\u0131s\u0131, geli\u015ftirilebilir \u00fcretim kapasitesi ve geni\u015f hizmet alan\u0131, Van\u2019daki reklam \u2013 tan\u0131t\u0131m faaliyetlerine \u00f6nemli bir ivme kazand\u0131r\u0131yor.<\/p>\n","protected":false},"excerpt":{"rendered":"<p>Van\u2019da kad\u0131n giri\u015fimcili\u011fine \u00f6rnek bir ad\u0131m atan Ebru \u00c7\u0131kar, b\u00f6lgenin dijital bask\u0131 ihtiyac\u0131na profesyonel \u00e7\u00f6z\u00fcmler sunmak amac\u0131yla Wanda Dijital Bask\u0131 Merkezini kurdu. Geni\u015f makine parkuru ve y\u00fcksek bask\u0131 kapasitesiyle dikkat \u00e7eken i\u015fletme, tabela, branda, vinil, folyo, ara\u00e7 giydirme, afi\u015f, poster ve kurumsal bask\u0131 \u00fcr\u00fcnleri gibi bir\u00e7ok alanda hizmet veriyor. Merkezin \u00fcretim alan\u0131nda bulunan modern dijital &hellip;<\/p>\n","protected":false},"author":2,"featured_media":2373,"comment_status":"open","ping_status":"closed","sticky":false,"template":"","format":"standard","meta":{"googlesitekit_rrm_CAowot3VCw:productID":"","footnotes":""},"categories":[1],"tags":[],"class_list":["post-2369","post","type-post","status-publish","format-standard","has-post-thumbnail","hentry","category-van-haber"],"yoast_head":"<!-- This site is optimized with the Yoast SEO Premium plugin v21.7 (Yoast SEO v26.7) - https:\/\/yoast.com\/wordpress\/plugins\/seo\/ -->\n<title>Ebru \u00c7\u0131kar, &quot;Van\u2019a Kaliteli ve H\u0131zl\u0131 Dijital Bask\u0131 Hizmeti Getirdik\u201d - Van Haber | Van X Haber | Van Haberleri<\/title>\n<meta name=\"robots\" content=\"index, follow, max-snippet:-1, max-image-preview:large, max-video-preview:-1\" \/>\n<link rel=\"canonical\" href=\"https:\/\/vanxhaber.com\/index.php\/2025\/12\/02\/ebru-cikar-vana-kaliteli-ve-hizli-dijital-baski-hizmeti-getirdik\/\" \/>\n<meta property=\"og:locale\" content=\"tr_TR\" \/>\n<meta property=\"og:type\" content=\"article\" \/>\n<meta property=\"og:title\" content=\"Ebru \u00c7\u0131kar, &quot;Van\u2019a Kaliteli ve H\u0131zl\u0131 Dijital Bask\u0131 Hizmeti Getirdik\u201d\" \/>\n<meta property=\"og:description\" content=\"Van\u2019da kad\u0131n giri\u015fimcili\u011fine \u00f6rnek bir ad\u0131m atan Ebru \u00c7\u0131kar, b\u00f6lgenin dijital bask\u0131 ihtiyac\u0131na profesyonel \u00e7\u00f6z\u00fcmler sunmak amac\u0131yla Wanda Dijital Bask\u0131 Merkezini kurdu. Geni\u015f makine parkuru ve y\u00fcksek bask\u0131 kapasitesiyle dikkat \u00e7eken i\u015fletme, tabela, branda, vinil, folyo, ara\u00e7 giydirme, afi\u015f, poster ve kurumsal bask\u0131 \u00fcr\u00fcnleri gibi bir\u00e7ok alanda hizmet veriyor. Merkezin \u00fcretim alan\u0131nda bulunan modern dijital &hellip;\" \/>\n<meta property=\"og:url\" content=\"https:\/\/vanxhaber.com\/index.php\/2025\/12\/02\/ebru-cikar-vana-kaliteli-ve-hizli-dijital-baski-hizmeti-getirdik\/\" \/>\n<meta property=\"og:site_name\" content=\"Van Haber | Van X Haber | Van Haberleri\" \/>\n<meta property=\"article:published_time\" content=\"2025-12-02T20:40:18+00:00\" \/>\n<meta property=\"article:modified_time\" content=\"2025-12-02T20:41:21+00:00\" \/>\n<meta property=\"og:image\" content=\"https:\/\/vanxhaber.com\/wp-content\/uploads\/2025\/12\/ebri-cikar.jpeg\" \/>\n\t<meta property=\"og:image:width\" content=\"1200\" \/>\n\t<meta property=\"og:image:height\" content=\"1600\" \/>\n\t<meta property=\"og:image:type\" content=\"image\/jpeg\" \/>\n<meta name=\"author\" content=\"Van X Haber\" \/>\n<meta name=\"twitter:card\" content=\"summary_large_image\" \/>\n<meta name=\"twitter:label1\" content=\"Yazan:\" \/>\n\t<meta name=\"twitter:data1\" content=\"Van X Haber\" \/>\n\t<meta name=\"twitter:label2\" content=\"Tahmini okuma s\u00fcresi\" \/>\n\t<meta name=\"twitter:data2\" content=\"3 dakika\" \/>\n<script type=\"application\/ld+json\" class=\"yoast-schema-graph\">{\"@context\":\"https:\/\/schema.org\",\"@graph\":[{\"@type\":\"Article\",\"@id\":\"https:\/\/vanxhaber.com\/index.php\/2025\/12\/02\/ebru-cikar-vana-kaliteli-ve-hizli-dijital-baski-hizmeti-getirdik\/#article\",\"isPartOf\":{\"@id\":\"https:\/\/vanxhaber.com\/index.php\/2025\/12\/02\/ebru-cikar-vana-kaliteli-ve-hizli-dijital-baski-hizmeti-getirdik\/\"},\"author\":{\"name\":\"Van X Haber\",\"@id\":\"https:\/\/vanxhaber.com\/#\/schema\/person\/a5fd8d89510cb5370e62ad176f7978ee\"},\"headline\":\"Ebru \u00c7\u0131kar, &#8220;Van\u2019a Kaliteli ve H\u0131zl\u0131 Dijital Bask\u0131 Hizmeti Getirdik\u201d\",\"datePublished\":\"2025-12-02T20:40:18+00:00\",\"dateModified\":\"2025-12-02T20:41:21+00:00\",\"mainEntityOfPage\":{\"@id\":\"https:\/\/vanxhaber.com\/index.php\/2025\/12\/02\/ebru-cikar-vana-kaliteli-ve-hizli-dijital-baski-hizmeti-getirdik\/\"},\"wordCount\":332,\"commentCount\":0,\"image\":{\"@id\":\"https:\/\/vanxhaber.com\/index.php\/2025\/12\/02\/ebru-cikar-vana-kaliteli-ve-hizli-dijital-baski-hizmeti-getirdik\/#primaryimage\"},\"thumbnailUrl\":\"https:\/\/vanxhaber.com\/wp-content\/uploads\/2025\/12\/ebri-cikar.jpeg\",\"articleSection\":[\"Van Haber\"],\"inLanguage\":\"tr\",\"potentialAction\":[{\"@type\":\"CommentAction\",\"name\":\"Comment\",\"target\":[\"https:\/\/vanxhaber.com\/index.php\/2025\/12\/02\/ebru-cikar-vana-kaliteli-ve-hizli-dijital-baski-hizmeti-getirdik\/#respond\"]}],\"copyrightYear\":\"2025\",\"copyrightHolder\":{\"@id\":\"https:\/\/vanxhaber.com\/#organization\"}},{\"@type\":\"WebPage\",\"@id\":\"https:\/\/vanxhaber.com\/index.php\/2025\/12\/02\/ebru-cikar-vana-kaliteli-ve-hizli-dijital-baski-hizmeti-getirdik\/\",\"url\":\"https:\/\/vanxhaber.com\/index.php\/2025\/12\/02\/ebru-cikar-vana-kaliteli-ve-hizli-dijital-baski-hizmeti-getirdik\/\",\"name\":\"Ebru \u00c7\u0131kar, \\\"Van\u2019a Kaliteli ve H\u0131zl\u0131 Dijital Bask\u0131 Hizmeti Getirdik\u201d - Van Haber | Van X Haber | Van Haberleri\",\"isPartOf\":{\"@id\":\"https:\/\/vanxhaber.com\/#website\"},\"primaryImageOfPage\":{\"@id\":\"https:\/\/vanxhaber.com\/index.php\/2025\/12\/02\/ebru-cikar-vana-kaliteli-ve-hizli-dijital-baski-hizmeti-getirdik\/#primaryimage\"},\"image\":{\"@id\":\"https:\/\/vanxhaber.com\/index.php\/2025\/12\/02\/ebru-cikar-vana-kaliteli-ve-hizli-dijital-baski-hizmeti-getirdik\/#primaryimage\"},\"thumbnailUrl\":\"https:\/\/vanxhaber.com\/wp-content\/uploads\/2025\/12\/ebri-cikar.jpeg\",\"datePublished\":\"2025-12-02T20:40:18+00:00\",\"dateModified\":\"2025-12-02T20:41:21+00:00\",\"author\":{\"@id\":\"https:\/\/vanxhaber.com\/#\/schema\/person\/a5fd8d89510cb5370e62ad176f7978ee\"},\"breadcrumb\":{\"@id\":\"https:\/\/vanxhaber.com\/index.php\/2025\/12\/02\/ebru-cikar-vana-kaliteli-ve-hizli-dijital-baski-hizmeti-getirdik\/#breadcrumb\"},\"inLanguage\":\"tr\",\"potentialAction\":[{\"@type\":\"ReadAction\",\"target\":[\"https:\/\/vanxhaber.com\/index.php\/2025\/12\/02\/ebru-cikar-vana-kaliteli-ve-hizli-dijital-baski-hizmeti-getirdik\/\"]}]},{\"@type\":\"ImageObject\",\"inLanguage\":\"tr\",\"@id\":\"https:\/\/vanxhaber.com\/index.php\/2025\/12\/02\/ebru-cikar-vana-kaliteli-ve-hizli-dijital-baski-hizmeti-getirdik\/#primaryimage\",\"url\":\"https:\/\/vanxhaber.com\/wp-content\/uploads\/2025\/12\/ebri-cikar.jpeg\",\"contentUrl\":\"https:\/\/vanxhaber.com\/wp-content\/uploads\/2025\/12\/ebri-cikar.jpeg\",\"width\":1200,\"height\":1600},{\"@type\":\"BreadcrumbList\",\"@id\":\"https:\/\/vanxhaber.com\/index.php\/2025\/12\/02\/ebru-cikar-vana-kaliteli-ve-hizli-dijital-baski-hizmeti-getirdik\/#breadcrumb\",\"itemListElement\":[{\"@type\":\"ListItem\",\"position\":1,\"name\":\"Anasayfa\",\"item\":\"https:\/\/vanxhaber.com\/\"},{\"@type\":\"ListItem\",\"position\":2,\"name\":\"Ebru \u00c7\u0131kar, &#8220;Van\u2019a Kaliteli ve H\u0131zl\u0131 Dijital Bask\u0131 Hizmeti Getirdik\u201d\"}]},{\"@type\":\"WebSite\",\"@id\":\"https:\/\/vanxhaber.com\/#website\",\"url\":\"https:\/\/vanxhaber.com\/\",\"name\":\"Van Haber | Van X Haber | Van Haberleri\",\"description\":\"Van Haber, Van&#039;\u0131n ilk yapay zeka teknolojileri ile yaz\u0131lan Van X Haber ve Van Haberlerini aktif g\u00fcncel sunan tek vanhaber merkezidir.\",\"potentialAction\":[{\"@type\":\"SearchAction\",\"target\":{\"@type\":\"EntryPoint\",\"urlTemplate\":\"https:\/\/vanxhaber.com\/?s={search_term_string}\"},\"query-input\":{\"@type\":\"PropertyValueSpecification\",\"valueRequired\":true,\"valueName\":\"search_term_string\"}}],\"inLanguage\":\"tr\"},{\"@type\":\"Person\",\"@id\":\"https:\/\/vanxhaber.com\/#\/schema\/person\/a5fd8d89510cb5370e62ad176f7978ee\",\"name\":\"Van X Haber\",\"image\":{\"@type\":\"ImageObject\",\"inLanguage\":\"tr\",\"@id\":\"https:\/\/vanxhaber.com\/#\/schema\/person\/image\/\",\"url\":\"https:\/\/secure.gravatar.com\/avatar\/36f2f63826681263103acb5ca1e7bc1a6db11baea9b75dd091d89b74f2704b07?s=96&d=mm&r=g\",\"contentUrl\":\"https:\/\/secure.gravatar.com\/avatar\/36f2f63826681263103acb5ca1e7bc1a6db11baea9b75dd091d89b74f2704b07?s=96&d=mm&r=g\",\"caption\":\"Van X Haber\"},\"description\":\"Van X Haber Van'\u0131n ilk ve tek yeni nesil Van Haber merkezi. Son Dakika Van Haberleri ve G\u00fcncel Van haber merkezinde s\u0131cak geli\u015fmeleri aktarmaya devam edece\u011fiz.\",\"url\":\"https:\/\/vanxhaber.com\/index.php\/author\/vangazetesi\/\"}]}<\/script>\n<!-- \/ Yoast SEO Premium plugin. -->","yoast_head_json":{"title":"Ebru \u00c7\u0131kar, \"Van\u2019a Kaliteli ve H\u0131zl\u0131 Dijital Bask\u0131 Hizmeti Getirdik\u201d - Van Haber | Van X Haber | Van Haberleri","robots":{"index":"index","follow":"follow","max-snippet":"max-snippet:-1","max-image-preview":"max-image-preview:large","max-video-preview":"max-video-preview:-1"},"canonical":"https:\/\/vanxhaber.com\/index.php\/2025\/12\/02\/ebru-cikar-vana-kaliteli-ve-hizli-dijital-baski-hizmeti-getirdik\/","og_locale":"tr_TR","og_type":"article","og_title":"Ebru \u00c7\u0131kar, \"Van\u2019a Kaliteli ve H\u0131zl\u0131 Dijital Bask\u0131 Hizmeti Getirdik\u201d","og_description":"Van\u2019da kad\u0131n giri\u015fimcili\u011fine \u00f6rnek bir ad\u0131m atan Ebru \u00c7\u0131kar, b\u00f6lgenin dijital bask\u0131 ihtiyac\u0131na profesyonel \u00e7\u00f6z\u00fcmler sunmak amac\u0131yla Wanda Dijital Bask\u0131 Merkezini kurdu. Geni\u015f makine parkuru ve y\u00fcksek bask\u0131 kapasitesiyle dikkat \u00e7eken i\u015fletme, tabela, branda, vinil, folyo, ara\u00e7 giydirme, afi\u015f, poster ve kurumsal bask\u0131 \u00fcr\u00fcnleri gibi bir\u00e7ok alanda hizmet veriyor. Merkezin \u00fcretim alan\u0131nda bulunan modern dijital &hellip;","og_url":"https:\/\/vanxhaber.com\/index.php\/2025\/12\/02\/ebru-cikar-vana-kaliteli-ve-hizli-dijital-baski-hizmeti-getirdik\/","og_site_name":"Van Haber | Van X Haber | Van Haberleri","article_published_time":"2025-12-02T20:40:18+00:00","article_modified_time":"2025-12-02T20:41:21+00:00","og_image":[{"width":1200,"height":1600,"url":"https:\/\/vanxhaber.com\/wp-content\/uploads\/2025\/12\/ebri-cikar.jpeg","type":"image\/jpeg"}],"author":"Van X Haber","twitter_card":"summary_large_image","twitter_misc":{"Yazan:":"Van X Haber","Tahmini okuma s\u00fcresi":"3 dakika"},"schema":{"@context":"https:\/\/schema.org","@graph":[{"@type":"Article","@id":"https:\/\/vanxhaber.com\/index.php\/2025\/12\/02\/ebru-cikar-vana-kaliteli-ve-hizli-dijital-baski-hizmeti-getirdik\/#article","isPartOf":{"@id":"https:\/\/vanxhaber.com\/index.php\/2025\/12\/02\/ebru-cikar-vana-kaliteli-ve-hizli-dijital-baski-hizmeti-getirdik\/"},"author":{"name":"Van X Haber","@id":"https:\/\/vanxhaber.com\/#\/schema\/person\/a5fd8d89510cb5370e62ad176f7978ee"},"headline":"Ebru \u00c7\u0131kar, &#8220;Van\u2019a Kaliteli ve H\u0131zl\u0131 Dijital Bask\u0131 Hizmeti Getirdik\u201d","datePublished":"2025-12-02T20:40:18+00:00","dateModified":"2025-12-02T20:41:21+00:00","mainEntityOfPage":{"@id":"https:\/\/vanxhaber.com\/index.php\/2025\/12\/02\/ebru-cikar-vana-kaliteli-ve-hizli-dijital-baski-hizmeti-getirdik\/"},"wordCount":332,"commentCount":0,"image":{"@id":"https:\/\/vanxhaber.com\/index.php\/2025\/12\/02\/ebru-cikar-vana-kaliteli-ve-hizli-dijital-baski-hizmeti-getirdik\/#primaryimage"},"thumbnailUrl":"https:\/\/vanxhaber.com\/wp-content\/uploads\/2025\/12\/ebri-cikar.jpeg","articleSection":["Van Haber"],"inLanguage":"tr","potentialAction":[{"@type":"CommentAction","name":"Comment","target":["https:\/\/vanxhaber.com\/index.php\/2025\/12\/02\/ebru-cikar-vana-kaliteli-ve-hizli-dijital-baski-hizmeti-getirdik\/#respond"]}],"copyrightYear":"2025","copyrightHolder":{"@id":"https:\/\/vanxhaber.com\/#organization"}},{"@type":"WebPage","@id":"https:\/\/vanxhaber.com\/index.php\/2025\/12\/02\/ebru-cikar-vana-kaliteli-ve-hizli-dijital-baski-hizmeti-getirdik\/","url":"https:\/\/vanxhaber.com\/index.php\/2025\/12\/02\/ebru-cikar-vana-kaliteli-ve-hizli-dijital-baski-hizmeti-getirdik\/","name":"Ebru \u00c7\u0131kar, \"Van\u2019a Kaliteli ve H\u0131zl\u0131 Dijital Bask\u0131 Hizmeti Getirdik\u201d - Van Haber | Van X Haber | Van Haberleri","isPartOf":{"@id":"https:\/\/vanxhaber.com\/#website"},"primaryImageOfPage":{"@id":"https:\/\/vanxhaber.com\/index.php\/2025\/12\/02\/ebru-cikar-vana-kaliteli-ve-hizli-dijital-baski-hizmeti-getirdik\/#primaryimage"},"image":{"@id":"https:\/\/vanxhaber.com\/index.php\/2025\/12\/02\/ebru-cikar-vana-kaliteli-ve-hizli-dijital-baski-hizmeti-getirdik\/#primaryimage"},"thumbnailUrl":"https:\/\/vanxhaber.com\/wp-content\/uploads\/2025\/12\/ebri-cikar.jpeg","datePublished":"2025-12-02T20:40:18+00:00","dateModified":"2025-12-02T20:41:21+00:00","author":{"@id":"https:\/\/vanxhaber.com\/#\/schema\/person\/a5fd8d89510cb5370e62ad176f7978ee"},"breadcrumb":{"@id":"https:\/\/vanxhaber.com\/index.php\/2025\/12\/02\/ebru-cikar-vana-kaliteli-ve-hizli-dijital-baski-hizmeti-getirdik\/#breadcrumb"},"inLanguage":"tr","potentialAction":[{"@type":"ReadAction","target":["https:\/\/vanxhaber.com\/index.php\/2025\/12\/02\/ebru-cikar-vana-kaliteli-ve-hizli-dijital-baski-hizmeti-getirdik\/"]}]},{"@type":"ImageObject","inLanguage":"tr","@id":"https:\/\/vanxhaber.com\/index.php\/2025\/12\/02\/ebru-cikar-vana-kaliteli-ve-hizli-dijital-baski-hizmeti-getirdik\/#primaryimage","url":"https:\/\/vanxhaber.com\/wp-content\/uploads\/2025\/12\/ebri-cikar.jpeg","contentUrl":"https:\/\/vanxhaber.com\/wp-content\/uploads\/2025\/12\/ebri-cikar.jpeg","width":1200,"height":1600},{"@type":"BreadcrumbList","@id":"https:\/\/vanxhaber.com\/index.php\/2025\/12\/02\/ebru-cikar-vana-kaliteli-ve-hizli-dijital-baski-hizmeti-getirdik\/#breadcrumb","itemListElement":[{"@type":"ListItem","position":1,"name":"Anasayfa","item":"https:\/\/vanxhaber.com\/"},{"@type":"ListItem","position":2,"name":"Ebru \u00c7\u0131kar, &#8220;Van\u2019a Kaliteli ve H\u0131zl\u0131 Dijital Bask\u0131 Hizmeti Getirdik\u201d"}]},{"@type":"WebSite","@id":"https:\/\/vanxhaber.com\/#website","url":"https:\/\/vanxhaber.com\/","name":"Van Haber | Van X Haber | Van Haberleri","description":"Van Haber, Van&#039;\u0131n ilk yapay zeka teknolojileri ile yaz\u0131lan Van X Haber ve Van Haberlerini aktif g\u00fcncel sunan tek vanhaber merkezidir.","potentialAction":[{"@type":"SearchAction","target":{"@type":"EntryPoint","urlTemplate":"https:\/\/vanxhaber.com\/?s={search_term_string}"},"query-input":{"@type":"PropertyValueSpecification","valueRequired":true,"valueName":"search_term_string"}}],"inLanguage":"tr"},{"@type":"Person","@id":"https:\/\/vanxhaber.com\/#\/schema\/person\/a5fd8d89510cb5370e62ad176f7978ee","name":"Van X Haber","image":{"@type":"ImageObject","inLanguage":"tr","@id":"https:\/\/vanxhaber.com\/#\/schema\/person\/image\/","url":"https:\/\/secure.gravatar.com\/avatar\/36f2f63826681263103acb5ca1e7bc1a6db11baea9b75dd091d89b74f2704b07?s=96&d=mm&r=g","contentUrl":"https:\/\/secure.gravatar.com\/avatar\/36f2f63826681263103acb5ca1e7bc1a6db11baea9b75dd091d89b74f2704b07?s=96&d=mm&r=g","caption":"Van X Haber"},"description":"Van X Haber Van'\u0131n ilk ve tek yeni nesil Van Haber merkezi. Son Dakika Van Haberleri ve G\u00fcncel Van haber merkezinde s\u0131cak geli\u015fmeleri aktarmaya devam edece\u011fiz.","url":"https:\/\/vanxhaber.com\/index.php\/author\/vangazetesi\/"}]}},"_links":{"self":[{"href":"https:\/\/vanxhaber.com\/index.php\/wp-json\/wp\/v2\/posts\/2369","targetHints":{"allow":["GET"]}}],"collection":[{"href":"https:\/\/vanxhaber.com\/index.php\/wp-json\/wp\/v2\/posts"}],"about":[{"href":"https:\/\/vanxhaber.com\/index.php\/wp-json\/wp\/v2\/types\/post"}],"author":[{"embeddable":true,"href":"https:\/\/vanxhaber.com\/index.php\/wp-json\/wp\/v2\/users\/2"}],"replies":[{"embeddable":true,"href":"https:\/\/vanxhaber.com\/index.php\/wp-json\/wp\/v2\/comments?post=2369"}],"version-history":[{"count":1,"href":"https:\/\/vanxhaber.com\/index.php\/wp-json\/wp\/v2\/posts\/2369\/revisions"}],"predecessor-version":[{"id":2374,"href":"https:\/\/vanxhaber.com\/index.php\/wp-json\/wp\/v2\/posts\/2369\/revisions\/2374"}],"wp:featuredmedia":[{"embeddable":true,"href":"https:\/\/vanxhaber.com\/index.php\/wp-json\/wp\/v2\/media\/2373"}],"wp:attachment":[{"href":"https:\/\/vanxhaber.com\/index.php\/wp-json\/wp\/v2\/media?parent=2369"}],"wp:term":[{"taxonomy":"category","embeddable":true,"href":"https:\/\/vanxhaber.com\/index.php\/wp-json\/wp\/v2\/categories?post=2369"},{"taxonomy":"post_tag","embeddable":true,"href":"https:\/\/vanxhaber.com\/index.php\/wp-json\/wp\/v2\/tags?post=2369"}],"curies":[{"name":"wp","href":"https:\/\/api.w.org\/{rel}","templated":true}]}}