{"id":2375,"date":"2025-12-02T21:16:32","date_gmt":"2025-12-02T21:16:32","guid":{"rendered":"https:\/\/vanxhaber.com\/?p=2375"},"modified":"2025-12-02T21:16:34","modified_gmt":"2025-12-02T21:16:34","slug":"vanli-is-insani-kamuran-yigitten-ugur-celike-destek-aciklamasi","status":"publish","type":"post","link":"https:\/\/vanxhaber.com\/index.php\/2025\/12\/02\/vanli-is-insani-kamuran-yigitten-ugur-celike-destek-aciklamasi\/","title":{"rendered":"Vanl\u0131 \u0130\u015f \u0130nsan\u0131 Kamuran Yi\u011fit\u2019ten U\u011fur \u00c7elik\u2019e Destek A\u00e7\u0131klamas\u0131"},"content":{"rendered":"\n<p>Van\u2019\u0131n tan\u0131nan i\u015f insanlar\u0131ndan Kamuran Yi\u011fit, 2019 y\u0131l\u0131nda \u00fc\u00e7 ortakla birlikte SUV Bili\u015fim Yap\u0131 A\u015e\u2019yi kurdular. Firmalar\u0131n\u0131n modern ve yenilik\u00e7i bir \u00e7izgi ile k\u0131sa s\u00fcrede i\u015flerini b\u00fcy\u00fctt\u00fcklerini vurgulad\u0131. Yi\u011fit, in\u015faat sekt\u00f6r\u00fcne giri\u015f s\u00fcre\u00e7lerini \u015fu s\u00f6zlerle anlatt\u0131: \u201c2019 y\u0131l\u0131nda in\u015faat sekt\u00f6r\u00fcne \u00fc\u00e7 ortakl\u0131 bir olu\u015fum ile ad\u0131m att\u0131k ve SUV Bili\u015fim Yap\u0131 A\u015e\u2019yi kurduk. Kurulu\u015f a\u015famas\u0131nda Van&#8217;da bulunan yap\u0131 sto\u011fu \u00fczerinde \u00e7al\u0131\u015f\u0131p analizler yapt\u0131klar\u0131n\u0131, Van&#8217;da taah\u00fct alan\u0131nda teknik olarak eksikliklerin oldu\u011funu ve bu alana y\u00f6neldiklerini ifade etti. Bu ayn\u0131 zamanda baba mesle\u011fimizdi. Ortaklar\u0131m\u0131z\u0131n deste\u011fi, cesareti ve dostlar\u0131m\u0131z\u0131n katk\u0131s\u0131yla bu yola girdik.\u201d<\/p>\n\n\n\n<p><strong>BELED\u0130YE VE M\u0130LL\u00ce E\u011e\u0130T\u0130M PROJELER\u0130NDE \u00d6NEML\u0130 \u0130MZALAR<\/strong><\/p>\n\n\n\n<p>Yi\u011fit, \u015firketlerinin k\u0131sa s\u00fcrede bir\u00e7ok kurumla ciddi projelere imza att\u0131\u011f\u0131n\u0131 belirtti: \u201cKuruldu\u011fumuz y\u0131l belediyede taahh\u00fct i\u015flerinin ihalelerine girdik ve bir\u00e7ok ba\u015far\u0131l\u0131 projeyi tamamlad\u0131k. E\u011fitim ve hizmet yap\u0131lar\u0131 d\u00e2hil pek \u00e7ok farkl\u0131 alanda \u00e7al\u0131\u015ft\u0131k. \u015eehir d\u0131\u015f\u0131nda da bir \u00e7ok yap\u0131ya imza att\u0131klar\u0131n\u0131 dile getirdi.\u201d<\/p>\n\n\n\n<p>Yi\u011fit ayr\u0131ca Y\u0130KOP b\u00fcnyesindeki Aile ve Sosyal Hizmetler Binas\u0131n\u0131n yap\u0131m\u0131n\u0131 \u00fcstlendik. \u015eu anda Ayd\u0131n\u2019da yine okul in\u015fa ediyoruz. \u00c7al\u0131\u015fmalar\u0131m\u0131z istikrarl\u0131 bir \u015fekilde devam ediyor.\u201d<\/p>\n\n\n\n<p><strong>MARANGOZLAR ODASI SE\u00c7\u0130MLER\u0130: &#8216;DESTEKLED\u0130\u011e\u0130M\u0130Z \u0130S\u0130M U\u011eUR \u00c7EL\u0130K&#8217;<\/strong><\/p>\n\n\n\n<p>Yakla\u015fan Van Marangozlar Mobilyac\u0131lar ve Keresteciler Esnaf ve Sanatk\u00e2rlar Odas\u0131 se\u00e7imlerine de de\u011finen Yi\u011fit, destekledikleri aday\u0131n U\u011fur \u00c7elik oldu\u011funu a\u00e7\u0131klad\u0131: \u201cYanl\u0131\u015f de\u011filsem \u00fc\u00e7 aday yar\u0131\u015facak. Bizim tercihimizi a\u00e7\u0131k\u00e7a ifade ediyorum: Say\u0131n U\u011fur \u00c7elik. \u00c7\u00fcnk\u00fc kendisi yakla\u015f\u0131k d\u00f6rt y\u0131la yak\u0131n s\u00fcre odada genel sekreterlik g\u00f6revinde bulundu. \u0130\u015fin mutfa\u011f\u0131ndan gelen, gen\u00e7 ve dinamik bir isim. Esnaf\u0131 en iyi \u015fekilde temsil edece\u011fine inan\u0131yorum.\u201d<\/p>\n\n\n\n<p>Yi\u011fit, se\u00e7imlerin esnaf camias\u0131 i\u00e7in olumlu bir rekabet ortam\u0131 yarataca\u011f\u0131n\u0131 belirterek s\u00f6zlerini \u015f\u00f6yle tamamlad\u0131: \u201cBu bir yar\u0131\u015f. Kazanan kim olursa olsun esnaf\u0131m\u0131za hay\u0131rl\u0131 olsun.\u201d dedi.<\/p>\n","protected":false},"excerpt":{"rendered":"<p>Van\u2019\u0131n tan\u0131nan i\u015f insanlar\u0131ndan Kamuran Yi\u011fit, 2019 y\u0131l\u0131nda \u00fc\u00e7 ortakla birlikte SUV Bili\u015fim Yap\u0131 A\u015e\u2019yi kurdular. Firmalar\u0131n\u0131n modern ve yenilik\u00e7i bir \u00e7izgi ile k\u0131sa s\u00fcrede i\u015flerini b\u00fcy\u00fctt\u00fcklerini vurgulad\u0131. Yi\u011fit, in\u015faat sekt\u00f6r\u00fcne giri\u015f s\u00fcre\u00e7lerini \u015fu s\u00f6zlerle anlatt\u0131: \u201c2019 y\u0131l\u0131nda in\u015faat sekt\u00f6r\u00fcne \u00fc\u00e7 ortakl\u0131 bir olu\u015fum ile ad\u0131m att\u0131k ve SUV Bili\u015fim Yap\u0131 A\u015e\u2019yi kurduk. Kurulu\u015f a\u015famas\u0131nda &hellip;<\/p>\n","protected":false},"author":2,"featured_media":2376,"comment_status":"open","ping_status":"closed","sticky":false,"template":"","format":"standard","meta":{"googlesitekit_rrm_CAowot3VCw:productID":"","footnotes":""},"categories":[1],"tags":[180,165,34,35,36],"class_list":["post-2375","post","type-post","status-publish","format-standard","has-post-thumbnail","hentry","category-van-haber","tag-kamuran-yigit","tag-ugur-celik","tag-van","tag-van-haber","tag-van-haberleri"],"yoast_head":"<!-- This site is optimized with the Yoast SEO Premium plugin v21.7 (Yoast SEO v26.7) - https:\/\/yoast.com\/wordpress\/plugins\/seo\/ -->\n<title>Vanl\u0131 \u0130\u015f \u0130nsan\u0131 Kamuran Yi\u011fit\u2019ten U\u011fur \u00c7elik\u2019e Destek A\u00e7\u0131klamas\u0131 - Van Haber | Van X Haber | Van Haberleri<\/title>\n<meta name=\"robots\" content=\"index, follow, max-snippet:-1, max-image-preview:large, max-video-preview:-1\" \/>\n<link rel=\"canonical\" href=\"https:\/\/vanxhaber.com\/index.php\/2025\/12\/02\/vanli-is-insani-kamuran-yigitten-ugur-celike-destek-aciklamasi\/\" \/>\n<meta property=\"og:locale\" content=\"tr_TR\" \/>\n<meta property=\"og:type\" content=\"article\" \/>\n<meta property=\"og:title\" content=\"Vanl\u0131 \u0130\u015f \u0130nsan\u0131 Kamuran Yi\u011fit\u2019ten U\u011fur \u00c7elik\u2019e Destek A\u00e7\u0131klamas\u0131\" \/>\n<meta property=\"og:description\" content=\"Van\u2019\u0131n tan\u0131nan i\u015f insanlar\u0131ndan Kamuran Yi\u011fit, 2019 y\u0131l\u0131nda \u00fc\u00e7 ortakla birlikte SUV Bili\u015fim Yap\u0131 A\u015e\u2019yi kurdular. Firmalar\u0131n\u0131n modern ve yenilik\u00e7i bir \u00e7izgi ile k\u0131sa s\u00fcrede i\u015flerini b\u00fcy\u00fctt\u00fcklerini vurgulad\u0131. Yi\u011fit, in\u015faat sekt\u00f6r\u00fcne giri\u015f s\u00fcre\u00e7lerini \u015fu s\u00f6zlerle anlatt\u0131: \u201c2019 y\u0131l\u0131nda in\u015faat sekt\u00f6r\u00fcne \u00fc\u00e7 ortakl\u0131 bir olu\u015fum ile ad\u0131m att\u0131k ve SUV Bili\u015fim Yap\u0131 A\u015e\u2019yi kurduk. Kurulu\u015f a\u015famas\u0131nda &hellip;\" \/>\n<meta property=\"og:url\" content=\"https:\/\/vanxhaber.com\/index.php\/2025\/12\/02\/vanli-is-insani-kamuran-yigitten-ugur-celike-destek-aciklamasi\/\" \/>\n<meta property=\"og:site_name\" content=\"Van Haber | Van X Haber | Van Haberleri\" \/>\n<meta property=\"article:published_time\" content=\"2025-12-02T21:16:32+00:00\" \/>\n<meta property=\"article:modified_time\" content=\"2025-12-02T21:16:34+00:00\" \/>\n<meta property=\"og:image\" content=\"https:\/\/vanxhaber.com\/wp-content\/uploads\/2025\/12\/kamuran-yigit.jpeg\" \/>\n\t<meta property=\"og:image:width\" content=\"1600\" \/>\n\t<meta property=\"og:image:height\" content=\"1066\" \/>\n\t<meta property=\"og:image:type\" content=\"image\/jpeg\" \/>\n<meta name=\"author\" content=\"Van X Haber\" \/>\n<meta name=\"twitter:card\" content=\"summary_large_image\" \/>\n<meta name=\"twitter:label1\" content=\"Yazan:\" \/>\n\t<meta name=\"twitter:data1\" content=\"Van X Haber\" \/>\n\t<meta name=\"twitter:label2\" content=\"Tahmini okuma s\u00fcresi\" \/>\n\t<meta name=\"twitter:data2\" content=\"2 dakika\" \/>\n<script type=\"application\/ld+json\" class=\"yoast-schema-graph\">{\"@context\":\"https:\/\/schema.org\",\"@graph\":[{\"@type\":\"Article\",\"@id\":\"https:\/\/vanxhaber.com\/index.php\/2025\/12\/02\/vanli-is-insani-kamuran-yigitten-ugur-celike-destek-aciklamasi\/#article\",\"isPartOf\":{\"@id\":\"https:\/\/vanxhaber.com\/index.php\/2025\/12\/02\/vanli-is-insani-kamuran-yigitten-ugur-celike-destek-aciklamasi\/\"},\"author\":{\"name\":\"Van X Haber\",\"@id\":\"https:\/\/vanxhaber.com\/#\/schema\/person\/a5fd8d89510cb5370e62ad176f7978ee\"},\"headline\":\"Vanl\u0131 \u0130\u015f \u0130nsan\u0131 Kamuran Yi\u011fit\u2019ten U\u011fur \u00c7elik\u2019e Destek A\u00e7\u0131klamas\u0131\",\"datePublished\":\"2025-12-02T21:16:32+00:00\",\"dateModified\":\"2025-12-02T21:16:34+00:00\",\"mainEntityOfPage\":{\"@id\":\"https:\/\/vanxhaber.com\/index.php\/2025\/12\/02\/vanli-is-insani-kamuran-yigitten-ugur-celike-destek-aciklamasi\/\"},\"wordCount\":400,\"commentCount\":0,\"image\":{\"@id\":\"https:\/\/vanxhaber.com\/index.php\/2025\/12\/02\/vanli-is-insani-kamuran-yigitten-ugur-celike-destek-aciklamasi\/#primaryimage\"},\"thumbnailUrl\":\"https:\/\/vanxhaber.com\/wp-content\/uploads\/2025\/12\/kamuran-yigit.jpeg\",\"keywords\":[\"kamuran yi\u011fit\",\"U\u011fur \u00c7elik\",\"van\",\"van haber\",\"van haberleri\"],\"articleSection\":[\"Van Haber\"],\"inLanguage\":\"tr\",\"potentialAction\":[{\"@type\":\"CommentAction\",\"name\":\"Comment\",\"target\":[\"https:\/\/vanxhaber.com\/index.php\/2025\/12\/02\/vanli-is-insani-kamuran-yigitten-ugur-celike-destek-aciklamasi\/#respond\"]}],\"copyrightYear\":\"2025\",\"copyrightHolder\":{\"@id\":\"https:\/\/vanxhaber.com\/#organization\"}},{\"@type\":\"WebPage\",\"@id\":\"https:\/\/vanxhaber.com\/index.php\/2025\/12\/02\/vanli-is-insani-kamuran-yigitten-ugur-celike-destek-aciklamasi\/\",\"url\":\"https:\/\/vanxhaber.com\/index.php\/2025\/12\/02\/vanli-is-insani-kamuran-yigitten-ugur-celike-destek-aciklamasi\/\",\"name\":\"Vanl\u0131 \u0130\u015f \u0130nsan\u0131 Kamuran Yi\u011fit\u2019ten U\u011fur \u00c7elik\u2019e Destek A\u00e7\u0131klamas\u0131 - Van Haber | Van X Haber | Van Haberleri\",\"isPartOf\":{\"@id\":\"https:\/\/vanxhaber.com\/#website\"},\"primaryImageOfPage\":{\"@id\":\"https:\/\/vanxhaber.com\/index.php\/2025\/12\/02\/vanli-is-insani-kamuran-yigitten-ugur-celike-destek-aciklamasi\/#primaryimage\"},\"image\":{\"@id\":\"https:\/\/vanxhaber.com\/index.php\/2025\/12\/02\/vanli-is-insani-kamuran-yigitten-ugur-celike-destek-aciklamasi\/#primaryimage\"},\"thumbnailUrl\":\"https:\/\/vanxhaber.com\/wp-content\/uploads\/2025\/12\/kamuran-yigit.jpeg\",\"datePublished\":\"2025-12-02T21:16:32+00:00\",\"dateModified\":\"2025-12-02T21:16:34+00:00\",\"author\":{\"@id\":\"https:\/\/vanxhaber.com\/#\/schema\/person\/a5fd8d89510cb5370e62ad176f7978ee\"},\"breadcrumb\":{\"@id\":\"https:\/\/vanxhaber.com\/index.php\/2025\/12\/02\/vanli-is-insani-kamuran-yigitten-ugur-celike-destek-aciklamasi\/#breadcrumb\"},\"inLanguage\":\"tr\",\"potentialAction\":[{\"@type\":\"ReadAction\",\"target\":[\"https:\/\/vanxhaber.com\/index.php\/2025\/12\/02\/vanli-is-insani-kamuran-yigitten-ugur-celike-destek-aciklamasi\/\"]}]},{\"@type\":\"ImageObject\",\"inLanguage\":\"tr\",\"@id\":\"https:\/\/vanxhaber.com\/index.php\/2025\/12\/02\/vanli-is-insani-kamuran-yigitten-ugur-celike-destek-aciklamasi\/#primaryimage\",\"url\":\"https:\/\/vanxhaber.com\/wp-content\/uploads\/2025\/12\/kamuran-yigit.jpeg\",\"contentUrl\":\"https:\/\/vanxhaber.com\/wp-content\/uploads\/2025\/12\/kamuran-yigit.jpeg\",\"width\":1600,\"height\":1066},{\"@type\":\"BreadcrumbList\",\"@id\":\"https:\/\/vanxhaber.com\/index.php\/2025\/12\/02\/vanli-is-insani-kamuran-yigitten-ugur-celike-destek-aciklamasi\/#breadcrumb\",\"itemListElement\":[{\"@type\":\"ListItem\",\"position\":1,\"name\":\"Anasayfa\",\"item\":\"https:\/\/vanxhaber.com\/\"},{\"@type\":\"ListItem\",\"position\":2,\"name\":\"Vanl\u0131 \u0130\u015f \u0130nsan\u0131 Kamuran Yi\u011fit\u2019ten U\u011fur \u00c7elik\u2019e Destek A\u00e7\u0131klamas\u0131\"}]},{\"@type\":\"WebSite\",\"@id\":\"https:\/\/vanxhaber.com\/#website\",\"url\":\"https:\/\/vanxhaber.com\/\",\"name\":\"Van Haber | Van X Haber | Van Haberleri\",\"description\":\"Van Haber, Van&#039;\u0131n ilk yapay zeka teknolojileri ile yaz\u0131lan Van X Haber ve Van Haberlerini aktif g\u00fcncel sunan tek vanhaber merkezidir.\",\"potentialAction\":[{\"@type\":\"SearchAction\",\"target\":{\"@type\":\"EntryPoint\",\"urlTemplate\":\"https:\/\/vanxhaber.com\/?s={search_term_string}\"},\"query-input\":{\"@type\":\"PropertyValueSpecification\",\"valueRequired\":true,\"valueName\":\"search_term_string\"}}],\"inLanguage\":\"tr\"},{\"@type\":\"Person\",\"@id\":\"https:\/\/vanxhaber.com\/#\/schema\/person\/a5fd8d89510cb5370e62ad176f7978ee\",\"name\":\"Van X Haber\",\"image\":{\"@type\":\"ImageObject\",\"inLanguage\":\"tr\",\"@id\":\"https:\/\/vanxhaber.com\/#\/schema\/person\/image\/\",\"url\":\"https:\/\/secure.gravatar.com\/avatar\/36f2f63826681263103acb5ca1e7bc1a6db11baea9b75dd091d89b74f2704b07?s=96&d=mm&r=g\",\"contentUrl\":\"https:\/\/secure.gravatar.com\/avatar\/36f2f63826681263103acb5ca1e7bc1a6db11baea9b75dd091d89b74f2704b07?s=96&d=mm&r=g\",\"caption\":\"Van X Haber\"},\"description\":\"Van X Haber Van'\u0131n ilk ve tek yeni nesil Van Haber merkezi. Son Dakika Van Haberleri ve G\u00fcncel Van haber merkezinde s\u0131cak geli\u015fmeleri aktarmaya devam edece\u011fiz.\",\"url\":\"https:\/\/vanxhaber.com\/index.php\/author\/vangazetesi\/\"}]}<\/script>\n<!-- \/ Yoast SEO Premium plugin. -->","yoast_head_json":{"title":"Vanl\u0131 \u0130\u015f \u0130nsan\u0131 Kamuran Yi\u011fit\u2019ten U\u011fur \u00c7elik\u2019e Destek A\u00e7\u0131klamas\u0131 - Van Haber | Van X Haber | Van Haberleri","robots":{"index":"index","follow":"follow","max-snippet":"max-snippet:-1","max-image-preview":"max-image-preview:large","max-video-preview":"max-video-preview:-1"},"canonical":"https:\/\/vanxhaber.com\/index.php\/2025\/12\/02\/vanli-is-insani-kamuran-yigitten-ugur-celike-destek-aciklamasi\/","og_locale":"tr_TR","og_type":"article","og_title":"Vanl\u0131 \u0130\u015f \u0130nsan\u0131 Kamuran Yi\u011fit\u2019ten U\u011fur \u00c7elik\u2019e Destek A\u00e7\u0131klamas\u0131","og_description":"Van\u2019\u0131n tan\u0131nan i\u015f insanlar\u0131ndan Kamuran Yi\u011fit, 2019 y\u0131l\u0131nda \u00fc\u00e7 ortakla birlikte SUV Bili\u015fim Yap\u0131 A\u015e\u2019yi kurdular. Firmalar\u0131n\u0131n modern ve yenilik\u00e7i bir \u00e7izgi ile k\u0131sa s\u00fcrede i\u015flerini b\u00fcy\u00fctt\u00fcklerini vurgulad\u0131. Yi\u011fit, in\u015faat sekt\u00f6r\u00fcne giri\u015f s\u00fcre\u00e7lerini \u015fu s\u00f6zlerle anlatt\u0131: \u201c2019 y\u0131l\u0131nda in\u015faat sekt\u00f6r\u00fcne \u00fc\u00e7 ortakl\u0131 bir olu\u015fum ile ad\u0131m att\u0131k ve SUV Bili\u015fim Yap\u0131 A\u015e\u2019yi kurduk. Kurulu\u015f a\u015famas\u0131nda &hellip;","og_url":"https:\/\/vanxhaber.com\/index.php\/2025\/12\/02\/vanli-is-insani-kamuran-yigitten-ugur-celike-destek-aciklamasi\/","og_site_name":"Van Haber | Van X Haber | Van Haberleri","article_published_time":"2025-12-02T21:16:32+00:00","article_modified_time":"2025-12-02T21:16:34+00:00","og_image":[{"width":1600,"height":1066,"url":"https:\/\/vanxhaber.com\/wp-content\/uploads\/2025\/12\/kamuran-yigit.jpeg","type":"image\/jpeg"}],"author":"Van X Haber","twitter_card":"summary_large_image","twitter_misc":{"Yazan:":"Van X Haber","Tahmini okuma s\u00fcresi":"2 dakika"},"schema":{"@context":"https:\/\/schema.org","@graph":[{"@type":"Article","@id":"https:\/\/vanxhaber.com\/index.php\/2025\/12\/02\/vanli-is-insani-kamuran-yigitten-ugur-celike-destek-aciklamasi\/#article","isPartOf":{"@id":"https:\/\/vanxhaber.com\/index.php\/2025\/12\/02\/vanli-is-insani-kamuran-yigitten-ugur-celike-destek-aciklamasi\/"},"author":{"name":"Van X Haber","@id":"https:\/\/vanxhaber.com\/#\/schema\/person\/a5fd8d89510cb5370e62ad176f7978ee"},"headline":"Vanl\u0131 \u0130\u015f \u0130nsan\u0131 Kamuran Yi\u011fit\u2019ten U\u011fur \u00c7elik\u2019e Destek A\u00e7\u0131klamas\u0131","datePublished":"2025-12-02T21:16:32+00:00","dateModified":"2025-12-02T21:16:34+00:00","mainEntityOfPage":{"@id":"https:\/\/vanxhaber.com\/index.php\/2025\/12\/02\/vanli-is-insani-kamuran-yigitten-ugur-celike-destek-aciklamasi\/"},"wordCount":400,"commentCount":0,"image":{"@id":"https:\/\/vanxhaber.com\/index.php\/2025\/12\/02\/vanli-is-insani-kamuran-yigitten-ugur-celike-destek-aciklamasi\/#primaryimage"},"thumbnailUrl":"https:\/\/vanxhaber.com\/wp-content\/uploads\/2025\/12\/kamuran-yigit.jpeg","keywords":["kamuran yi\u011fit","U\u011fur \u00c7elik","van","van haber","van haberleri"],"articleSection":["Van Haber"],"inLanguage":"tr","potentialAction":[{"@type":"CommentAction","name":"Comment","target":["https:\/\/vanxhaber.com\/index.php\/2025\/12\/02\/vanli-is-insani-kamuran-yigitten-ugur-celike-destek-aciklamasi\/#respond"]}],"copyrightYear":"2025","copyrightHolder":{"@id":"https:\/\/vanxhaber.com\/#organization"}},{"@type":"WebPage","@id":"https:\/\/vanxhaber.com\/index.php\/2025\/12\/02\/vanli-is-insani-kamuran-yigitten-ugur-celike-destek-aciklamasi\/","url":"https:\/\/vanxhaber.com\/index.php\/2025\/12\/02\/vanli-is-insani-kamuran-yigitten-ugur-celike-destek-aciklamasi\/","name":"Vanl\u0131 \u0130\u015f \u0130nsan\u0131 Kamuran Yi\u011fit\u2019ten U\u011fur \u00c7elik\u2019e Destek A\u00e7\u0131klamas\u0131 - Van Haber | Van X Haber | Van Haberleri","isPartOf":{"@id":"https:\/\/vanxhaber.com\/#website"},"primaryImageOfPage":{"@id":"https:\/\/vanxhaber.com\/index.php\/2025\/12\/02\/vanli-is-insani-kamuran-yigitten-ugur-celike-destek-aciklamasi\/#primaryimage"},"image":{"@id":"https:\/\/vanxhaber.com\/index.php\/2025\/12\/02\/vanli-is-insani-kamuran-yigitten-ugur-celike-destek-aciklamasi\/#primaryimage"},"thumbnailUrl":"https:\/\/vanxhaber.com\/wp-content\/uploads\/2025\/12\/kamuran-yigit.jpeg","datePublished":"2025-12-02T21:16:32+00:00","dateModified":"2025-12-02T21:16:34+00:00","author":{"@id":"https:\/\/vanxhaber.com\/#\/schema\/person\/a5fd8d89510cb5370e62ad176f7978ee"},"breadcrumb":{"@id":"https:\/\/vanxhaber.com\/index.php\/2025\/12\/02\/vanli-is-insani-kamuran-yigitten-ugur-celike-destek-aciklamasi\/#breadcrumb"},"inLanguage":"tr","potentialAction":[{"@type":"ReadAction","target":["https:\/\/vanxhaber.com\/index.php\/2025\/12\/02\/vanli-is-insani-kamuran-yigitten-ugur-celike-destek-aciklamasi\/"]}]},{"@type":"ImageObject","inLanguage":"tr","@id":"https:\/\/vanxhaber.com\/index.php\/2025\/12\/02\/vanli-is-insani-kamuran-yigitten-ugur-celike-destek-aciklamasi\/#primaryimage","url":"https:\/\/vanxhaber.com\/wp-content\/uploads\/2025\/12\/kamuran-yigit.jpeg","contentUrl":"https:\/\/vanxhaber.com\/wp-content\/uploads\/2025\/12\/kamuran-yigit.jpeg","width":1600,"height":1066},{"@type":"BreadcrumbList","@id":"https:\/\/vanxhaber.com\/index.php\/2025\/12\/02\/vanli-is-insani-kamuran-yigitten-ugur-celike-destek-aciklamasi\/#breadcrumb","itemListElement":[{"@type":"ListItem","position":1,"name":"Anasayfa","item":"https:\/\/vanxhaber.com\/"},{"@type":"ListItem","position":2,"name":"Vanl\u0131 \u0130\u015f \u0130nsan\u0131 Kamuran Yi\u011fit\u2019ten U\u011fur \u00c7elik\u2019e Destek A\u00e7\u0131klamas\u0131"}]},{"@type":"WebSite","@id":"https:\/\/vanxhaber.com\/#website","url":"https:\/\/vanxhaber.com\/","name":"Van Haber | Van X Haber | Van Haberleri","description":"Van Haber, Van&#039;\u0131n ilk yapay zeka teknolojileri ile yaz\u0131lan Van X Haber ve Van Haberlerini aktif g\u00fcncel sunan tek vanhaber merkezidir.","potentialAction":[{"@type":"SearchAction","target":{"@type":"EntryPoint","urlTemplate":"https:\/\/vanxhaber.com\/?s={search_term_string}"},"query-input":{"@type":"PropertyValueSpecification","valueRequired":true,"valueName":"search_term_string"}}],"inLanguage":"tr"},{"@type":"Person","@id":"https:\/\/vanxhaber.com\/#\/schema\/person\/a5fd8d89510cb5370e62ad176f7978ee","name":"Van X Haber","image":{"@type":"ImageObject","inLanguage":"tr","@id":"https:\/\/vanxhaber.com\/#\/schema\/person\/image\/","url":"https:\/\/secure.gravatar.com\/avatar\/36f2f63826681263103acb5ca1e7bc1a6db11baea9b75dd091d89b74f2704b07?s=96&d=mm&r=g","contentUrl":"https:\/\/secure.gravatar.com\/avatar\/36f2f63826681263103acb5ca1e7bc1a6db11baea9b75dd091d89b74f2704b07?s=96&d=mm&r=g","caption":"Van X Haber"},"description":"Van X Haber Van'\u0131n ilk ve tek yeni nesil Van Haber merkezi. Son Dakika Van Haberleri ve G\u00fcncel Van haber merkezinde s\u0131cak geli\u015fmeleri aktarmaya devam edece\u011fiz.","url":"https:\/\/vanxhaber.com\/index.php\/author\/vangazetesi\/"}]}},"_links":{"self":[{"href":"https:\/\/vanxhaber.com\/index.php\/wp-json\/wp\/v2\/posts\/2375","targetHints":{"allow":["GET"]}}],"collection":[{"href":"https:\/\/vanxhaber.com\/index.php\/wp-json\/wp\/v2\/posts"}],"about":[{"href":"https:\/\/vanxhaber.com\/index.php\/wp-json\/wp\/v2\/types\/post"}],"author":[{"embeddable":true,"href":"https:\/\/vanxhaber.com\/index.php\/wp-json\/wp\/v2\/users\/2"}],"replies":[{"embeddable":true,"href":"https:\/\/vanxhaber.com\/index.php\/wp-json\/wp\/v2\/comments?post=2375"}],"version-history":[{"count":1,"href":"https:\/\/vanxhaber.com\/index.php\/wp-json\/wp\/v2\/posts\/2375\/revisions"}],"predecessor-version":[{"id":2377,"href":"https:\/\/vanxhaber.com\/index.php\/wp-json\/wp\/v2\/posts\/2375\/revisions\/2377"}],"wp:featuredmedia":[{"embeddable":true,"href":"https:\/\/vanxhaber.com\/index.php\/wp-json\/wp\/v2\/media\/2376"}],"wp:attachment":[{"href":"https:\/\/vanxhaber.com\/index.php\/wp-json\/wp\/v2\/media?parent=2375"}],"wp:term":[{"taxonomy":"category","embeddable":true,"href":"https:\/\/vanxhaber.com\/index.php\/wp-json\/wp\/v2\/categories?post=2375"},{"taxonomy":"post_tag","embeddable":true,"href":"https:\/\/vanxhaber.com\/index.php\/wp-json\/wp\/v2\/tags?post=2375"}],"curies":[{"name":"wp","href":"https:\/\/api.w.org\/{rel}","templated":true}]}}