{"id":2378,"date":"2025-12-05T19:51:52","date_gmt":"2025-12-05T19:51:52","guid":{"rendered":"https:\/\/vanxhaber.com\/?p=2378"},"modified":"2025-12-05T19:51:53","modified_gmt":"2025-12-05T19:51:53","slug":"vanda-30-yillik-esnaf-nedim-kilictan-destek-aciklamasi","status":"publish","type":"post","link":"https:\/\/vanxhaber.com\/index.php\/2025\/12\/05\/vanda-30-yillik-esnaf-nedim-kilictan-destek-aciklamasi\/","title":{"rendered":"VAN\u2019DA 30 YILLIK ESNAF NED\u0130M KILI\u00c7&#8217;TAN DESTEK A\u00c7IKLAMASI"},"content":{"rendered":"\n<p>Van\u2019da yakla\u015fan Demirciler Tornac\u0131lar Tamirciler Esnaf ve Sanatkarlar\u0131 Odas\u0131 se\u00e7imleri \u00f6ncesi, sekt\u00f6r\u00fcn \u00f6nde gelen esnaflar\u0131ndan Nedim K\u0131l\u0131\u00e7, Ba\u015fkan Aday\u0131 Berat Akdeniz\u2019e destek a\u00e7\u0131klamas\u0131nda bulundu.<br>1990 y\u0131l\u0131ndan beri abileri ve karde\u015fleriyle birlikte kamyon tamir ve yedek par\u00e7a i\u015fi yapt\u0131klar\u0131n\u0131 belirten K\u0131l\u0131\u00e7, 30 y\u0131l\u0131 a\u015fk\u0131n s\u00fcredir esnafl\u0131\u011f\u0131n i\u00e7inde olduklar\u0131n\u0131 vurgulayarak \u015funlar\u0131 s\u00f6yledi: \u201cBen Nedim K\u0131l\u0131\u00e7. 1990&#8217;dan beri biraderlerimle, abilerimle beraber kamyon tamir ve yedek par\u00e7a i\u015fi yap\u0131yoruz. Bu i\u015fin i\u00e7indeyiz, tecr\u00fcbeliyiz. Se\u00e7im konusunda da Berat Ba\u015fkanla beraberiz. Berat Ba\u015fkan\u2019\u0131n bu se\u00e7imi kazanaca\u011f\u0131na inan\u0131yoruz. Esnaf i\u00e7in g\u00fczel hizmetler yapmak amac\u0131yla bu yola girdik. Hay\u0131rl\u0131s\u0131 olsun.\u201d<br><\/p>\n\n\n\n<p><strong>24 K\u0130\u015e\u0130L\u0130K Y\u00d6NET\u0130MLE SAHADA \u00c7ALI\u015eIYORUZ<br><\/strong>Y\u00f6netim ekibinde 24 ki\u015fi olduklar\u0131n\u0131 ifade eden K\u0131l\u0131\u00e7, ekip olarak se\u00e7im \u00e7al\u0131\u015fmalar\u0131n\u0131 s\u00fcrd\u00fcrd\u00fcklerini belirterek: \u201cEvet, y\u00f6netimdeyiz. Canla ba\u015fla \u00e7al\u0131\u015f\u0131yoruz. Biz 24 ki\u015fiyiz ve 24 ki\u015fi de Berat Ba\u015fkanla birlikte bu se\u00e7im i\u00e7in m\u00fccadele ediyoruz. Esnaftan destek bekliyoruz. Onlar i\u00e7in \u00e7al\u0131\u015faca\u011f\u0131m\u0131z\u0131, hizmet edece\u011fimizi s\u00f6yl\u00fcyoruz. Bunun garantisini de verebiliriz in\u015fallah.\u201d dedi.<br><\/p>\n\n\n\n<p><strong>BERAT AKDEN\u0130Z\u2019E G\u00dc\u00c7L\u00dc DESTEK MESAJI<br><\/strong>Mevcut ba\u015fkan\u0131n iki d\u00f6nemdir g\u00f6revde oldu\u011funu ancak beklenen hizmetlerin g\u00f6r\u00fclmedi\u011fini dile getiren K\u0131l\u0131\u00e7, bu nedenle de\u011fi\u015fim istediklerini ifade etti: \u201cMevcut ba\u015fkan iki d\u00f6nemdir ba\u015fkanl\u0131k yap\u0131yor ancak biz bir faaliyet g\u00f6remedik. Bu y\u00fczden de\u011fi\u015fim istiyoruz. Kendi y\u00f6netimimizi olu\u015fturduk ve \u00e7al\u0131\u015fmalar\u0131m\u0131z devam ediyor.\u201d dedi.<br>K\u0131l\u0131\u00e7 a\u00e7\u0131klamas\u0131n\u0131n sonunda t\u00fcm g\u00fc\u00e7leriyle Van Demirciler Tornac\u0131lar Tamirciler Esnaf ve Sanatkarlar\u0131 Odas\u0131 Ba\u015fkan Aday\u0131 Berat Akdeniz\u2019e destek vereceklerini s\u00f6yleyerek s\u00f6zlerini tamamlad\u0131.<\/p>\n\n\n\n<figure class=\"wp-block-gallery has-nested-images columns-default is-cropped wp-block-gallery-1 is-layout-flex wp-block-gallery-is-layout-flex\">\n<figure class=\"wp-block-image size-large\"><img loading=\"lazy\" decoding=\"async\" width=\"1024\" height=\"680\" data-id=\"2379\" src=\"https:\/\/vanxhaber.com\/wp-content\/uploads\/2025\/12\/Nedim-Kilic-Degisim-Icin-Yola-Ciktik-1024x680.jpg\" alt=\"\" class=\"wp-image-2379\" srcset=\"https:\/\/vanxhaber.com\/wp-content\/uploads\/2025\/12\/Nedim-Kilic-Degisim-Icin-Yola-Ciktik-1024x680.jpg 1024w, https:\/\/vanxhaber.com\/wp-content\/uploads\/2025\/12\/Nedim-Kilic-Degisim-Icin-Yola-Ciktik-300x199.jpg 300w, https:\/\/vanxhaber.com\/wp-content\/uploads\/2025\/12\/Nedim-Kilic-Degisim-Icin-Yola-Ciktik-768x510.jpg 768w, https:\/\/vanxhaber.com\/wp-content\/uploads\/2025\/12\/Nedim-Kilic-Degisim-Icin-Yola-Ciktik-1536x1020.jpg 1536w, https:\/\/vanxhaber.com\/wp-content\/uploads\/2025\/12\/Nedim-Kilic-Degisim-Icin-Yola-Ciktik-2048x1360.jpg 2048w\" sizes=\"auto, (max-width: 1024px) 100vw, 1024px\" \/><\/figure>\n\n\n\n<figure class=\"wp-block-image size-large\"><img loading=\"lazy\" decoding=\"async\" width=\"1024\" height=\"683\" data-id=\"2380\" src=\"https:\/\/vanxhaber.com\/wp-content\/uploads\/2025\/12\/nedim-kilic-1024x683.jpg\" alt=\"\" class=\"wp-image-2380\" srcset=\"https:\/\/vanxhaber.com\/wp-content\/uploads\/2025\/12\/nedim-kilic-1024x683.jpg 1024w, https:\/\/vanxhaber.com\/wp-content\/uploads\/2025\/12\/nedim-kilic-300x200.jpg 300w, https:\/\/vanxhaber.com\/wp-content\/uploads\/2025\/12\/nedim-kilic-768x512.jpg 768w, https:\/\/vanxhaber.com\/wp-content\/uploads\/2025\/12\/nedim-kilic-1536x1024.jpg 1536w, https:\/\/vanxhaber.com\/wp-content\/uploads\/2025\/12\/nedim-kilic-2048x1365.jpg 2048w\" sizes=\"auto, (max-width: 1024px) 100vw, 1024px\" \/><\/figure>\n\n\n\n<figure class=\"wp-block-image size-large\"><img loading=\"lazy\" decoding=\"async\" width=\"683\" height=\"1024\" data-id=\"2382\" src=\"https:\/\/vanxhaber.com\/wp-content\/uploads\/2025\/12\/van-683x1024.jpg\" alt=\"\" class=\"wp-image-2382\" srcset=\"https:\/\/vanxhaber.com\/wp-content\/uploads\/2025\/12\/van-683x1024.jpg 683w, https:\/\/vanxhaber.com\/wp-content\/uploads\/2025\/12\/van-200x300.jpg 200w, https:\/\/vanxhaber.com\/wp-content\/uploads\/2025\/12\/van-768x1152.jpg 768w, https:\/\/vanxhaber.com\/wp-content\/uploads\/2025\/12\/van-1024x1536.jpg 1024w, https:\/\/vanxhaber.com\/wp-content\/uploads\/2025\/12\/van-1365x2048.jpg 1365w, https:\/\/vanxhaber.com\/wp-content\/uploads\/2025\/12\/van-scaled.jpg 1707w\" sizes=\"auto, (max-width: 683px) 100vw, 683px\" \/><\/figure>\n<\/figure>\n","protected":false},"excerpt":{"rendered":"<p>Van\u2019da yakla\u015fan Demirciler Tornac\u0131lar Tamirciler Esnaf ve Sanatkarlar\u0131 Odas\u0131 se\u00e7imleri \u00f6ncesi, sekt\u00f6r\u00fcn \u00f6nde gelen esnaflar\u0131ndan Nedim K\u0131l\u0131\u00e7, Ba\u015fkan Aday\u0131 Berat Akdeniz\u2019e destek a\u00e7\u0131klamas\u0131nda bulundu.1990 y\u0131l\u0131ndan beri abileri ve karde\u015fleriyle birlikte kamyon tamir ve yedek par\u00e7a i\u015fi yapt\u0131klar\u0131n\u0131 belirten K\u0131l\u0131\u00e7, 30 y\u0131l\u0131 a\u015fk\u0131n s\u00fcredir esnafl\u0131\u011f\u0131n i\u00e7inde olduklar\u0131n\u0131 vurgulayarak \u015funlar\u0131 s\u00f6yledi: \u201cBen Nedim K\u0131l\u0131\u00e7. 1990&#8217;dan beri biraderlerimle, &hellip;<\/p>\n","protected":false},"author":2,"featured_media":2381,"comment_status":"open","ping_status":"closed","sticky":false,"template":"","format":"standard","meta":{"googlesitekit_rrm_CAowot3VCw:productID":"","footnotes":""},"categories":[1],"tags":[],"class_list":["post-2378","post","type-post","status-publish","format-standard","has-post-thumbnail","hentry","category-van-haber"],"yoast_head":"<!-- This site is optimized with the Yoast SEO Premium plugin v21.7 (Yoast SEO v26.7) - https:\/\/yoast.com\/wordpress\/plugins\/seo\/ -->\n<title>VAN\u2019DA 30 YILLIK ESNAF NED\u0130M KILI\u00c7&#039;TAN DESTEK A\u00c7IKLAMASI - Van Haber | Van X Haber | Van Haberleri<\/title>\n<meta name=\"robots\" content=\"index, follow, max-snippet:-1, max-image-preview:large, max-video-preview:-1\" \/>\n<link rel=\"canonical\" href=\"https:\/\/vanxhaber.com\/index.php\/2025\/12\/05\/vanda-30-yillik-esnaf-nedim-kilictan-destek-aciklamasi\/\" \/>\n<meta property=\"og:locale\" content=\"tr_TR\" \/>\n<meta property=\"og:type\" content=\"article\" \/>\n<meta property=\"og:title\" content=\"VAN\u2019DA 30 YILLIK ESNAF NED\u0130M KILI\u00c7&#039;TAN DESTEK A\u00c7IKLAMASI\" \/>\n<meta property=\"og:description\" content=\"Van\u2019da yakla\u015fan Demirciler Tornac\u0131lar Tamirciler Esnaf ve Sanatkarlar\u0131 Odas\u0131 se\u00e7imleri \u00f6ncesi, sekt\u00f6r\u00fcn \u00f6nde gelen esnaflar\u0131ndan Nedim K\u0131l\u0131\u00e7, Ba\u015fkan Aday\u0131 Berat Akdeniz\u2019e destek a\u00e7\u0131klamas\u0131nda bulundu.1990 y\u0131l\u0131ndan beri abileri ve karde\u015fleriyle birlikte kamyon tamir ve yedek par\u00e7a i\u015fi yapt\u0131klar\u0131n\u0131 belirten K\u0131l\u0131\u00e7, 30 y\u0131l\u0131 a\u015fk\u0131n s\u00fcredir esnafl\u0131\u011f\u0131n i\u00e7inde olduklar\u0131n\u0131 vurgulayarak \u015funlar\u0131 s\u00f6yledi: \u201cBen Nedim K\u0131l\u0131\u00e7. 1990&#8217;dan beri biraderlerimle, &hellip;\" \/>\n<meta property=\"og:url\" content=\"https:\/\/vanxhaber.com\/index.php\/2025\/12\/05\/vanda-30-yillik-esnaf-nedim-kilictan-destek-aciklamasi\/\" \/>\n<meta property=\"og:site_name\" content=\"Van Haber | Van X Haber | Van Haberleri\" \/>\n<meta property=\"article:published_time\" content=\"2025-12-05T19:51:52+00:00\" \/>\n<meta property=\"article:modified_time\" content=\"2025-12-05T19:51:53+00:00\" \/>\n<meta property=\"og:image\" content=\"https:\/\/vanxhaber.com\/wp-content\/uploads\/2025\/12\/VANDA-30-YILLIK-ESNAF-NEDIM-KILICTAN-DESTEK-ACIKLAMASI-scaled.jpg\" \/>\n\t<meta property=\"og:image:width\" content=\"2560\" \/>\n\t<meta property=\"og:image:height\" content=\"1700\" \/>\n\t<meta property=\"og:image:type\" content=\"image\/jpeg\" \/>\n<meta name=\"author\" content=\"Van X Haber\" \/>\n<meta name=\"twitter:card\" content=\"summary_large_image\" \/>\n<meta name=\"twitter:label1\" content=\"Yazan:\" \/>\n\t<meta name=\"twitter:data1\" content=\"Van X Haber\" \/>\n\t<meta name=\"twitter:label2\" content=\"Tahmini okuma s\u00fcresi\" \/>\n\t<meta name=\"twitter:data2\" content=\"3 dakika\" \/>\n<script type=\"application\/ld+json\" class=\"yoast-schema-graph\">{\"@context\":\"https:\/\/schema.org\",\"@graph\":[{\"@type\":\"Article\",\"@id\":\"https:\/\/vanxhaber.com\/index.php\/2025\/12\/05\/vanda-30-yillik-esnaf-nedim-kilictan-destek-aciklamasi\/#article\",\"isPartOf\":{\"@id\":\"https:\/\/vanxhaber.com\/index.php\/2025\/12\/05\/vanda-30-yillik-esnaf-nedim-kilictan-destek-aciklamasi\/\"},\"author\":{\"name\":\"Van X Haber\",\"@id\":\"https:\/\/vanxhaber.com\/#\/schema\/person\/a5fd8d89510cb5370e62ad176f7978ee\"},\"headline\":\"VAN\u2019DA 30 YILLIK ESNAF NED\u0130M KILI\u00c7&#8217;TAN DESTEK A\u00c7IKLAMASI\",\"datePublished\":\"2025-12-05T19:51:52+00:00\",\"dateModified\":\"2025-12-05T19:51:53+00:00\",\"mainEntityOfPage\":{\"@id\":\"https:\/\/vanxhaber.com\/index.php\/2025\/12\/05\/vanda-30-yillik-esnaf-nedim-kilictan-destek-aciklamasi\/\"},\"wordCount\":338,\"commentCount\":0,\"image\":{\"@id\":\"https:\/\/vanxhaber.com\/index.php\/2025\/12\/05\/vanda-30-yillik-esnaf-nedim-kilictan-destek-aciklamasi\/#primaryimage\"},\"thumbnailUrl\":\"https:\/\/vanxhaber.com\/wp-content\/uploads\/2025\/12\/VANDA-30-YILLIK-ESNAF-NEDIM-KILICTAN-DESTEK-ACIKLAMASI-scaled.jpg\",\"articleSection\":[\"Van Haber\"],\"inLanguage\":\"tr\",\"potentialAction\":[{\"@type\":\"CommentAction\",\"name\":\"Comment\",\"target\":[\"https:\/\/vanxhaber.com\/index.php\/2025\/12\/05\/vanda-30-yillik-esnaf-nedim-kilictan-destek-aciklamasi\/#respond\"]}],\"copyrightYear\":\"2025\",\"copyrightHolder\":{\"@id\":\"https:\/\/vanxhaber.com\/#organization\"}},{\"@type\":\"WebPage\",\"@id\":\"https:\/\/vanxhaber.com\/index.php\/2025\/12\/05\/vanda-30-yillik-esnaf-nedim-kilictan-destek-aciklamasi\/\",\"url\":\"https:\/\/vanxhaber.com\/index.php\/2025\/12\/05\/vanda-30-yillik-esnaf-nedim-kilictan-destek-aciklamasi\/\",\"name\":\"VAN\u2019DA 30 YILLIK ESNAF NED\u0130M KILI\u00c7'TAN DESTEK A\u00c7IKLAMASI - Van Haber | Van X Haber | Van Haberleri\",\"isPartOf\":{\"@id\":\"https:\/\/vanxhaber.com\/#website\"},\"primaryImageOfPage\":{\"@id\":\"https:\/\/vanxhaber.com\/index.php\/2025\/12\/05\/vanda-30-yillik-esnaf-nedim-kilictan-destek-aciklamasi\/#primaryimage\"},\"image\":{\"@id\":\"https:\/\/vanxhaber.com\/index.php\/2025\/12\/05\/vanda-30-yillik-esnaf-nedim-kilictan-destek-aciklamasi\/#primaryimage\"},\"thumbnailUrl\":\"https:\/\/vanxhaber.com\/wp-content\/uploads\/2025\/12\/VANDA-30-YILLIK-ESNAF-NEDIM-KILICTAN-DESTEK-ACIKLAMASI-scaled.jpg\",\"datePublished\":\"2025-12-05T19:51:52+00:00\",\"dateModified\":\"2025-12-05T19:51:53+00:00\",\"author\":{\"@id\":\"https:\/\/vanxhaber.com\/#\/schema\/person\/a5fd8d89510cb5370e62ad176f7978ee\"},\"breadcrumb\":{\"@id\":\"https:\/\/vanxhaber.com\/index.php\/2025\/12\/05\/vanda-30-yillik-esnaf-nedim-kilictan-destek-aciklamasi\/#breadcrumb\"},\"inLanguage\":\"tr\",\"potentialAction\":[{\"@type\":\"ReadAction\",\"target\":[\"https:\/\/vanxhaber.com\/index.php\/2025\/12\/05\/vanda-30-yillik-esnaf-nedim-kilictan-destek-aciklamasi\/\"]}]},{\"@type\":\"ImageObject\",\"inLanguage\":\"tr\",\"@id\":\"https:\/\/vanxhaber.com\/index.php\/2025\/12\/05\/vanda-30-yillik-esnaf-nedim-kilictan-destek-aciklamasi\/#primaryimage\",\"url\":\"https:\/\/vanxhaber.com\/wp-content\/uploads\/2025\/12\/VANDA-30-YILLIK-ESNAF-NEDIM-KILICTAN-DESTEK-ACIKLAMASI-scaled.jpg\",\"contentUrl\":\"https:\/\/vanxhaber.com\/wp-content\/uploads\/2025\/12\/VANDA-30-YILLIK-ESNAF-NEDIM-KILICTAN-DESTEK-ACIKLAMASI-scaled.jpg\",\"width\":2560,\"height\":1700},{\"@type\":\"BreadcrumbList\",\"@id\":\"https:\/\/vanxhaber.com\/index.php\/2025\/12\/05\/vanda-30-yillik-esnaf-nedim-kilictan-destek-aciklamasi\/#breadcrumb\",\"itemListElement\":[{\"@type\":\"ListItem\",\"position\":1,\"name\":\"Anasayfa\",\"item\":\"https:\/\/vanxhaber.com\/\"},{\"@type\":\"ListItem\",\"position\":2,\"name\":\"VAN\u2019DA 30 YILLIK ESNAF NED\u0130M KILI\u00c7&#8217;TAN DESTEK A\u00c7IKLAMASI\"}]},{\"@type\":\"WebSite\",\"@id\":\"https:\/\/vanxhaber.com\/#website\",\"url\":\"https:\/\/vanxhaber.com\/\",\"name\":\"Van Haber | Van X Haber | Van Haberleri\",\"description\":\"Van Haber, Van&#039;\u0131n ilk yapay zeka teknolojileri ile yaz\u0131lan Van X Haber ve Van Haberlerini aktif g\u00fcncel sunan tek vanhaber merkezidir.\",\"potentialAction\":[{\"@type\":\"SearchAction\",\"target\":{\"@type\":\"EntryPoint\",\"urlTemplate\":\"https:\/\/vanxhaber.com\/?s={search_term_string}\"},\"query-input\":{\"@type\":\"PropertyValueSpecification\",\"valueRequired\":true,\"valueName\":\"search_term_string\"}}],\"inLanguage\":\"tr\"},{\"@type\":\"Person\",\"@id\":\"https:\/\/vanxhaber.com\/#\/schema\/person\/a5fd8d89510cb5370e62ad176f7978ee\",\"name\":\"Van X Haber\",\"image\":{\"@type\":\"ImageObject\",\"inLanguage\":\"tr\",\"@id\":\"https:\/\/vanxhaber.com\/#\/schema\/person\/image\/\",\"url\":\"https:\/\/secure.gravatar.com\/avatar\/36f2f63826681263103acb5ca1e7bc1a6db11baea9b75dd091d89b74f2704b07?s=96&d=mm&r=g\",\"contentUrl\":\"https:\/\/secure.gravatar.com\/avatar\/36f2f63826681263103acb5ca1e7bc1a6db11baea9b75dd091d89b74f2704b07?s=96&d=mm&r=g\",\"caption\":\"Van X Haber\"},\"description\":\"Van X Haber Van'\u0131n ilk ve tek yeni nesil Van Haber merkezi. Son Dakika Van Haberleri ve G\u00fcncel Van haber merkezinde s\u0131cak geli\u015fmeleri aktarmaya devam edece\u011fiz.\",\"url\":\"https:\/\/vanxhaber.com\/index.php\/author\/vangazetesi\/\"}]}<\/script>\n<!-- \/ Yoast SEO Premium plugin. -->","yoast_head_json":{"title":"VAN\u2019DA 30 YILLIK ESNAF NED\u0130M KILI\u00c7'TAN DESTEK A\u00c7IKLAMASI - Van Haber | Van X Haber | Van Haberleri","robots":{"index":"index","follow":"follow","max-snippet":"max-snippet:-1","max-image-preview":"max-image-preview:large","max-video-preview":"max-video-preview:-1"},"canonical":"https:\/\/vanxhaber.com\/index.php\/2025\/12\/05\/vanda-30-yillik-esnaf-nedim-kilictan-destek-aciklamasi\/","og_locale":"tr_TR","og_type":"article","og_title":"VAN\u2019DA 30 YILLIK ESNAF NED\u0130M KILI\u00c7'TAN DESTEK A\u00c7IKLAMASI","og_description":"Van\u2019da yakla\u015fan Demirciler Tornac\u0131lar Tamirciler Esnaf ve Sanatkarlar\u0131 Odas\u0131 se\u00e7imleri \u00f6ncesi, sekt\u00f6r\u00fcn \u00f6nde gelen esnaflar\u0131ndan Nedim K\u0131l\u0131\u00e7, Ba\u015fkan Aday\u0131 Berat Akdeniz\u2019e destek a\u00e7\u0131klamas\u0131nda bulundu.1990 y\u0131l\u0131ndan beri abileri ve karde\u015fleriyle birlikte kamyon tamir ve yedek par\u00e7a i\u015fi yapt\u0131klar\u0131n\u0131 belirten K\u0131l\u0131\u00e7, 30 y\u0131l\u0131 a\u015fk\u0131n s\u00fcredir esnafl\u0131\u011f\u0131n i\u00e7inde olduklar\u0131n\u0131 vurgulayarak \u015funlar\u0131 s\u00f6yledi: \u201cBen Nedim K\u0131l\u0131\u00e7. 1990&#8217;dan beri biraderlerimle, &hellip;","og_url":"https:\/\/vanxhaber.com\/index.php\/2025\/12\/05\/vanda-30-yillik-esnaf-nedim-kilictan-destek-aciklamasi\/","og_site_name":"Van Haber | Van X Haber | Van Haberleri","article_published_time":"2025-12-05T19:51:52+00:00","article_modified_time":"2025-12-05T19:51:53+00:00","og_image":[{"width":2560,"height":1700,"url":"https:\/\/vanxhaber.com\/wp-content\/uploads\/2025\/12\/VANDA-30-YILLIK-ESNAF-NEDIM-KILICTAN-DESTEK-ACIKLAMASI-scaled.jpg","type":"image\/jpeg"}],"author":"Van X Haber","twitter_card":"summary_large_image","twitter_misc":{"Yazan:":"Van X Haber","Tahmini okuma s\u00fcresi":"3 dakika"},"schema":{"@context":"https:\/\/schema.org","@graph":[{"@type":"Article","@id":"https:\/\/vanxhaber.com\/index.php\/2025\/12\/05\/vanda-30-yillik-esnaf-nedim-kilictan-destek-aciklamasi\/#article","isPartOf":{"@id":"https:\/\/vanxhaber.com\/index.php\/2025\/12\/05\/vanda-30-yillik-esnaf-nedim-kilictan-destek-aciklamasi\/"},"author":{"name":"Van X Haber","@id":"https:\/\/vanxhaber.com\/#\/schema\/person\/a5fd8d89510cb5370e62ad176f7978ee"},"headline":"VAN\u2019DA 30 YILLIK ESNAF NED\u0130M KILI\u00c7&#8217;TAN DESTEK A\u00c7IKLAMASI","datePublished":"2025-12-05T19:51:52+00:00","dateModified":"2025-12-05T19:51:53+00:00","mainEntityOfPage":{"@id":"https:\/\/vanxhaber.com\/index.php\/2025\/12\/05\/vanda-30-yillik-esnaf-nedim-kilictan-destek-aciklamasi\/"},"wordCount":338,"commentCount":0,"image":{"@id":"https:\/\/vanxhaber.com\/index.php\/2025\/12\/05\/vanda-30-yillik-esnaf-nedim-kilictan-destek-aciklamasi\/#primaryimage"},"thumbnailUrl":"https:\/\/vanxhaber.com\/wp-content\/uploads\/2025\/12\/VANDA-30-YILLIK-ESNAF-NEDIM-KILICTAN-DESTEK-ACIKLAMASI-scaled.jpg","articleSection":["Van Haber"],"inLanguage":"tr","potentialAction":[{"@type":"CommentAction","name":"Comment","target":["https:\/\/vanxhaber.com\/index.php\/2025\/12\/05\/vanda-30-yillik-esnaf-nedim-kilictan-destek-aciklamasi\/#respond"]}],"copyrightYear":"2025","copyrightHolder":{"@id":"https:\/\/vanxhaber.com\/#organization"}},{"@type":"WebPage","@id":"https:\/\/vanxhaber.com\/index.php\/2025\/12\/05\/vanda-30-yillik-esnaf-nedim-kilictan-destek-aciklamasi\/","url":"https:\/\/vanxhaber.com\/index.php\/2025\/12\/05\/vanda-30-yillik-esnaf-nedim-kilictan-destek-aciklamasi\/","name":"VAN\u2019DA 30 YILLIK ESNAF NED\u0130M KILI\u00c7'TAN DESTEK A\u00c7IKLAMASI - Van Haber | Van X Haber | Van Haberleri","isPartOf":{"@id":"https:\/\/vanxhaber.com\/#website"},"primaryImageOfPage":{"@id":"https:\/\/vanxhaber.com\/index.php\/2025\/12\/05\/vanda-30-yillik-esnaf-nedim-kilictan-destek-aciklamasi\/#primaryimage"},"image":{"@id":"https:\/\/vanxhaber.com\/index.php\/2025\/12\/05\/vanda-30-yillik-esnaf-nedim-kilictan-destek-aciklamasi\/#primaryimage"},"thumbnailUrl":"https:\/\/vanxhaber.com\/wp-content\/uploads\/2025\/12\/VANDA-30-YILLIK-ESNAF-NEDIM-KILICTAN-DESTEK-ACIKLAMASI-scaled.jpg","datePublished":"2025-12-05T19:51:52+00:00","dateModified":"2025-12-05T19:51:53+00:00","author":{"@id":"https:\/\/vanxhaber.com\/#\/schema\/person\/a5fd8d89510cb5370e62ad176f7978ee"},"breadcrumb":{"@id":"https:\/\/vanxhaber.com\/index.php\/2025\/12\/05\/vanda-30-yillik-esnaf-nedim-kilictan-destek-aciklamasi\/#breadcrumb"},"inLanguage":"tr","potentialAction":[{"@type":"ReadAction","target":["https:\/\/vanxhaber.com\/index.php\/2025\/12\/05\/vanda-30-yillik-esnaf-nedim-kilictan-destek-aciklamasi\/"]}]},{"@type":"ImageObject","inLanguage":"tr","@id":"https:\/\/vanxhaber.com\/index.php\/2025\/12\/05\/vanda-30-yillik-esnaf-nedim-kilictan-destek-aciklamasi\/#primaryimage","url":"https:\/\/vanxhaber.com\/wp-content\/uploads\/2025\/12\/VANDA-30-YILLIK-ESNAF-NEDIM-KILICTAN-DESTEK-ACIKLAMASI-scaled.jpg","contentUrl":"https:\/\/vanxhaber.com\/wp-content\/uploads\/2025\/12\/VANDA-30-YILLIK-ESNAF-NEDIM-KILICTAN-DESTEK-ACIKLAMASI-scaled.jpg","width":2560,"height":1700},{"@type":"BreadcrumbList","@id":"https:\/\/vanxhaber.com\/index.php\/2025\/12\/05\/vanda-30-yillik-esnaf-nedim-kilictan-destek-aciklamasi\/#breadcrumb","itemListElement":[{"@type":"ListItem","position":1,"name":"Anasayfa","item":"https:\/\/vanxhaber.com\/"},{"@type":"ListItem","position":2,"name":"VAN\u2019DA 30 YILLIK ESNAF NED\u0130M KILI\u00c7&#8217;TAN DESTEK A\u00c7IKLAMASI"}]},{"@type":"WebSite","@id":"https:\/\/vanxhaber.com\/#website","url":"https:\/\/vanxhaber.com\/","name":"Van Haber | Van X Haber | Van Haberleri","description":"Van Haber, Van&#039;\u0131n ilk yapay zeka teknolojileri ile yaz\u0131lan Van X Haber ve Van Haberlerini aktif g\u00fcncel sunan tek vanhaber merkezidir.","potentialAction":[{"@type":"SearchAction","target":{"@type":"EntryPoint","urlTemplate":"https:\/\/vanxhaber.com\/?s={search_term_string}"},"query-input":{"@type":"PropertyValueSpecification","valueRequired":true,"valueName":"search_term_string"}}],"inLanguage":"tr"},{"@type":"Person","@id":"https:\/\/vanxhaber.com\/#\/schema\/person\/a5fd8d89510cb5370e62ad176f7978ee","name":"Van X Haber","image":{"@type":"ImageObject","inLanguage":"tr","@id":"https:\/\/vanxhaber.com\/#\/schema\/person\/image\/","url":"https:\/\/secure.gravatar.com\/avatar\/36f2f63826681263103acb5ca1e7bc1a6db11baea9b75dd091d89b74f2704b07?s=96&d=mm&r=g","contentUrl":"https:\/\/secure.gravatar.com\/avatar\/36f2f63826681263103acb5ca1e7bc1a6db11baea9b75dd091d89b74f2704b07?s=96&d=mm&r=g","caption":"Van X Haber"},"description":"Van X Haber Van'\u0131n ilk ve tek yeni nesil Van Haber merkezi. Son Dakika Van Haberleri ve G\u00fcncel Van haber merkezinde s\u0131cak geli\u015fmeleri aktarmaya devam edece\u011fiz.","url":"https:\/\/vanxhaber.com\/index.php\/author\/vangazetesi\/"}]}},"_links":{"self":[{"href":"https:\/\/vanxhaber.com\/index.php\/wp-json\/wp\/v2\/posts\/2378","targetHints":{"allow":["GET"]}}],"collection":[{"href":"https:\/\/vanxhaber.com\/index.php\/wp-json\/wp\/v2\/posts"}],"about":[{"href":"https:\/\/vanxhaber.com\/index.php\/wp-json\/wp\/v2\/types\/post"}],"author":[{"embeddable":true,"href":"https:\/\/vanxhaber.com\/index.php\/wp-json\/wp\/v2\/users\/2"}],"replies":[{"embeddable":true,"href":"https:\/\/vanxhaber.com\/index.php\/wp-json\/wp\/v2\/comments?post=2378"}],"version-history":[{"count":1,"href":"https:\/\/vanxhaber.com\/index.php\/wp-json\/wp\/v2\/posts\/2378\/revisions"}],"predecessor-version":[{"id":2383,"href":"https:\/\/vanxhaber.com\/index.php\/wp-json\/wp\/v2\/posts\/2378\/revisions\/2383"}],"wp:featuredmedia":[{"embeddable":true,"href":"https:\/\/vanxhaber.com\/index.php\/wp-json\/wp\/v2\/media\/2381"}],"wp:attachment":[{"href":"https:\/\/vanxhaber.com\/index.php\/wp-json\/wp\/v2\/media?parent=2378"}],"wp:term":[{"taxonomy":"category","embeddable":true,"href":"https:\/\/vanxhaber.com\/index.php\/wp-json\/wp\/v2\/categories?post=2378"},{"taxonomy":"post_tag","embeddable":true,"href":"https:\/\/vanxhaber.com\/index.php\/wp-json\/wp\/v2\/tags?post=2378"}],"curies":[{"name":"wp","href":"https:\/\/api.w.org\/{rel}","templated":true}]}}