{"id":2384,"date":"2025-12-06T10:24:45","date_gmt":"2025-12-06T10:24:45","guid":{"rendered":"https:\/\/vanxhaber.com\/?p=2384"},"modified":"2025-12-06T10:24:47","modified_gmt":"2025-12-06T10:24:47","slug":"vanda-2-yil-aradan-sonra-kooperatifte-genel-kurul-gerceklesti","status":"publish","type":"post","link":"https:\/\/vanxhaber.com\/index.php\/2025\/12\/06\/vanda-2-yil-aradan-sonra-kooperatifte-genel-kurul-gerceklesti\/","title":{"rendered":"Van&#8217;da 2 y\u0131l aradan sonra kooperatifte genel kurul ger\u00e7ekle\u015fti"},"content":{"rendered":"\n<p><strong>Van\u2019da Mega G\u0131da toptanc\u0131lar\u0131 toplu i\u015fyeri yap\u0131 Kooperatifinde 2 Y\u0131l Aradan Sonra Genel Kurul Ger\u00e7ekle\u015ftirildi.<\/strong><\/p>\n\n\n\n<p>S\u0131n\u0131rl\u0131 Sorumlu Van Mega T\u00fcm G\u0131da Toptanc\u0131lar Toplu \u0130\u015fyeri Yap\u0131 Kooperatifi Y\u00f6netim Kurulundan a\u00e7\u0131klama!<\/p>\n\n\n\n<p>S\u0131n\u0131rl\u0131 Sorumlu Van Mega T\u00fcm G\u0131da Toptanc\u0131lar Toplu \u0130\u015fyeri Yap\u0131 Kooperatifi, iki y\u0131ll\u0131k faaliyet d\u00f6neminin ard\u0131ndan 5 Aral\u0131k 2025 tarihinde Van Ticaret ve Sanayi Odas\u0131 (Van TSO) 6. G\u0131da Meslek Komitesi\u2019nin \u00f6nc\u00fcl\u00fc\u011f\u00fcnde genel kurul toplant\u0131s\u0131n\u0131 ba\u015far\u0131yla ger\u00e7ekle\u015ftirildi. Toplant\u0131da, kooperatifin yeni y\u00f6netim ve denetim kurulu oy birli\u011fiyle se\u00e7ilerek g\u00f6revine ba\u015flad\u0131.<\/p>\n\n\n\n<p>Kooperatifin \u00c7al\u0131\u015fmalar\u0131 ve Hedefleri \u00dcyelerle Payla\u015f\u0131ld\u0131<\/p>\n\n\n\n<p>Van TSO 6. G\u0131da Meslek Komitesi koordinasyonunda d\u00fczenlenen genel kurul toplant\u0131s\u0131na kooperatif \u00fcyeleri, sekt\u00f6r temsilcileri ve Komite Ba\u015fkan\u0131 Y\u0131lmaz \u00c7i\u00e7ek kat\u0131lm\u0131\u015ft\u0131r. Toplant\u0131da kooperatifin iki y\u0131ll\u0131k faaliyet raporu, mali yap\u0131s\u0131, y\u00fcr\u00fct\u00fclen \u00e7al\u0131\u015fmalar ve gelecek d\u00f6nem hedefleri detayl\u0131 \u015fekilde de\u011ferlendirildi.<\/p>\n\n\n\n<p>Komite Ba\u015fkan\u0131 Y\u0131lmaz \u00c7i\u00e7ek: \u201c\u015eeffaf, D\u00fczenli ve Etkin Bir Yap\u0131 Olu\u015fturduk\u201d<\/p>\n\n\n\n<p>Komite Ba\u015fkan\u0131 Y\u0131lmaz \u00c7i\u00e7ek, kooperatifin iki y\u0131ll\u0131k faaliyet s\u00fcrecine ili\u015fkin \u015funlar\u0131 s\u00f6yledi:<\/p>\n\n\n\n<p>\u201cVan\u2019da iki y\u0131ld\u0131r aktif olarak \u00e7al\u0131\u015fan S\u0131n\u0131rl\u0131 Sorumlu Van Mega T\u00fcm G\u0131da Toptanc\u0131lar Toplu \u0130\u015fyeri Yap\u0131 Kooperatifimizin y\u00f6netimini bug\u00fcn yeniledik. Kurumlarla birebir g\u00f6r\u00fc\u015fmeler yapt\u0131k, t\u00fcm s\u00fcre\u00e7leri titizlikle takip ettik. \u00dcyelerimizin aidatlar\u0131yla yap\u0131lan t\u00fcm harcamalar \u015feffaf bi\u00e7imde muhasebe kay\u0131tlar\u0131m\u0131zda tutulmaktad\u0131r. Y\u00f6netim ve denetim kurulumuzu yeniden belirleyerek g\u00fc\u00e7l\u00fc bir ad\u0131m daha att\u0131k. Van\u2019\u0131n ekonomik geli\u015fimine katk\u0131 sunmaya devam edece\u011fiz. Bu s\u00fcre\u00e7te eme\u011fi ge\u00e7en herkese te\u015fekk\u00fcr ediyorum.\u201d<\/p>\n\n\n\n<p>Kooperatif Ba\u015fkan\u0131 \u015e\u00fckr\u00fc \u00c7\u0131lg\u0131n: \u201cModern Toptanc\u0131lar Sitesi \u0130\u00e7in Kararl\u0131y\u0131z\u201d<\/p>\n\n\n\n<p>Yeniden ba\u015fkan se\u00e7ilen \u015e\u00fckr\u00fc \u00c7\u0131lg\u0131n ise a\u00e7\u0131klamas\u0131nda \u015fu ifadelere yer vermi\u015ftir: \u201cKooperatifimizin \u00f6ncelikli hedefi; uygun arsa tahsisini sa\u011flayarak t\u00fcm g\u0131da toptanc\u0131lar\u0131m\u0131z\u0131 modern, geni\u015f ve tek \u00e7at\u0131 alt\u0131nda toplayacak bir toptanc\u0131lar sitesi kurmakt\u0131r. \u0130ki y\u0131ll\u0131k s\u00fcre\u00e7te mali disiplin sa\u011flanm\u0131\u015f, t\u00fcm aidat ve gider kay\u0131tlar\u0131 d\u00fczenli \u015fekilde tutulmu\u015ftur. Kooperatifimiz faal durumdad\u0131r ve Van\u2019\u0131n ekonomik yap\u0131s\u0131na de\u011fer katacak projeler i\u00e7in kararl\u0131l\u0131kla \u00e7al\u0131\u015fmaya devam ediyoruz.\u201d<\/p>\n\n\n\n<p>Yeni Y\u00f6netim ve Denetim Kurulu Belirlendi<\/p>\n\n\n\n<p>Y\u00f6netim Kurulu<br>\u2022 \u015e\u00fckr\u00fc \u00c7\u0131lg\u0131n (Ba\u015fkan)<br>\u2022 Y\u0131lmaz \u00c7i\u00e7ek<br>\u2022 M. Nuri Onay<br>\u2022 \u015eefik \u015een<br>\u2022 Servet \u00c7elik<br>\u2022 Hamit Kulaz<\/p>\n\n\n\n<p>Denetim Kurulu<br>\u2022 Erkan I\u015f\u0131k<br>\u2022 Nadir \u00d6rek<br>\u2022 Naci Askar<br>\u2022 M\u00fcsl\u00fcm Arslantosun<\/p>\n\n\n\n<p>Denetim Kurulu \u00dcyelerinden \u00d6nemli A\u00e7\u0131klamalar<\/p>\n\n\n\n<p>Nadir \u00d6rek: \u201cYer Aray\u0131\u015f\u0131 Kooperatifimizin En \u00d6nemli G\u00fcndemidir\u201d<\/p>\n\n\n\n<p>Denetim Kurulu \u00dcyesi Nadir \u00d6rek, kooperatifin uzun s\u00fcredir \u00e7\u00f6z\u00fcm arad\u0131\u011f\u0131 temel sorunu \u015fu \u015fekilde \u00f6zetlemi\u015ftir: \u201cVan G\u00f6l\u00fc ve \u0130pekyolu Toptanc\u0131lar Sitesi dahil mevcut alanlar yetersiz kalmaktad\u0131r. Bu nedenle kent genelinde farkl\u0131 b\u00f6lgelerde incelemeler yapt\u0131k, yetkili kurumlarla g\u00f6r\u00fc\u015fmeler ger\u00e7ekle\u015ftirdik. \u00dcyelerimize modern ve geni\u015f bir alan kazand\u0131rmak i\u00e7in \u00e7al\u0131\u015fmalar\u0131m\u0131z s\u00fcr\u00fcyor.\u201d<\/p>\n\n\n\n<p>Erkan I\u015f\u0131k: \u201cVan\u2019\u0131n Geli\u015fimi \u0130\u00e7in Yeni Bir Toptanc\u0131 Sitesi \u015eart\u201d<\/p>\n\n\n\n<p>Denetim Kurulu \u00dcyesi Erkan I\u015f\u0131k ise kooperatifin kurulu\u015f s\u00fcrecine ve yap\u0131lan giri\u015fimlere ili\u015fkin \u015funlar\u0131 ifade etmi\u015ftir: \u201c06.09.2023\u2019te \u00e7al\u0131\u015fmalar\u0131m\u0131za ba\u015flad\u0131k. Mevcut iki toptanc\u0131lar sitesinin yetersizli\u011fi, bizi modern, geni\u015f ve \u00e7evre yoluna yak\u0131n bir b\u00f6lgeye ihtiya\u00e7 duyuldu\u011funu g\u00f6stermi\u015ftir. Bu nedenle Van Valili\u011fi ve bir\u00e7ok kurumla g\u00f6r\u00fc\u015fmeler sa\u011flad\u0131k. Toptanc\u0131 say\u0131s\u0131n\u0131 ve sekt\u00f6rdeki b\u00fcy\u00fcmeyi dikkate ald\u0131\u011f\u0131m\u0131zda, yeni bir toptanc\u0131lar sitesinin acil bir ihtiya\u00e7 oldu\u011fu a\u00e7\u0131kt\u0131r. Bu do\u011frultuda giri\u015fimlerimize devam ediyoruz.&#8221;<\/p>\n\n\n\n<p>Sonu\u00e7 ve Kamuoyuna Duyuru<\/p>\n\n\n\n<p>Genel kurul toplant\u0131s\u0131, yeni y\u00f6netimin belirlenmesinin ard\u0131ndan dilek ve temennilerin al\u0131nmas\u0131yla sona ermi\u015ftir.<br>Kooperatif y\u00f6netimi olarak:<br>\u2022 \u015eeffafl\u0131k,<br>\u2022 Mali disiplin,<br>\u2022 Etkin y\u00f6netim,<br>\u2022 Van\u2019\u0131n ekonomik ve ticari geli\u015fimine katk\u0131 sunma ilkeleri do\u011frultusunda \u00e7al\u0131\u015fmalar\u0131m\u0131z\u0131 kararl\u0131l\u0131kla s\u00fcrd\u00fcrece\u011fimizi kamuoyuna sayg\u0131yla duyuruldu.<\/p>\n","protected":false},"excerpt":{"rendered":"<p>Van\u2019da Mega G\u0131da toptanc\u0131lar\u0131 toplu i\u015fyeri yap\u0131 Kooperatifinde 2 Y\u0131l Aradan Sonra Genel Kurul Ger\u00e7ekle\u015ftirildi. S\u0131n\u0131rl\u0131 Sorumlu Van Mega T\u00fcm G\u0131da Toptanc\u0131lar Toplu \u0130\u015fyeri Yap\u0131 Kooperatifi Y\u00f6netim Kurulundan a\u00e7\u0131klama! S\u0131n\u0131rl\u0131 Sorumlu Van Mega T\u00fcm G\u0131da Toptanc\u0131lar Toplu \u0130\u015fyeri Yap\u0131 Kooperatifi, iki y\u0131ll\u0131k faaliyet d\u00f6neminin ard\u0131ndan 5 Aral\u0131k 2025 tarihinde Van Ticaret ve Sanayi Odas\u0131 (Van &hellip;<\/p>\n","protected":false},"author":2,"featured_media":2385,"comment_status":"open","ping_status":"closed","sticky":false,"template":"","format":"standard","meta":{"googlesitekit_rrm_CAowot3VCw:productID":"","footnotes":""},"categories":[1],"tags":[],"class_list":["post-2384","post","type-post","status-publish","format-standard","has-post-thumbnail","hentry","category-van-haber"],"yoast_head":"<!-- This site is optimized with the Yoast SEO Premium plugin v21.7 (Yoast SEO v26.7) - https:\/\/yoast.com\/wordpress\/plugins\/seo\/ -->\n<title>Van&#039;da 2 y\u0131l aradan sonra kooperatifte genel kurul ger\u00e7ekle\u015fti - Van Haber | Van X Haber | Van Haberleri<\/title>\n<meta name=\"robots\" content=\"index, follow, max-snippet:-1, max-image-preview:large, max-video-preview:-1\" \/>\n<link rel=\"canonical\" href=\"https:\/\/vanxhaber.com\/index.php\/2025\/12\/06\/vanda-2-yil-aradan-sonra-kooperatifte-genel-kurul-gerceklesti\/\" \/>\n<meta property=\"og:locale\" content=\"tr_TR\" \/>\n<meta property=\"og:type\" content=\"article\" \/>\n<meta property=\"og:title\" content=\"Van&#039;da 2 y\u0131l aradan sonra kooperatifte genel kurul ger\u00e7ekle\u015fti\" \/>\n<meta property=\"og:description\" content=\"Van\u2019da Mega G\u0131da toptanc\u0131lar\u0131 toplu i\u015fyeri yap\u0131 Kooperatifinde 2 Y\u0131l Aradan Sonra Genel Kurul Ger\u00e7ekle\u015ftirildi. S\u0131n\u0131rl\u0131 Sorumlu Van Mega T\u00fcm G\u0131da Toptanc\u0131lar Toplu \u0130\u015fyeri Yap\u0131 Kooperatifi Y\u00f6netim Kurulundan a\u00e7\u0131klama! S\u0131n\u0131rl\u0131 Sorumlu Van Mega T\u00fcm G\u0131da Toptanc\u0131lar Toplu \u0130\u015fyeri Yap\u0131 Kooperatifi, iki y\u0131ll\u0131k faaliyet d\u00f6neminin ard\u0131ndan 5 Aral\u0131k 2025 tarihinde Van Ticaret ve Sanayi Odas\u0131 (Van &hellip;\" \/>\n<meta property=\"og:url\" content=\"https:\/\/vanxhaber.com\/index.php\/2025\/12\/06\/vanda-2-yil-aradan-sonra-kooperatifte-genel-kurul-gerceklesti\/\" \/>\n<meta property=\"og:site_name\" content=\"Van Haber | Van X Haber | Van Haberleri\" \/>\n<meta property=\"article:published_time\" content=\"2025-12-06T10:24:45+00:00\" \/>\n<meta property=\"article:modified_time\" content=\"2025-12-06T10:24:47+00:00\" \/>\n<meta property=\"og:image\" content=\"https:\/\/vanxhaber.com\/wp-content\/uploads\/2025\/12\/WhatsApp-Image-2025-12-06-at-13.08.56.jpeg\" \/>\n\t<meta property=\"og:image:width\" content=\"1600\" \/>\n\t<meta property=\"og:image:height\" content=\"909\" \/>\n\t<meta property=\"og:image:type\" content=\"image\/jpeg\" \/>\n<meta name=\"author\" content=\"Van X Haber\" \/>\n<meta name=\"twitter:card\" content=\"summary_large_image\" \/>\n<meta name=\"twitter:label1\" content=\"Yazan:\" \/>\n\t<meta name=\"twitter:data1\" content=\"Van X Haber\" \/>\n\t<meta name=\"twitter:label2\" content=\"Tahmini okuma s\u00fcresi\" \/>\n\t<meta name=\"twitter:data2\" content=\"4 dakika\" \/>\n<script type=\"application\/ld+json\" class=\"yoast-schema-graph\">{\"@context\":\"https:\/\/schema.org\",\"@graph\":[{\"@type\":\"Article\",\"@id\":\"https:\/\/vanxhaber.com\/index.php\/2025\/12\/06\/vanda-2-yil-aradan-sonra-kooperatifte-genel-kurul-gerceklesti\/#article\",\"isPartOf\":{\"@id\":\"https:\/\/vanxhaber.com\/index.php\/2025\/12\/06\/vanda-2-yil-aradan-sonra-kooperatifte-genel-kurul-gerceklesti\/\"},\"author\":{\"name\":\"Van X Haber\",\"@id\":\"https:\/\/vanxhaber.com\/#\/schema\/person\/a5fd8d89510cb5370e62ad176f7978ee\"},\"headline\":\"Van&#8217;da 2 y\u0131l aradan sonra kooperatifte genel kurul ger\u00e7ekle\u015fti\",\"datePublished\":\"2025-12-06T10:24:45+00:00\",\"dateModified\":\"2025-12-06T10:24:47+00:00\",\"mainEntityOfPage\":{\"@id\":\"https:\/\/vanxhaber.com\/index.php\/2025\/12\/06\/vanda-2-yil-aradan-sonra-kooperatifte-genel-kurul-gerceklesti\/\"},\"wordCount\":738,\"commentCount\":0,\"image\":{\"@id\":\"https:\/\/vanxhaber.com\/index.php\/2025\/12\/06\/vanda-2-yil-aradan-sonra-kooperatifte-genel-kurul-gerceklesti\/#primaryimage\"},\"thumbnailUrl\":\"https:\/\/vanxhaber.com\/wp-content\/uploads\/2025\/12\/WhatsApp-Image-2025-12-06-at-13.08.56.jpeg\",\"articleSection\":[\"Van Haber\"],\"inLanguage\":\"tr\",\"potentialAction\":[{\"@type\":\"CommentAction\",\"name\":\"Comment\",\"target\":[\"https:\/\/vanxhaber.com\/index.php\/2025\/12\/06\/vanda-2-yil-aradan-sonra-kooperatifte-genel-kurul-gerceklesti\/#respond\"]}],\"copyrightYear\":\"2025\",\"copyrightHolder\":{\"@id\":\"https:\/\/vanxhaber.com\/#organization\"}},{\"@type\":\"WebPage\",\"@id\":\"https:\/\/vanxhaber.com\/index.php\/2025\/12\/06\/vanda-2-yil-aradan-sonra-kooperatifte-genel-kurul-gerceklesti\/\",\"url\":\"https:\/\/vanxhaber.com\/index.php\/2025\/12\/06\/vanda-2-yil-aradan-sonra-kooperatifte-genel-kurul-gerceklesti\/\",\"name\":\"Van'da 2 y\u0131l aradan sonra kooperatifte genel kurul ger\u00e7ekle\u015fti - Van Haber | Van X Haber | Van Haberleri\",\"isPartOf\":{\"@id\":\"https:\/\/vanxhaber.com\/#website\"},\"primaryImageOfPage\":{\"@id\":\"https:\/\/vanxhaber.com\/index.php\/2025\/12\/06\/vanda-2-yil-aradan-sonra-kooperatifte-genel-kurul-gerceklesti\/#primaryimage\"},\"image\":{\"@id\":\"https:\/\/vanxhaber.com\/index.php\/2025\/12\/06\/vanda-2-yil-aradan-sonra-kooperatifte-genel-kurul-gerceklesti\/#primaryimage\"},\"thumbnailUrl\":\"https:\/\/vanxhaber.com\/wp-content\/uploads\/2025\/12\/WhatsApp-Image-2025-12-06-at-13.08.56.jpeg\",\"datePublished\":\"2025-12-06T10:24:45+00:00\",\"dateModified\":\"2025-12-06T10:24:47+00:00\",\"author\":{\"@id\":\"https:\/\/vanxhaber.com\/#\/schema\/person\/a5fd8d89510cb5370e62ad176f7978ee\"},\"breadcrumb\":{\"@id\":\"https:\/\/vanxhaber.com\/index.php\/2025\/12\/06\/vanda-2-yil-aradan-sonra-kooperatifte-genel-kurul-gerceklesti\/#breadcrumb\"},\"inLanguage\":\"tr\",\"potentialAction\":[{\"@type\":\"ReadAction\",\"target\":[\"https:\/\/vanxhaber.com\/index.php\/2025\/12\/06\/vanda-2-yil-aradan-sonra-kooperatifte-genel-kurul-gerceklesti\/\"]}]},{\"@type\":\"ImageObject\",\"inLanguage\":\"tr\",\"@id\":\"https:\/\/vanxhaber.com\/index.php\/2025\/12\/06\/vanda-2-yil-aradan-sonra-kooperatifte-genel-kurul-gerceklesti\/#primaryimage\",\"url\":\"https:\/\/vanxhaber.com\/wp-content\/uploads\/2025\/12\/WhatsApp-Image-2025-12-06-at-13.08.56.jpeg\",\"contentUrl\":\"https:\/\/vanxhaber.com\/wp-content\/uploads\/2025\/12\/WhatsApp-Image-2025-12-06-at-13.08.56.jpeg\",\"width\":1600,\"height\":909},{\"@type\":\"BreadcrumbList\",\"@id\":\"https:\/\/vanxhaber.com\/index.php\/2025\/12\/06\/vanda-2-yil-aradan-sonra-kooperatifte-genel-kurul-gerceklesti\/#breadcrumb\",\"itemListElement\":[{\"@type\":\"ListItem\",\"position\":1,\"name\":\"Anasayfa\",\"item\":\"https:\/\/vanxhaber.com\/\"},{\"@type\":\"ListItem\",\"position\":2,\"name\":\"Van&#8217;da 2 y\u0131l aradan sonra kooperatifte genel kurul ger\u00e7ekle\u015fti\"}]},{\"@type\":\"WebSite\",\"@id\":\"https:\/\/vanxhaber.com\/#website\",\"url\":\"https:\/\/vanxhaber.com\/\",\"name\":\"Van Haber | Van X Haber | Van Haberleri\",\"description\":\"Van Haber, Van&#039;\u0131n ilk yapay zeka teknolojileri ile yaz\u0131lan Van X Haber ve Van Haberlerini aktif g\u00fcncel sunan tek vanhaber merkezidir.\",\"potentialAction\":[{\"@type\":\"SearchAction\",\"target\":{\"@type\":\"EntryPoint\",\"urlTemplate\":\"https:\/\/vanxhaber.com\/?s={search_term_string}\"},\"query-input\":{\"@type\":\"PropertyValueSpecification\",\"valueRequired\":true,\"valueName\":\"search_term_string\"}}],\"inLanguage\":\"tr\"},{\"@type\":\"Person\",\"@id\":\"https:\/\/vanxhaber.com\/#\/schema\/person\/a5fd8d89510cb5370e62ad176f7978ee\",\"name\":\"Van X Haber\",\"image\":{\"@type\":\"ImageObject\",\"inLanguage\":\"tr\",\"@id\":\"https:\/\/vanxhaber.com\/#\/schema\/person\/image\/\",\"url\":\"https:\/\/secure.gravatar.com\/avatar\/36f2f63826681263103acb5ca1e7bc1a6db11baea9b75dd091d89b74f2704b07?s=96&d=mm&r=g\",\"contentUrl\":\"https:\/\/secure.gravatar.com\/avatar\/36f2f63826681263103acb5ca1e7bc1a6db11baea9b75dd091d89b74f2704b07?s=96&d=mm&r=g\",\"caption\":\"Van X Haber\"},\"description\":\"Van X Haber Van'\u0131n ilk ve tek yeni nesil Van Haber merkezi. Son Dakika Van Haberleri ve G\u00fcncel Van haber merkezinde s\u0131cak geli\u015fmeleri aktarmaya devam edece\u011fiz.\",\"url\":\"https:\/\/vanxhaber.com\/index.php\/author\/vangazetesi\/\"}]}<\/script>\n<!-- \/ Yoast SEO Premium plugin. -->","yoast_head_json":{"title":"Van'da 2 y\u0131l aradan sonra kooperatifte genel kurul ger\u00e7ekle\u015fti - Van Haber | Van X Haber | Van Haberleri","robots":{"index":"index","follow":"follow","max-snippet":"max-snippet:-1","max-image-preview":"max-image-preview:large","max-video-preview":"max-video-preview:-1"},"canonical":"https:\/\/vanxhaber.com\/index.php\/2025\/12\/06\/vanda-2-yil-aradan-sonra-kooperatifte-genel-kurul-gerceklesti\/","og_locale":"tr_TR","og_type":"article","og_title":"Van'da 2 y\u0131l aradan sonra kooperatifte genel kurul ger\u00e7ekle\u015fti","og_description":"Van\u2019da Mega G\u0131da toptanc\u0131lar\u0131 toplu i\u015fyeri yap\u0131 Kooperatifinde 2 Y\u0131l Aradan Sonra Genel Kurul Ger\u00e7ekle\u015ftirildi. S\u0131n\u0131rl\u0131 Sorumlu Van Mega T\u00fcm G\u0131da Toptanc\u0131lar Toplu \u0130\u015fyeri Yap\u0131 Kooperatifi Y\u00f6netim Kurulundan a\u00e7\u0131klama! S\u0131n\u0131rl\u0131 Sorumlu Van Mega T\u00fcm G\u0131da Toptanc\u0131lar Toplu \u0130\u015fyeri Yap\u0131 Kooperatifi, iki y\u0131ll\u0131k faaliyet d\u00f6neminin ard\u0131ndan 5 Aral\u0131k 2025 tarihinde Van Ticaret ve Sanayi Odas\u0131 (Van &hellip;","og_url":"https:\/\/vanxhaber.com\/index.php\/2025\/12\/06\/vanda-2-yil-aradan-sonra-kooperatifte-genel-kurul-gerceklesti\/","og_site_name":"Van Haber | Van X Haber | Van Haberleri","article_published_time":"2025-12-06T10:24:45+00:00","article_modified_time":"2025-12-06T10:24:47+00:00","og_image":[{"width":1600,"height":909,"url":"https:\/\/vanxhaber.com\/wp-content\/uploads\/2025\/12\/WhatsApp-Image-2025-12-06-at-13.08.56.jpeg","type":"image\/jpeg"}],"author":"Van X Haber","twitter_card":"summary_large_image","twitter_misc":{"Yazan:":"Van X Haber","Tahmini okuma s\u00fcresi":"4 dakika"},"schema":{"@context":"https:\/\/schema.org","@graph":[{"@type":"Article","@id":"https:\/\/vanxhaber.com\/index.php\/2025\/12\/06\/vanda-2-yil-aradan-sonra-kooperatifte-genel-kurul-gerceklesti\/#article","isPartOf":{"@id":"https:\/\/vanxhaber.com\/index.php\/2025\/12\/06\/vanda-2-yil-aradan-sonra-kooperatifte-genel-kurul-gerceklesti\/"},"author":{"name":"Van X Haber","@id":"https:\/\/vanxhaber.com\/#\/schema\/person\/a5fd8d89510cb5370e62ad176f7978ee"},"headline":"Van&#8217;da 2 y\u0131l aradan sonra kooperatifte genel kurul ger\u00e7ekle\u015fti","datePublished":"2025-12-06T10:24:45+00:00","dateModified":"2025-12-06T10:24:47+00:00","mainEntityOfPage":{"@id":"https:\/\/vanxhaber.com\/index.php\/2025\/12\/06\/vanda-2-yil-aradan-sonra-kooperatifte-genel-kurul-gerceklesti\/"},"wordCount":738,"commentCount":0,"image":{"@id":"https:\/\/vanxhaber.com\/index.php\/2025\/12\/06\/vanda-2-yil-aradan-sonra-kooperatifte-genel-kurul-gerceklesti\/#primaryimage"},"thumbnailUrl":"https:\/\/vanxhaber.com\/wp-content\/uploads\/2025\/12\/WhatsApp-Image-2025-12-06-at-13.08.56.jpeg","articleSection":["Van Haber"],"inLanguage":"tr","potentialAction":[{"@type":"CommentAction","name":"Comment","target":["https:\/\/vanxhaber.com\/index.php\/2025\/12\/06\/vanda-2-yil-aradan-sonra-kooperatifte-genel-kurul-gerceklesti\/#respond"]}],"copyrightYear":"2025","copyrightHolder":{"@id":"https:\/\/vanxhaber.com\/#organization"}},{"@type":"WebPage","@id":"https:\/\/vanxhaber.com\/index.php\/2025\/12\/06\/vanda-2-yil-aradan-sonra-kooperatifte-genel-kurul-gerceklesti\/","url":"https:\/\/vanxhaber.com\/index.php\/2025\/12\/06\/vanda-2-yil-aradan-sonra-kooperatifte-genel-kurul-gerceklesti\/","name":"Van'da 2 y\u0131l aradan sonra kooperatifte genel kurul ger\u00e7ekle\u015fti - Van Haber | Van X Haber | Van Haberleri","isPartOf":{"@id":"https:\/\/vanxhaber.com\/#website"},"primaryImageOfPage":{"@id":"https:\/\/vanxhaber.com\/index.php\/2025\/12\/06\/vanda-2-yil-aradan-sonra-kooperatifte-genel-kurul-gerceklesti\/#primaryimage"},"image":{"@id":"https:\/\/vanxhaber.com\/index.php\/2025\/12\/06\/vanda-2-yil-aradan-sonra-kooperatifte-genel-kurul-gerceklesti\/#primaryimage"},"thumbnailUrl":"https:\/\/vanxhaber.com\/wp-content\/uploads\/2025\/12\/WhatsApp-Image-2025-12-06-at-13.08.56.jpeg","datePublished":"2025-12-06T10:24:45+00:00","dateModified":"2025-12-06T10:24:47+00:00","author":{"@id":"https:\/\/vanxhaber.com\/#\/schema\/person\/a5fd8d89510cb5370e62ad176f7978ee"},"breadcrumb":{"@id":"https:\/\/vanxhaber.com\/index.php\/2025\/12\/06\/vanda-2-yil-aradan-sonra-kooperatifte-genel-kurul-gerceklesti\/#breadcrumb"},"inLanguage":"tr","potentialAction":[{"@type":"ReadAction","target":["https:\/\/vanxhaber.com\/index.php\/2025\/12\/06\/vanda-2-yil-aradan-sonra-kooperatifte-genel-kurul-gerceklesti\/"]}]},{"@type":"ImageObject","inLanguage":"tr","@id":"https:\/\/vanxhaber.com\/index.php\/2025\/12\/06\/vanda-2-yil-aradan-sonra-kooperatifte-genel-kurul-gerceklesti\/#primaryimage","url":"https:\/\/vanxhaber.com\/wp-content\/uploads\/2025\/12\/WhatsApp-Image-2025-12-06-at-13.08.56.jpeg","contentUrl":"https:\/\/vanxhaber.com\/wp-content\/uploads\/2025\/12\/WhatsApp-Image-2025-12-06-at-13.08.56.jpeg","width":1600,"height":909},{"@type":"BreadcrumbList","@id":"https:\/\/vanxhaber.com\/index.php\/2025\/12\/06\/vanda-2-yil-aradan-sonra-kooperatifte-genel-kurul-gerceklesti\/#breadcrumb","itemListElement":[{"@type":"ListItem","position":1,"name":"Anasayfa","item":"https:\/\/vanxhaber.com\/"},{"@type":"ListItem","position":2,"name":"Van&#8217;da 2 y\u0131l aradan sonra kooperatifte genel kurul ger\u00e7ekle\u015fti"}]},{"@type":"WebSite","@id":"https:\/\/vanxhaber.com\/#website","url":"https:\/\/vanxhaber.com\/","name":"Van Haber | Van X Haber | Van Haberleri","description":"Van Haber, Van&#039;\u0131n ilk yapay zeka teknolojileri ile yaz\u0131lan Van X Haber ve Van Haberlerini aktif g\u00fcncel sunan tek vanhaber merkezidir.","potentialAction":[{"@type":"SearchAction","target":{"@type":"EntryPoint","urlTemplate":"https:\/\/vanxhaber.com\/?s={search_term_string}"},"query-input":{"@type":"PropertyValueSpecification","valueRequired":true,"valueName":"search_term_string"}}],"inLanguage":"tr"},{"@type":"Person","@id":"https:\/\/vanxhaber.com\/#\/schema\/person\/a5fd8d89510cb5370e62ad176f7978ee","name":"Van X Haber","image":{"@type":"ImageObject","inLanguage":"tr","@id":"https:\/\/vanxhaber.com\/#\/schema\/person\/image\/","url":"https:\/\/secure.gravatar.com\/avatar\/36f2f63826681263103acb5ca1e7bc1a6db11baea9b75dd091d89b74f2704b07?s=96&d=mm&r=g","contentUrl":"https:\/\/secure.gravatar.com\/avatar\/36f2f63826681263103acb5ca1e7bc1a6db11baea9b75dd091d89b74f2704b07?s=96&d=mm&r=g","caption":"Van X Haber"},"description":"Van X Haber Van'\u0131n ilk ve tek yeni nesil Van Haber merkezi. Son Dakika Van Haberleri ve G\u00fcncel Van haber merkezinde s\u0131cak geli\u015fmeleri aktarmaya devam edece\u011fiz.","url":"https:\/\/vanxhaber.com\/index.php\/author\/vangazetesi\/"}]}},"_links":{"self":[{"href":"https:\/\/vanxhaber.com\/index.php\/wp-json\/wp\/v2\/posts\/2384","targetHints":{"allow":["GET"]}}],"collection":[{"href":"https:\/\/vanxhaber.com\/index.php\/wp-json\/wp\/v2\/posts"}],"about":[{"href":"https:\/\/vanxhaber.com\/index.php\/wp-json\/wp\/v2\/types\/post"}],"author":[{"embeddable":true,"href":"https:\/\/vanxhaber.com\/index.php\/wp-json\/wp\/v2\/users\/2"}],"replies":[{"embeddable":true,"href":"https:\/\/vanxhaber.com\/index.php\/wp-json\/wp\/v2\/comments?post=2384"}],"version-history":[{"count":1,"href":"https:\/\/vanxhaber.com\/index.php\/wp-json\/wp\/v2\/posts\/2384\/revisions"}],"predecessor-version":[{"id":2386,"href":"https:\/\/vanxhaber.com\/index.php\/wp-json\/wp\/v2\/posts\/2384\/revisions\/2386"}],"wp:featuredmedia":[{"embeddable":true,"href":"https:\/\/vanxhaber.com\/index.php\/wp-json\/wp\/v2\/media\/2385"}],"wp:attachment":[{"href":"https:\/\/vanxhaber.com\/index.php\/wp-json\/wp\/v2\/media?parent=2384"}],"wp:term":[{"taxonomy":"category","embeddable":true,"href":"https:\/\/vanxhaber.com\/index.php\/wp-json\/wp\/v2\/categories?post=2384"},{"taxonomy":"post_tag","embeddable":true,"href":"https:\/\/vanxhaber.com\/index.php\/wp-json\/wp\/v2\/tags?post=2384"}],"curies":[{"name":"wp","href":"https:\/\/api.w.org\/{rel}","templated":true}]}}