{"id":2469,"date":"2026-03-12T17:18:53","date_gmt":"2026-03-12T17:18:53","guid":{"rendered":"https:\/\/vanxhaber.com\/?p=2469"},"modified":"2026-03-12T17:18:54","modified_gmt":"2026-03-12T17:18:54","slug":"vanin-catak-halk-kutuphanesi-ile-ilce-meb-is-birliginde-kitap-tahlil-projesi","status":"publish","type":"post","link":"https:\/\/vanxhaber.com\/index.php\/2026\/03\/12\/vanin-catak-halk-kutuphanesi-ile-ilce-meb-is-birliginde-kitap-tahlil-projesi\/","title":{"rendered":"Van\u2019\u0131n \u00c7atak Halk K\u00fct\u00fcphanesi ile \u0130l\u00e7e MEB i\u015f birli\u011finde kitap tahlil projesi"},"content":{"rendered":"\n<p><strong>Van\u2019\u0131n \u00c7atak il\u00e7esinde \u0130l\u00e7e Halk K\u00fct\u00fcphanesi ile \u0130l\u00e7e Milli E\u011fitim M\u00fcd\u00fcrl\u00fc\u011f\u00fc i\u015f birli\u011finde y\u00fcr\u00fct\u00fclen kitap tahlil projesi kapsam\u0131nda \u00f6\u011frencilerle birlikte Frans\u0131z Kafka\u2019n\u0131n \u201cD\u00f6n\u00fc\u015f\u00fcm\u201d kitab\u0131 ele al\u0131nd\u0131. Etkinlikte \u00f6\u011frenciler kitap \u00fczerine sohbet ederek d\u00fc\u015f\u00fcncelerini payla\u015ft\u0131.<\/strong><\/p>\n\n\n\n<p><strong>\u00c7atak\u2019ta \u00d6\u011frencilerle \u201cD\u00f6n\u00fc\u015f\u00fcm\u201d Kitab\u0131 \u00dczerine Anlaml\u0131 Bulu\u015fma<br><\/strong>Van\u2019\u0131n \u00c7atak il\u00e7esinde \u00f6\u011frencilerin kitap okuma al\u0131\u015fkanl\u0131\u011f\u0131n\u0131 geli\u015ftirmek ve d\u00fc\u015f\u00fcnsel d\u00fcnyalar\u0131n\u0131 zenginle\u015ftirmek amac\u0131yla d\u00fczenlenen kitap tahlil projesi kapsam\u0131nda anlaml\u0131 bir etkinlik ger\u00e7ekle\u015ftirildi. \u00c7atak \u0130l\u00e7e Halk K\u00fct\u00fcphanesi ile \u00c7atak \u0130l\u00e7e Milli E\u011fitim M\u00fcd\u00fcrl\u00fc\u011f\u00fc i\u015f birli\u011finde d\u00fczenlenen programda \u00f6\u011frencilerle birlikte d\u00fcnya edebiyat\u0131n\u0131n \u00f6nemli eserlerinden biri olan D\u00f6n\u00fc\u015f\u00fcm ele al\u0131nd\u0131.<br>Etkinlikte \u00f6\u011frenciler, \u00c7ek as\u0131ll\u0131 \u00fcnl\u00fc yazar Frans\u0131z Kafka\u2019n\u0131n kaleme ald\u0131\u011f\u0131 eser \u00fczerine g\u00f6r\u00fc\u015flerini payla\u015farak kitapta i\u015flenen temalar hakk\u0131nda fikir al\u0131\u015fveri\u015finde bulundu. Samimi bir ortamda ger\u00e7ekle\u015fen kitap tahlilinde \u00f6\u011frenciler, eserin ana karakteri Gregor Samsa\u2019n\u0131n ya\u015fad\u0131\u011f\u0131 d\u00f6n\u00fc\u015f\u00fcm \u00fczerinden insan\u0131n toplum i\u00e7indeki yeri, yaln\u0131zl\u0131k, yabanc\u0131la\u015fma ve aile ili\u015fkileri gibi konular \u00fczerine d\u00fc\u015f\u00fcncelerini dile getirdi.<br>Programda \u00f6\u011frencilerle sohbet eden \u00c7atak \u0130l\u00e7e Milli E\u011fitim M\u00fcd\u00fcr\u00fc Hamdi \u0130nan, kitap okuma al\u0131\u015fkanl\u0131\u011f\u0131n\u0131n \u00f6\u011frencilerin hem akademik hem de ki\u015fisel geli\u015fimlerinde b\u00fcy\u00fck rol oynad\u0131\u011f\u0131n\u0131 belirtti. \u0130nan, yapt\u0131\u011f\u0131 a\u00e7\u0131klamada \u015fu ifadeleri kulland\u0131:<\/p>\n\n\n\n<figure class=\"wp-block-image size-large\"><img loading=\"lazy\" decoding=\"async\" width=\"1024\" height=\"768\" src=\"https:\/\/vanxhaber.com\/wp-content\/uploads\/2026\/03\/1000377796-1024x768.jpg\" alt=\"\" class=\"wp-image-2470\" srcset=\"https:\/\/vanxhaber.com\/wp-content\/uploads\/2026\/03\/1000377796-1024x768.jpg 1024w, https:\/\/vanxhaber.com\/wp-content\/uploads\/2026\/03\/1000377796-300x225.jpg 300w, https:\/\/vanxhaber.com\/wp-content\/uploads\/2026\/03\/1000377796-768x576.jpg 768w, https:\/\/vanxhaber.com\/wp-content\/uploads\/2026\/03\/1000377796-1536x1152.jpg 1536w, https:\/\/vanxhaber.com\/wp-content\/uploads\/2026\/03\/1000377796-2048x1536.jpg 2048w\" sizes=\"auto, (max-width: 1024px) 100vw, 1024px\" \/><\/figure>\n\n\n\n<p><br>\u201cKitaplar, gen\u00e7lerimizin d\u00fcnyay\u0131 daha iyi anlamas\u0131n\u0131 sa\u011flayan en \u00f6nemli ara\u00e7lardan biridir. \u00d6\u011frencilerimizin sadece ders kitaplar\u0131yla de\u011fil, d\u00fcnya edebiyat\u0131n\u0131n \u00f6nemli eserleriyle de bulu\u015fmas\u0131n\u0131 \u00f6nemsiyoruz. Bu t\u00fcr kitap tahlil etkinlikleri, \u00e7ocuklar\u0131m\u0131z\u0131n d\u00fc\u015f\u00fcnme becerilerini geli\u015ftirirken ayn\u0131 zamanda kendilerini ifade etmelerine de katk\u0131 sa\u011fl\u0131yor. \u0130l\u00e7emizde okuma k\u00fclt\u00fcr\u00fcn\u00fc daha da yayg\u0131nla\u015ft\u0131rmak i\u00e7in bu t\u00fcr projeleri desteklemeye devam edece\u011fiz.\u201d<br>\u00c7atak \u0130l\u00e7e Halk K\u00fct\u00fcphanesi yetkilileri ise kitap tahlil programlar\u0131n\u0131n belirli aral\u0131klarla devam edece\u011fini ve farkl\u0131 eserlerle \u00f6\u011frencileri bulu\u015fturmay\u0131 hedeflediklerini ifade etti.<br>Ger\u00e7ekle\u015ftirilen etkinlik sayesinde \u00f6\u011frenciler hem d\u00fcnya edebiyat\u0131n\u0131n \u00f6nemli bir eserini yak\u0131ndan tan\u0131ma f\u0131rsat\u0131 buldu hem de kitap \u00fczerine d\u00fc\u015f\u00fcncelerini payla\u015farak keyifli bir sohbet ortam\u0131 ya\u015fad\u0131. E\u011fitimciler, bu t\u00fcr etkinliklerin \u00f6\u011frencilerin okuma al\u0131\u015fkanl\u0131\u011f\u0131 kazanmas\u0131na \u00f6nemli katk\u0131 sa\u011flad\u0131\u011f\u0131n\u0131 vurgulad\u0131.<\/p>\n\n\n\n<p><\/p>\n","protected":false},"excerpt":{"rendered":"<p>Van\u2019\u0131n \u00c7atak il\u00e7esinde \u0130l\u00e7e Halk K\u00fct\u00fcphanesi ile \u0130l\u00e7e Milli E\u011fitim M\u00fcd\u00fcrl\u00fc\u011f\u00fc i\u015f birli\u011finde y\u00fcr\u00fct\u00fclen kitap tahlil projesi kapsam\u0131nda \u00f6\u011frencilerle birlikte Frans\u0131z Kafka\u2019n\u0131n \u201cD\u00f6n\u00fc\u015f\u00fcm\u201d kitab\u0131 ele al\u0131nd\u0131. Etkinlikte \u00f6\u011frenciler kitap \u00fczerine sohbet ederek d\u00fc\u015f\u00fcncelerini payla\u015ft\u0131. \u00c7atak\u2019ta \u00d6\u011frencilerle \u201cD\u00f6n\u00fc\u015f\u00fcm\u201d Kitab\u0131 \u00dczerine Anlaml\u0131 Bulu\u015fmaVan\u2019\u0131n \u00c7atak il\u00e7esinde \u00f6\u011frencilerin kitap okuma al\u0131\u015fkanl\u0131\u011f\u0131n\u0131 geli\u015ftirmek ve d\u00fc\u015f\u00fcnsel d\u00fcnyalar\u0131n\u0131 zenginle\u015ftirmek amac\u0131yla d\u00fczenlenen kitap &hellip;<\/p>\n","protected":false},"author":2,"featured_media":2471,"comment_status":"open","ping_status":"closed","sticky":false,"template":"","format":"standard","meta":{"googlesitekit_rrm_CAowot3VCw:productID":"openaccess","footnotes":""},"categories":[1],"tags":[208,34,35,46],"class_list":["post-2469","post","type-post","status-publish","format-standard","has-post-thumbnail","hentry","category-van-haber","tag-catak","tag-van","tag-van-haber","tag-vanhaber"],"yoast_head":"<!-- This site is optimized with the Yoast SEO Premium plugin v21.7 (Yoast SEO v26.7) - https:\/\/yoast.com\/wordpress\/plugins\/seo\/ -->\n<title>Van\u2019\u0131n \u00c7atak Halk K\u00fct\u00fcphanesi ile \u0130l\u00e7e MEB i\u015f birli\u011finde kitap tahlil projesi - Van Haber | Van X Haber | Van Haberleri<\/title>\n<meta name=\"robots\" content=\"index, follow, max-snippet:-1, max-image-preview:large, max-video-preview:-1\" \/>\n<link rel=\"canonical\" href=\"https:\/\/vanxhaber.com\/index.php\/2026\/03\/12\/vanin-catak-halk-kutuphanesi-ile-ilce-meb-is-birliginde-kitap-tahlil-projesi\/\" \/>\n<meta property=\"og:locale\" content=\"tr_TR\" \/>\n<meta property=\"og:type\" content=\"article\" \/>\n<meta property=\"og:title\" content=\"Van\u2019\u0131n \u00c7atak Halk K\u00fct\u00fcphanesi ile \u0130l\u00e7e MEB i\u015f birli\u011finde kitap tahlil projesi\" \/>\n<meta property=\"og:description\" content=\"Van\u2019\u0131n \u00c7atak il\u00e7esinde \u0130l\u00e7e Halk K\u00fct\u00fcphanesi ile \u0130l\u00e7e Milli E\u011fitim M\u00fcd\u00fcrl\u00fc\u011f\u00fc i\u015f birli\u011finde y\u00fcr\u00fct\u00fclen kitap tahlil projesi kapsam\u0131nda \u00f6\u011frencilerle birlikte Frans\u0131z Kafka\u2019n\u0131n \u201cD\u00f6n\u00fc\u015f\u00fcm\u201d kitab\u0131 ele al\u0131nd\u0131. Etkinlikte \u00f6\u011frenciler kitap \u00fczerine sohbet ederek d\u00fc\u015f\u00fcncelerini payla\u015ft\u0131. \u00c7atak\u2019ta \u00d6\u011frencilerle \u201cD\u00f6n\u00fc\u015f\u00fcm\u201d Kitab\u0131 \u00dczerine Anlaml\u0131 Bulu\u015fmaVan\u2019\u0131n \u00c7atak il\u00e7esinde \u00f6\u011frencilerin kitap okuma al\u0131\u015fkanl\u0131\u011f\u0131n\u0131 geli\u015ftirmek ve d\u00fc\u015f\u00fcnsel d\u00fcnyalar\u0131n\u0131 zenginle\u015ftirmek amac\u0131yla d\u00fczenlenen kitap &hellip;\" \/>\n<meta property=\"og:url\" content=\"https:\/\/vanxhaber.com\/index.php\/2026\/03\/12\/vanin-catak-halk-kutuphanesi-ile-ilce-meb-is-birliginde-kitap-tahlil-projesi\/\" \/>\n<meta property=\"og:site_name\" content=\"Van Haber | Van X Haber | Van Haberleri\" \/>\n<meta property=\"article:published_time\" content=\"2026-03-12T17:18:53+00:00\" \/>\n<meta property=\"article:modified_time\" content=\"2026-03-12T17:18:54+00:00\" \/>\n<meta property=\"og:image\" content=\"https:\/\/vanxhaber.com\/wp-content\/uploads\/2026\/03\/IMG-20260312-WA0016-scaled.jpg\" \/>\n\t<meta property=\"og:image:width\" content=\"1920\" \/>\n\t<meta property=\"og:image:height\" content=\"2560\" \/>\n\t<meta property=\"og:image:type\" content=\"image\/jpeg\" \/>\n<meta name=\"author\" content=\"Van X Haber\" \/>\n<meta name=\"twitter:card\" content=\"summary_large_image\" \/>\n<meta name=\"twitter:label1\" content=\"Yazan:\" \/>\n\t<meta name=\"twitter:data1\" content=\"Van X Haber\" \/>\n\t<meta name=\"twitter:label2\" content=\"Tahmini okuma s\u00fcresi\" \/>\n\t<meta name=\"twitter:data2\" content=\"3 dakika\" \/>\n<script type=\"application\/ld+json\" class=\"yoast-schema-graph\">{\"@context\":\"https:\/\/schema.org\",\"@graph\":[{\"@type\":\"Article\",\"@id\":\"https:\/\/vanxhaber.com\/index.php\/2026\/03\/12\/vanin-catak-halk-kutuphanesi-ile-ilce-meb-is-birliginde-kitap-tahlil-projesi\/#article\",\"isPartOf\":{\"@id\":\"https:\/\/vanxhaber.com\/index.php\/2026\/03\/12\/vanin-catak-halk-kutuphanesi-ile-ilce-meb-is-birliginde-kitap-tahlil-projesi\/\"},\"author\":{\"name\":\"Van X Haber\",\"@id\":\"https:\/\/vanxhaber.com\/#\/schema\/person\/a5fd8d89510cb5370e62ad176f7978ee\"},\"headline\":\"Van\u2019\u0131n \u00c7atak Halk K\u00fct\u00fcphanesi ile \u0130l\u00e7e MEB i\u015f birli\u011finde kitap tahlil projesi\",\"datePublished\":\"2026-03-12T17:18:53+00:00\",\"dateModified\":\"2026-03-12T17:18:54+00:00\",\"mainEntityOfPage\":{\"@id\":\"https:\/\/vanxhaber.com\/index.php\/2026\/03\/12\/vanin-catak-halk-kutuphanesi-ile-ilce-meb-is-birliginde-kitap-tahlil-projesi\/\"},\"wordCount\":447,\"commentCount\":0,\"image\":{\"@id\":\"https:\/\/vanxhaber.com\/index.php\/2026\/03\/12\/vanin-catak-halk-kutuphanesi-ile-ilce-meb-is-birliginde-kitap-tahlil-projesi\/#primaryimage\"},\"thumbnailUrl\":\"https:\/\/vanxhaber.com\/wp-content\/uploads\/2026\/03\/IMG-20260312-WA0016-scaled.jpg\",\"keywords\":[\"\u00c7atak\",\"van\",\"van haber\",\"vanhaber\"],\"articleSection\":[\"Van Haber\"],\"inLanguage\":\"tr\",\"potentialAction\":[{\"@type\":\"CommentAction\",\"name\":\"Comment\",\"target\":[\"https:\/\/vanxhaber.com\/index.php\/2026\/03\/12\/vanin-catak-halk-kutuphanesi-ile-ilce-meb-is-birliginde-kitap-tahlil-projesi\/#respond\"]}],\"copyrightYear\":\"2026\",\"copyrightHolder\":{\"@id\":\"https:\/\/vanxhaber.com\/#organization\"}},{\"@type\":\"WebPage\",\"@id\":\"https:\/\/vanxhaber.com\/index.php\/2026\/03\/12\/vanin-catak-halk-kutuphanesi-ile-ilce-meb-is-birliginde-kitap-tahlil-projesi\/\",\"url\":\"https:\/\/vanxhaber.com\/index.php\/2026\/03\/12\/vanin-catak-halk-kutuphanesi-ile-ilce-meb-is-birliginde-kitap-tahlil-projesi\/\",\"name\":\"Van\u2019\u0131n \u00c7atak Halk K\u00fct\u00fcphanesi ile \u0130l\u00e7e MEB i\u015f birli\u011finde kitap tahlil projesi - Van Haber | Van X Haber | Van Haberleri\",\"isPartOf\":{\"@id\":\"https:\/\/vanxhaber.com\/#website\"},\"primaryImageOfPage\":{\"@id\":\"https:\/\/vanxhaber.com\/index.php\/2026\/03\/12\/vanin-catak-halk-kutuphanesi-ile-ilce-meb-is-birliginde-kitap-tahlil-projesi\/#primaryimage\"},\"image\":{\"@id\":\"https:\/\/vanxhaber.com\/index.php\/2026\/03\/12\/vanin-catak-halk-kutuphanesi-ile-ilce-meb-is-birliginde-kitap-tahlil-projesi\/#primaryimage\"},\"thumbnailUrl\":\"https:\/\/vanxhaber.com\/wp-content\/uploads\/2026\/03\/IMG-20260312-WA0016-scaled.jpg\",\"datePublished\":\"2026-03-12T17:18:53+00:00\",\"dateModified\":\"2026-03-12T17:18:54+00:00\",\"author\":{\"@id\":\"https:\/\/vanxhaber.com\/#\/schema\/person\/a5fd8d89510cb5370e62ad176f7978ee\"},\"breadcrumb\":{\"@id\":\"https:\/\/vanxhaber.com\/index.php\/2026\/03\/12\/vanin-catak-halk-kutuphanesi-ile-ilce-meb-is-birliginde-kitap-tahlil-projesi\/#breadcrumb\"},\"inLanguage\":\"tr\",\"potentialAction\":[{\"@type\":\"ReadAction\",\"target\":[\"https:\/\/vanxhaber.com\/index.php\/2026\/03\/12\/vanin-catak-halk-kutuphanesi-ile-ilce-meb-is-birliginde-kitap-tahlil-projesi\/\"]}]},{\"@type\":\"ImageObject\",\"inLanguage\":\"tr\",\"@id\":\"https:\/\/vanxhaber.com\/index.php\/2026\/03\/12\/vanin-catak-halk-kutuphanesi-ile-ilce-meb-is-birliginde-kitap-tahlil-projesi\/#primaryimage\",\"url\":\"https:\/\/vanxhaber.com\/wp-content\/uploads\/2026\/03\/IMG-20260312-WA0016-scaled.jpg\",\"contentUrl\":\"https:\/\/vanxhaber.com\/wp-content\/uploads\/2026\/03\/IMG-20260312-WA0016-scaled.jpg\",\"width\":1920,\"height\":2560},{\"@type\":\"BreadcrumbList\",\"@id\":\"https:\/\/vanxhaber.com\/index.php\/2026\/03\/12\/vanin-catak-halk-kutuphanesi-ile-ilce-meb-is-birliginde-kitap-tahlil-projesi\/#breadcrumb\",\"itemListElement\":[{\"@type\":\"ListItem\",\"position\":1,\"name\":\"Anasayfa\",\"item\":\"https:\/\/vanxhaber.com\/\"},{\"@type\":\"ListItem\",\"position\":2,\"name\":\"Van\u2019\u0131n \u00c7atak Halk K\u00fct\u00fcphanesi ile \u0130l\u00e7e MEB i\u015f birli\u011finde kitap tahlil projesi\"}]},{\"@type\":\"WebSite\",\"@id\":\"https:\/\/vanxhaber.com\/#website\",\"url\":\"https:\/\/vanxhaber.com\/\",\"name\":\"Van Haber | Van X Haber | Van Haberleri\",\"description\":\"Van Haber, Van&#039;\u0131n ilk yapay zeka teknolojileri ile yaz\u0131lan Van X Haber ve Van Haberlerini aktif g\u00fcncel sunan tek vanhaber merkezidir.\",\"potentialAction\":[{\"@type\":\"SearchAction\",\"target\":{\"@type\":\"EntryPoint\",\"urlTemplate\":\"https:\/\/vanxhaber.com\/?s={search_term_string}\"},\"query-input\":{\"@type\":\"PropertyValueSpecification\",\"valueRequired\":true,\"valueName\":\"search_term_string\"}}],\"inLanguage\":\"tr\"},{\"@type\":\"Person\",\"@id\":\"https:\/\/vanxhaber.com\/#\/schema\/person\/a5fd8d89510cb5370e62ad176f7978ee\",\"name\":\"Van X Haber\",\"image\":{\"@type\":\"ImageObject\",\"inLanguage\":\"tr\",\"@id\":\"https:\/\/vanxhaber.com\/#\/schema\/person\/image\/\",\"url\":\"https:\/\/secure.gravatar.com\/avatar\/36f2f63826681263103acb5ca1e7bc1a6db11baea9b75dd091d89b74f2704b07?s=96&d=mm&r=g\",\"contentUrl\":\"https:\/\/secure.gravatar.com\/avatar\/36f2f63826681263103acb5ca1e7bc1a6db11baea9b75dd091d89b74f2704b07?s=96&d=mm&r=g\",\"caption\":\"Van X Haber\"},\"description\":\"Van X Haber Van'\u0131n ilk ve tek yeni nesil Van Haber merkezi. Son Dakika Van Haberleri ve G\u00fcncel Van haber merkezinde s\u0131cak geli\u015fmeleri aktarmaya devam edece\u011fiz.\",\"url\":\"https:\/\/vanxhaber.com\/index.php\/author\/vangazetesi\/\"}]}<\/script>\n<!-- \/ Yoast SEO Premium plugin. -->","yoast_head_json":{"title":"Van\u2019\u0131n \u00c7atak Halk K\u00fct\u00fcphanesi ile \u0130l\u00e7e MEB i\u015f birli\u011finde kitap tahlil projesi - Van Haber | Van X Haber | Van Haberleri","robots":{"index":"index","follow":"follow","max-snippet":"max-snippet:-1","max-image-preview":"max-image-preview:large","max-video-preview":"max-video-preview:-1"},"canonical":"https:\/\/vanxhaber.com\/index.php\/2026\/03\/12\/vanin-catak-halk-kutuphanesi-ile-ilce-meb-is-birliginde-kitap-tahlil-projesi\/","og_locale":"tr_TR","og_type":"article","og_title":"Van\u2019\u0131n \u00c7atak Halk K\u00fct\u00fcphanesi ile \u0130l\u00e7e MEB i\u015f birli\u011finde kitap tahlil projesi","og_description":"Van\u2019\u0131n \u00c7atak il\u00e7esinde \u0130l\u00e7e Halk K\u00fct\u00fcphanesi ile \u0130l\u00e7e Milli E\u011fitim M\u00fcd\u00fcrl\u00fc\u011f\u00fc i\u015f birli\u011finde y\u00fcr\u00fct\u00fclen kitap tahlil projesi kapsam\u0131nda \u00f6\u011frencilerle birlikte Frans\u0131z Kafka\u2019n\u0131n \u201cD\u00f6n\u00fc\u015f\u00fcm\u201d kitab\u0131 ele al\u0131nd\u0131. Etkinlikte \u00f6\u011frenciler kitap \u00fczerine sohbet ederek d\u00fc\u015f\u00fcncelerini payla\u015ft\u0131. \u00c7atak\u2019ta \u00d6\u011frencilerle \u201cD\u00f6n\u00fc\u015f\u00fcm\u201d Kitab\u0131 \u00dczerine Anlaml\u0131 Bulu\u015fmaVan\u2019\u0131n \u00c7atak il\u00e7esinde \u00f6\u011frencilerin kitap okuma al\u0131\u015fkanl\u0131\u011f\u0131n\u0131 geli\u015ftirmek ve d\u00fc\u015f\u00fcnsel d\u00fcnyalar\u0131n\u0131 zenginle\u015ftirmek amac\u0131yla d\u00fczenlenen kitap &hellip;","og_url":"https:\/\/vanxhaber.com\/index.php\/2026\/03\/12\/vanin-catak-halk-kutuphanesi-ile-ilce-meb-is-birliginde-kitap-tahlil-projesi\/","og_site_name":"Van Haber | Van X Haber | Van Haberleri","article_published_time":"2026-03-12T17:18:53+00:00","article_modified_time":"2026-03-12T17:18:54+00:00","og_image":[{"width":1920,"height":2560,"url":"https:\/\/vanxhaber.com\/wp-content\/uploads\/2026\/03\/IMG-20260312-WA0016-scaled.jpg","type":"image\/jpeg"}],"author":"Van X Haber","twitter_card":"summary_large_image","twitter_misc":{"Yazan:":"Van X Haber","Tahmini okuma s\u00fcresi":"3 dakika"},"schema":{"@context":"https:\/\/schema.org","@graph":[{"@type":"Article","@id":"https:\/\/vanxhaber.com\/index.php\/2026\/03\/12\/vanin-catak-halk-kutuphanesi-ile-ilce-meb-is-birliginde-kitap-tahlil-projesi\/#article","isPartOf":{"@id":"https:\/\/vanxhaber.com\/index.php\/2026\/03\/12\/vanin-catak-halk-kutuphanesi-ile-ilce-meb-is-birliginde-kitap-tahlil-projesi\/"},"author":{"name":"Van X Haber","@id":"https:\/\/vanxhaber.com\/#\/schema\/person\/a5fd8d89510cb5370e62ad176f7978ee"},"headline":"Van\u2019\u0131n \u00c7atak Halk K\u00fct\u00fcphanesi ile \u0130l\u00e7e MEB i\u015f birli\u011finde kitap tahlil projesi","datePublished":"2026-03-12T17:18:53+00:00","dateModified":"2026-03-12T17:18:54+00:00","mainEntityOfPage":{"@id":"https:\/\/vanxhaber.com\/index.php\/2026\/03\/12\/vanin-catak-halk-kutuphanesi-ile-ilce-meb-is-birliginde-kitap-tahlil-projesi\/"},"wordCount":447,"commentCount":0,"image":{"@id":"https:\/\/vanxhaber.com\/index.php\/2026\/03\/12\/vanin-catak-halk-kutuphanesi-ile-ilce-meb-is-birliginde-kitap-tahlil-projesi\/#primaryimage"},"thumbnailUrl":"https:\/\/vanxhaber.com\/wp-content\/uploads\/2026\/03\/IMG-20260312-WA0016-scaled.jpg","keywords":["\u00c7atak","van","van haber","vanhaber"],"articleSection":["Van Haber"],"inLanguage":"tr","potentialAction":[{"@type":"CommentAction","name":"Comment","target":["https:\/\/vanxhaber.com\/index.php\/2026\/03\/12\/vanin-catak-halk-kutuphanesi-ile-ilce-meb-is-birliginde-kitap-tahlil-projesi\/#respond"]}],"copyrightYear":"2026","copyrightHolder":{"@id":"https:\/\/vanxhaber.com\/#organization"}},{"@type":"WebPage","@id":"https:\/\/vanxhaber.com\/index.php\/2026\/03\/12\/vanin-catak-halk-kutuphanesi-ile-ilce-meb-is-birliginde-kitap-tahlil-projesi\/","url":"https:\/\/vanxhaber.com\/index.php\/2026\/03\/12\/vanin-catak-halk-kutuphanesi-ile-ilce-meb-is-birliginde-kitap-tahlil-projesi\/","name":"Van\u2019\u0131n \u00c7atak Halk K\u00fct\u00fcphanesi ile \u0130l\u00e7e MEB i\u015f birli\u011finde kitap tahlil projesi - Van Haber | Van X Haber | Van Haberleri","isPartOf":{"@id":"https:\/\/vanxhaber.com\/#website"},"primaryImageOfPage":{"@id":"https:\/\/vanxhaber.com\/index.php\/2026\/03\/12\/vanin-catak-halk-kutuphanesi-ile-ilce-meb-is-birliginde-kitap-tahlil-projesi\/#primaryimage"},"image":{"@id":"https:\/\/vanxhaber.com\/index.php\/2026\/03\/12\/vanin-catak-halk-kutuphanesi-ile-ilce-meb-is-birliginde-kitap-tahlil-projesi\/#primaryimage"},"thumbnailUrl":"https:\/\/vanxhaber.com\/wp-content\/uploads\/2026\/03\/IMG-20260312-WA0016-scaled.jpg","datePublished":"2026-03-12T17:18:53+00:00","dateModified":"2026-03-12T17:18:54+00:00","author":{"@id":"https:\/\/vanxhaber.com\/#\/schema\/person\/a5fd8d89510cb5370e62ad176f7978ee"},"breadcrumb":{"@id":"https:\/\/vanxhaber.com\/index.php\/2026\/03\/12\/vanin-catak-halk-kutuphanesi-ile-ilce-meb-is-birliginde-kitap-tahlil-projesi\/#breadcrumb"},"inLanguage":"tr","potentialAction":[{"@type":"ReadAction","target":["https:\/\/vanxhaber.com\/index.php\/2026\/03\/12\/vanin-catak-halk-kutuphanesi-ile-ilce-meb-is-birliginde-kitap-tahlil-projesi\/"]}]},{"@type":"ImageObject","inLanguage":"tr","@id":"https:\/\/vanxhaber.com\/index.php\/2026\/03\/12\/vanin-catak-halk-kutuphanesi-ile-ilce-meb-is-birliginde-kitap-tahlil-projesi\/#primaryimage","url":"https:\/\/vanxhaber.com\/wp-content\/uploads\/2026\/03\/IMG-20260312-WA0016-scaled.jpg","contentUrl":"https:\/\/vanxhaber.com\/wp-content\/uploads\/2026\/03\/IMG-20260312-WA0016-scaled.jpg","width":1920,"height":2560},{"@type":"BreadcrumbList","@id":"https:\/\/vanxhaber.com\/index.php\/2026\/03\/12\/vanin-catak-halk-kutuphanesi-ile-ilce-meb-is-birliginde-kitap-tahlil-projesi\/#breadcrumb","itemListElement":[{"@type":"ListItem","position":1,"name":"Anasayfa","item":"https:\/\/vanxhaber.com\/"},{"@type":"ListItem","position":2,"name":"Van\u2019\u0131n \u00c7atak Halk K\u00fct\u00fcphanesi ile \u0130l\u00e7e MEB i\u015f birli\u011finde kitap tahlil projesi"}]},{"@type":"WebSite","@id":"https:\/\/vanxhaber.com\/#website","url":"https:\/\/vanxhaber.com\/","name":"Van Haber | Van X Haber | Van Haberleri","description":"Van Haber, Van&#039;\u0131n ilk yapay zeka teknolojileri ile yaz\u0131lan Van X Haber ve Van Haberlerini aktif g\u00fcncel sunan tek vanhaber merkezidir.","potentialAction":[{"@type":"SearchAction","target":{"@type":"EntryPoint","urlTemplate":"https:\/\/vanxhaber.com\/?s={search_term_string}"},"query-input":{"@type":"PropertyValueSpecification","valueRequired":true,"valueName":"search_term_string"}}],"inLanguage":"tr"},{"@type":"Person","@id":"https:\/\/vanxhaber.com\/#\/schema\/person\/a5fd8d89510cb5370e62ad176f7978ee","name":"Van X Haber","image":{"@type":"ImageObject","inLanguage":"tr","@id":"https:\/\/vanxhaber.com\/#\/schema\/person\/image\/","url":"https:\/\/secure.gravatar.com\/avatar\/36f2f63826681263103acb5ca1e7bc1a6db11baea9b75dd091d89b74f2704b07?s=96&d=mm&r=g","contentUrl":"https:\/\/secure.gravatar.com\/avatar\/36f2f63826681263103acb5ca1e7bc1a6db11baea9b75dd091d89b74f2704b07?s=96&d=mm&r=g","caption":"Van X Haber"},"description":"Van X Haber Van'\u0131n ilk ve tek yeni nesil Van Haber merkezi. Son Dakika Van Haberleri ve G\u00fcncel Van haber merkezinde s\u0131cak geli\u015fmeleri aktarmaya devam edece\u011fiz.","url":"https:\/\/vanxhaber.com\/index.php\/author\/vangazetesi\/"}]}},"_links":{"self":[{"href":"https:\/\/vanxhaber.com\/index.php\/wp-json\/wp\/v2\/posts\/2469","targetHints":{"allow":["GET"]}}],"collection":[{"href":"https:\/\/vanxhaber.com\/index.php\/wp-json\/wp\/v2\/posts"}],"about":[{"href":"https:\/\/vanxhaber.com\/index.php\/wp-json\/wp\/v2\/types\/post"}],"author":[{"embeddable":true,"href":"https:\/\/vanxhaber.com\/index.php\/wp-json\/wp\/v2\/users\/2"}],"replies":[{"embeddable":true,"href":"https:\/\/vanxhaber.com\/index.php\/wp-json\/wp\/v2\/comments?post=2469"}],"version-history":[{"count":1,"href":"https:\/\/vanxhaber.com\/index.php\/wp-json\/wp\/v2\/posts\/2469\/revisions"}],"predecessor-version":[{"id":2472,"href":"https:\/\/vanxhaber.com\/index.php\/wp-json\/wp\/v2\/posts\/2469\/revisions\/2472"}],"wp:featuredmedia":[{"embeddable":true,"href":"https:\/\/vanxhaber.com\/index.php\/wp-json\/wp\/v2\/media\/2471"}],"wp:attachment":[{"href":"https:\/\/vanxhaber.com\/index.php\/wp-json\/wp\/v2\/media?parent=2469"}],"wp:term":[{"taxonomy":"category","embeddable":true,"href":"https:\/\/vanxhaber.com\/index.php\/wp-json\/wp\/v2\/categories?post=2469"},{"taxonomy":"post_tag","embeddable":true,"href":"https:\/\/vanxhaber.com\/index.php\/wp-json\/wp\/v2\/tags?post=2469"}],"curies":[{"name":"wp","href":"https:\/\/api.w.org\/{rel}","templated":true}]}}