{"id":2475,"date":"2026-03-12T17:26:33","date_gmt":"2026-03-12T17:26:33","guid":{"rendered":"https:\/\/vanxhaber.com\/?p=2475"},"modified":"2026-03-12T17:26:35","modified_gmt":"2026-03-12T17:26:35","slug":"vanin-catak-ilcesinde-anlamli-bir-etkinlige-imza-atildi","status":"publish","type":"post","link":"https:\/\/vanxhaber.com\/index.php\/2026\/03\/12\/vanin-catak-ilcesinde-anlamli-bir-etkinlige-imza-atildi\/","title":{"rendered":"Van\u2019\u0131n \u00c7atak il\u00e7esinde anlaml\u0131 bir etkinli\u011fe imza at\u0131ld\u0131"},"content":{"rendered":"\n<p><strong>8 Mart D\u00fcnya Kad\u0131nlar G\u00fcn\u00fc kapsam\u0131nda Van\u2019\u0131n \u00c7atak il\u00e7esinde anlaml\u0131 bir etkinli\u011fe imza at\u0131ld\u0131. \u00c7atak \u0130l\u00e7e Halk K\u00fct\u00fcphanesi taraf\u0131ndan d\u00fczenlenen programda il\u00e7ede ya\u015fayan anneler ve kad\u0131nlar k\u00fct\u00fcphanede bir araya geldi.<br><\/strong>Kad\u0131nlar\u0131n toplumdaki \u00f6nemine dikkat \u00e7ekmek ve onlar\u0131n emeklerini takdir etmek amac\u0131yla ger\u00e7ekle\u015ftirilen etkinlikte, k\u00fct\u00fcphane yetkilileri taraf\u0131ndan misafirlere \u00e7e\u015fitli ikramlarda bulunuldu. Samimi bir ortamda ger\u00e7ekle\u015fen programda anneler ve kad\u0131nlar hem sohbet etti hem de k\u00fct\u00fcphanenin sundu\u011fu imkanlar hakk\u0131nda bilgi ald\u0131.<\/p>\n\n\n\n<figure class=\"wp-block-image size-large\"><img loading=\"lazy\" decoding=\"async\" width=\"768\" height=\"1024\" src=\"https:\/\/vanxhaber.com\/wp-content\/uploads\/2026\/03\/1000377842-768x1024.jpg\" alt=\"\" class=\"wp-image-2476\" srcset=\"https:\/\/vanxhaber.com\/wp-content\/uploads\/2026\/03\/1000377842-768x1024.jpg 768w, https:\/\/vanxhaber.com\/wp-content\/uploads\/2026\/03\/1000377842-225x300.jpg 225w, https:\/\/vanxhaber.com\/wp-content\/uploads\/2026\/03\/1000377842-1152x1536.jpg 1152w, https:\/\/vanxhaber.com\/wp-content\/uploads\/2026\/03\/1000377842.jpg 1200w\" sizes=\"auto, (max-width: 768px) 100vw, 768px\" \/><\/figure>\n\n\n\n<p><br>Etkinlikte konu\u015fan \u00c7atak il\u00e7e halk k\u00fct\u00fcphanesi Sorumlusu Fatma Asan kad\u0131nlar\u0131n toplumun temel ta\u015f\u0131 oldu\u011funu belirterek \u00f6zellikle annelerin e\u011fitim, k\u00fclt\u00fcr ve sosyal hayattaki rol\u00fcn\u00fcn \u00e7ok b\u00fcy\u00fck oldu\u011funa vurgu yapt\u0131. Program boyunca kad\u0131nlar\u0131n g\u00fcn\u00fcn\u00fc kutlayan yetkililer, \u201cK\u00fct\u00fcphanemizde 8 Mart D\u00fcnya Kad\u0131nlar G\u00fcn\u00fc m\u00fcnasebetiyle de\u011ferli annelerimizi a\u011f\u0131rlad\u0131k. En \u00e7ok onlar\u0131n g\u00fcn\u00fc kutlu olsun. T\u00fcm kad\u0131nlar\u0131m\u0131z\u0131n Kad\u0131nlar G\u00fcn\u00fc\u2019n\u00fc en i\u00e7ten dileklerimizle kutluyoruz.\u201d ifadelerini kulland\u0131.<\/p>\n\n\n\n<p><br>D\u00fczenlenen etkinlik, kad\u0131nlar\u0131n bir araya gelerek keyifli vakit ge\u00e7irmesi ve k\u00fct\u00fcphane ile daha g\u00fc\u00e7l\u00fc ba\u011f kurmas\u0131 a\u00e7\u0131s\u0131ndan b\u00fcy\u00fck memnuniyet olu\u015fturdu. Program sonunda kat\u0131l\u0131mc\u0131 kad\u0131nlar, kendileri i\u00e7in haz\u0131rlanan bu anlaml\u0131 organizasyon dolay\u0131s\u0131yla k\u00fct\u00fcphane y\u00f6netimine te\u015fekk\u00fcr etti.<\/p>\n\n\n\n<p><br>\u00c7atak \u0130l\u00e7e Halk K\u00fct\u00fcphanesi yetkilileri, benzer sosyal ve k\u00fclt\u00fcrel etkinliklerin y\u0131l boyunca devam edece\u011fini belirterek \u00f6zellikle kad\u0131nlar\u0131n ve gen\u00e7lerin k\u00fct\u00fcphane faaliyetlerine daha fazla kat\u0131l\u0131m sa\u011flamas\u0131n\u0131 hedeflediklerini ifade etti.<\/p>\n\n\n\n<p><\/p>\n","protected":false},"excerpt":{"rendered":"<p>8 Mart D\u00fcnya Kad\u0131nlar G\u00fcn\u00fc kapsam\u0131nda Van\u2019\u0131n \u00c7atak il\u00e7esinde anlaml\u0131 bir etkinli\u011fe imza at\u0131ld\u0131. \u00c7atak \u0130l\u00e7e Halk K\u00fct\u00fcphanesi taraf\u0131ndan d\u00fczenlenen programda il\u00e7ede ya\u015fayan anneler ve kad\u0131nlar k\u00fct\u00fcphanede bir araya geldi.Kad\u0131nlar\u0131n toplumdaki \u00f6nemine dikkat \u00e7ekmek ve onlar\u0131n emeklerini takdir etmek amac\u0131yla ger\u00e7ekle\u015ftirilen etkinlikte, k\u00fct\u00fcphane yetkilileri taraf\u0131ndan misafirlere \u00e7e\u015fitli ikramlarda bulunuldu. Samimi bir ortamda ger\u00e7ekle\u015fen programda anneler &hellip;<\/p>\n","protected":false},"author":2,"featured_media":2477,"comment_status":"open","ping_status":"closed","sticky":false,"template":"","format":"standard","meta":{"googlesitekit_rrm_CAowot3VCw:productID":"","footnotes":""},"categories":[1],"tags":[209,34,35,36,46],"class_list":["post-2475","post","type-post","status-publish","format-standard","has-post-thumbnail","hentry","category-van-haber","tag-kutuphane","tag-van","tag-van-haber","tag-van-haberleri","tag-vanhaber"],"yoast_head":"<!-- This site is optimized with the Yoast SEO Premium plugin v21.7 (Yoast SEO v26.7) - https:\/\/yoast.com\/wordpress\/plugins\/seo\/ -->\n<title>Van\u2019\u0131n \u00c7atak il\u00e7esinde anlaml\u0131 bir etkinli\u011fe imza at\u0131ld\u0131 - Van Haber | Van X Haber | Van Haberleri<\/title>\n<meta name=\"robots\" content=\"index, follow, max-snippet:-1, max-image-preview:large, max-video-preview:-1\" \/>\n<link rel=\"canonical\" href=\"https:\/\/vanxhaber.com\/index.php\/2026\/03\/12\/vanin-catak-ilcesinde-anlamli-bir-etkinlige-imza-atildi\/\" \/>\n<meta property=\"og:locale\" content=\"tr_TR\" \/>\n<meta property=\"og:type\" content=\"article\" \/>\n<meta property=\"og:title\" content=\"Van\u2019\u0131n \u00c7atak il\u00e7esinde anlaml\u0131 bir etkinli\u011fe imza at\u0131ld\u0131\" \/>\n<meta property=\"og:description\" content=\"8 Mart D\u00fcnya Kad\u0131nlar G\u00fcn\u00fc kapsam\u0131nda Van\u2019\u0131n \u00c7atak il\u00e7esinde anlaml\u0131 bir etkinli\u011fe imza at\u0131ld\u0131. \u00c7atak \u0130l\u00e7e Halk K\u00fct\u00fcphanesi taraf\u0131ndan d\u00fczenlenen programda il\u00e7ede ya\u015fayan anneler ve kad\u0131nlar k\u00fct\u00fcphanede bir araya geldi.Kad\u0131nlar\u0131n toplumdaki \u00f6nemine dikkat \u00e7ekmek ve onlar\u0131n emeklerini takdir etmek amac\u0131yla ger\u00e7ekle\u015ftirilen etkinlikte, k\u00fct\u00fcphane yetkilileri taraf\u0131ndan misafirlere \u00e7e\u015fitli ikramlarda bulunuldu. Samimi bir ortamda ger\u00e7ekle\u015fen programda anneler &hellip;\" \/>\n<meta property=\"og:url\" content=\"https:\/\/vanxhaber.com\/index.php\/2026\/03\/12\/vanin-catak-ilcesinde-anlamli-bir-etkinlige-imza-atildi\/\" \/>\n<meta property=\"og:site_name\" content=\"Van Haber | Van X Haber | Van Haberleri\" \/>\n<meta property=\"article:published_time\" content=\"2026-03-12T17:26:33+00:00\" \/>\n<meta property=\"article:modified_time\" content=\"2026-03-12T17:26:35+00:00\" \/>\n<meta property=\"og:image\" content=\"https:\/\/vanxhaber.com\/wp-content\/uploads\/2026\/03\/IMG-20260312-WA0040.jpg\" \/>\n\t<meta property=\"og:image:width\" content=\"1600\" \/>\n\t<meta property=\"og:image:height\" content=\"1200\" \/>\n\t<meta property=\"og:image:type\" content=\"image\/jpeg\" \/>\n<meta name=\"author\" content=\"Van X Haber\" \/>\n<meta name=\"twitter:card\" content=\"summary_large_image\" \/>\n<meta name=\"twitter:label1\" content=\"Yazan:\" \/>\n\t<meta name=\"twitter:data1\" content=\"Van X Haber\" \/>\n\t<meta name=\"twitter:label2\" content=\"Tahmini okuma s\u00fcresi\" \/>\n\t<meta name=\"twitter:data2\" content=\"2 dakika\" \/>\n<script type=\"application\/ld+json\" class=\"yoast-schema-graph\">{\"@context\":\"https:\/\/schema.org\",\"@graph\":[{\"@type\":\"Article\",\"@id\":\"https:\/\/vanxhaber.com\/index.php\/2026\/03\/12\/vanin-catak-ilcesinde-anlamli-bir-etkinlige-imza-atildi\/#article\",\"isPartOf\":{\"@id\":\"https:\/\/vanxhaber.com\/index.php\/2026\/03\/12\/vanin-catak-ilcesinde-anlamli-bir-etkinlige-imza-atildi\/\"},\"author\":{\"name\":\"Van X Haber\",\"@id\":\"https:\/\/vanxhaber.com\/#\/schema\/person\/a5fd8d89510cb5370e62ad176f7978ee\"},\"headline\":\"Van\u2019\u0131n \u00c7atak il\u00e7esinde anlaml\u0131 bir etkinli\u011fe imza at\u0131ld\u0131\",\"datePublished\":\"2026-03-12T17:26:33+00:00\",\"dateModified\":\"2026-03-12T17:26:35+00:00\",\"mainEntityOfPage\":{\"@id\":\"https:\/\/vanxhaber.com\/index.php\/2026\/03\/12\/vanin-catak-ilcesinde-anlamli-bir-etkinlige-imza-atildi\/\"},\"wordCount\":316,\"commentCount\":0,\"image\":{\"@id\":\"https:\/\/vanxhaber.com\/index.php\/2026\/03\/12\/vanin-catak-ilcesinde-anlamli-bir-etkinlige-imza-atildi\/#primaryimage\"},\"thumbnailUrl\":\"https:\/\/vanxhaber.com\/wp-content\/uploads\/2026\/03\/IMG-20260312-WA0040.jpg\",\"keywords\":[\"K\u00fct\u00fcphane\",\"van\",\"van haber\",\"van haberleri\",\"vanhaber\"],\"articleSection\":[\"Van Haber\"],\"inLanguage\":\"tr\",\"potentialAction\":[{\"@type\":\"CommentAction\",\"name\":\"Comment\",\"target\":[\"https:\/\/vanxhaber.com\/index.php\/2026\/03\/12\/vanin-catak-ilcesinde-anlamli-bir-etkinlige-imza-atildi\/#respond\"]}],\"copyrightYear\":\"2026\",\"copyrightHolder\":{\"@id\":\"https:\/\/vanxhaber.com\/#organization\"}},{\"@type\":\"WebPage\",\"@id\":\"https:\/\/vanxhaber.com\/index.php\/2026\/03\/12\/vanin-catak-ilcesinde-anlamli-bir-etkinlige-imza-atildi\/\",\"url\":\"https:\/\/vanxhaber.com\/index.php\/2026\/03\/12\/vanin-catak-ilcesinde-anlamli-bir-etkinlige-imza-atildi\/\",\"name\":\"Van\u2019\u0131n \u00c7atak il\u00e7esinde anlaml\u0131 bir etkinli\u011fe imza at\u0131ld\u0131 - Van Haber | Van X Haber | Van Haberleri\",\"isPartOf\":{\"@id\":\"https:\/\/vanxhaber.com\/#website\"},\"primaryImageOfPage\":{\"@id\":\"https:\/\/vanxhaber.com\/index.php\/2026\/03\/12\/vanin-catak-ilcesinde-anlamli-bir-etkinlige-imza-atildi\/#primaryimage\"},\"image\":{\"@id\":\"https:\/\/vanxhaber.com\/index.php\/2026\/03\/12\/vanin-catak-ilcesinde-anlamli-bir-etkinlige-imza-atildi\/#primaryimage\"},\"thumbnailUrl\":\"https:\/\/vanxhaber.com\/wp-content\/uploads\/2026\/03\/IMG-20260312-WA0040.jpg\",\"datePublished\":\"2026-03-12T17:26:33+00:00\",\"dateModified\":\"2026-03-12T17:26:35+00:00\",\"author\":{\"@id\":\"https:\/\/vanxhaber.com\/#\/schema\/person\/a5fd8d89510cb5370e62ad176f7978ee\"},\"breadcrumb\":{\"@id\":\"https:\/\/vanxhaber.com\/index.php\/2026\/03\/12\/vanin-catak-ilcesinde-anlamli-bir-etkinlige-imza-atildi\/#breadcrumb\"},\"inLanguage\":\"tr\",\"potentialAction\":[{\"@type\":\"ReadAction\",\"target\":[\"https:\/\/vanxhaber.com\/index.php\/2026\/03\/12\/vanin-catak-ilcesinde-anlamli-bir-etkinlige-imza-atildi\/\"]}]},{\"@type\":\"ImageObject\",\"inLanguage\":\"tr\",\"@id\":\"https:\/\/vanxhaber.com\/index.php\/2026\/03\/12\/vanin-catak-ilcesinde-anlamli-bir-etkinlige-imza-atildi\/#primaryimage\",\"url\":\"https:\/\/vanxhaber.com\/wp-content\/uploads\/2026\/03\/IMG-20260312-WA0040.jpg\",\"contentUrl\":\"https:\/\/vanxhaber.com\/wp-content\/uploads\/2026\/03\/IMG-20260312-WA0040.jpg\",\"width\":1600,\"height\":1200},{\"@type\":\"BreadcrumbList\",\"@id\":\"https:\/\/vanxhaber.com\/index.php\/2026\/03\/12\/vanin-catak-ilcesinde-anlamli-bir-etkinlige-imza-atildi\/#breadcrumb\",\"itemListElement\":[{\"@type\":\"ListItem\",\"position\":1,\"name\":\"Anasayfa\",\"item\":\"https:\/\/vanxhaber.com\/\"},{\"@type\":\"ListItem\",\"position\":2,\"name\":\"Van\u2019\u0131n \u00c7atak il\u00e7esinde anlaml\u0131 bir etkinli\u011fe imza at\u0131ld\u0131\"}]},{\"@type\":\"WebSite\",\"@id\":\"https:\/\/vanxhaber.com\/#website\",\"url\":\"https:\/\/vanxhaber.com\/\",\"name\":\"Van Haber | Van X Haber | Van Haberleri\",\"description\":\"Van Haber, Van&#039;\u0131n ilk yapay zeka teknolojileri ile yaz\u0131lan Van X Haber ve Van Haberlerini aktif g\u00fcncel sunan tek vanhaber merkezidir.\",\"potentialAction\":[{\"@type\":\"SearchAction\",\"target\":{\"@type\":\"EntryPoint\",\"urlTemplate\":\"https:\/\/vanxhaber.com\/?s={search_term_string}\"},\"query-input\":{\"@type\":\"PropertyValueSpecification\",\"valueRequired\":true,\"valueName\":\"search_term_string\"}}],\"inLanguage\":\"tr\"},{\"@type\":\"Person\",\"@id\":\"https:\/\/vanxhaber.com\/#\/schema\/person\/a5fd8d89510cb5370e62ad176f7978ee\",\"name\":\"Van X Haber\",\"image\":{\"@type\":\"ImageObject\",\"inLanguage\":\"tr\",\"@id\":\"https:\/\/vanxhaber.com\/#\/schema\/person\/image\/\",\"url\":\"https:\/\/secure.gravatar.com\/avatar\/36f2f63826681263103acb5ca1e7bc1a6db11baea9b75dd091d89b74f2704b07?s=96&d=mm&r=g\",\"contentUrl\":\"https:\/\/secure.gravatar.com\/avatar\/36f2f63826681263103acb5ca1e7bc1a6db11baea9b75dd091d89b74f2704b07?s=96&d=mm&r=g\",\"caption\":\"Van X Haber\"},\"description\":\"Van X Haber Van'\u0131n ilk ve tek yeni nesil Van Haber merkezi. Son Dakika Van Haberleri ve G\u00fcncel Van haber merkezinde s\u0131cak geli\u015fmeleri aktarmaya devam edece\u011fiz.\",\"url\":\"https:\/\/vanxhaber.com\/index.php\/author\/vangazetesi\/\"}]}<\/script>\n<!-- \/ Yoast SEO Premium plugin. -->","yoast_head_json":{"title":"Van\u2019\u0131n \u00c7atak il\u00e7esinde anlaml\u0131 bir etkinli\u011fe imza at\u0131ld\u0131 - Van Haber | Van X Haber | Van Haberleri","robots":{"index":"index","follow":"follow","max-snippet":"max-snippet:-1","max-image-preview":"max-image-preview:large","max-video-preview":"max-video-preview:-1"},"canonical":"https:\/\/vanxhaber.com\/index.php\/2026\/03\/12\/vanin-catak-ilcesinde-anlamli-bir-etkinlige-imza-atildi\/","og_locale":"tr_TR","og_type":"article","og_title":"Van\u2019\u0131n \u00c7atak il\u00e7esinde anlaml\u0131 bir etkinli\u011fe imza at\u0131ld\u0131","og_description":"8 Mart D\u00fcnya Kad\u0131nlar G\u00fcn\u00fc kapsam\u0131nda Van\u2019\u0131n \u00c7atak il\u00e7esinde anlaml\u0131 bir etkinli\u011fe imza at\u0131ld\u0131. \u00c7atak \u0130l\u00e7e Halk K\u00fct\u00fcphanesi taraf\u0131ndan d\u00fczenlenen programda il\u00e7ede ya\u015fayan anneler ve kad\u0131nlar k\u00fct\u00fcphanede bir araya geldi.Kad\u0131nlar\u0131n toplumdaki \u00f6nemine dikkat \u00e7ekmek ve onlar\u0131n emeklerini takdir etmek amac\u0131yla ger\u00e7ekle\u015ftirilen etkinlikte, k\u00fct\u00fcphane yetkilileri taraf\u0131ndan misafirlere \u00e7e\u015fitli ikramlarda bulunuldu. Samimi bir ortamda ger\u00e7ekle\u015fen programda anneler &hellip;","og_url":"https:\/\/vanxhaber.com\/index.php\/2026\/03\/12\/vanin-catak-ilcesinde-anlamli-bir-etkinlige-imza-atildi\/","og_site_name":"Van Haber | Van X Haber | Van Haberleri","article_published_time":"2026-03-12T17:26:33+00:00","article_modified_time":"2026-03-12T17:26:35+00:00","og_image":[{"width":1600,"height":1200,"url":"https:\/\/vanxhaber.com\/wp-content\/uploads\/2026\/03\/IMG-20260312-WA0040.jpg","type":"image\/jpeg"}],"author":"Van X Haber","twitter_card":"summary_large_image","twitter_misc":{"Yazan:":"Van X Haber","Tahmini okuma s\u00fcresi":"2 dakika"},"schema":{"@context":"https:\/\/schema.org","@graph":[{"@type":"Article","@id":"https:\/\/vanxhaber.com\/index.php\/2026\/03\/12\/vanin-catak-ilcesinde-anlamli-bir-etkinlige-imza-atildi\/#article","isPartOf":{"@id":"https:\/\/vanxhaber.com\/index.php\/2026\/03\/12\/vanin-catak-ilcesinde-anlamli-bir-etkinlige-imza-atildi\/"},"author":{"name":"Van X Haber","@id":"https:\/\/vanxhaber.com\/#\/schema\/person\/a5fd8d89510cb5370e62ad176f7978ee"},"headline":"Van\u2019\u0131n \u00c7atak il\u00e7esinde anlaml\u0131 bir etkinli\u011fe imza at\u0131ld\u0131","datePublished":"2026-03-12T17:26:33+00:00","dateModified":"2026-03-12T17:26:35+00:00","mainEntityOfPage":{"@id":"https:\/\/vanxhaber.com\/index.php\/2026\/03\/12\/vanin-catak-ilcesinde-anlamli-bir-etkinlige-imza-atildi\/"},"wordCount":316,"commentCount":0,"image":{"@id":"https:\/\/vanxhaber.com\/index.php\/2026\/03\/12\/vanin-catak-ilcesinde-anlamli-bir-etkinlige-imza-atildi\/#primaryimage"},"thumbnailUrl":"https:\/\/vanxhaber.com\/wp-content\/uploads\/2026\/03\/IMG-20260312-WA0040.jpg","keywords":["K\u00fct\u00fcphane","van","van haber","van haberleri","vanhaber"],"articleSection":["Van Haber"],"inLanguage":"tr","potentialAction":[{"@type":"CommentAction","name":"Comment","target":["https:\/\/vanxhaber.com\/index.php\/2026\/03\/12\/vanin-catak-ilcesinde-anlamli-bir-etkinlige-imza-atildi\/#respond"]}],"copyrightYear":"2026","copyrightHolder":{"@id":"https:\/\/vanxhaber.com\/#organization"}},{"@type":"WebPage","@id":"https:\/\/vanxhaber.com\/index.php\/2026\/03\/12\/vanin-catak-ilcesinde-anlamli-bir-etkinlige-imza-atildi\/","url":"https:\/\/vanxhaber.com\/index.php\/2026\/03\/12\/vanin-catak-ilcesinde-anlamli-bir-etkinlige-imza-atildi\/","name":"Van\u2019\u0131n \u00c7atak il\u00e7esinde anlaml\u0131 bir etkinli\u011fe imza at\u0131ld\u0131 - Van Haber | Van X Haber | Van Haberleri","isPartOf":{"@id":"https:\/\/vanxhaber.com\/#website"},"primaryImageOfPage":{"@id":"https:\/\/vanxhaber.com\/index.php\/2026\/03\/12\/vanin-catak-ilcesinde-anlamli-bir-etkinlige-imza-atildi\/#primaryimage"},"image":{"@id":"https:\/\/vanxhaber.com\/index.php\/2026\/03\/12\/vanin-catak-ilcesinde-anlamli-bir-etkinlige-imza-atildi\/#primaryimage"},"thumbnailUrl":"https:\/\/vanxhaber.com\/wp-content\/uploads\/2026\/03\/IMG-20260312-WA0040.jpg","datePublished":"2026-03-12T17:26:33+00:00","dateModified":"2026-03-12T17:26:35+00:00","author":{"@id":"https:\/\/vanxhaber.com\/#\/schema\/person\/a5fd8d89510cb5370e62ad176f7978ee"},"breadcrumb":{"@id":"https:\/\/vanxhaber.com\/index.php\/2026\/03\/12\/vanin-catak-ilcesinde-anlamli-bir-etkinlige-imza-atildi\/#breadcrumb"},"inLanguage":"tr","potentialAction":[{"@type":"ReadAction","target":["https:\/\/vanxhaber.com\/index.php\/2026\/03\/12\/vanin-catak-ilcesinde-anlamli-bir-etkinlige-imza-atildi\/"]}]},{"@type":"ImageObject","inLanguage":"tr","@id":"https:\/\/vanxhaber.com\/index.php\/2026\/03\/12\/vanin-catak-ilcesinde-anlamli-bir-etkinlige-imza-atildi\/#primaryimage","url":"https:\/\/vanxhaber.com\/wp-content\/uploads\/2026\/03\/IMG-20260312-WA0040.jpg","contentUrl":"https:\/\/vanxhaber.com\/wp-content\/uploads\/2026\/03\/IMG-20260312-WA0040.jpg","width":1600,"height":1200},{"@type":"BreadcrumbList","@id":"https:\/\/vanxhaber.com\/index.php\/2026\/03\/12\/vanin-catak-ilcesinde-anlamli-bir-etkinlige-imza-atildi\/#breadcrumb","itemListElement":[{"@type":"ListItem","position":1,"name":"Anasayfa","item":"https:\/\/vanxhaber.com\/"},{"@type":"ListItem","position":2,"name":"Van\u2019\u0131n \u00c7atak il\u00e7esinde anlaml\u0131 bir etkinli\u011fe imza at\u0131ld\u0131"}]},{"@type":"WebSite","@id":"https:\/\/vanxhaber.com\/#website","url":"https:\/\/vanxhaber.com\/","name":"Van Haber | Van X Haber | Van Haberleri","description":"Van Haber, Van&#039;\u0131n ilk yapay zeka teknolojileri ile yaz\u0131lan Van X Haber ve Van Haberlerini aktif g\u00fcncel sunan tek vanhaber merkezidir.","potentialAction":[{"@type":"SearchAction","target":{"@type":"EntryPoint","urlTemplate":"https:\/\/vanxhaber.com\/?s={search_term_string}"},"query-input":{"@type":"PropertyValueSpecification","valueRequired":true,"valueName":"search_term_string"}}],"inLanguage":"tr"},{"@type":"Person","@id":"https:\/\/vanxhaber.com\/#\/schema\/person\/a5fd8d89510cb5370e62ad176f7978ee","name":"Van X Haber","image":{"@type":"ImageObject","inLanguage":"tr","@id":"https:\/\/vanxhaber.com\/#\/schema\/person\/image\/","url":"https:\/\/secure.gravatar.com\/avatar\/36f2f63826681263103acb5ca1e7bc1a6db11baea9b75dd091d89b74f2704b07?s=96&d=mm&r=g","contentUrl":"https:\/\/secure.gravatar.com\/avatar\/36f2f63826681263103acb5ca1e7bc1a6db11baea9b75dd091d89b74f2704b07?s=96&d=mm&r=g","caption":"Van X Haber"},"description":"Van X Haber Van'\u0131n ilk ve tek yeni nesil Van Haber merkezi. Son Dakika Van Haberleri ve G\u00fcncel Van haber merkezinde s\u0131cak geli\u015fmeleri aktarmaya devam edece\u011fiz.","url":"https:\/\/vanxhaber.com\/index.php\/author\/vangazetesi\/"}]}},"_links":{"self":[{"href":"https:\/\/vanxhaber.com\/index.php\/wp-json\/wp\/v2\/posts\/2475","targetHints":{"allow":["GET"]}}],"collection":[{"href":"https:\/\/vanxhaber.com\/index.php\/wp-json\/wp\/v2\/posts"}],"about":[{"href":"https:\/\/vanxhaber.com\/index.php\/wp-json\/wp\/v2\/types\/post"}],"author":[{"embeddable":true,"href":"https:\/\/vanxhaber.com\/index.php\/wp-json\/wp\/v2\/users\/2"}],"replies":[{"embeddable":true,"href":"https:\/\/vanxhaber.com\/index.php\/wp-json\/wp\/v2\/comments?post=2475"}],"version-history":[{"count":1,"href":"https:\/\/vanxhaber.com\/index.php\/wp-json\/wp\/v2\/posts\/2475\/revisions"}],"predecessor-version":[{"id":2478,"href":"https:\/\/vanxhaber.com\/index.php\/wp-json\/wp\/v2\/posts\/2475\/revisions\/2478"}],"wp:featuredmedia":[{"embeddable":true,"href":"https:\/\/vanxhaber.com\/index.php\/wp-json\/wp\/v2\/media\/2477"}],"wp:attachment":[{"href":"https:\/\/vanxhaber.com\/index.php\/wp-json\/wp\/v2\/media?parent=2475"}],"wp:term":[{"taxonomy":"category","embeddable":true,"href":"https:\/\/vanxhaber.com\/index.php\/wp-json\/wp\/v2\/categories?post=2475"},{"taxonomy":"post_tag","embeddable":true,"href":"https:\/\/vanxhaber.com\/index.php\/wp-json\/wp\/v2\/tags?post=2475"}],"curies":[{"name":"wp","href":"https:\/\/api.w.org\/{rel}","templated":true}]}}