{"id":2480,"date":"2026-03-17T06:49:38","date_gmt":"2026-03-17T06:49:38","guid":{"rendered":"https:\/\/vanxhaber.com\/?p=2480"},"modified":"2026-03-17T06:49:39","modified_gmt":"2026-03-17T06:49:39","slug":"van-bolge-muduru-metin-tokastan-bayram-oncesi-suruculere-uyari","status":"publish","type":"post","link":"https:\/\/vanxhaber.com\/index.php\/2026\/03\/17\/van-bolge-muduru-metin-tokastan-bayram-oncesi-suruculere-uyari\/","title":{"rendered":"Van B\u00f6lge M\u00fcd\u00fcr\u00fc Metin Toka\u015f&#8217;tan Bayram \u00d6ncesi S\u00fcr\u00fcc\u00fclere Uyar\u0131"},"content":{"rendered":"\n<p>Van B\u00f6lge M\u00fcd\u00fcr\u00fc Metin Toka\u015f&#8217;tan Bayram \u00d6ncesi S\u00fcr\u00fcc\u00fclere Uyar\u0131<\/p>\n\n\n\n<p>MET\u0130N TOKA\u015e&#8217;TAN BAYRAM YOLCULU\u011eU \u00d6NCES\u0130 S\u00dcR\u00dcC\u00dcLERE KR\u0130T\u0130K UYARI &#8211; <\/p>\n\n\n\n<p>Van Haber Van Haber &#8211; Atlas Assist Van B\u00f6lge M\u00fcd\u00fcr\u00fc Metin Toka\u015f, bayram yolculu\u011fu \u00f6ncesinde s\u00fcr\u00fcc\u00fclere \u00f6nemli uyar\u0131larda bulundu. Yol yard\u0131m poli\u00e7esi yapt\u0131rman\u0131n olas\u0131 ma\u011fduriyetleri \u00f6nledi\u011fini belirtti.Van Haber &#8211; Van\u2019da bayram tatili \u00f6ncesi yola \u00e7\u0131kmaya haz\u0131rlanan vatanda\u015flara \u00f6nemli bir uyar\u0131 geldi. Atlas Assist Van B\u00f6lge M\u00fcd\u00fcr\u00fc Metin Toka\u015f, uzun yolculuklarda ya\u015fanabilecek olas\u0131 sorunlara kar\u015f\u0131 s\u00fcr\u00fcc\u00fclerin \u00f6nlem almas\u0131 gerekti\u011fini belirtti.Bayram d\u00f6nemlerinde trafikte yo\u011funluk ya\u015fand\u0131\u011f\u0131n\u0131 vurgulayan Toka\u015f, \u00f6zellikle ara\u00e7 ar\u0131zalar\u0131, lastik sorunlar\u0131 ve yolda kalma gibi durumlar\u0131n s\u00fcr\u00fcc\u00fcler i\u00e7in b\u00fcy\u00fck ma\u011fduriyetlere neden olabilece\u011fini s\u00f6yledi.<\/p>\n\n\n\n<p>YOL YARDIM POL\u0130\u00c7ES\u0130 \u00d6NEML\u0130<\/p>\n\n\n\n<p>Metin Toka\u015f yapt\u0131\u011f\u0131 a\u00e7\u0131klamada s\u00fcr\u00fcc\u00fclerin yola \u00e7\u0131kmadan \u00f6nce mutlaka yol yard\u0131m poli\u00e7elerini yapt\u0131rmalar\u0131 gerekti\u011fini ifade etti.Toka\u015f a\u00e7\u0131klamas\u0131nda; Bayram yolculu\u011fu \u00f6ncesi vatanda\u015flar\u0131m\u0131z\u0131n yolda ma\u011fduriyet ya\u015famamalar\u0131 i\u00e7in yol yard\u0131m poli\u00e7elerini sigorta acenteleri arac\u0131l\u0131\u011f\u0131yla yapt\u0131rmalar\u0131n\u0131 \u00f6nemle tavsiye ediyoruz. Yolculuk \u00f6ncesi ara\u00e7lar\u0131n\u0131n periyodik bak\u0131mlar\u0131n\u0131n ak\u00fc lastik performanslar\u0131n\u0131n yapt\u0131rmalar\u0131 ve uzun yolda ara\u00e7 h\u0131z\u0131n\u0131 hava yol durumuna g\u00f6re ayarlamalar\u0131 hayati \u00f6nem arz etmektedir. Ka\u00e7\u0131n\u0131lmaz ar\u0131za ve kaza durumunda ise;  yol yard\u0131m policelerini sigortac\u0131lar\u0131ndan \u0131srarla talep etmeleri gerekti\u011fini ifade etti.<\/p>\n\n\n\n<p>UZUN YOLCULUKLARDA G\u00dcVENCE SA\u011eLIYORYol yard\u0131m poli\u00e7eleri sayesinde s\u00fcr\u00fcc\u00fclerin yolda kar\u015f\u0131la\u015fabilece\u011fi bir\u00e7ok soruna h\u0131zl\u0131 m\u00fcdahale edilebildi\u011fini belirten Toka\u015f, bu hizmetlerin \u00f6zellikle uzun yolculuklarda b\u00fcy\u00fck avantaj sa\u011flad\u0131\u011f\u0131n\u0131 s\u00f6yledi.Uzmanlar, bayram trafi\u011finin yo\u011fun oldu\u011fu d\u00f6nemlerde ara\u00e7 bak\u0131m\u0131n\u0131n yap\u0131lmas\u0131n\u0131n ve gerekli sigorta hizmetlerinin al\u0131nmas\u0131n\u0131n s\u00fcr\u00fcc\u00fcler i\u00e7in \u00f6nemli bir g\u00fcvence olu\u015fturdu\u011funu vurguluyor.<\/p>\n\n\n\n<p>VAN\u2019DA S\u00dcR\u00dcC\u00dcLERE \u00c7A\u011eRI<\/p>\n\n\n\n<p>Atlas Assist Van B\u00f6lge M\u00fcd\u00fcr\u00fc Metin Toka\u015f, Van\u2019daki s\u00fcr\u00fcc\u00fclere seslenerek bayram yolculu\u011funa \u00e7\u0131kmadan \u00f6nce ara\u00e7lar\u0131n\u0131 kontrol ettirmeleri ve yol yard\u0131m poli\u00e7esi yapt\u0131rmalar\u0131 gerekti\u011fini belirtti.Yetkililer, s\u00fcr\u00fcc\u00fclerin g\u00fcvenli ve sorunsuz bir yolculuk i\u00e7in gerekli \u00f6nlemleri almas\u0131n\u0131n \u00f6nemine dikkat \u00e7ekiyor.<\/p>\n\n\n\n<p><\/p>\n\n\n\n<p>Van &#8211; Van haber &#8211; Van son dakika &#8211; Van g\u00fcndem &#8211; Van trafik &#8211; Van bayram trafi\u011fi &#8211; Van yol yard\u0131m &#8211; Van s\u00fcr\u00fcc\u00fc uyar\u0131s\u0131 &#8211; Van ara\u00e7 sahipleri &#8211; Van bayram yolculu\u011fu &#8211; Van yerel haber<\/p>\n\n\n\n<p><\/p>\n\n\n\n<p><\/p>\n","protected":false},"excerpt":{"rendered":"<p>Van B\u00f6lge M\u00fcd\u00fcr\u00fc Metin Toka\u015f&#8217;tan Bayram \u00d6ncesi S\u00fcr\u00fcc\u00fclere Uyar\u0131 MET\u0130N TOKA\u015e&#8217;TAN BAYRAM YOLCULU\u011eU \u00d6NCES\u0130 S\u00dcR\u00dcC\u00dcLERE KR\u0130T\u0130K UYARI &#8211; Van Haber Van Haber &#8211; Atlas Assist Van B\u00f6lge M\u00fcd\u00fcr\u00fc Metin Toka\u015f, bayram yolculu\u011fu \u00f6ncesinde s\u00fcr\u00fcc\u00fclere \u00f6nemli uyar\u0131larda bulundu. Yol yard\u0131m poli\u00e7esi yapt\u0131rman\u0131n olas\u0131 ma\u011fduriyetleri \u00f6nledi\u011fini belirtti.Van Haber &#8211; Van\u2019da bayram tatili \u00f6ncesi yola \u00e7\u0131kmaya haz\u0131rlanan vatanda\u015flara &hellip;<\/p>\n","protected":false},"author":2,"featured_media":2481,"comment_status":"open","ping_status":"closed","sticky":false,"template":"","format":"standard","meta":{"googlesitekit_rrm_CAowot3VCw:productID":"","footnotes":""},"categories":[1],"tags":[],"class_list":["post-2480","post","type-post","status-publish","format-standard","has-post-thumbnail","hentry","category-van-haber"],"yoast_head":"<!-- This site is optimized with the Yoast SEO Premium plugin v21.7 (Yoast SEO v26.7) - https:\/\/yoast.com\/wordpress\/plugins\/seo\/ -->\n<title>Van B\u00f6lge M\u00fcd\u00fcr\u00fc Metin Toka\u015f&#039;tan Bayram \u00d6ncesi S\u00fcr\u00fcc\u00fclere Uyar\u0131 - Van Haber | Van X Haber | Van Haberleri<\/title>\n<meta name=\"robots\" content=\"index, follow, max-snippet:-1, max-image-preview:large, max-video-preview:-1\" \/>\n<link rel=\"canonical\" href=\"https:\/\/vanxhaber.com\/index.php\/2026\/03\/17\/van-bolge-muduru-metin-tokastan-bayram-oncesi-suruculere-uyari\/\" \/>\n<meta property=\"og:locale\" content=\"tr_TR\" \/>\n<meta property=\"og:type\" content=\"article\" \/>\n<meta property=\"og:title\" content=\"Van B\u00f6lge M\u00fcd\u00fcr\u00fc Metin Toka\u015f&#039;tan Bayram \u00d6ncesi S\u00fcr\u00fcc\u00fclere Uyar\u0131\" \/>\n<meta property=\"og:description\" content=\"Van B\u00f6lge M\u00fcd\u00fcr\u00fc Metin Toka\u015f&#8217;tan Bayram \u00d6ncesi S\u00fcr\u00fcc\u00fclere Uyar\u0131 MET\u0130N TOKA\u015e&#8217;TAN BAYRAM YOLCULU\u011eU \u00d6NCES\u0130 S\u00dcR\u00dcC\u00dcLERE KR\u0130T\u0130K UYARI &#8211; Van Haber Van Haber &#8211; Atlas Assist Van B\u00f6lge M\u00fcd\u00fcr\u00fc Metin Toka\u015f, bayram yolculu\u011fu \u00f6ncesinde s\u00fcr\u00fcc\u00fclere \u00f6nemli uyar\u0131larda bulundu. Yol yard\u0131m poli\u00e7esi yapt\u0131rman\u0131n olas\u0131 ma\u011fduriyetleri \u00f6nledi\u011fini belirtti.Van Haber &#8211; Van\u2019da bayram tatili \u00f6ncesi yola \u00e7\u0131kmaya haz\u0131rlanan vatanda\u015flara &hellip;\" \/>\n<meta property=\"og:url\" content=\"https:\/\/vanxhaber.com\/index.php\/2026\/03\/17\/van-bolge-muduru-metin-tokastan-bayram-oncesi-suruculere-uyari\/\" \/>\n<meta property=\"og:site_name\" content=\"Van Haber | Van X Haber | Van Haberleri\" \/>\n<meta property=\"article:published_time\" content=\"2026-03-17T06:49:38+00:00\" \/>\n<meta property=\"article:modified_time\" content=\"2026-03-17T06:49:39+00:00\" \/>\n<meta property=\"og:image\" content=\"https:\/\/vanxhaber.com\/wp-content\/uploads\/2026\/03\/IMG-20260317-WA0001.jpg\" \/>\n\t<meta property=\"og:image:width\" content=\"640\" \/>\n\t<meta property=\"og:image:height\" content=\"380\" \/>\n\t<meta property=\"og:image:type\" content=\"image\/jpeg\" \/>\n<meta name=\"author\" content=\"Van X Haber\" \/>\n<meta name=\"twitter:card\" content=\"summary_large_image\" \/>\n<meta name=\"twitter:label1\" content=\"Yazan:\" \/>\n\t<meta name=\"twitter:data1\" content=\"Van X Haber\" \/>\n\t<meta name=\"twitter:label2\" content=\"Tahmini okuma s\u00fcresi\" \/>\n\t<meta name=\"twitter:data2\" content=\"2 dakika\" \/>\n<script type=\"application\/ld+json\" class=\"yoast-schema-graph\">{\"@context\":\"https:\/\/schema.org\",\"@graph\":[{\"@type\":\"Article\",\"@id\":\"https:\/\/vanxhaber.com\/index.php\/2026\/03\/17\/van-bolge-muduru-metin-tokastan-bayram-oncesi-suruculere-uyari\/#article\",\"isPartOf\":{\"@id\":\"https:\/\/vanxhaber.com\/index.php\/2026\/03\/17\/van-bolge-muduru-metin-tokastan-bayram-oncesi-suruculere-uyari\/\"},\"author\":{\"name\":\"Van X Haber\",\"@id\":\"https:\/\/vanxhaber.com\/#\/schema\/person\/a5fd8d89510cb5370e62ad176f7978ee\"},\"headline\":\"Van B\u00f6lge M\u00fcd\u00fcr\u00fc Metin Toka\u015f&#8217;tan Bayram \u00d6ncesi S\u00fcr\u00fcc\u00fclere Uyar\u0131\",\"datePublished\":\"2026-03-17T06:49:38+00:00\",\"dateModified\":\"2026-03-17T06:49:39+00:00\",\"mainEntityOfPage\":{\"@id\":\"https:\/\/vanxhaber.com\/index.php\/2026\/03\/17\/van-bolge-muduru-metin-tokastan-bayram-oncesi-suruculere-uyari\/\"},\"wordCount\":494,\"commentCount\":0,\"image\":{\"@id\":\"https:\/\/vanxhaber.com\/index.php\/2026\/03\/17\/van-bolge-muduru-metin-tokastan-bayram-oncesi-suruculere-uyari\/#primaryimage\"},\"thumbnailUrl\":\"https:\/\/vanxhaber.com\/wp-content\/uploads\/2026\/03\/IMG-20260317-WA0001.jpg\",\"articleSection\":[\"Van Haber\"],\"inLanguage\":\"tr\",\"potentialAction\":[{\"@type\":\"CommentAction\",\"name\":\"Comment\",\"target\":[\"https:\/\/vanxhaber.com\/index.php\/2026\/03\/17\/van-bolge-muduru-metin-tokastan-bayram-oncesi-suruculere-uyari\/#respond\"]}],\"copyrightYear\":\"2026\",\"copyrightHolder\":{\"@id\":\"https:\/\/vanxhaber.com\/#organization\"}},{\"@type\":\"WebPage\",\"@id\":\"https:\/\/vanxhaber.com\/index.php\/2026\/03\/17\/van-bolge-muduru-metin-tokastan-bayram-oncesi-suruculere-uyari\/\",\"url\":\"https:\/\/vanxhaber.com\/index.php\/2026\/03\/17\/van-bolge-muduru-metin-tokastan-bayram-oncesi-suruculere-uyari\/\",\"name\":\"Van B\u00f6lge M\u00fcd\u00fcr\u00fc Metin Toka\u015f'tan Bayram \u00d6ncesi S\u00fcr\u00fcc\u00fclere Uyar\u0131 - Van Haber | Van X Haber | Van Haberleri\",\"isPartOf\":{\"@id\":\"https:\/\/vanxhaber.com\/#website\"},\"primaryImageOfPage\":{\"@id\":\"https:\/\/vanxhaber.com\/index.php\/2026\/03\/17\/van-bolge-muduru-metin-tokastan-bayram-oncesi-suruculere-uyari\/#primaryimage\"},\"image\":{\"@id\":\"https:\/\/vanxhaber.com\/index.php\/2026\/03\/17\/van-bolge-muduru-metin-tokastan-bayram-oncesi-suruculere-uyari\/#primaryimage\"},\"thumbnailUrl\":\"https:\/\/vanxhaber.com\/wp-content\/uploads\/2026\/03\/IMG-20260317-WA0001.jpg\",\"datePublished\":\"2026-03-17T06:49:38+00:00\",\"dateModified\":\"2026-03-17T06:49:39+00:00\",\"author\":{\"@id\":\"https:\/\/vanxhaber.com\/#\/schema\/person\/a5fd8d89510cb5370e62ad176f7978ee\"},\"breadcrumb\":{\"@id\":\"https:\/\/vanxhaber.com\/index.php\/2026\/03\/17\/van-bolge-muduru-metin-tokastan-bayram-oncesi-suruculere-uyari\/#breadcrumb\"},\"inLanguage\":\"tr\",\"potentialAction\":[{\"@type\":\"ReadAction\",\"target\":[\"https:\/\/vanxhaber.com\/index.php\/2026\/03\/17\/van-bolge-muduru-metin-tokastan-bayram-oncesi-suruculere-uyari\/\"]}]},{\"@type\":\"ImageObject\",\"inLanguage\":\"tr\",\"@id\":\"https:\/\/vanxhaber.com\/index.php\/2026\/03\/17\/van-bolge-muduru-metin-tokastan-bayram-oncesi-suruculere-uyari\/#primaryimage\",\"url\":\"https:\/\/vanxhaber.com\/wp-content\/uploads\/2026\/03\/IMG-20260317-WA0001.jpg\",\"contentUrl\":\"https:\/\/vanxhaber.com\/wp-content\/uploads\/2026\/03\/IMG-20260317-WA0001.jpg\",\"width\":640,\"height\":380},{\"@type\":\"BreadcrumbList\",\"@id\":\"https:\/\/vanxhaber.com\/index.php\/2026\/03\/17\/van-bolge-muduru-metin-tokastan-bayram-oncesi-suruculere-uyari\/#breadcrumb\",\"itemListElement\":[{\"@type\":\"ListItem\",\"position\":1,\"name\":\"Anasayfa\",\"item\":\"https:\/\/vanxhaber.com\/\"},{\"@type\":\"ListItem\",\"position\":2,\"name\":\"Van B\u00f6lge M\u00fcd\u00fcr\u00fc Metin Toka\u015f&#8217;tan Bayram \u00d6ncesi S\u00fcr\u00fcc\u00fclere Uyar\u0131\"}]},{\"@type\":\"WebSite\",\"@id\":\"https:\/\/vanxhaber.com\/#website\",\"url\":\"https:\/\/vanxhaber.com\/\",\"name\":\"Van Haber | Van X Haber | Van Haberleri\",\"description\":\"Van Haber, Van&#039;\u0131n ilk yapay zeka teknolojileri ile yaz\u0131lan Van X Haber ve Van Haberlerini aktif g\u00fcncel sunan tek vanhaber merkezidir.\",\"potentialAction\":[{\"@type\":\"SearchAction\",\"target\":{\"@type\":\"EntryPoint\",\"urlTemplate\":\"https:\/\/vanxhaber.com\/?s={search_term_string}\"},\"query-input\":{\"@type\":\"PropertyValueSpecification\",\"valueRequired\":true,\"valueName\":\"search_term_string\"}}],\"inLanguage\":\"tr\"},{\"@type\":\"Person\",\"@id\":\"https:\/\/vanxhaber.com\/#\/schema\/person\/a5fd8d89510cb5370e62ad176f7978ee\",\"name\":\"Van X Haber\",\"image\":{\"@type\":\"ImageObject\",\"inLanguage\":\"tr\",\"@id\":\"https:\/\/vanxhaber.com\/#\/schema\/person\/image\/\",\"url\":\"https:\/\/secure.gravatar.com\/avatar\/36f2f63826681263103acb5ca1e7bc1a6db11baea9b75dd091d89b74f2704b07?s=96&d=mm&r=g\",\"contentUrl\":\"https:\/\/secure.gravatar.com\/avatar\/36f2f63826681263103acb5ca1e7bc1a6db11baea9b75dd091d89b74f2704b07?s=96&d=mm&r=g\",\"caption\":\"Van X Haber\"},\"description\":\"Van X Haber Van'\u0131n ilk ve tek yeni nesil Van Haber merkezi. Son Dakika Van Haberleri ve G\u00fcncel Van haber merkezinde s\u0131cak geli\u015fmeleri aktarmaya devam edece\u011fiz.\",\"url\":\"https:\/\/vanxhaber.com\/index.php\/author\/vangazetesi\/\"}]}<\/script>\n<!-- \/ Yoast SEO Premium plugin. -->","yoast_head_json":{"title":"Van B\u00f6lge M\u00fcd\u00fcr\u00fc Metin Toka\u015f'tan Bayram \u00d6ncesi S\u00fcr\u00fcc\u00fclere Uyar\u0131 - Van Haber | Van X Haber | Van Haberleri","robots":{"index":"index","follow":"follow","max-snippet":"max-snippet:-1","max-image-preview":"max-image-preview:large","max-video-preview":"max-video-preview:-1"},"canonical":"https:\/\/vanxhaber.com\/index.php\/2026\/03\/17\/van-bolge-muduru-metin-tokastan-bayram-oncesi-suruculere-uyari\/","og_locale":"tr_TR","og_type":"article","og_title":"Van B\u00f6lge M\u00fcd\u00fcr\u00fc Metin Toka\u015f'tan Bayram \u00d6ncesi S\u00fcr\u00fcc\u00fclere Uyar\u0131","og_description":"Van B\u00f6lge M\u00fcd\u00fcr\u00fc Metin Toka\u015f&#8217;tan Bayram \u00d6ncesi S\u00fcr\u00fcc\u00fclere Uyar\u0131 MET\u0130N TOKA\u015e&#8217;TAN BAYRAM YOLCULU\u011eU \u00d6NCES\u0130 S\u00dcR\u00dcC\u00dcLERE KR\u0130T\u0130K UYARI &#8211; Van Haber Van Haber &#8211; Atlas Assist Van B\u00f6lge M\u00fcd\u00fcr\u00fc Metin Toka\u015f, bayram yolculu\u011fu \u00f6ncesinde s\u00fcr\u00fcc\u00fclere \u00f6nemli uyar\u0131larda bulundu. Yol yard\u0131m poli\u00e7esi yapt\u0131rman\u0131n olas\u0131 ma\u011fduriyetleri \u00f6nledi\u011fini belirtti.Van Haber &#8211; Van\u2019da bayram tatili \u00f6ncesi yola \u00e7\u0131kmaya haz\u0131rlanan vatanda\u015flara &hellip;","og_url":"https:\/\/vanxhaber.com\/index.php\/2026\/03\/17\/van-bolge-muduru-metin-tokastan-bayram-oncesi-suruculere-uyari\/","og_site_name":"Van Haber | Van X Haber | Van Haberleri","article_published_time":"2026-03-17T06:49:38+00:00","article_modified_time":"2026-03-17T06:49:39+00:00","og_image":[{"width":640,"height":380,"url":"https:\/\/vanxhaber.com\/wp-content\/uploads\/2026\/03\/IMG-20260317-WA0001.jpg","type":"image\/jpeg"}],"author":"Van X Haber","twitter_card":"summary_large_image","twitter_misc":{"Yazan:":"Van X Haber","Tahmini okuma s\u00fcresi":"2 dakika"},"schema":{"@context":"https:\/\/schema.org","@graph":[{"@type":"Article","@id":"https:\/\/vanxhaber.com\/index.php\/2026\/03\/17\/van-bolge-muduru-metin-tokastan-bayram-oncesi-suruculere-uyari\/#article","isPartOf":{"@id":"https:\/\/vanxhaber.com\/index.php\/2026\/03\/17\/van-bolge-muduru-metin-tokastan-bayram-oncesi-suruculere-uyari\/"},"author":{"name":"Van X Haber","@id":"https:\/\/vanxhaber.com\/#\/schema\/person\/a5fd8d89510cb5370e62ad176f7978ee"},"headline":"Van B\u00f6lge M\u00fcd\u00fcr\u00fc Metin Toka\u015f&#8217;tan Bayram \u00d6ncesi S\u00fcr\u00fcc\u00fclere Uyar\u0131","datePublished":"2026-03-17T06:49:38+00:00","dateModified":"2026-03-17T06:49:39+00:00","mainEntityOfPage":{"@id":"https:\/\/vanxhaber.com\/index.php\/2026\/03\/17\/van-bolge-muduru-metin-tokastan-bayram-oncesi-suruculere-uyari\/"},"wordCount":494,"commentCount":0,"image":{"@id":"https:\/\/vanxhaber.com\/index.php\/2026\/03\/17\/van-bolge-muduru-metin-tokastan-bayram-oncesi-suruculere-uyari\/#primaryimage"},"thumbnailUrl":"https:\/\/vanxhaber.com\/wp-content\/uploads\/2026\/03\/IMG-20260317-WA0001.jpg","articleSection":["Van Haber"],"inLanguage":"tr","potentialAction":[{"@type":"CommentAction","name":"Comment","target":["https:\/\/vanxhaber.com\/index.php\/2026\/03\/17\/van-bolge-muduru-metin-tokastan-bayram-oncesi-suruculere-uyari\/#respond"]}],"copyrightYear":"2026","copyrightHolder":{"@id":"https:\/\/vanxhaber.com\/#organization"}},{"@type":"WebPage","@id":"https:\/\/vanxhaber.com\/index.php\/2026\/03\/17\/van-bolge-muduru-metin-tokastan-bayram-oncesi-suruculere-uyari\/","url":"https:\/\/vanxhaber.com\/index.php\/2026\/03\/17\/van-bolge-muduru-metin-tokastan-bayram-oncesi-suruculere-uyari\/","name":"Van B\u00f6lge M\u00fcd\u00fcr\u00fc Metin Toka\u015f'tan Bayram \u00d6ncesi S\u00fcr\u00fcc\u00fclere Uyar\u0131 - Van Haber | Van X Haber | Van Haberleri","isPartOf":{"@id":"https:\/\/vanxhaber.com\/#website"},"primaryImageOfPage":{"@id":"https:\/\/vanxhaber.com\/index.php\/2026\/03\/17\/van-bolge-muduru-metin-tokastan-bayram-oncesi-suruculere-uyari\/#primaryimage"},"image":{"@id":"https:\/\/vanxhaber.com\/index.php\/2026\/03\/17\/van-bolge-muduru-metin-tokastan-bayram-oncesi-suruculere-uyari\/#primaryimage"},"thumbnailUrl":"https:\/\/vanxhaber.com\/wp-content\/uploads\/2026\/03\/IMG-20260317-WA0001.jpg","datePublished":"2026-03-17T06:49:38+00:00","dateModified":"2026-03-17T06:49:39+00:00","author":{"@id":"https:\/\/vanxhaber.com\/#\/schema\/person\/a5fd8d89510cb5370e62ad176f7978ee"},"breadcrumb":{"@id":"https:\/\/vanxhaber.com\/index.php\/2026\/03\/17\/van-bolge-muduru-metin-tokastan-bayram-oncesi-suruculere-uyari\/#breadcrumb"},"inLanguage":"tr","potentialAction":[{"@type":"ReadAction","target":["https:\/\/vanxhaber.com\/index.php\/2026\/03\/17\/van-bolge-muduru-metin-tokastan-bayram-oncesi-suruculere-uyari\/"]}]},{"@type":"ImageObject","inLanguage":"tr","@id":"https:\/\/vanxhaber.com\/index.php\/2026\/03\/17\/van-bolge-muduru-metin-tokastan-bayram-oncesi-suruculere-uyari\/#primaryimage","url":"https:\/\/vanxhaber.com\/wp-content\/uploads\/2026\/03\/IMG-20260317-WA0001.jpg","contentUrl":"https:\/\/vanxhaber.com\/wp-content\/uploads\/2026\/03\/IMG-20260317-WA0001.jpg","width":640,"height":380},{"@type":"BreadcrumbList","@id":"https:\/\/vanxhaber.com\/index.php\/2026\/03\/17\/van-bolge-muduru-metin-tokastan-bayram-oncesi-suruculere-uyari\/#breadcrumb","itemListElement":[{"@type":"ListItem","position":1,"name":"Anasayfa","item":"https:\/\/vanxhaber.com\/"},{"@type":"ListItem","position":2,"name":"Van B\u00f6lge M\u00fcd\u00fcr\u00fc Metin Toka\u015f&#8217;tan Bayram \u00d6ncesi S\u00fcr\u00fcc\u00fclere Uyar\u0131"}]},{"@type":"WebSite","@id":"https:\/\/vanxhaber.com\/#website","url":"https:\/\/vanxhaber.com\/","name":"Van Haber | Van X Haber | Van Haberleri","description":"Van Haber, Van&#039;\u0131n ilk yapay zeka teknolojileri ile yaz\u0131lan Van X Haber ve Van Haberlerini aktif g\u00fcncel sunan tek vanhaber merkezidir.","potentialAction":[{"@type":"SearchAction","target":{"@type":"EntryPoint","urlTemplate":"https:\/\/vanxhaber.com\/?s={search_term_string}"},"query-input":{"@type":"PropertyValueSpecification","valueRequired":true,"valueName":"search_term_string"}}],"inLanguage":"tr"},{"@type":"Person","@id":"https:\/\/vanxhaber.com\/#\/schema\/person\/a5fd8d89510cb5370e62ad176f7978ee","name":"Van X Haber","image":{"@type":"ImageObject","inLanguage":"tr","@id":"https:\/\/vanxhaber.com\/#\/schema\/person\/image\/","url":"https:\/\/secure.gravatar.com\/avatar\/36f2f63826681263103acb5ca1e7bc1a6db11baea9b75dd091d89b74f2704b07?s=96&d=mm&r=g","contentUrl":"https:\/\/secure.gravatar.com\/avatar\/36f2f63826681263103acb5ca1e7bc1a6db11baea9b75dd091d89b74f2704b07?s=96&d=mm&r=g","caption":"Van X Haber"},"description":"Van X Haber Van'\u0131n ilk ve tek yeni nesil Van Haber merkezi. Son Dakika Van Haberleri ve G\u00fcncel Van haber merkezinde s\u0131cak geli\u015fmeleri aktarmaya devam edece\u011fiz.","url":"https:\/\/vanxhaber.com\/index.php\/author\/vangazetesi\/"}]}},"_links":{"self":[{"href":"https:\/\/vanxhaber.com\/index.php\/wp-json\/wp\/v2\/posts\/2480","targetHints":{"allow":["GET"]}}],"collection":[{"href":"https:\/\/vanxhaber.com\/index.php\/wp-json\/wp\/v2\/posts"}],"about":[{"href":"https:\/\/vanxhaber.com\/index.php\/wp-json\/wp\/v2\/types\/post"}],"author":[{"embeddable":true,"href":"https:\/\/vanxhaber.com\/index.php\/wp-json\/wp\/v2\/users\/2"}],"replies":[{"embeddable":true,"href":"https:\/\/vanxhaber.com\/index.php\/wp-json\/wp\/v2\/comments?post=2480"}],"version-history":[{"count":1,"href":"https:\/\/vanxhaber.com\/index.php\/wp-json\/wp\/v2\/posts\/2480\/revisions"}],"predecessor-version":[{"id":2482,"href":"https:\/\/vanxhaber.com\/index.php\/wp-json\/wp\/v2\/posts\/2480\/revisions\/2482"}],"wp:featuredmedia":[{"embeddable":true,"href":"https:\/\/vanxhaber.com\/index.php\/wp-json\/wp\/v2\/media\/2481"}],"wp:attachment":[{"href":"https:\/\/vanxhaber.com\/index.php\/wp-json\/wp\/v2\/media?parent=2480"}],"wp:term":[{"taxonomy":"category","embeddable":true,"href":"https:\/\/vanxhaber.com\/index.php\/wp-json\/wp\/v2\/categories?post=2480"},{"taxonomy":"post_tag","embeddable":true,"href":"https:\/\/vanxhaber.com\/index.php\/wp-json\/wp\/v2\/tags?post=2480"}],"curies":[{"name":"wp","href":"https:\/\/api.w.org\/{rel}","templated":true}]}}